


{"id":10499,"date":"2016-12-20T10:15:43","date_gmt":"2016-12-20T10:15:43","guid":{"rendered":"http:\/\/www.unirufa.it\/?p=9600"},"modified":"2021-10-29T15:14:15","modified_gmt":"2021-10-29T13:14:15","slug":"mostra-marte-alle-terme-diocleziano","status":"publish","type":"post","link":"https:\/\/www.unirufa.it\/en\/2016\/12\/20\/mostra-marte-alle-terme-diocleziano\/","title":{"rendered":"La mostra su Marte alle Terme di Diocleziano"},"content":{"rendered":"<h3>Un percorso sorprendente, i cui allestimenti sono a cura del nostro docente Mario Rullo<\/h3>\n<p>Nell&#8217;Aula Ottagona del museo nazionale romano alle Terme di Diocleziano, una delle location pi\u00f9 suggestive della capitale, \u00e8 iniziata l&#8217;affascinante mostra dal titolo Marte &#8211; Incontri ravvicinati con il Pianeta rosso, visibile fino al 28 febbraio a ingresso gratuito. La mostra \u00e8 stata realizzata in collaborazione con l&#8217;Agenzia spaziale italiana e gli allestimenti sono stati curati dal nostro docente di Advertising Mario Rullo e dal suo studio Vertigo Design. Il percorso celebra il quarto pianeta del sistema solare, uno dei pi\u00f9 importanti per i suoi significati fisici, storici e simbolici di cui la storia dell&#8217;uomo \u00e8 sempre stata intrisa. Marte, inoltre, nell&#8217;epoca contemporanea rappresenta il prossimo traguardo dell&#8217;umanit\u00e0, il nuovo limite da superare, cos\u00ec come la Luna lo \u00e8 stata nel secolo scorso. La mostra in sette sezioni multimediali ripercorre ci\u00f2 che gli umani hanno visto, sognato e cercato in questo misterioso pianeta. Si parte dalla mitologia, con il dio della guerra greco-romano Ares\/Marte che ha ispirato il nome del pianeta ritratto in possenti statue. Si prosegue con la storia della ricerca scientifica che nel corso dei secoli ha indagato sull\u2019astro rosso, con un occhio attento al contributo italiano nella ricerca: basti citare l\u2019osservazione dei canali su Marte di Giovanni Schiaparelli, studioso che ha dato il nome alla sfortunata sonda inviata per la missione spaziale ExoMars dall\u2019ESA e dalla russa Roscosmos, recentemente schiantata contro la superficie marziana. Dal 16 dicembre la mostra sar\u00e0 aperta dalle 17.00 alle 20.00. In seguito, tutti i giorni dalle 9.30 alle 14.30, tranne luned\u00ec.<br \/>\nInfo: <a href=\"https:\/\/www.unirufa.it\/\" target=\"_blank\" rel=\"noopener\">http:\/\/www.asi.it\/it\/news\/incontri-ravvicinati-con-marte <\/a>","protected":false},"excerpt":{"rendered":"<p>Un percorso sorprendente, i cui allestimenti sono a cura del nostro docente Mario Rullo Nell&#8217;Aula Ottagona del museo nazionale romano alle Terme di Diocleziano, una delle location pi\u00f9 suggestive della capitale, \u00e8 iniziata l&#8217;affascinante mostra dal titolo Marte &#8211; Incontri ravvicinati con il Pianeta rosso, visibile fino al 28 febbraio a ingresso gratuito. La mostra&#8230;  <a class=\"excerpt-read-more\" href=\"https:\/\/www.unirufa.it\/en\/2016\/12\/20\/mostra-marte-alle-terme-diocleziano\/\" title=\"Read La mostra su Marte alle Terme di Diocleziano\">Find out more<\/a><\/p>\n","protected":false},"author":1,"featured_media":10572,"comment_status":"closed","ping_status":"closed","sticky":false,"template":"","format":"standard","meta":{"content-type":"","footnotes":""},"categories":[31,934],"tags":[],"class_list":["post-10499","post","type-post","status-publish","format-standard","has-post-thumbnail","hentry","category-app-news","category-didactics"],"yoast_head":"<!-- This site is optimized with the Yoast SEO plugin v24.2 - https:\/\/yoast.com\/wordpress\/plugins\/seo\/ -->\n<title>La mostra su Marte alle Terme di Diocleziano - RUFA - Rome University of Fine Arts<\/title>\n<meta name=\"robots\" content=\"index, follow, max-snippet:-1, max-image-preview:large, max-video-preview:-1\" \/>\n<link rel=\"canonical\" href=\"https:\/\/www.unirufa.it\/es\/2016\/12\/20\/mostra-marte-alle-terme-diocleziano\/\" \/>\n<meta property=\"og:locale\" content=\"en_US\" \/>\n<meta property=\"og:type\" content=\"article\" \/>\n<meta property=\"og:title\" content=\"La mostra su Marte alle Terme di Diocleziano - RUFA - Rome University of Fine Arts\" \/>\n<meta property=\"og:description\" content=\"Un percorso sorprendente, i cui allestimenti sono a cura del nostro docente Mario Rullo Nell&#8217;Aula Ottagona del museo nazionale romano alle Terme di Diocleziano, una delle location pi\u00f9 suggestive della capitale, \u00e8 iniziata l&#8217;affascinante mostra dal titolo Marte &#8211; Incontri ravvicinati con il Pianeta rosso, visibile fino al 28 febbraio a ingresso gratuito. La mostra... Find out more\" \/>\n<meta property=\"og:url\" content=\"https:\/\/www.unirufa.it\/es\/2016\/12\/20\/mostra-marte-alle-terme-diocleziano\/\" \/>\n<meta property=\"og:site_name\" content=\"RUFA - Rome University of Fine Arts\" \/>\n<meta property=\"article:published_time\" content=\"2016-12-20T10:15:43+00:00\" \/>\n<meta property=\"article:modified_time\" content=\"2021-10-29T13:14:15+00:00\" \/>\n<meta property=\"og:image\" content=\"https:\/\/www.unirufa.it\/wp-content\/uploads\/2017\/01\/marte_vertigo_rufa.jpg\" \/>\n\t<meta property=\"og:image:width\" content=\"1050\" \/>\n\t<meta property=\"og:image:height\" content=\"500\" \/>\n\t<meta property=\"og:image:type\" content=\"image\/jpeg\" \/>\n<meta name=\"author\" content=\"rufa\" \/>\n<meta name=\"twitter:label1\" content=\"Written by\" \/>\n\t<meta name=\"twitter:data1\" content=\"rufa\" \/>\n\t<meta name=\"twitter:label2\" content=\"Est. reading time\" \/>\n\t<meta name=\"twitter:data2\" content=\"3 minutes\" \/>\n<script type=\"application\/ld+json\" class=\"yoast-schema-graph\">{\"@context\":\"https:\/\/schema.org\",\"@graph\":[{\"@type\":\"WebPage\",\"@id\":\"https:\/\/www.unirufa.it\/es\/2016\/12\/20\/mostra-marte-alle-terme-diocleziano\/\",\"url\":\"https:\/\/www.unirufa.it\/es\/2016\/12\/20\/mostra-marte-alle-terme-diocleziano\/\",\"name\":\"La mostra su Marte alle Terme di Diocleziano - RUFA - Rome University of Fine Arts\",\"isPartOf\":{\"@id\":\"https:\/\/www.unirufa.it\/#website\"},\"primaryImageOfPage\":{\"@id\":\"https:\/\/www.unirufa.it\/es\/2016\/12\/20\/mostra-marte-alle-terme-diocleziano\/#primaryimage\"},\"image\":{\"@id\":\"https:\/\/www.unirufa.it\/es\/2016\/12\/20\/mostra-marte-alle-terme-diocleziano\/#primaryimage\"},\"thumbnailUrl\":\"https:\/\/www.unirufa.it\/wp-content\/uploads\/2017\/01\/marte_vertigo_rufa.jpg\",\"datePublished\":\"2016-12-20T10:15:43+00:00\",\"dateModified\":\"2021-10-29T13:14:15+00:00\",\"author\":{\"@id\":\"https:\/\/www.unirufa.it\/#\/schema\/person\/df501afc19e72ccaeeaaec268b0c5917\"},\"breadcrumb\":{\"@id\":\"https:\/\/www.unirufa.it\/es\/2016\/12\/20\/mostra-marte-alle-terme-diocleziano\/#breadcrumb\"},\"inLanguage\":\"en-US\",\"potentialAction\":[{\"@type\":\"ReadAction\",\"target\":[\"https:\/\/www.unirufa.it\/es\/2016\/12\/20\/mostra-marte-alle-terme-diocleziano\/\"]}]},{\"@type\":\"ImageObject\",\"inLanguage\":\"en-US\",\"@id\":\"https:\/\/www.unirufa.it\/es\/2016\/12\/20\/mostra-marte-alle-terme-diocleziano\/#primaryimage\",\"url\":\"https:\/\/www.unirufa.it\/wp-content\/uploads\/2017\/01\/marte_vertigo_rufa.jpg\",\"contentUrl\":\"https:\/\/www.unirufa.it\/wp-content\/uploads\/2017\/01\/marte_vertigo_rufa.jpg\",\"width\":1050,\"height\":500},{\"@type\":\"BreadcrumbList\",\"@id\":\"https:\/\/www.unirufa.it\/es\/2016\/12\/20\/mostra-marte-alle-terme-diocleziano\/#breadcrumb\",\"itemListElement\":[{\"@type\":\"ListItem\",\"position\":1,\"name\":\"Home\",\"item\":\"https:\/\/www.unirufa.it\/\"},{\"@type\":\"ListItem\",\"position\":2,\"name\":\"La mostra su Marte alle Terme di Diocleziano\"}]},{\"@type\":\"WebSite\",\"@id\":\"https:\/\/www.unirufa.it\/#website\",\"url\":\"https:\/\/www.unirufa.it\/\",\"name\":\"RUFA - Rome University of Fine Arts\",\"description\":\"\",\"potentialAction\":[{\"@type\":\"SearchAction\",\"target\":{\"@type\":\"EntryPoint\",\"urlTemplate\":\"https:\/\/www.unirufa.it\/?s={search_term_string}\"},\"query-input\":{\"@type\":\"PropertyValueSpecification\",\"valueRequired\":true,\"valueName\":\"search_term_string\"}}],\"inLanguage\":\"en-US\"},{\"@type\":\"Person\",\"@id\":\"https:\/\/www.unirufa.it\/#\/schema\/person\/df501afc19e72ccaeeaaec268b0c5917\",\"name\":\"rufa\",\"image\":{\"@type\":\"ImageObject\",\"inLanguage\":\"en-US\",\"@id\":\"https:\/\/www.unirufa.it\/#\/schema\/person\/image\/\",\"url\":\"https:\/\/secure.gravatar.com\/avatar\/7f7ea0eea9301536a533fa1d7ea507b9?s=96&d=mm&r=g\",\"contentUrl\":\"https:\/\/secure.gravatar.com\/avatar\/7f7ea0eea9301536a533fa1d7ea507b9?s=96&d=mm&r=g\",\"caption\":\"rufa\"},\"url\":\"https:\/\/www.unirufa.it\/en\/author\/rufa\/\"}]}<\/script>\n<!-- \/ Yoast SEO plugin. -->","yoast_head_json":{"title":"La mostra su Marte alle Terme di Diocleziano - RUFA - Rome University of Fine Arts","robots":{"index":"index","follow":"follow","max-snippet":"max-snippet:-1","max-image-preview":"max-image-preview:large","max-video-preview":"max-video-preview:-1"},"canonical":"https:\/\/www.unirufa.it\/es\/2016\/12\/20\/mostra-marte-alle-terme-diocleziano\/","og_locale":"en_US","og_type":"article","og_title":"La mostra su Marte alle Terme di Diocleziano - RUFA - Rome University of Fine Arts","og_description":"Un percorso sorprendente, i cui allestimenti sono a cura del nostro docente Mario Rullo Nell&#8217;Aula Ottagona del museo nazionale romano alle Terme di Diocleziano, una delle location pi\u00f9 suggestive della capitale, \u00e8 iniziata l&#8217;affascinante mostra dal titolo Marte &#8211; Incontri ravvicinati con il Pianeta rosso, visibile fino al 28 febbraio a ingresso gratuito. La mostra... Find out more","og_url":"https:\/\/www.unirufa.it\/es\/2016\/12\/20\/mostra-marte-alle-terme-diocleziano\/","og_site_name":"RUFA - Rome University of Fine Arts","article_published_time":"2016-12-20T10:15:43+00:00","article_modified_time":"2021-10-29T13:14:15+00:00","og_image":[{"width":1050,"height":500,"url":"https:\/\/www.unirufa.it\/wp-content\/uploads\/2017\/01\/marte_vertigo_rufa.jpg","type":"image\/jpeg"}],"author":"rufa","twitter_misc":{"Written by":"rufa","Est. reading time":"3 minutes"},"schema":{"@context":"https:\/\/schema.org","@graph":[{"@type":"WebPage","@id":"https:\/\/www.unirufa.it\/es\/2016\/12\/20\/mostra-marte-alle-terme-diocleziano\/","url":"https:\/\/www.unirufa.it\/es\/2016\/12\/20\/mostra-marte-alle-terme-diocleziano\/","name":"La mostra su Marte alle Terme di Diocleziano - RUFA - Rome University of Fine Arts","isPartOf":{"@id":"https:\/\/www.unirufa.it\/#website"},"primaryImageOfPage":{"@id":"https:\/\/www.unirufa.it\/es\/2016\/12\/20\/mostra-marte-alle-terme-diocleziano\/#primaryimage"},"image":{"@id":"https:\/\/www.unirufa.it\/es\/2016\/12\/20\/mostra-marte-alle-terme-diocleziano\/#primaryimage"},"thumbnailUrl":"https:\/\/www.unirufa.it\/wp-content\/uploads\/2017\/01\/marte_vertigo_rufa.jpg","datePublished":"2016-12-20T10:15:43+00:00","dateModified":"2021-10-29T13:14:15+00:00","author":{"@id":"https:\/\/www.unirufa.it\/#\/schema\/person\/df501afc19e72ccaeeaaec268b0c5917"},"breadcrumb":{"@id":"https:\/\/www.unirufa.it\/es\/2016\/12\/20\/mostra-marte-alle-terme-diocleziano\/#breadcrumb"},"inLanguage":"en-US","potentialAction":[{"@type":"ReadAction","target":["https:\/\/www.unirufa.it\/es\/2016\/12\/20\/mostra-marte-alle-terme-diocleziano\/"]}]},{"@type":"ImageObject","inLanguage":"en-US","@id":"https:\/\/www.unirufa.it\/es\/2016\/12\/20\/mostra-marte-alle-terme-diocleziano\/#primaryimage","url":"https:\/\/www.unirufa.it\/wp-content\/uploads\/2017\/01\/marte_vertigo_rufa.jpg","contentUrl":"https:\/\/www.unirufa.it\/wp-content\/uploads\/2017\/01\/marte_vertigo_rufa.jpg","width":1050,"height":500},{"@type":"BreadcrumbList","@id":"https:\/\/www.unirufa.it\/es\/2016\/12\/20\/mostra-marte-alle-terme-diocleziano\/#breadcrumb","itemListElement":[{"@type":"ListItem","position":1,"name":"Home","item":"https:\/\/www.unirufa.it\/"},{"@type":"ListItem","position":2,"name":"La mostra su Marte alle Terme di Diocleziano"}]},{"@type":"WebSite","@id":"https:\/\/www.unirufa.it\/#website","url":"https:\/\/www.unirufa.it\/","name":"RUFA - Rome University of Fine Arts","description":"","potentialAction":[{"@type":"SearchAction","target":{"@type":"EntryPoint","urlTemplate":"https:\/\/www.unirufa.it\/?s={search_term_string}"},"query-input":{"@type":"PropertyValueSpecification","valueRequired":true,"valueName":"search_term_string"}}],"inLanguage":"en-US"},{"@type":"Person","@id":"https:\/\/www.unirufa.it\/#\/schema\/person\/df501afc19e72ccaeeaaec268b0c5917","name":"rufa","image":{"@type":"ImageObject","inLanguage":"en-US","@id":"https:\/\/www.unirufa.it\/#\/schema\/person\/image\/","url":"https:\/\/secure.gravatar.com\/avatar\/7f7ea0eea9301536a533fa1d7ea507b9?s=96&d=mm&r=g","contentUrl":"https:\/\/secure.gravatar.com\/avatar\/7f7ea0eea9301536a533fa1d7ea507b9?s=96&d=mm&r=g","caption":"rufa"},"url":"https:\/\/www.unirufa.it\/en\/author\/rufa\/"}]}},"_links":{"self":[{"href":"https:\/\/www.unirufa.it\/en\/wp-json\/wp\/v2\/posts\/10499","targetHints":{"allow":["GET"]}}],"collection":[{"href":"https:\/\/www.unirufa.it\/en\/wp-json\/wp\/v2\/posts"}],"about":[{"href":"https:\/\/www.unirufa.it\/en\/wp-json\/wp\/v2\/types\/post"}],"author":[{"embeddable":true,"href":"https:\/\/www.unirufa.it\/en\/wp-json\/wp\/v2\/users\/1"}],"replies":[{"embeddable":true,"href":"https:\/\/www.unirufa.it\/en\/wp-json\/wp\/v2\/comments?post=10499"}],"version-history":[{"count":2,"href":"https:\/\/www.unirufa.it\/en\/wp-json\/wp\/v2\/posts\/10499\/revisions"}],"predecessor-version":[{"id":54961,"href":"https:\/\/www.unirufa.it\/en\/wp-json\/wp\/v2\/posts\/10499\/revisions\/54961"}],"wp:featuredmedia":[{"embeddable":true,"href":"https:\/\/www.unirufa.it\/en\/wp-json\/wp\/v2\/media\/10572"}],"wp:attachment":[{"href":"https:\/\/www.unirufa.it\/en\/wp-json\/wp\/v2\/media?parent=10499"}],"wp:term":[{"taxonomy":"category","embeddable":true,"href":"https:\/\/www.unirufa.it\/en\/wp-json\/wp\/v2\/categories?post=10499"},{"taxonomy":"post_tag","embeddable":true,"href":"https:\/\/www.unirufa.it\/en\/wp-json\/wp\/v2\/tags?post=10499"}],"curies":[{"name":"wp","href":"https:\/\/api.w.org\/{rel}","templated":true}]}}