


{"id":6017,"date":"2015-10-02T13:54:32","date_gmt":"2015-10-02T13:54:32","guid":{"rendered":"http:\/\/www.unirufa.it\/?p=6017"},"modified":"2020-08-30T01:08:45","modified_gmt":"2020-08-29T23:08:45","slug":"docufilm-rap-italiano","status":"publish","type":"post","link":"https:\/\/www.unirufa.it\/en\/2015\/10\/02\/docufilm-rap-italiano\/","title":{"rendered":"Ecco il docufilm sul Rap italiano"},"content":{"rendered":"<h3>Il montaggio \u00e8 a cura del nostro docente Stefano Cravero<\/h3>\n<p>Domenica 4 ottobre alle 20,30 nell&#8217;ambito del festival delle etichette indipendenti MEI a Faenza ci sar\u00e0 la proiezione di Numero Zero &#8211; alle origini del Rap italiano il docufilm di Enrico Bisi, il cui montaggio \u00e8 stato curato dal docente RUFA di Montaggio Stefano Cravero. Sar\u00e0 un\u2019occasione per vedere l\u2019interessante pellicola che racconta la storia attorno alla quale si sono intrecciate molte esperienze e contaminazioni artistiche. Negli anni \u201990, l\u2019onda del rap si propaga da oltre oceano ed arriva in Italia generando un sottobosco di esperienze artistiche e musicali che, sebbene inizialmente fossero conosciute solo dagli estimatori del genere, arrivano ben presto al grande pubblico. Nel 1994 esce \u201cSXM\u201d dei Sangue Misto, l\u2019album che pi\u00f9 di tutti segner\u00e0 quel periodo. Fino al 1999 \u00e8 un fiorire di gruppi ed artisti sotto la luce dei riflettori di tutti i media. Poi, progressivamente, la decadenza. Gi\u00e0 nel 2002 inizia un\u2019altra fase del rap. Alcuni protagonisti di spicco del decennio precedente abbandonano la scena, altri resistono fino a diventare, nel presente, artisti di riferimento per due generazioni di pubblico. Numero Zero racconta la golden age dell\u2019Hip Hop italiano attraverso la voce dei suoi protagonisti: una lezione impressa nella storia di questa musica ed una riflessione sul presente, grazie al coinvolgimento di un narratore d\u2019eccezione: Ensi<\/p>","protected":false},"excerpt":{"rendered":"<p>Il montaggio \u00e8 a cura del nostro docente Stefano Cravero Domenica 4 ottobre alle 20,30 nell&#8217;ambito del festival delle etichette indipendenti MEI a Faenza ci sar\u00e0 la proiezione di Numero Zero &#8211; alle origini del Rap italiano il docufilm di Enrico Bisi, il cui montaggio \u00e8 stato curato dal docente RUFA di Montaggio Stefano Cravero&#8230;.  <a class=\"excerpt-read-more\" href=\"https:\/\/www.unirufa.it\/en\/2015\/10\/02\/docufilm-rap-italiano\/\" title=\"Read Ecco il docufilm sul Rap italiano\">Find out more<\/a><\/p>\n","protected":false},"author":1,"featured_media":6018,"comment_status":"closed","ping_status":"closed","sticky":false,"template":"","format":"standard","meta":{"content-type":"","footnotes":""},"categories":[31,1640,940],"tags":[43,16,113,111,112,114],"class_list":["post-6017","post","type-post","status-publish","format-standard","has-post-thumbnail","hentry","category-app-news","category-film-arts","category-cinema-photography","tag-arte","tag-cinema","tag-docufilm","tag-numero-zero-alle-origini-del-rap-italiano","tag-rap","tag-stefano-cravero"],"yoast_head":"<!-- This site is optimized with the Yoast SEO plugin v24.2 - https:\/\/yoast.com\/wordpress\/plugins\/seo\/ -->\n<title>Ecco il docufilm sul Rap italiano - RUFA - Rome University of Fine Arts<\/title>\n<meta name=\"robots\" content=\"index, follow, max-snippet:-1, max-image-preview:large, max-video-preview:-1\" \/>\n<link rel=\"canonical\" href=\"https:\/\/www.unirufa.it\/en\/2015\/10\/02\/docufilm-rap-italiano\/\" \/>\n<meta property=\"og:locale\" content=\"en_US\" \/>\n<meta property=\"og:type\" content=\"article\" \/>\n<meta property=\"og:title\" content=\"Ecco il docufilm sul Rap italiano - RUFA - Rome University of Fine Arts\" \/>\n<meta property=\"og:description\" content=\"Il montaggio \u00e8 a cura del nostro docente Stefano Cravero Domenica 4 ottobre alle 20,30 nell&#8217;ambito del festival delle etichette indipendenti MEI a Faenza ci sar\u00e0 la proiezione di Numero Zero &#8211; alle origini del Rap italiano il docufilm di Enrico Bisi, il cui montaggio \u00e8 stato curato dal docente RUFA di Montaggio Stefano Cravero.... Find out more\" \/>\n<meta property=\"og:url\" content=\"https:\/\/www.unirufa.it\/en\/2015\/10\/02\/docufilm-rap-italiano\/\" \/>\n<meta property=\"og:site_name\" content=\"RUFA - Rome University of Fine Arts\" \/>\n<meta property=\"article:published_time\" content=\"2015-10-02T13:54:32+00:00\" \/>\n<meta property=\"article:modified_time\" content=\"2020-08-29T23:08:45+00:00\" \/>\n<meta property=\"og:image\" content=\"https:\/\/www.unirufa.it\/wp-content\/uploads\/2015\/10\/numero_zero_rufa.jpg\" \/>\n\t<meta property=\"og:image:width\" content=\"480\" \/>\n\t<meta property=\"og:image:height\" content=\"300\" \/>\n\t<meta property=\"og:image:type\" content=\"image\/jpeg\" \/>\n<meta name=\"author\" content=\"rufa\" \/>\n<meta name=\"twitter:label1\" content=\"Written by\" \/>\n\t<meta name=\"twitter:data1\" content=\"rufa\" \/>\n\t<meta name=\"twitter:label2\" content=\"Est. reading time\" \/>\n\t<meta name=\"twitter:data2\" content=\"2 minutes\" \/>\n<script type=\"application\/ld+json\" class=\"yoast-schema-graph\">{\"@context\":\"https:\/\/schema.org\",\"@graph\":[{\"@type\":\"WebPage\",\"@id\":\"https:\/\/www.unirufa.it\/en\/2015\/10\/02\/docufilm-rap-italiano\/\",\"url\":\"https:\/\/www.unirufa.it\/en\/2015\/10\/02\/docufilm-rap-italiano\/\",\"name\":\"Ecco il docufilm sul Rap italiano - RUFA - Rome University of Fine Arts\",\"isPartOf\":{\"@id\":\"https:\/\/www.unirufa.it\/#website\"},\"primaryImageOfPage\":{\"@id\":\"https:\/\/www.unirufa.it\/en\/2015\/10\/02\/docufilm-rap-italiano\/#primaryimage\"},\"image\":{\"@id\":\"https:\/\/www.unirufa.it\/en\/2015\/10\/02\/docufilm-rap-italiano\/#primaryimage\"},\"thumbnailUrl\":\"https:\/\/www.unirufa.it\/wp-content\/uploads\/2015\/10\/numero_zero_rufa.jpg\",\"datePublished\":\"2015-10-02T13:54:32+00:00\",\"dateModified\":\"2020-08-29T23:08:45+00:00\",\"author\":{\"@id\":\"https:\/\/www.unirufa.it\/#\/schema\/person\/df501afc19e72ccaeeaaec268b0c5917\"},\"breadcrumb\":{\"@id\":\"https:\/\/www.unirufa.it\/en\/2015\/10\/02\/docufilm-rap-italiano\/#breadcrumb\"},\"inLanguage\":\"en-US\",\"potentialAction\":[{\"@type\":\"ReadAction\",\"target\":[\"https:\/\/www.unirufa.it\/en\/2015\/10\/02\/docufilm-rap-italiano\/\"]}]},{\"@type\":\"ImageObject\",\"inLanguage\":\"en-US\",\"@id\":\"https:\/\/www.unirufa.it\/en\/2015\/10\/02\/docufilm-rap-italiano\/#primaryimage\",\"url\":\"https:\/\/www.unirufa.it\/wp-content\/uploads\/2015\/10\/numero_zero_rufa.jpg\",\"contentUrl\":\"https:\/\/www.unirufa.it\/wp-content\/uploads\/2015\/10\/numero_zero_rufa.jpg\",\"width\":480,\"height\":300},{\"@type\":\"BreadcrumbList\",\"@id\":\"https:\/\/www.unirufa.it\/en\/2015\/10\/02\/docufilm-rap-italiano\/#breadcrumb\",\"itemListElement\":[{\"@type\":\"ListItem\",\"position\":1,\"name\":\"Home\",\"item\":\"https:\/\/www.unirufa.it\/\"},{\"@type\":\"ListItem\",\"position\":2,\"name\":\"Ecco il docufilm sul Rap italiano\"}]},{\"@type\":\"WebSite\",\"@id\":\"https:\/\/www.unirufa.it\/#website\",\"url\":\"https:\/\/www.unirufa.it\/\",\"name\":\"RUFA - Rome University of Fine Arts\",\"description\":\"\",\"potentialAction\":[{\"@type\":\"SearchAction\",\"target\":{\"@type\":\"EntryPoint\",\"urlTemplate\":\"https:\/\/www.unirufa.it\/?s={search_term_string}\"},\"query-input\":{\"@type\":\"PropertyValueSpecification\",\"valueRequired\":true,\"valueName\":\"search_term_string\"}}],\"inLanguage\":\"en-US\"},{\"@type\":\"Person\",\"@id\":\"https:\/\/www.unirufa.it\/#\/schema\/person\/df501afc19e72ccaeeaaec268b0c5917\",\"name\":\"rufa\",\"image\":{\"@type\":\"ImageObject\",\"inLanguage\":\"en-US\",\"@id\":\"https:\/\/www.unirufa.it\/#\/schema\/person\/image\/\",\"url\":\"https:\/\/secure.gravatar.com\/avatar\/7f7ea0eea9301536a533fa1d7ea507b9?s=96&d=mm&r=g\",\"contentUrl\":\"https:\/\/secure.gravatar.com\/avatar\/7f7ea0eea9301536a533fa1d7ea507b9?s=96&d=mm&r=g\",\"caption\":\"rufa\"},\"url\":\"https:\/\/www.unirufa.it\/en\/author\/rufa\/\"}]}<\/script>\n<!-- \/ Yoast SEO plugin. -->","yoast_head_json":{"title":"Ecco il docufilm sul Rap italiano - RUFA - Rome University of Fine Arts","robots":{"index":"index","follow":"follow","max-snippet":"max-snippet:-1","max-image-preview":"max-image-preview:large","max-video-preview":"max-video-preview:-1"},"canonical":"https:\/\/www.unirufa.it\/en\/2015\/10\/02\/docufilm-rap-italiano\/","og_locale":"en_US","og_type":"article","og_title":"Ecco il docufilm sul Rap italiano - RUFA - Rome University of Fine Arts","og_description":"Il montaggio \u00e8 a cura del nostro docente Stefano Cravero Domenica 4 ottobre alle 20,30 nell&#8217;ambito del festival delle etichette indipendenti MEI a Faenza ci sar\u00e0 la proiezione di Numero Zero &#8211; alle origini del Rap italiano il docufilm di Enrico Bisi, il cui montaggio \u00e8 stato curato dal docente RUFA di Montaggio Stefano Cravero.... Find out more","og_url":"https:\/\/www.unirufa.it\/en\/2015\/10\/02\/docufilm-rap-italiano\/","og_site_name":"RUFA - Rome University of Fine Arts","article_published_time":"2015-10-02T13:54:32+00:00","article_modified_time":"2020-08-29T23:08:45+00:00","og_image":[{"width":480,"height":300,"url":"https:\/\/www.unirufa.it\/wp-content\/uploads\/2015\/10\/numero_zero_rufa.jpg","type":"image\/jpeg"}],"author":"rufa","twitter_misc":{"Written by":"rufa","Est. reading time":"2 minutes"},"schema":{"@context":"https:\/\/schema.org","@graph":[{"@type":"WebPage","@id":"https:\/\/www.unirufa.it\/en\/2015\/10\/02\/docufilm-rap-italiano\/","url":"https:\/\/www.unirufa.it\/en\/2015\/10\/02\/docufilm-rap-italiano\/","name":"Ecco il docufilm sul Rap italiano - RUFA - Rome University of Fine Arts","isPartOf":{"@id":"https:\/\/www.unirufa.it\/#website"},"primaryImageOfPage":{"@id":"https:\/\/www.unirufa.it\/en\/2015\/10\/02\/docufilm-rap-italiano\/#primaryimage"},"image":{"@id":"https:\/\/www.unirufa.it\/en\/2015\/10\/02\/docufilm-rap-italiano\/#primaryimage"},"thumbnailUrl":"https:\/\/www.unirufa.it\/wp-content\/uploads\/2015\/10\/numero_zero_rufa.jpg","datePublished":"2015-10-02T13:54:32+00:00","dateModified":"2020-08-29T23:08:45+00:00","author":{"@id":"https:\/\/www.unirufa.it\/#\/schema\/person\/df501afc19e72ccaeeaaec268b0c5917"},"breadcrumb":{"@id":"https:\/\/www.unirufa.it\/en\/2015\/10\/02\/docufilm-rap-italiano\/#breadcrumb"},"inLanguage":"en-US","potentialAction":[{"@type":"ReadAction","target":["https:\/\/www.unirufa.it\/en\/2015\/10\/02\/docufilm-rap-italiano\/"]}]},{"@type":"ImageObject","inLanguage":"en-US","@id":"https:\/\/www.unirufa.it\/en\/2015\/10\/02\/docufilm-rap-italiano\/#primaryimage","url":"https:\/\/www.unirufa.it\/wp-content\/uploads\/2015\/10\/numero_zero_rufa.jpg","contentUrl":"https:\/\/www.unirufa.it\/wp-content\/uploads\/2015\/10\/numero_zero_rufa.jpg","width":480,"height":300},{"@type":"BreadcrumbList","@id":"https:\/\/www.unirufa.it\/en\/2015\/10\/02\/docufilm-rap-italiano\/#breadcrumb","itemListElement":[{"@type":"ListItem","position":1,"name":"Home","item":"https:\/\/www.unirufa.it\/"},{"@type":"ListItem","position":2,"name":"Ecco il docufilm sul Rap italiano"}]},{"@type":"WebSite","@id":"https:\/\/www.unirufa.it\/#website","url":"https:\/\/www.unirufa.it\/","name":"RUFA - Rome University of Fine Arts","description":"","potentialAction":[{"@type":"SearchAction","target":{"@type":"EntryPoint","urlTemplate":"https:\/\/www.unirufa.it\/?s={search_term_string}"},"query-input":{"@type":"PropertyValueSpecification","valueRequired":true,"valueName":"search_term_string"}}],"inLanguage":"en-US"},{"@type":"Person","@id":"https:\/\/www.unirufa.it\/#\/schema\/person\/df501afc19e72ccaeeaaec268b0c5917","name":"rufa","image":{"@type":"ImageObject","inLanguage":"en-US","@id":"https:\/\/www.unirufa.it\/#\/schema\/person\/image\/","url":"https:\/\/secure.gravatar.com\/avatar\/7f7ea0eea9301536a533fa1d7ea507b9?s=96&d=mm&r=g","contentUrl":"https:\/\/secure.gravatar.com\/avatar\/7f7ea0eea9301536a533fa1d7ea507b9?s=96&d=mm&r=g","caption":"rufa"},"url":"https:\/\/www.unirufa.it\/en\/author\/rufa\/"}]}},"_links":{"self":[{"href":"https:\/\/www.unirufa.it\/en\/wp-json\/wp\/v2\/posts\/6017","targetHints":{"allow":["GET"]}}],"collection":[{"href":"https:\/\/www.unirufa.it\/en\/wp-json\/wp\/v2\/posts"}],"about":[{"href":"https:\/\/www.unirufa.it\/en\/wp-json\/wp\/v2\/types\/post"}],"author":[{"embeddable":true,"href":"https:\/\/www.unirufa.it\/en\/wp-json\/wp\/v2\/users\/1"}],"replies":[{"embeddable":true,"href":"https:\/\/www.unirufa.it\/en\/wp-json\/wp\/v2\/comments?post=6017"}],"version-history":[{"count":4,"href":"https:\/\/www.unirufa.it\/en\/wp-json\/wp\/v2\/posts\/6017\/revisions"}],"predecessor-version":[{"id":31664,"href":"https:\/\/www.unirufa.it\/en\/wp-json\/wp\/v2\/posts\/6017\/revisions\/31664"}],"wp:featuredmedia":[{"embeddable":true,"href":"https:\/\/www.unirufa.it\/en\/wp-json\/wp\/v2\/media\/6018"}],"wp:attachment":[{"href":"https:\/\/www.unirufa.it\/en\/wp-json\/wp\/v2\/media?parent=6017"}],"wp:term":[{"taxonomy":"category","embeddable":true,"href":"https:\/\/www.unirufa.it\/en\/wp-json\/wp\/v2\/categories?post=6017"},{"taxonomy":"post_tag","embeddable":true,"href":"https:\/\/www.unirufa.it\/en\/wp-json\/wp\/v2\/tags?post=6017"}],"curies":[{"name":"wp","href":"https:\/\/api.w.org\/{rel}","templated":true}]}}