


{"id":6524,"date":"2015-11-25T15:01:15","date_gmt":"2015-11-25T15:01:15","guid":{"rendered":"http:\/\/www.unirufa.it\/?p=6524"},"modified":"2020-08-28T14:35:48","modified_gmt":"2020-08-28T12:35:48","slug":"linternational-study-tour-fa-tappa-ad-espronceda","status":"publish","type":"post","link":"https:\/\/www.unirufa.it\/en\/2015\/11\/25\/linternational-study-tour-fa-tappa-ad-espronceda\/","title":{"rendered":"L&#8217;International Study Tour fa tappa ad Espronceda"},"content":{"rendered":"<h3>Il centro artistico di Barcellona ha ospitato uno dei topic della rassegna culturale<\/h3>\n<p>Luned\u00ec scorso il centro artistico di Barcellona Espronceda ha ospitato l&#8217;Happy Hour della prima giornata di lavori dell&#8217;International Study Tour, la rassegna internazionale che mette a confronto i manager culturali e artistici della citt\u00e0. \u00c8 stato un momento di grande interesse artistico e all&#8217;insegna dell&#8217;italianit\u00e0, non solo per la partecipazione della docente RUFA di Storia dell&#8217;arte contemporanea Caterina Tomeo (tra i curatori di Espronceda, ndr) ma anche per la presentazione, da parte di alcuni giovani artisti, dei loro lavori ispirati al maestro Michelangelo Pistoletto. Fondato nel 2013, Espronceda \u00e8 uno spazio polifunzionale dedicato agli artisti e ai creativi. Fornisce, infatti, una gamma di servizi che vanno dalla sede espositiva alla comunicazione, fino alla residenza per artisti e curatori. Promuove, inoltre, gli artisti internazionali, sia emergenti che affermati, supportandoli nello sviluppo delle loro opere e della loro creativit\u00e0, per diffondere la loro ispirazione oltre la loro permanenza fisica nello spazio. Espronceda ha trasformato gli ex spazi industriali in un melting pot all\u2019avanguardia per la cultura e l\u2019arte, ed incoraggia il collegamento con la comunit\u00e0 locale e la creazione di una rete globale tra gli artisti, aziende, istituzioni culturali e artistiche per un cambiamento sociale attraverso l\u2019arte. La RUFA \u00e8 partner di questa realt\u00e0 e presto da tale sinergia potranno nascere interessanti opportunit\u00e0 per tutti i giovani artisti dell&#8217;Accademia. <\/p>\n","protected":false},"excerpt":{"rendered":"<p>Il centro artistico di Barcellona ha ospitato uno dei topic della rassegna culturale Luned\u00ec scorso il centro artistico di Barcellona Espronceda ha ospitato l&#8217;Happy Hour della prima giornata di lavori dell&#8217;International Study Tour, la rassegna internazionale che mette a confronto i manager culturali e artistici della citt\u00e0. \u00c8 stato un momento di grande interesse artistico&#8230;  <a class=\"excerpt-read-more\" href=\"https:\/\/www.unirufa.it\/en\/2015\/11\/25\/linternational-study-tour-fa-tappa-ad-espronceda\/\" title=\"Read L&#8217;International Study Tour fa tappa ad Espronceda\">Find out more<\/a><\/p>\n","protected":false},"author":1,"featured_media":6531,"comment_status":"closed","ping_status":"closed","sticky":false,"template":"","format":"standard","meta":{"content-type":"","footnotes":""},"categories":[1629,31],"tags":[43,231,309,89,230,310,53],"class_list":["post-6524","post","type-post","status-publish","format-standard","has-post-thumbnail","hentry","category-accademia","category-app-news","tag-arte","tag-barcellona","tag-caterina-tomeo","tag-cultura","tag-espronceda","tag-international-study-tour","tag-rufa"],"yoast_head":"<!-- This site is optimized with the Yoast SEO plugin v24.2 - https:\/\/yoast.com\/wordpress\/plugins\/seo\/ -->\n<title>L&#039;International Study Tour fa tappa ad Espronceda - RUFA - Rome University of Fine Arts<\/title>\n<meta name=\"robots\" content=\"index, follow, max-snippet:-1, max-image-preview:large, max-video-preview:-1\" \/>\n<link rel=\"canonical\" href=\"https:\/\/www.unirufa.it\/2015\/11\/25\/linternational-study-tour-fa-tappa-ad-espronceda\/\" \/>\n<meta property=\"og:locale\" content=\"en_US\" \/>\n<meta property=\"og:type\" content=\"article\" \/>\n<meta property=\"og:title\" content=\"L&#039;International Study Tour fa tappa ad Espronceda - RUFA - Rome University of Fine Arts\" \/>\n<meta property=\"og:description\" content=\"Il centro artistico di Barcellona ha ospitato uno dei topic della rassegna culturale Luned\u00ec scorso il centro artistico di Barcellona Espronceda ha ospitato l&#8217;Happy Hour della prima giornata di lavori dell&#8217;International Study Tour, la rassegna internazionale che mette a confronto i manager culturali e artistici della citt\u00e0. \u00c8 stato un momento di grande interesse artistico... Find out more\" \/>\n<meta property=\"og:url\" content=\"https:\/\/www.unirufa.it\/2015\/11\/25\/linternational-study-tour-fa-tappa-ad-espronceda\/\" \/>\n<meta property=\"og:site_name\" content=\"RUFA - Rome University of Fine Arts\" \/>\n<meta property=\"article:published_time\" content=\"2015-11-25T15:01:15+00:00\" \/>\n<meta property=\"article:modified_time\" content=\"2020-08-28T12:35:48+00:00\" \/>\n<meta property=\"og:image\" content=\"https:\/\/www.unirufa.it\/wp-content\/uploads\/2015\/11\/rufa_espronceda.jpg\" \/>\n\t<meta property=\"og:image:width\" content=\"480\" \/>\n\t<meta property=\"og:image:height\" content=\"300\" \/>\n\t<meta property=\"og:image:type\" content=\"image\/jpeg\" \/>\n<meta name=\"author\" content=\"rufa\" \/>\n<meta name=\"twitter:label1\" content=\"Written by\" \/>\n\t<meta name=\"twitter:data1\" content=\"rufa\" \/>\n\t<meta name=\"twitter:label2\" content=\"Est. reading time\" \/>\n\t<meta name=\"twitter:data2\" content=\"1 minute\" \/>\n<script type=\"application\/ld+json\" class=\"yoast-schema-graph\">{\"@context\":\"https:\/\/schema.org\",\"@graph\":[{\"@type\":\"WebPage\",\"@id\":\"https:\/\/www.unirufa.it\/2015\/11\/25\/linternational-study-tour-fa-tappa-ad-espronceda\/\",\"url\":\"https:\/\/www.unirufa.it\/2015\/11\/25\/linternational-study-tour-fa-tappa-ad-espronceda\/\",\"name\":\"L'International Study Tour fa tappa ad Espronceda - RUFA - Rome University of Fine Arts\",\"isPartOf\":{\"@id\":\"https:\/\/www.unirufa.it\/#website\"},\"primaryImageOfPage\":{\"@id\":\"https:\/\/www.unirufa.it\/2015\/11\/25\/linternational-study-tour-fa-tappa-ad-espronceda\/#primaryimage\"},\"image\":{\"@id\":\"https:\/\/www.unirufa.it\/2015\/11\/25\/linternational-study-tour-fa-tappa-ad-espronceda\/#primaryimage\"},\"thumbnailUrl\":\"https:\/\/www.unirufa.it\/wp-content\/uploads\/2015\/11\/rufa_espronceda.jpg\",\"datePublished\":\"2015-11-25T15:01:15+00:00\",\"dateModified\":\"2020-08-28T12:35:48+00:00\",\"author\":{\"@id\":\"https:\/\/www.unirufa.it\/#\/schema\/person\/df501afc19e72ccaeeaaec268b0c5917\"},\"breadcrumb\":{\"@id\":\"https:\/\/www.unirufa.it\/2015\/11\/25\/linternational-study-tour-fa-tappa-ad-espronceda\/#breadcrumb\"},\"inLanguage\":\"en-US\",\"potentialAction\":[{\"@type\":\"ReadAction\",\"target\":[\"https:\/\/www.unirufa.it\/2015\/11\/25\/linternational-study-tour-fa-tappa-ad-espronceda\/\"]}]},{\"@type\":\"ImageObject\",\"inLanguage\":\"en-US\",\"@id\":\"https:\/\/www.unirufa.it\/2015\/11\/25\/linternational-study-tour-fa-tappa-ad-espronceda\/#primaryimage\",\"url\":\"https:\/\/www.unirufa.it\/wp-content\/uploads\/2015\/11\/rufa_espronceda.jpg\",\"contentUrl\":\"https:\/\/www.unirufa.it\/wp-content\/uploads\/2015\/11\/rufa_espronceda.jpg\",\"width\":480,\"height\":300},{\"@type\":\"BreadcrumbList\",\"@id\":\"https:\/\/www.unirufa.it\/2015\/11\/25\/linternational-study-tour-fa-tappa-ad-espronceda\/#breadcrumb\",\"itemListElement\":[{\"@type\":\"ListItem\",\"position\":1,\"name\":\"Home\",\"item\":\"https:\/\/www.unirufa.it\/\"},{\"@type\":\"ListItem\",\"position\":2,\"name\":\"L&#8217;International Study Tour fa tappa ad Espronceda\"}]},{\"@type\":\"WebSite\",\"@id\":\"https:\/\/www.unirufa.it\/#website\",\"url\":\"https:\/\/www.unirufa.it\/\",\"name\":\"RUFA - Rome University of Fine Arts\",\"description\":\"\",\"potentialAction\":[{\"@type\":\"SearchAction\",\"target\":{\"@type\":\"EntryPoint\",\"urlTemplate\":\"https:\/\/www.unirufa.it\/?s={search_term_string}\"},\"query-input\":{\"@type\":\"PropertyValueSpecification\",\"valueRequired\":true,\"valueName\":\"search_term_string\"}}],\"inLanguage\":\"en-US\"},{\"@type\":\"Person\",\"@id\":\"https:\/\/www.unirufa.it\/#\/schema\/person\/df501afc19e72ccaeeaaec268b0c5917\",\"name\":\"rufa\",\"image\":{\"@type\":\"ImageObject\",\"inLanguage\":\"en-US\",\"@id\":\"https:\/\/www.unirufa.it\/#\/schema\/person\/image\/\",\"url\":\"https:\/\/secure.gravatar.com\/avatar\/7f7ea0eea9301536a533fa1d7ea507b9?s=96&d=mm&r=g\",\"contentUrl\":\"https:\/\/secure.gravatar.com\/avatar\/7f7ea0eea9301536a533fa1d7ea507b9?s=96&d=mm&r=g\",\"caption\":\"rufa\"},\"url\":\"https:\/\/www.unirufa.it\/en\/author\/rufa\/\"}]}<\/script>\n<!-- \/ Yoast SEO plugin. -->","yoast_head_json":{"title":"L'International Study Tour fa tappa ad Espronceda - RUFA - Rome University of Fine Arts","robots":{"index":"index","follow":"follow","max-snippet":"max-snippet:-1","max-image-preview":"max-image-preview:large","max-video-preview":"max-video-preview:-1"},"canonical":"https:\/\/www.unirufa.it\/2015\/11\/25\/linternational-study-tour-fa-tappa-ad-espronceda\/","og_locale":"en_US","og_type":"article","og_title":"L'International Study Tour fa tappa ad Espronceda - RUFA - Rome University of Fine Arts","og_description":"Il centro artistico di Barcellona ha ospitato uno dei topic della rassegna culturale Luned\u00ec scorso il centro artistico di Barcellona Espronceda ha ospitato l&#8217;Happy Hour della prima giornata di lavori dell&#8217;International Study Tour, la rassegna internazionale che mette a confronto i manager culturali e artistici della citt\u00e0. \u00c8 stato un momento di grande interesse artistico... Find out more","og_url":"https:\/\/www.unirufa.it\/2015\/11\/25\/linternational-study-tour-fa-tappa-ad-espronceda\/","og_site_name":"RUFA - Rome University of Fine Arts","article_published_time":"2015-11-25T15:01:15+00:00","article_modified_time":"2020-08-28T12:35:48+00:00","og_image":[{"width":480,"height":300,"url":"https:\/\/www.unirufa.it\/wp-content\/uploads\/2015\/11\/rufa_espronceda.jpg","type":"image\/jpeg"}],"author":"rufa","twitter_misc":{"Written by":"rufa","Est. reading time":"1 minute"},"schema":{"@context":"https:\/\/schema.org","@graph":[{"@type":"WebPage","@id":"https:\/\/www.unirufa.it\/2015\/11\/25\/linternational-study-tour-fa-tappa-ad-espronceda\/","url":"https:\/\/www.unirufa.it\/2015\/11\/25\/linternational-study-tour-fa-tappa-ad-espronceda\/","name":"L'International Study Tour fa tappa ad Espronceda - RUFA - Rome University of Fine Arts","isPartOf":{"@id":"https:\/\/www.unirufa.it\/#website"},"primaryImageOfPage":{"@id":"https:\/\/www.unirufa.it\/2015\/11\/25\/linternational-study-tour-fa-tappa-ad-espronceda\/#primaryimage"},"image":{"@id":"https:\/\/www.unirufa.it\/2015\/11\/25\/linternational-study-tour-fa-tappa-ad-espronceda\/#primaryimage"},"thumbnailUrl":"https:\/\/www.unirufa.it\/wp-content\/uploads\/2015\/11\/rufa_espronceda.jpg","datePublished":"2015-11-25T15:01:15+00:00","dateModified":"2020-08-28T12:35:48+00:00","author":{"@id":"https:\/\/www.unirufa.it\/#\/schema\/person\/df501afc19e72ccaeeaaec268b0c5917"},"breadcrumb":{"@id":"https:\/\/www.unirufa.it\/2015\/11\/25\/linternational-study-tour-fa-tappa-ad-espronceda\/#breadcrumb"},"inLanguage":"en-US","potentialAction":[{"@type":"ReadAction","target":["https:\/\/www.unirufa.it\/2015\/11\/25\/linternational-study-tour-fa-tappa-ad-espronceda\/"]}]},{"@type":"ImageObject","inLanguage":"en-US","@id":"https:\/\/www.unirufa.it\/2015\/11\/25\/linternational-study-tour-fa-tappa-ad-espronceda\/#primaryimage","url":"https:\/\/www.unirufa.it\/wp-content\/uploads\/2015\/11\/rufa_espronceda.jpg","contentUrl":"https:\/\/www.unirufa.it\/wp-content\/uploads\/2015\/11\/rufa_espronceda.jpg","width":480,"height":300},{"@type":"BreadcrumbList","@id":"https:\/\/www.unirufa.it\/2015\/11\/25\/linternational-study-tour-fa-tappa-ad-espronceda\/#breadcrumb","itemListElement":[{"@type":"ListItem","position":1,"name":"Home","item":"https:\/\/www.unirufa.it\/"},{"@type":"ListItem","position":2,"name":"L&#8217;International Study Tour fa tappa ad Espronceda"}]},{"@type":"WebSite","@id":"https:\/\/www.unirufa.it\/#website","url":"https:\/\/www.unirufa.it\/","name":"RUFA - Rome University of Fine Arts","description":"","potentialAction":[{"@type":"SearchAction","target":{"@type":"EntryPoint","urlTemplate":"https:\/\/www.unirufa.it\/?s={search_term_string}"},"query-input":{"@type":"PropertyValueSpecification","valueRequired":true,"valueName":"search_term_string"}}],"inLanguage":"en-US"},{"@type":"Person","@id":"https:\/\/www.unirufa.it\/#\/schema\/person\/df501afc19e72ccaeeaaec268b0c5917","name":"rufa","image":{"@type":"ImageObject","inLanguage":"en-US","@id":"https:\/\/www.unirufa.it\/#\/schema\/person\/image\/","url":"https:\/\/secure.gravatar.com\/avatar\/7f7ea0eea9301536a533fa1d7ea507b9?s=96&d=mm&r=g","contentUrl":"https:\/\/secure.gravatar.com\/avatar\/7f7ea0eea9301536a533fa1d7ea507b9?s=96&d=mm&r=g","caption":"rufa"},"url":"https:\/\/www.unirufa.it\/en\/author\/rufa\/"}]}},"_links":{"self":[{"href":"https:\/\/www.unirufa.it\/en\/wp-json\/wp\/v2\/posts\/6524","targetHints":{"allow":["GET"]}}],"collection":[{"href":"https:\/\/www.unirufa.it\/en\/wp-json\/wp\/v2\/posts"}],"about":[{"href":"https:\/\/www.unirufa.it\/en\/wp-json\/wp\/v2\/types\/post"}],"author":[{"embeddable":true,"href":"https:\/\/www.unirufa.it\/en\/wp-json\/wp\/v2\/users\/1"}],"replies":[{"embeddable":true,"href":"https:\/\/www.unirufa.it\/en\/wp-json\/wp\/v2\/comments?post=6524"}],"version-history":[{"count":3,"href":"https:\/\/www.unirufa.it\/en\/wp-json\/wp\/v2\/posts\/6524\/revisions"}],"predecessor-version":[{"id":31567,"href":"https:\/\/www.unirufa.it\/en\/wp-json\/wp\/v2\/posts\/6524\/revisions\/31567"}],"wp:featuredmedia":[{"embeddable":true,"href":"https:\/\/www.unirufa.it\/en\/wp-json\/wp\/v2\/media\/6531"}],"wp:attachment":[{"href":"https:\/\/www.unirufa.it\/en\/wp-json\/wp\/v2\/media?parent=6524"}],"wp:term":[{"taxonomy":"category","embeddable":true,"href":"https:\/\/www.unirufa.it\/en\/wp-json\/wp\/v2\/categories?post=6524"},{"taxonomy":"post_tag","embeddable":true,"href":"https:\/\/www.unirufa.it\/en\/wp-json\/wp\/v2\/tags?post=6524"}],"curies":[{"name":"wp","href":"https:\/\/api.w.org\/{rel}","templated":true}]}}