


{"id":69970,"date":"2022-04-26T16:21:04","date_gmt":"2022-04-26T14:21:04","guid":{"rendered":"https:\/\/www.unirufa.it\/?p=69970"},"modified":"2022-07-20T14:34:51","modified_gmt":"2022-07-20T12:34:51","slug":"tra-cinema-e-teatro-al-via-la-rassegna-teatroteka","status":"publish","type":"post","link":"https:\/\/www.unirufa.it\/en\/2022\/04\/26\/tra-cinema-e-teatro-al-via-la-rassegna-teatroteka\/","title":{"rendered":"Between cinema and theatre: the TEATROTEKA festival kicks off"},"content":{"rendered":"<h3>For the first time in Italy, from 28 to 30 April at the Cinema Farnese in Rome, the TEATROTEKA festival: a dialogue between cinema and theatre that brings together young playwrights and debutant directors<\/h3>\n<p>&nbsp;<br \/>\nRUFA and the <a href=\"https:\/\/instytutpolski.pl\/roma\/2022\/04\/13\/teatroteka-a-roma\/\" target=\"_blank\" rel=\"noopener\"><strong>TEATROTEKA project in Rome<\/strong><\/a> join forces to foster cooperation between Italy and Poland in the development of the creative industries, and to strengthen the film and performing arts sectors.<\/p>\n<p>From the curtain to the big screen, a review of performances born from the dialogue between cinema and theatre, in a space of hybridisation and free creation, guided by the search for a new language. Young directors, playwrights and artists &#8211; supported in some cases by the best Polish actors and filmmakers and with the help of the best technology provided by the WFDIF Film Studios in Warsaw &#8211; transform contemporary Polish dramaturgy into film, guided by the criteria of stylistic and narrative experimentation, originality, congruence of ethical and aesthetic values.<\/p>\n<h4>Active in its homeland for 9 years, TEATROTEKA is now coming to Italy for the first time, presented at the Farnese Arthouse cinema in Rome from 28 to 30 April. Three days with free admission dedicated to a selection of eleven screenings; meetings and debates with authors and directors.<\/h4>\n<p>Conceived and realised by the WFDiF Film Studios in Warsaw, the oldest and most legendary film studios in Poland, the Roman event is organised in collaboration with the Polish Institute in Rome, RUFA, SEAI Department &#8211; Sapienza University of Rome and Cinema Farnese, and financed by the Ministry of Culture and National Heritage of Poland. Media partners of the festival are Teatro e Critica and Quinlan. <\/p>\n<p>TEATROTEKA is an original Polish format created by the WFDiF Film Studios in Warsaw, a legendary institution for Polish cinematography for over 70 years, where directors such as Andrzej Munk, Andrzej Wajda, Krzysztof Kie\u015blowski, Marcel \u0141ozi\u0144ski or Krzysztof Zanussi, who is currently shooting his new film at WFDiF.<br \/>\n&nbsp;<\/p>\n<h5>Free entry, book your visit <a href=\"http:\/\/www.bookeo.com\/farneselive\" target=\"_blank\" rel=\"noopener\">here<\/a><\/h5>\n<p>&nbsp;<br \/>\n<a class=\"download-btn full\" href=\"http:\/\/www.wfdif.pl\/ROMA\">Discover the full programme<\/a>","protected":false},"excerpt":{"rendered":"<p>For the first time in Italy, from 28 to 30 April at the Cinema Farnese in Rome, the TEATROTEKA festival: a dialogue between cinema and theatre that brings together young playwrights and debutant directors &nbsp; RUFA and the TEATROTEKA project in Rome join forces to foster cooperation between Italy and Poland in the development of&#8230;  <a class=\"excerpt-read-more\" href=\"https:\/\/www.unirufa.it\/en\/2022\/04\/26\/tra-cinema-e-teatro-al-via-la-rassegna-teatroteka\/\" title=\"Read Between cinema and theatre: the TEATROTEKA festival kicks off\">Find out more<\/a><\/p>\n","protected":false},"author":28,"featured_media":69983,"comment_status":"closed","ping_status":"closed","sticky":false,"template":"","format":"standard","meta":{"content-type":"","footnotes":""},"categories":[940,936],"tags":[],"class_list":["post-69970","post","type-post","status-publish","format-standard","has-post-thumbnail","hentry","category-cinema-photography","category-scenography"],"yoast_head":"<!-- This site is optimized with the Yoast SEO plugin v24.2 - https:\/\/yoast.com\/wordpress\/plugins\/seo\/ -->\n<title>Between cinema and theatre: the TEATROTEKA festival kicks off - RUFA - Rome University of Fine Arts<\/title>\n<meta name=\"description\" content=\"Per la prima volta in Italia, dal 28 al 30 aprile al Cinema Farnese di Roma, la rassegna TEATROTEKA: un dialogo tra cinema e teatro che unisce giovani drammaturghi e registi esordienti\" \/>\n<meta name=\"robots\" content=\"index, follow, max-snippet:-1, max-image-preview:large, max-video-preview:-1\" \/>\n<link rel=\"canonical\" href=\"https:\/\/www.unirufa.it\/2022\/04\/26\/tra-cinema-e-teatro-al-via-la-rassegna-teatroteka\/\" \/>\n<meta property=\"og:locale\" content=\"en_US\" \/>\n<meta property=\"og:type\" content=\"article\" \/>\n<meta property=\"og:title\" content=\"Between cinema and theatre: the TEATROTEKA festival kicks off - RUFA - Rome University of Fine Arts\" \/>\n<meta property=\"og:description\" content=\"{:it}Per la prima volta in Italia, dal 28 al 30 aprile al Cinema Farnese di Roma, la rassegna TEATROTEKA: un dialogo tra cinema e teatro che unisce giovani drammaturghi e registi esordienti{:}\" \/>\n<meta property=\"og:url\" content=\"https:\/\/www.unirufa.it\/2022\/04\/26\/tra-cinema-e-teatro-al-via-la-rassegna-teatroteka\/\" \/>\n<meta property=\"og:site_name\" content=\"RUFA - Rome University of Fine Arts\" \/>\n<meta property=\"article:published_time\" content=\"2022-04-26T14:21:04+00:00\" \/>\n<meta property=\"article:modified_time\" content=\"2022-07-20T12:34:51+00:00\" \/>\n<meta property=\"og:image\" content=\"https:\/\/www.unirufa.it\/wp-content\/uploads\/2022\/04\/TEATROTEKA.jpg\" \/>\n\t<meta property=\"og:image:width\" content=\"1050\" \/>\n\t<meta property=\"og:image:height\" content=\"600\" \/>\n\t<meta property=\"og:image:type\" content=\"image\/jpeg\" \/>\n<meta name=\"author\" content=\"Claudia Vitali\" \/>\n<meta name=\"twitter:label1\" content=\"Written by\" \/>\n\t<meta name=\"twitter:data1\" content=\"Claudia Vitali\" \/>\n\t<meta name=\"twitter:label2\" content=\"Est. reading time\" \/>\n\t<meta name=\"twitter:data2\" content=\"2 minutes\" \/>\n<script type=\"application\/ld+json\" class=\"yoast-schema-graph\">{\"@context\":\"https:\/\/schema.org\",\"@graph\":[{\"@type\":\"WebPage\",\"@id\":\"https:\/\/www.unirufa.it\/2022\/04\/26\/tra-cinema-e-teatro-al-via-la-rassegna-teatroteka\/\",\"url\":\"https:\/\/www.unirufa.it\/2022\/04\/26\/tra-cinema-e-teatro-al-via-la-rassegna-teatroteka\/\",\"name\":\"Between cinema and theatre: the TEATROTEKA festival kicks off - RUFA - Rome University of Fine Arts\",\"isPartOf\":{\"@id\":\"https:\/\/www.unirufa.it\/#website\"},\"primaryImageOfPage\":{\"@id\":\"https:\/\/www.unirufa.it\/2022\/04\/26\/tra-cinema-e-teatro-al-via-la-rassegna-teatroteka\/#primaryimage\"},\"image\":{\"@id\":\"https:\/\/www.unirufa.it\/2022\/04\/26\/tra-cinema-e-teatro-al-via-la-rassegna-teatroteka\/#primaryimage\"},\"thumbnailUrl\":\"https:\/\/www.unirufa.it\/wp-content\/uploads\/2022\/04\/TEATROTEKA.jpg\",\"datePublished\":\"2022-04-26T14:21:04+00:00\",\"dateModified\":\"2022-07-20T12:34:51+00:00\",\"author\":{\"@id\":\"https:\/\/www.unirufa.it\/#\/schema\/person\/d5c03e37606740dff84050c97a46c80e\"},\"description\":\"{:it}Per la prima volta in Italia, dal 28 al 30 aprile al Cinema Farnese di Roma, la rassegna TEATROTEKA: un dialogo tra cinema e teatro che unisce giovani drammaturghi e registi esordienti{:}\",\"breadcrumb\":{\"@id\":\"https:\/\/www.unirufa.it\/2022\/04\/26\/tra-cinema-e-teatro-al-via-la-rassegna-teatroteka\/#breadcrumb\"},\"inLanguage\":\"en-US\",\"potentialAction\":[{\"@type\":\"ReadAction\",\"target\":[\"https:\/\/www.unirufa.it\/2022\/04\/26\/tra-cinema-e-teatro-al-via-la-rassegna-teatroteka\/\"]}]},{\"@type\":\"ImageObject\",\"inLanguage\":\"en-US\",\"@id\":\"https:\/\/www.unirufa.it\/2022\/04\/26\/tra-cinema-e-teatro-al-via-la-rassegna-teatroteka\/#primaryimage\",\"url\":\"https:\/\/www.unirufa.it\/wp-content\/uploads\/2022\/04\/TEATROTEKA.jpg\",\"contentUrl\":\"https:\/\/www.unirufa.it\/wp-content\/uploads\/2022\/04\/TEATROTEKA.jpg\",\"width\":1050,\"height\":600,\"caption\":\"RUFA E TEATROTEKA\"},{\"@type\":\"BreadcrumbList\",\"@id\":\"https:\/\/www.unirufa.it\/2022\/04\/26\/tra-cinema-e-teatro-al-via-la-rassegna-teatroteka\/#breadcrumb\",\"itemListElement\":[{\"@type\":\"ListItem\",\"position\":1,\"name\":\"Home\",\"item\":\"https:\/\/www.unirufa.it\/\"},{\"@type\":\"ListItem\",\"position\":2,\"name\":\"Tra cinema e teatro: al via la rassegna TEATROTEKA\"}]},{\"@type\":\"WebSite\",\"@id\":\"https:\/\/www.unirufa.it\/#website\",\"url\":\"https:\/\/www.unirufa.it\/\",\"name\":\"RUFA - Rome University of Fine Arts\",\"description\":\"\",\"potentialAction\":[{\"@type\":\"SearchAction\",\"target\":{\"@type\":\"EntryPoint\",\"urlTemplate\":\"https:\/\/www.unirufa.it\/?s={search_term_string}\"},\"query-input\":{\"@type\":\"PropertyValueSpecification\",\"valueRequired\":true,\"valueName\":\"search_term_string\"}}],\"inLanguage\":\"en-US\"},{\"@type\":\"Person\",\"@id\":\"https:\/\/www.unirufa.it\/#\/schema\/person\/d5c03e37606740dff84050c97a46c80e\",\"name\":\"Claudia Vitali\",\"image\":{\"@type\":\"ImageObject\",\"inLanguage\":\"en-US\",\"@id\":\"https:\/\/www.unirufa.it\/#\/schema\/person\/image\/\",\"url\":\"https:\/\/secure.gravatar.com\/avatar\/9bd058a2b55efbe5f9e6b68b196c59f4?s=96&d=mm&r=g\",\"contentUrl\":\"https:\/\/secure.gravatar.com\/avatar\/9bd058a2b55efbe5f9e6b68b196c59f4?s=96&d=mm&r=g\",\"caption\":\"Claudia Vitali\"},\"url\":\"https:\/\/www.unirufa.it\/en\/author\/claudia\/\"}]}<\/script>\n<!-- \/ Yoast SEO plugin. -->","yoast_head_json":{"title":"Between cinema and theatre: the TEATROTEKA festival kicks off - RUFA - Rome University of Fine Arts","description":"Per la prima volta in Italia, dal 28 al 30 aprile al Cinema Farnese di Roma, la rassegna TEATROTEKA: un dialogo tra cinema e teatro che unisce giovani drammaturghi e registi esordienti","robots":{"index":"index","follow":"follow","max-snippet":"max-snippet:-1","max-image-preview":"max-image-preview:large","max-video-preview":"max-video-preview:-1"},"canonical":"https:\/\/www.unirufa.it\/2022\/04\/26\/tra-cinema-e-teatro-al-via-la-rassegna-teatroteka\/","og_locale":"en_US","og_type":"article","og_title":"Between cinema and theatre: the TEATROTEKA festival kicks off - RUFA - Rome University of Fine Arts","og_description":"{:it}Per la prima volta in Italia, dal 28 al 30 aprile al Cinema Farnese di Roma, la rassegna TEATROTEKA: un dialogo tra cinema e teatro che unisce giovani drammaturghi e registi esordienti{:}","og_url":"https:\/\/www.unirufa.it\/2022\/04\/26\/tra-cinema-e-teatro-al-via-la-rassegna-teatroteka\/","og_site_name":"RUFA - Rome University of Fine Arts","article_published_time":"2022-04-26T14:21:04+00:00","article_modified_time":"2022-07-20T12:34:51+00:00","og_image":[{"width":1050,"height":600,"url":"https:\/\/www.unirufa.it\/wp-content\/uploads\/2022\/04\/TEATROTEKA.jpg","type":"image\/jpeg"}],"author":"Claudia Vitali","twitter_misc":{"Written by":"Claudia Vitali","Est. reading time":"2 minutes"},"schema":{"@context":"https:\/\/schema.org","@graph":[{"@type":"WebPage","@id":"https:\/\/www.unirufa.it\/2022\/04\/26\/tra-cinema-e-teatro-al-via-la-rassegna-teatroteka\/","url":"https:\/\/www.unirufa.it\/2022\/04\/26\/tra-cinema-e-teatro-al-via-la-rassegna-teatroteka\/","name":"Between cinema and theatre: the TEATROTEKA festival kicks off - RUFA - Rome University of Fine Arts","isPartOf":{"@id":"https:\/\/www.unirufa.it\/#website"},"primaryImageOfPage":{"@id":"https:\/\/www.unirufa.it\/2022\/04\/26\/tra-cinema-e-teatro-al-via-la-rassegna-teatroteka\/#primaryimage"},"image":{"@id":"https:\/\/www.unirufa.it\/2022\/04\/26\/tra-cinema-e-teatro-al-via-la-rassegna-teatroteka\/#primaryimage"},"thumbnailUrl":"https:\/\/www.unirufa.it\/wp-content\/uploads\/2022\/04\/TEATROTEKA.jpg","datePublished":"2022-04-26T14:21:04+00:00","dateModified":"2022-07-20T12:34:51+00:00","author":{"@id":"https:\/\/www.unirufa.it\/#\/schema\/person\/d5c03e37606740dff84050c97a46c80e"},"description":"{:it}Per la prima volta in Italia, dal 28 al 30 aprile al Cinema Farnese di Roma, la rassegna TEATROTEKA: un dialogo tra cinema e teatro che unisce giovani drammaturghi e registi esordienti{:}","breadcrumb":{"@id":"https:\/\/www.unirufa.it\/2022\/04\/26\/tra-cinema-e-teatro-al-via-la-rassegna-teatroteka\/#breadcrumb"},"inLanguage":"en-US","potentialAction":[{"@type":"ReadAction","target":["https:\/\/www.unirufa.it\/2022\/04\/26\/tra-cinema-e-teatro-al-via-la-rassegna-teatroteka\/"]}]},{"@type":"ImageObject","inLanguage":"en-US","@id":"https:\/\/www.unirufa.it\/2022\/04\/26\/tra-cinema-e-teatro-al-via-la-rassegna-teatroteka\/#primaryimage","url":"https:\/\/www.unirufa.it\/wp-content\/uploads\/2022\/04\/TEATROTEKA.jpg","contentUrl":"https:\/\/www.unirufa.it\/wp-content\/uploads\/2022\/04\/TEATROTEKA.jpg","width":1050,"height":600,"caption":"RUFA E TEATROTEKA"},{"@type":"BreadcrumbList","@id":"https:\/\/www.unirufa.it\/2022\/04\/26\/tra-cinema-e-teatro-al-via-la-rassegna-teatroteka\/#breadcrumb","itemListElement":[{"@type":"ListItem","position":1,"name":"Home","item":"https:\/\/www.unirufa.it\/"},{"@type":"ListItem","position":2,"name":"Tra cinema e teatro: al via la rassegna TEATROTEKA"}]},{"@type":"WebSite","@id":"https:\/\/www.unirufa.it\/#website","url":"https:\/\/www.unirufa.it\/","name":"RUFA - Rome University of Fine Arts","description":"","potentialAction":[{"@type":"SearchAction","target":{"@type":"EntryPoint","urlTemplate":"https:\/\/www.unirufa.it\/?s={search_term_string}"},"query-input":{"@type":"PropertyValueSpecification","valueRequired":true,"valueName":"search_term_string"}}],"inLanguage":"en-US"},{"@type":"Person","@id":"https:\/\/www.unirufa.it\/#\/schema\/person\/d5c03e37606740dff84050c97a46c80e","name":"Claudia Vitali","image":{"@type":"ImageObject","inLanguage":"en-US","@id":"https:\/\/www.unirufa.it\/#\/schema\/person\/image\/","url":"https:\/\/secure.gravatar.com\/avatar\/9bd058a2b55efbe5f9e6b68b196c59f4?s=96&d=mm&r=g","contentUrl":"https:\/\/secure.gravatar.com\/avatar\/9bd058a2b55efbe5f9e6b68b196c59f4?s=96&d=mm&r=g","caption":"Claudia Vitali"},"url":"https:\/\/www.unirufa.it\/en\/author\/claudia\/"}]}},"_links":{"self":[{"href":"https:\/\/www.unirufa.it\/en\/wp-json\/wp\/v2\/posts\/69970","targetHints":{"allow":["GET"]}}],"collection":[{"href":"https:\/\/www.unirufa.it\/en\/wp-json\/wp\/v2\/posts"}],"about":[{"href":"https:\/\/www.unirufa.it\/en\/wp-json\/wp\/v2\/types\/post"}],"author":[{"embeddable":true,"href":"https:\/\/www.unirufa.it\/en\/wp-json\/wp\/v2\/users\/28"}],"replies":[{"embeddable":true,"href":"https:\/\/www.unirufa.it\/en\/wp-json\/wp\/v2\/comments?post=69970"}],"version-history":[{"count":43,"href":"https:\/\/www.unirufa.it\/en\/wp-json\/wp\/v2\/posts\/69970\/revisions"}],"predecessor-version":[{"id":76724,"href":"https:\/\/www.unirufa.it\/en\/wp-json\/wp\/v2\/posts\/69970\/revisions\/76724"}],"wp:featuredmedia":[{"embeddable":true,"href":"https:\/\/www.unirufa.it\/en\/wp-json\/wp\/v2\/media\/69983"}],"wp:attachment":[{"href":"https:\/\/www.unirufa.it\/en\/wp-json\/wp\/v2\/media?parent=69970"}],"wp:term":[{"taxonomy":"category","embeddable":true,"href":"https:\/\/www.unirufa.it\/en\/wp-json\/wp\/v2\/categories?post=69970"},{"taxonomy":"post_tag","embeddable":true,"href":"https:\/\/www.unirufa.it\/en\/wp-json\/wp\/v2\/tags?post=69970"}],"curies":[{"name":"wp","href":"https:\/\/api.w.org\/{rel}","templated":true}]}}