


{"id":8699,"date":"2016-07-21T06:42:26","date_gmt":"2016-07-21T06:42:26","guid":{"rendered":"http:\/\/www.unirufa.it\/?p=8699"},"modified":"2021-11-02T18:15:18","modified_gmt":"2021-11-02T17:15:18","slug":"pochi-giorni-per-iscriversi-premio-arte-roma","status":"publish","type":"post","link":"https:\/\/www.unirufa.it\/en\/2016\/07\/21\/pochi-giorni-per-iscriversi-premio-arte-roma\/","title":{"rendered":"Ancora pochi giorni per iscriversi al Premio Arte Roma"},"content":{"rendered":"<h3>In palio la grande opportunit\u00e0 di esporre alle Terme di Diocleziano a fianco ai grandi maestri italiani<\/h3>\n<p>Sono rimasti appena una decina di giorni per iscriversi al Premio arte Roma. Sono accettate tutte le candidature inviate entro il 31 luglio. Il riconoscimento biennale voluto da Amedeo Demitry si propone di selezionare, attraverso un comitato scientifico composto da esponenti internazionali del mondo dell\u2019arte e della cultura, 50 artisti con altrettante opere da esporre poi nella prestigiosa location delle terme di Diocleziano a Roma. A impreziosire il concorso \u00e8 la concomitanza, negli stessi luoghi, della mostra &#8220;Spirito di Roma, La Pop Art Iialiana nella Scuola di piazza del Popolo&#8221;, un movimento che ha visto tra i maggiori esponenti Mario Schifano, Tano Festa, Franco Angeli, Renato Mambor, Sergio Lombardo, Cesare Tacchi, Giosetta Fioroni, Pino Pascali, Jannis Kounellis, Mario Ceroli. La mostra-evento della stagione autunnale romana, infatti, avr\u00e0 luogo proprio alle Terme di Diocleziano nello stesso periodo e contribuir\u00e0 ad ampliare la visibilit\u00e0 degli artisti finalisti del concorso. \u00abUn connubio \u2013 come dice Demitry \u2013 che \u00e8 anche contrasto e che ci condurr\u00e0 nel fantastico viaggio di quella che \u00e8 la grande trasformazione dell\u2019arte nel tempo\u00bb. Info e iscrizioni:<a href=\"https:\/\/www.unirufa.it\/\" target=\"_blank\" rel=\"noopener noreferrer\"> http:\/\/www.premioarteroma.it\/<\/a>","protected":false},"excerpt":{"rendered":"<p>In palio la grande opportunit\u00e0 di esporre alle Terme di Diocleziano a fianco ai grandi maestri italiani Sono rimasti appena una decina di giorni per iscriversi al Premio arte Roma. Sono accettate tutte le candidature inviate entro il 31 luglio. Il riconoscimento biennale voluto da Amedeo Demitry si propone di selezionare, attraverso un comitato scientifico&#8230;  <a class=\"excerpt-read-more\" href=\"https:\/\/www.unirufa.it\/en\/2016\/07\/21\/pochi-giorni-per-iscriversi-premio-arte-roma\/\" title=\"Read Ancora pochi giorni per iscriversi al Premio Arte Roma\">Find out more<\/a><\/p>\n","protected":false},"author":1,"featured_media":8700,"comment_status":"closed","ping_status":"closed","sticky":false,"template":"","format":"standard","meta":{"content-type":"","footnotes":""},"categories":[31,951],"tags":[909,43,49,87,908,910],"class_list":["post-8699","post","type-post","status-publish","format-standard","has-post-thumbnail","hentry","category-app-news","category-bandi","tag-amedeo-demitry","tag-arte","tag-concorso","tag-mostra","tag-premio-arte-roma","tag-terme-di-diocleziano"],"yoast_head":"<!-- This site is optimized with the Yoast SEO plugin v24.2 - https:\/\/yoast.com\/wordpress\/plugins\/seo\/ -->\n<title>Ancora pochi giorni per iscriversi al Premio Arte Roma - RUFA - Rome University of Fine Arts<\/title>\n<meta name=\"robots\" content=\"index, follow, max-snippet:-1, max-image-preview:large, max-video-preview:-1\" \/>\n<link rel=\"canonical\" href=\"https:\/\/www.unirufa.it\/2016\/07\/21\/pochi-giorni-per-iscriversi-premio-arte-roma\/\" \/>\n<meta property=\"og:locale\" content=\"en_US\" \/>\n<meta property=\"og:type\" content=\"article\" \/>\n<meta property=\"og:title\" content=\"Ancora pochi giorni per iscriversi al Premio Arte Roma - RUFA - Rome University of Fine Arts\" \/>\n<meta property=\"og:description\" content=\"In palio la grande opportunit\u00e0 di esporre alle Terme di Diocleziano a fianco ai grandi maestri italiani Sono rimasti appena una decina di giorni per iscriversi al Premio arte Roma. Sono accettate tutte le candidature inviate entro il 31 luglio. Il riconoscimento biennale voluto da Amedeo Demitry si propone di selezionare, attraverso un comitato scientifico... Find out more\" \/>\n<meta property=\"og:url\" content=\"https:\/\/www.unirufa.it\/2016\/07\/21\/pochi-giorni-per-iscriversi-premio-arte-roma\/\" \/>\n<meta property=\"og:site_name\" content=\"RUFA - Rome University of Fine Arts\" \/>\n<meta property=\"article:published_time\" content=\"2016-07-21T06:42:26+00:00\" \/>\n<meta property=\"article:modified_time\" content=\"2021-11-02T17:15:18+00:00\" \/>\n<meta property=\"og:image\" content=\"https:\/\/www.unirufa.it\/wp-content\/uploads\/2016\/07\/Alcide-De-Gasperi-1963-smalto-su-carta-intelata-cm.-70-x-50.-downloaded-with-1stBrowser.jpg\" \/>\n\t<meta property=\"og:image:width\" content=\"1000\" \/>\n\t<meta property=\"og:image:height\" content=\"691\" \/>\n\t<meta property=\"og:image:type\" content=\"image\/jpeg\" \/>\n<meta name=\"author\" content=\"rufa\" \/>\n<meta name=\"twitter:label1\" content=\"Written by\" \/>\n\t<meta name=\"twitter:data1\" content=\"rufa\" \/>\n\t<meta name=\"twitter:label2\" content=\"Est. reading time\" \/>\n\t<meta name=\"twitter:data2\" content=\"2 minutes\" \/>\n<script type=\"application\/ld+json\" class=\"yoast-schema-graph\">{\"@context\":\"https:\/\/schema.org\",\"@graph\":[{\"@type\":\"WebPage\",\"@id\":\"https:\/\/www.unirufa.it\/2016\/07\/21\/pochi-giorni-per-iscriversi-premio-arte-roma\/\",\"url\":\"https:\/\/www.unirufa.it\/2016\/07\/21\/pochi-giorni-per-iscriversi-premio-arte-roma\/\",\"name\":\"Ancora pochi giorni per iscriversi al Premio Arte Roma - RUFA - Rome University of Fine Arts\",\"isPartOf\":{\"@id\":\"https:\/\/www.unirufa.it\/#website\"},\"primaryImageOfPage\":{\"@id\":\"https:\/\/www.unirufa.it\/2016\/07\/21\/pochi-giorni-per-iscriversi-premio-arte-roma\/#primaryimage\"},\"image\":{\"@id\":\"https:\/\/www.unirufa.it\/2016\/07\/21\/pochi-giorni-per-iscriversi-premio-arte-roma\/#primaryimage\"},\"thumbnailUrl\":\"https:\/\/www.unirufa.it\/wp-content\/uploads\/2016\/07\/Alcide-De-Gasperi-1963-smalto-su-carta-intelata-cm.-70-x-50.-downloaded-with-1stBrowser.jpg\",\"datePublished\":\"2016-07-21T06:42:26+00:00\",\"dateModified\":\"2021-11-02T17:15:18+00:00\",\"author\":{\"@id\":\"https:\/\/www.unirufa.it\/#\/schema\/person\/df501afc19e72ccaeeaaec268b0c5917\"},\"breadcrumb\":{\"@id\":\"https:\/\/www.unirufa.it\/2016\/07\/21\/pochi-giorni-per-iscriversi-premio-arte-roma\/#breadcrumb\"},\"inLanguage\":\"en-US\",\"potentialAction\":[{\"@type\":\"ReadAction\",\"target\":[\"https:\/\/www.unirufa.it\/2016\/07\/21\/pochi-giorni-per-iscriversi-premio-arte-roma\/\"]}]},{\"@type\":\"ImageObject\",\"inLanguage\":\"en-US\",\"@id\":\"https:\/\/www.unirufa.it\/2016\/07\/21\/pochi-giorni-per-iscriversi-premio-arte-roma\/#primaryimage\",\"url\":\"https:\/\/www.unirufa.it\/wp-content\/uploads\/2016\/07\/Alcide-De-Gasperi-1963-smalto-su-carta-intelata-cm.-70-x-50.-downloaded-with-1stBrowser.jpg\",\"contentUrl\":\"https:\/\/www.unirufa.it\/wp-content\/uploads\/2016\/07\/Alcide-De-Gasperi-1963-smalto-su-carta-intelata-cm.-70-x-50.-downloaded-with-1stBrowser.jpg\",\"width\":1000,\"height\":691},{\"@type\":\"BreadcrumbList\",\"@id\":\"https:\/\/www.unirufa.it\/2016\/07\/21\/pochi-giorni-per-iscriversi-premio-arte-roma\/#breadcrumb\",\"itemListElement\":[{\"@type\":\"ListItem\",\"position\":1,\"name\":\"Home\",\"item\":\"https:\/\/www.unirufa.it\/\"},{\"@type\":\"ListItem\",\"position\":2,\"name\":\"Ancora pochi giorni per iscriversi al Premio Arte Roma\"}]},{\"@type\":\"WebSite\",\"@id\":\"https:\/\/www.unirufa.it\/#website\",\"url\":\"https:\/\/www.unirufa.it\/\",\"name\":\"RUFA - Rome University of Fine Arts\",\"description\":\"\",\"potentialAction\":[{\"@type\":\"SearchAction\",\"target\":{\"@type\":\"EntryPoint\",\"urlTemplate\":\"https:\/\/www.unirufa.it\/?s={search_term_string}\"},\"query-input\":{\"@type\":\"PropertyValueSpecification\",\"valueRequired\":true,\"valueName\":\"search_term_string\"}}],\"inLanguage\":\"en-US\"},{\"@type\":\"Person\",\"@id\":\"https:\/\/www.unirufa.it\/#\/schema\/person\/df501afc19e72ccaeeaaec268b0c5917\",\"name\":\"rufa\",\"image\":{\"@type\":\"ImageObject\",\"inLanguage\":\"en-US\",\"@id\":\"https:\/\/www.unirufa.it\/#\/schema\/person\/image\/\",\"url\":\"https:\/\/secure.gravatar.com\/avatar\/7f7ea0eea9301536a533fa1d7ea507b9?s=96&d=mm&r=g\",\"contentUrl\":\"https:\/\/secure.gravatar.com\/avatar\/7f7ea0eea9301536a533fa1d7ea507b9?s=96&d=mm&r=g\",\"caption\":\"rufa\"},\"url\":\"https:\/\/www.unirufa.it\/en\/author\/rufa\/\"}]}<\/script>\n<!-- \/ Yoast SEO plugin. -->","yoast_head_json":{"title":"Ancora pochi giorni per iscriversi al Premio Arte Roma - RUFA - Rome University of Fine Arts","robots":{"index":"index","follow":"follow","max-snippet":"max-snippet:-1","max-image-preview":"max-image-preview:large","max-video-preview":"max-video-preview:-1"},"canonical":"https:\/\/www.unirufa.it\/2016\/07\/21\/pochi-giorni-per-iscriversi-premio-arte-roma\/","og_locale":"en_US","og_type":"article","og_title":"Ancora pochi giorni per iscriversi al Premio Arte Roma - RUFA - Rome University of Fine Arts","og_description":"In palio la grande opportunit\u00e0 di esporre alle Terme di Diocleziano a fianco ai grandi maestri italiani Sono rimasti appena una decina di giorni per iscriversi al Premio arte Roma. Sono accettate tutte le candidature inviate entro il 31 luglio. Il riconoscimento biennale voluto da Amedeo Demitry si propone di selezionare, attraverso un comitato scientifico... Find out more","og_url":"https:\/\/www.unirufa.it\/2016\/07\/21\/pochi-giorni-per-iscriversi-premio-arte-roma\/","og_site_name":"RUFA - Rome University of Fine Arts","article_published_time":"2016-07-21T06:42:26+00:00","article_modified_time":"2021-11-02T17:15:18+00:00","og_image":[{"width":1000,"height":691,"url":"https:\/\/www.unirufa.it\/wp-content\/uploads\/2016\/07\/Alcide-De-Gasperi-1963-smalto-su-carta-intelata-cm.-70-x-50.-downloaded-with-1stBrowser.jpg","type":"image\/jpeg"}],"author":"rufa","twitter_misc":{"Written by":"rufa","Est. reading time":"2 minutes"},"schema":{"@context":"https:\/\/schema.org","@graph":[{"@type":"WebPage","@id":"https:\/\/www.unirufa.it\/2016\/07\/21\/pochi-giorni-per-iscriversi-premio-arte-roma\/","url":"https:\/\/www.unirufa.it\/2016\/07\/21\/pochi-giorni-per-iscriversi-premio-arte-roma\/","name":"Ancora pochi giorni per iscriversi al Premio Arte Roma - RUFA - Rome University of Fine Arts","isPartOf":{"@id":"https:\/\/www.unirufa.it\/#website"},"primaryImageOfPage":{"@id":"https:\/\/www.unirufa.it\/2016\/07\/21\/pochi-giorni-per-iscriversi-premio-arte-roma\/#primaryimage"},"image":{"@id":"https:\/\/www.unirufa.it\/2016\/07\/21\/pochi-giorni-per-iscriversi-premio-arte-roma\/#primaryimage"},"thumbnailUrl":"https:\/\/www.unirufa.it\/wp-content\/uploads\/2016\/07\/Alcide-De-Gasperi-1963-smalto-su-carta-intelata-cm.-70-x-50.-downloaded-with-1stBrowser.jpg","datePublished":"2016-07-21T06:42:26+00:00","dateModified":"2021-11-02T17:15:18+00:00","author":{"@id":"https:\/\/www.unirufa.it\/#\/schema\/person\/df501afc19e72ccaeeaaec268b0c5917"},"breadcrumb":{"@id":"https:\/\/www.unirufa.it\/2016\/07\/21\/pochi-giorni-per-iscriversi-premio-arte-roma\/#breadcrumb"},"inLanguage":"en-US","potentialAction":[{"@type":"ReadAction","target":["https:\/\/www.unirufa.it\/2016\/07\/21\/pochi-giorni-per-iscriversi-premio-arte-roma\/"]}]},{"@type":"ImageObject","inLanguage":"en-US","@id":"https:\/\/www.unirufa.it\/2016\/07\/21\/pochi-giorni-per-iscriversi-premio-arte-roma\/#primaryimage","url":"https:\/\/www.unirufa.it\/wp-content\/uploads\/2016\/07\/Alcide-De-Gasperi-1963-smalto-su-carta-intelata-cm.-70-x-50.-downloaded-with-1stBrowser.jpg","contentUrl":"https:\/\/www.unirufa.it\/wp-content\/uploads\/2016\/07\/Alcide-De-Gasperi-1963-smalto-su-carta-intelata-cm.-70-x-50.-downloaded-with-1stBrowser.jpg","width":1000,"height":691},{"@type":"BreadcrumbList","@id":"https:\/\/www.unirufa.it\/2016\/07\/21\/pochi-giorni-per-iscriversi-premio-arte-roma\/#breadcrumb","itemListElement":[{"@type":"ListItem","position":1,"name":"Home","item":"https:\/\/www.unirufa.it\/"},{"@type":"ListItem","position":2,"name":"Ancora pochi giorni per iscriversi al Premio Arte Roma"}]},{"@type":"WebSite","@id":"https:\/\/www.unirufa.it\/#website","url":"https:\/\/www.unirufa.it\/","name":"RUFA - Rome University of Fine Arts","description":"","potentialAction":[{"@type":"SearchAction","target":{"@type":"EntryPoint","urlTemplate":"https:\/\/www.unirufa.it\/?s={search_term_string}"},"query-input":{"@type":"PropertyValueSpecification","valueRequired":true,"valueName":"search_term_string"}}],"inLanguage":"en-US"},{"@type":"Person","@id":"https:\/\/www.unirufa.it\/#\/schema\/person\/df501afc19e72ccaeeaaec268b0c5917","name":"rufa","image":{"@type":"ImageObject","inLanguage":"en-US","@id":"https:\/\/www.unirufa.it\/#\/schema\/person\/image\/","url":"https:\/\/secure.gravatar.com\/avatar\/7f7ea0eea9301536a533fa1d7ea507b9?s=96&d=mm&r=g","contentUrl":"https:\/\/secure.gravatar.com\/avatar\/7f7ea0eea9301536a533fa1d7ea507b9?s=96&d=mm&r=g","caption":"rufa"},"url":"https:\/\/www.unirufa.it\/en\/author\/rufa\/"}]}},"_links":{"self":[{"href":"https:\/\/www.unirufa.it\/en\/wp-json\/wp\/v2\/posts\/8699","targetHints":{"allow":["GET"]}}],"collection":[{"href":"https:\/\/www.unirufa.it\/en\/wp-json\/wp\/v2\/posts"}],"about":[{"href":"https:\/\/www.unirufa.it\/en\/wp-json\/wp\/v2\/types\/post"}],"author":[{"embeddable":true,"href":"https:\/\/www.unirufa.it\/en\/wp-json\/wp\/v2\/users\/1"}],"replies":[{"embeddable":true,"href":"https:\/\/www.unirufa.it\/en\/wp-json\/wp\/v2\/comments?post=8699"}],"version-history":[{"count":5,"href":"https:\/\/www.unirufa.it\/en\/wp-json\/wp\/v2\/posts\/8699\/revisions"}],"predecessor-version":[{"id":55149,"href":"https:\/\/www.unirufa.it\/en\/wp-json\/wp\/v2\/posts\/8699\/revisions\/55149"}],"wp:featuredmedia":[{"embeddable":true,"href":"https:\/\/www.unirufa.it\/en\/wp-json\/wp\/v2\/media\/8700"}],"wp:attachment":[{"href":"https:\/\/www.unirufa.it\/en\/wp-json\/wp\/v2\/media?parent=8699"}],"wp:term":[{"taxonomy":"category","embeddable":true,"href":"https:\/\/www.unirufa.it\/en\/wp-json\/wp\/v2\/categories?post=8699"},{"taxonomy":"post_tag","embeddable":true,"href":"https:\/\/www.unirufa.it\/en\/wp-json\/wp\/v2\/tags?post=8699"}],"curies":[{"name":"wp","href":"https:\/\/api.w.org\/{rel}","templated":true}]}}