


{"id":93138,"date":"2023-01-24T15:41:42","date_gmt":"2023-01-24T14:41:42","guid":{"rendered":"https:\/\/www.unirufa.it\/?p=93138"},"modified":"2023-01-24T15:43:12","modified_gmt":"2023-01-24T14:43:12","slug":"performance-perla-di-marta-jovanovic","status":"publish","type":"post","link":"https:\/\/www.unirufa.it\/en\/2023\/01\/24\/performance-perla-di-marta-jovanovic\/","title":{"rendered":"Performance: &#8220;Perla&#8221; by Marta Jovanovic"},"content":{"rendered":"<h4>PERLA is the title of the new performance that the artist <a href=\"https:\/\/www.unirufa.it\/docenti\/marta-jovanovic-2\/\" rel=\"noopener\" target=\"_blank\">Marta Jovanovi\u0107<\/a> will held on Thursday 26 January 2023 at 7:30 PM in the gallery <a href=\"http:\/\/www.majartecontemporanea.com\/\" rel=\"noopener\" target=\"_blank\">Maja Arte Contemporanea<\/a> at via di Monserrato 30, Rome.<\/h4>\n<p>&nbsp;<br \/>\n<em>\u201cThe vision of the absent, by cross-references, insinuates itself into the vision of the form and the meaning, not iconic, allegorical or moral, but simply visual, is instilled, once and forever, imprinting itself with the mark of the name, over the resembling structure.<br \/>\nThis imprimitura does not carry with it value or even a necessary teaching, but it certainly carries with it the locus of genesis, by assonance or, indeed, similarity.<br \/>\nBut then perhaps we should also look at everything else differently. The corner is not just a corner and carries with it all the valences of corner similes. Not to mention the actor&#8217;s body and that of the visitor. Above it all appears the position and clustering of small structures, or otherwise known as pearls, in a square.\u201d<\/em> <\/p>\n<p><a href=\"https:\/\/www.unirufa.it\/docenti\/fabrizio-pizzuto\/\" rel=\"noopener\" target=\"_blank\">Fabrizio Pizzuto<\/a><\/p>\n<p>Set design by Sauro Radicchi. Special thanks to Davide Dormino e Janneke Leenders.<\/p>\n<h4>Biography of the performer<\/h4>\n<p>Marta Jovanovi\u0107 (Belgrado &#8211; Serbia, 1978) is a performance artist and lecturer with the mission to promote and facilitate the further advancement of the discipline.<br \/>\nFounder of the Performance Art Program at the Museum of Contemporary Art in Belgrade, artist-in-residence at the Getty Research Institute in Los Angeles, in 2017 Jovanovi\u0107 stars in the documentary film &#8216;Born Just Now&#8217;, by US director Robert Adanto, winner of numerous international awards.<br \/>\nHer works &#8220;Pionirka&#8221;, &#8220;It is My Body&#8221;, &#8220;Love&#8221; and &#8220;Motherhood&#8221; can be found in important private museum collections. The performance &#8220;BelgradeMermaid&#8221; opened the Belgrade Biennale in 2018, while the following year the sequel &#8220;Mermaid&#8217;s Tale&#8221; became a virtual reality performance.<br \/>\nCurator Kathy Battista wrote a compendium on her early work entitled \u201cMarta Jovanovi\u0107: Performing the Self\u201d, published by Martin E. Segal Theatre Center of the City University of New York, while in the book New York New Wave, Battista positions Jovanovi\u0107 as one of New York&#8217;s most urgent contemporary feminist artists. Marta Jovanovi\u0107 is a lecturer and Visual Arts Coordinator for RUFA.","protected":false},"excerpt":{"rendered":"<p>PERLA is the title of the new performance that the artist Marta Jovanovi\u0107 will held on Thursday 26 January 2023 at 7:30 PM in the gallery Maja Arte Contemporanea at via di Monserrato 30, Rome. &nbsp; \u201cThe vision of the absent, by cross-references, insinuates itself into the vision of the form and the meaning, not&#8230;  <a class=\"excerpt-read-more\" href=\"https:\/\/www.unirufa.it\/en\/2023\/01\/24\/performance-perla-di-marta-jovanovic\/\" title=\"Read Performance: &#8220;Perla&#8221; by Marta Jovanovic\">Find out more<\/a><\/p>\n","protected":false},"author":28,"featured_media":93139,"comment_status":"closed","ping_status":"closed","sticky":false,"template":"","format":"standard","meta":{"content-type":"","footnotes":""},"categories":[1638],"tags":[],"class_list":["post-93138","post","type-post","status-publish","format-standard","has-post-thumbnail","hentry","category-fine-arts"],"yoast_head":"<!-- This site is optimized with the Yoast SEO plugin v24.2 - https:\/\/yoast.com\/wordpress\/plugins\/seo\/ -->\n<title>Performance: &quot;Perla&quot; by Marta Jovanovic - RUFA - Rome University of Fine Arts<\/title>\n<meta name=\"description\" content=\"PERLA \u00e8 il titolo della nuova performance che l\u2019artista Marta Jovanovi\u0107 terr\u00e0 gioved\u00ec 26 gennaio 2023 alle ore 19:30 presso la galleria Maja Arte Contemporanea.\" \/>\n<meta name=\"robots\" content=\"index, follow, max-snippet:-1, max-image-preview:large, max-video-preview:-1\" \/>\n<link rel=\"canonical\" href=\"https:\/\/www.unirufa.it\/2023\/01\/24\/performance-perla-di-marta-jovanovic\/\" \/>\n<meta property=\"og:locale\" content=\"en_US\" \/>\n<meta property=\"og:type\" content=\"article\" \/>\n<meta property=\"og:title\" content=\"Performance: &quot;Perla&quot; by Marta Jovanovic - RUFA - Rome University of Fine Arts\" \/>\n<meta property=\"og:description\" content=\"{:it}PERLA \u00e8 il titolo della nuova performance che l\u2019artista Marta Jovanovi\u0107 terr\u00e0 gioved\u00ec 26 gennaio 2023 alle ore 19:30 presso la galleria Maja Arte Contemporanea.{:}\" \/>\n<meta property=\"og:url\" content=\"https:\/\/www.unirufa.it\/2023\/01\/24\/performance-perla-di-marta-jovanovic\/\" \/>\n<meta property=\"og:site_name\" content=\"RUFA - Rome University of Fine Arts\" \/>\n<meta property=\"article:published_time\" content=\"2023-01-24T14:41:42+00:00\" \/>\n<meta property=\"article:modified_time\" content=\"2023-01-24T14:43:12+00:00\" \/>\n<meta property=\"og:image\" content=\"https:\/\/www.unirufa.it\/wp-content\/uploads\/2023\/01\/banner_jovanovic.png\" \/>\n\t<meta property=\"og:image:width\" content=\"1050\" \/>\n\t<meta property=\"og:image:height\" content=\"600\" \/>\n\t<meta property=\"og:image:type\" content=\"image\/png\" \/>\n<meta name=\"author\" content=\"Claudia Vitali\" \/>\n<meta name=\"twitter:label1\" content=\"Written by\" \/>\n\t<meta name=\"twitter:data1\" content=\"Claudia Vitali\" \/>\n\t<meta name=\"twitter:label2\" content=\"Est. reading time\" \/>\n\t<meta name=\"twitter:data2\" content=\"3 minutes\" \/>\n<script type=\"application\/ld+json\" class=\"yoast-schema-graph\">{\"@context\":\"https:\/\/schema.org\",\"@graph\":[{\"@type\":\"WebPage\",\"@id\":\"https:\/\/www.unirufa.it\/2023\/01\/24\/performance-perla-di-marta-jovanovic\/\",\"url\":\"https:\/\/www.unirufa.it\/2023\/01\/24\/performance-perla-di-marta-jovanovic\/\",\"name\":\"Performance: \\\"Perla\\\" by Marta Jovanovic - RUFA - Rome University of Fine Arts\",\"isPartOf\":{\"@id\":\"https:\/\/www.unirufa.it\/#website\"},\"primaryImageOfPage\":{\"@id\":\"https:\/\/www.unirufa.it\/2023\/01\/24\/performance-perla-di-marta-jovanovic\/#primaryimage\"},\"image\":{\"@id\":\"https:\/\/www.unirufa.it\/2023\/01\/24\/performance-perla-di-marta-jovanovic\/#primaryimage\"},\"thumbnailUrl\":\"https:\/\/www.unirufa.it\/wp-content\/uploads\/2023\/01\/banner_jovanovic.png\",\"datePublished\":\"2023-01-24T14:41:42+00:00\",\"dateModified\":\"2023-01-24T14:43:12+00:00\",\"author\":{\"@id\":\"https:\/\/www.unirufa.it\/#\/schema\/person\/d5c03e37606740dff84050c97a46c80e\"},\"description\":\"{:it}PERLA \u00e8 il titolo della nuova performance che l\u2019artista Marta Jovanovi\u0107 terr\u00e0 gioved\u00ec 26 gennaio 2023 alle ore 19:30 presso la galleria Maja Arte Contemporanea.{:}\",\"breadcrumb\":{\"@id\":\"https:\/\/www.unirufa.it\/2023\/01\/24\/performance-perla-di-marta-jovanovic\/#breadcrumb\"},\"inLanguage\":\"en-US\",\"potentialAction\":[{\"@type\":\"ReadAction\",\"target\":[\"https:\/\/www.unirufa.it\/2023\/01\/24\/performance-perla-di-marta-jovanovic\/\"]}]},{\"@type\":\"ImageObject\",\"inLanguage\":\"en-US\",\"@id\":\"https:\/\/www.unirufa.it\/2023\/01\/24\/performance-perla-di-marta-jovanovic\/#primaryimage\",\"url\":\"https:\/\/www.unirufa.it\/wp-content\/uploads\/2023\/01\/banner_jovanovic.png\",\"contentUrl\":\"https:\/\/www.unirufa.it\/wp-content\/uploads\/2023\/01\/banner_jovanovic.png\",\"width\":1050,\"height\":600,\"caption\":\"banner_jovanovic\"},{\"@type\":\"BreadcrumbList\",\"@id\":\"https:\/\/www.unirufa.it\/2023\/01\/24\/performance-perla-di-marta-jovanovic\/#breadcrumb\",\"itemListElement\":[{\"@type\":\"ListItem\",\"position\":1,\"name\":\"Home\",\"item\":\"https:\/\/www.unirufa.it\/\"},{\"@type\":\"ListItem\",\"position\":2,\"name\":\"Performance: &#8220;Perla&#8221; di Marta Jovanovic\"}]},{\"@type\":\"WebSite\",\"@id\":\"https:\/\/www.unirufa.it\/#website\",\"url\":\"https:\/\/www.unirufa.it\/\",\"name\":\"RUFA - Rome University of Fine Arts\",\"description\":\"\",\"potentialAction\":[{\"@type\":\"SearchAction\",\"target\":{\"@type\":\"EntryPoint\",\"urlTemplate\":\"https:\/\/www.unirufa.it\/?s={search_term_string}\"},\"query-input\":{\"@type\":\"PropertyValueSpecification\",\"valueRequired\":true,\"valueName\":\"search_term_string\"}}],\"inLanguage\":\"en-US\"},{\"@type\":\"Person\",\"@id\":\"https:\/\/www.unirufa.it\/#\/schema\/person\/d5c03e37606740dff84050c97a46c80e\",\"name\":\"Claudia Vitali\",\"image\":{\"@type\":\"ImageObject\",\"inLanguage\":\"en-US\",\"@id\":\"https:\/\/www.unirufa.it\/#\/schema\/person\/image\/\",\"url\":\"https:\/\/secure.gravatar.com\/avatar\/9bd058a2b55efbe5f9e6b68b196c59f4?s=96&d=mm&r=g\",\"contentUrl\":\"https:\/\/secure.gravatar.com\/avatar\/9bd058a2b55efbe5f9e6b68b196c59f4?s=96&d=mm&r=g\",\"caption\":\"Claudia Vitali\"},\"url\":\"https:\/\/www.unirufa.it\/en\/author\/claudia\/\"}]}<\/script>\n<!-- \/ Yoast SEO plugin. -->","yoast_head_json":{"title":"Performance: \"Perla\" by Marta Jovanovic - RUFA - Rome University of Fine Arts","description":"PERLA \u00e8 il titolo della nuova performance che l\u2019artista Marta Jovanovi\u0107 terr\u00e0 gioved\u00ec 26 gennaio 2023 alle ore 19:30 presso la galleria Maja Arte Contemporanea.","robots":{"index":"index","follow":"follow","max-snippet":"max-snippet:-1","max-image-preview":"max-image-preview:large","max-video-preview":"max-video-preview:-1"},"canonical":"https:\/\/www.unirufa.it\/2023\/01\/24\/performance-perla-di-marta-jovanovic\/","og_locale":"en_US","og_type":"article","og_title":"Performance: \"Perla\" by Marta Jovanovic - RUFA - Rome University of Fine Arts","og_description":"{:it}PERLA \u00e8 il titolo della nuova performance che l\u2019artista Marta Jovanovi\u0107 terr\u00e0 gioved\u00ec 26 gennaio 2023 alle ore 19:30 presso la galleria Maja Arte Contemporanea.{:}","og_url":"https:\/\/www.unirufa.it\/2023\/01\/24\/performance-perla-di-marta-jovanovic\/","og_site_name":"RUFA - Rome University of Fine Arts","article_published_time":"2023-01-24T14:41:42+00:00","article_modified_time":"2023-01-24T14:43:12+00:00","og_image":[{"width":1050,"height":600,"url":"https:\/\/www.unirufa.it\/wp-content\/uploads\/2023\/01\/banner_jovanovic.png","type":"image\/png"}],"author":"Claudia Vitali","twitter_misc":{"Written by":"Claudia Vitali","Est. reading time":"3 minutes"},"schema":{"@context":"https:\/\/schema.org","@graph":[{"@type":"WebPage","@id":"https:\/\/www.unirufa.it\/2023\/01\/24\/performance-perla-di-marta-jovanovic\/","url":"https:\/\/www.unirufa.it\/2023\/01\/24\/performance-perla-di-marta-jovanovic\/","name":"Performance: \"Perla\" by Marta Jovanovic - RUFA - Rome University of Fine Arts","isPartOf":{"@id":"https:\/\/www.unirufa.it\/#website"},"primaryImageOfPage":{"@id":"https:\/\/www.unirufa.it\/2023\/01\/24\/performance-perla-di-marta-jovanovic\/#primaryimage"},"image":{"@id":"https:\/\/www.unirufa.it\/2023\/01\/24\/performance-perla-di-marta-jovanovic\/#primaryimage"},"thumbnailUrl":"https:\/\/www.unirufa.it\/wp-content\/uploads\/2023\/01\/banner_jovanovic.png","datePublished":"2023-01-24T14:41:42+00:00","dateModified":"2023-01-24T14:43:12+00:00","author":{"@id":"https:\/\/www.unirufa.it\/#\/schema\/person\/d5c03e37606740dff84050c97a46c80e"},"description":"{:it}PERLA \u00e8 il titolo della nuova performance che l\u2019artista Marta Jovanovi\u0107 terr\u00e0 gioved\u00ec 26 gennaio 2023 alle ore 19:30 presso la galleria Maja Arte Contemporanea.{:}","breadcrumb":{"@id":"https:\/\/www.unirufa.it\/2023\/01\/24\/performance-perla-di-marta-jovanovic\/#breadcrumb"},"inLanguage":"en-US","potentialAction":[{"@type":"ReadAction","target":["https:\/\/www.unirufa.it\/2023\/01\/24\/performance-perla-di-marta-jovanovic\/"]}]},{"@type":"ImageObject","inLanguage":"en-US","@id":"https:\/\/www.unirufa.it\/2023\/01\/24\/performance-perla-di-marta-jovanovic\/#primaryimage","url":"https:\/\/www.unirufa.it\/wp-content\/uploads\/2023\/01\/banner_jovanovic.png","contentUrl":"https:\/\/www.unirufa.it\/wp-content\/uploads\/2023\/01\/banner_jovanovic.png","width":1050,"height":600,"caption":"banner_jovanovic"},{"@type":"BreadcrumbList","@id":"https:\/\/www.unirufa.it\/2023\/01\/24\/performance-perla-di-marta-jovanovic\/#breadcrumb","itemListElement":[{"@type":"ListItem","position":1,"name":"Home","item":"https:\/\/www.unirufa.it\/"},{"@type":"ListItem","position":2,"name":"Performance: &#8220;Perla&#8221; di Marta Jovanovic"}]},{"@type":"WebSite","@id":"https:\/\/www.unirufa.it\/#website","url":"https:\/\/www.unirufa.it\/","name":"RUFA - Rome University of Fine Arts","description":"","potentialAction":[{"@type":"SearchAction","target":{"@type":"EntryPoint","urlTemplate":"https:\/\/www.unirufa.it\/?s={search_term_string}"},"query-input":{"@type":"PropertyValueSpecification","valueRequired":true,"valueName":"search_term_string"}}],"inLanguage":"en-US"},{"@type":"Person","@id":"https:\/\/www.unirufa.it\/#\/schema\/person\/d5c03e37606740dff84050c97a46c80e","name":"Claudia Vitali","image":{"@type":"ImageObject","inLanguage":"en-US","@id":"https:\/\/www.unirufa.it\/#\/schema\/person\/image\/","url":"https:\/\/secure.gravatar.com\/avatar\/9bd058a2b55efbe5f9e6b68b196c59f4?s=96&d=mm&r=g","contentUrl":"https:\/\/secure.gravatar.com\/avatar\/9bd058a2b55efbe5f9e6b68b196c59f4?s=96&d=mm&r=g","caption":"Claudia Vitali"},"url":"https:\/\/www.unirufa.it\/en\/author\/claudia\/"}]}},"_links":{"self":[{"href":"https:\/\/www.unirufa.it\/en\/wp-json\/wp\/v2\/posts\/93138","targetHints":{"allow":["GET"]}}],"collection":[{"href":"https:\/\/www.unirufa.it\/en\/wp-json\/wp\/v2\/posts"}],"about":[{"href":"https:\/\/www.unirufa.it\/en\/wp-json\/wp\/v2\/types\/post"}],"author":[{"embeddable":true,"href":"https:\/\/www.unirufa.it\/en\/wp-json\/wp\/v2\/users\/28"}],"replies":[{"embeddable":true,"href":"https:\/\/www.unirufa.it\/en\/wp-json\/wp\/v2\/comments?post=93138"}],"version-history":[{"count":12,"href":"https:\/\/www.unirufa.it\/en\/wp-json\/wp\/v2\/posts\/93138\/revisions"}],"predecessor-version":[{"id":95161,"href":"https:\/\/www.unirufa.it\/en\/wp-json\/wp\/v2\/posts\/93138\/revisions\/95161"}],"wp:featuredmedia":[{"embeddable":true,"href":"https:\/\/www.unirufa.it\/en\/wp-json\/wp\/v2\/media\/93139"}],"wp:attachment":[{"href":"https:\/\/www.unirufa.it\/en\/wp-json\/wp\/v2\/media?parent=93138"}],"wp:term":[{"taxonomy":"category","embeddable":true,"href":"https:\/\/www.unirufa.it\/en\/wp-json\/wp\/v2\/categories?post=93138"},{"taxonomy":"post_tag","embeddable":true,"href":"https:\/\/www.unirufa.it\/en\/wp-json\/wp\/v2\/tags?post=93138"}],"curies":[{"name":"wp","href":"https:\/\/api.w.org\/{rel}","templated":true}]}}