


{"id":100384,"date":"2023-05-03T23:00:47","date_gmt":"2023-05-03T21:00:47","guid":{"rendered":"https:\/\/www.unirufa.it\/?p=100384"},"modified":"2023-05-04T12:15:56","modified_gmt":"2023-05-04T10:15:56","slug":"la-performance-di-anica-huck-presso-il-museo-vite-di-imi","status":"publish","type":"post","link":"https:\/\/www.unirufa.it\/es\/2023\/05\/03\/la-performance-di-anica-huck-presso-il-museo-vite-di-imi\/","title":{"rendered":"Vite di IMI. Percorsi dal fronte di guerra ai lager tedeschi"},"content":{"rendered":"<p class=\"qtranxs-available-languages-message qtranxs-available-languages-message-es\">Disculpa, pero esta entrada est\u00e1 disponible s\u00f3lo en <a href=\"https:\/\/www.unirufa.it\/it\/wp-json\/wp\/v2\/posts\/100384\" class=\"qtranxs-available-language-link qtranxs-available-language-link-it\" title=\"IT\">IT<\/a> y <a href=\"https:\/\/www.unirufa.it\/en\/wp-json\/wp\/v2\/posts\/100384\" class=\"qtranxs-available-language-link qtranxs-available-language-link-en\" title=\"EN\">EN<\/a>.<\/p><h4>Luned\u00ec 8 maggio 2023, presso il Museo realizzato dall\u2019ANRP, Vite di IMI (Internati Militari Italiani), verranno inaugurate tre nuove sculture esposte nel <em>Cortile della Memoria<\/em>, alla presenza dell\u2019Ambasciatore della Repubblica Federale di Germania, Viktor Elbling.<br \/>\n<em>8 maggio &#8211; Via Labicana 15, Roma<\/em><\/h4>\n<p>&nbsp;<br \/>\nA seguito di un meeting organizzato dall\u2019Associazione insieme a diversi artisti tedeschi, una commissione presieduta da Gianluca Murasecchi, docente all\u2019Accademia di Belle Arti di Roma, ha individuato per l\u2019esposizione permanente nel Cortile della Memoria, le opere degli artisti Janine v Th\u00fcngen Reichenbach, Lukas Liese e di Anica Huck, diplomata RUFA di Fine Arts.<br \/>\nIl percorso espositivo del Museo \u00e8 un itinerario storico-didattico dedicato alla resistenza senza armi dei 650mila militari italiani che, catturati dai tedeschi dopo l\u20198 settembre 1943, essendosi rifiutati di collaborare con il nazi-fascismo, vennero inviati nei Lager del Terzo Reich.<br \/>\n&nbsp;<\/p>\n<h4><span style=\"color: #80379b;\"><a href=\"https:\/\/www.unirufa.it\/artisti\/anica-huck\/\" rel=\"noopener\" target=\"_blank\">Anica Huck<\/a><\/span><\/h4>\n<p>Erfurt, Germania, 1985. Artista visiva e performer, diplomata RUFA in Fine Arts, vive e lavora a Roma. La sua produzione artistica si basa su metodi scientifici e fenomeni visivi. L\u2019approccio interdisciplinare deriva da una precedente formazione ed esperienza professionale nelle geoscienze e nella geopolitica avendo lavorato per l&#8217;Agenzia Spaziale Europea e per la Commissione Europea. Tra gli altri, ha vinto il bando pubblico <a href=\"https:\/\/www.unirufa.it\/2021\/06\/22\/piazze-romane-liberta-ed-espressione\/\" rel=\"noopener\" target=\"_blank\">\u00abPiazze romane\u00bb<\/a> indetto dal Municipio di Roma e ha sviluppato nel 2021 il progetto site\u2013specific <a href=\"https:\/\/www.unirufa.it\/citta-effimera-arte-scienza-follia\/\" rel=\"noopener\" target=\"_blank\">\u00abCitt\u00e0 effimera: arte, scienza, follia\u00bb.<\/a>","protected":false},"excerpt":{"rendered":"<p>Disculpa, pero esta entrada est\u00e1 disponible s\u00f3lo en IT y EN.Luned\u00ec 8 maggio 2023, presso il Museo realizzato dall\u2019ANRP, Vite di IMI (Internati Militari Italiani), verranno inaugurate tre nuove sculture esposte nel Cortile della Memoria, alla presenza dell\u2019Ambasciatore della Repubblica Federale di Germania, Viktor Elbling. 8 maggio &#8211; Via Labicana 15, Roma &nbsp; A seguito&#8230;  <a class=\"excerpt-read-more\" href=\"https:\/\/www.unirufa.it\/es\/2023\/05\/03\/la-performance-di-anica-huck-presso-il-museo-vite-di-imi\/\" title=\"Read Vite di IMI. Percorsi dal fronte di guerra ai lager tedeschi\">Find out more<\/a><\/p>\n","protected":false},"author":28,"featured_media":100442,"comment_status":"closed","ping_status":"closed","sticky":false,"template":"","format":"standard","meta":{"content-type":"","footnotes":""},"categories":[1638],"tags":[],"class_list":["post-100384","post","type-post","status-publish","format-standard","has-post-thumbnail","hentry","category-fine-arts"],"yoast_head":"<!-- This site is optimized with the Yoast SEO plugin v24.2 - https:\/\/yoast.com\/wordpress\/plugins\/seo\/ -->\n<title>Vite di IMI. Percorsi dal fronte di guerra ai lager tedeschi - RUFA - Rome University of Fine Arts<\/title>\n<meta name=\"robots\" content=\"index, follow, max-snippet:-1, max-image-preview:large, max-video-preview:-1\" \/>\n<link rel=\"canonical\" href=\"https:\/\/www.unirufa.it\/2023\/05\/03\/la-performance-di-anica-huck-presso-il-museo-vite-di-imi\/\" \/>\n<meta property=\"og:locale\" content=\"es_ES\" \/>\n<meta property=\"og:type\" content=\"article\" \/>\n<meta property=\"og:title\" content=\"Vite di IMI. Percorsi dal fronte di guerra ai lager tedeschi - RUFA - Rome University of Fine Arts\" \/>\n<meta property=\"og:description\" content=\"Disculpa, pero esta entrada est\u00e1 disponible s\u00f3lo en IT y EN.Luned\u00ec 8 maggio 2023, presso il Museo realizzato dall\u2019ANRP, Vite di IMI (Internati Militari Italiani), verranno inaugurate tre nuove sculture esposte nel Cortile della Memoria, alla presenza dell\u2019Ambasciatore della Repubblica Federale di Germania, Viktor Elbling. 8 maggio &#8211; Via Labicana 15, Roma &nbsp; A seguito... Find out more\" \/>\n<meta property=\"og:url\" content=\"https:\/\/www.unirufa.it\/2023\/05\/03\/la-performance-di-anica-huck-presso-il-museo-vite-di-imi\/\" \/>\n<meta property=\"og:site_name\" content=\"RUFA - Rome University of Fine Arts\" \/>\n<meta property=\"article:published_time\" content=\"2023-05-03T21:00:47+00:00\" \/>\n<meta property=\"article:modified_time\" content=\"2023-05-04T10:15:56+00:00\" \/>\n<meta property=\"og:image\" content=\"https:\/\/www.unirufa.it\/wp-content\/uploads\/2023\/05\/evento_anica-huck.jpg\" \/>\n\t<meta property=\"og:image:width\" content=\"1050\" \/>\n\t<meta property=\"og:image:height\" content=\"600\" \/>\n\t<meta property=\"og:image:type\" content=\"image\/jpeg\" \/>\n<meta name=\"author\" content=\"Claudia Vitali\" \/>\n<meta name=\"twitter:label1\" content=\"Escrito por\" \/>\n\t<meta name=\"twitter:data1\" content=\"Claudia Vitali\" \/>\n\t<meta name=\"twitter:label2\" content=\"Tiempo de lectura\" \/>\n\t<meta name=\"twitter:data2\" content=\"2 minutos\" \/>\n<script type=\"application\/ld+json\" class=\"yoast-schema-graph\">{\"@context\":\"https:\/\/schema.org\",\"@graph\":[{\"@type\":\"WebPage\",\"@id\":\"https:\/\/www.unirufa.it\/2023\/05\/03\/la-performance-di-anica-huck-presso-il-museo-vite-di-imi\/\",\"url\":\"https:\/\/www.unirufa.it\/2023\/05\/03\/la-performance-di-anica-huck-presso-il-museo-vite-di-imi\/\",\"name\":\"Vite di IMI. Percorsi dal fronte di guerra ai lager tedeschi - RUFA - Rome University of Fine Arts\",\"isPartOf\":{\"@id\":\"https:\/\/www.unirufa.it\/#website\"},\"primaryImageOfPage\":{\"@id\":\"https:\/\/www.unirufa.it\/2023\/05\/03\/la-performance-di-anica-huck-presso-il-museo-vite-di-imi\/#primaryimage\"},\"image\":{\"@id\":\"https:\/\/www.unirufa.it\/2023\/05\/03\/la-performance-di-anica-huck-presso-il-museo-vite-di-imi\/#primaryimage\"},\"thumbnailUrl\":\"https:\/\/www.unirufa.it\/wp-content\/uploads\/2023\/05\/evento_anica-huck.jpg\",\"datePublished\":\"2023-05-03T21:00:47+00:00\",\"dateModified\":\"2023-05-04T10:15:56+00:00\",\"author\":{\"@id\":\"https:\/\/www.unirufa.it\/#\/schema\/person\/d5c03e37606740dff84050c97a46c80e\"},\"breadcrumb\":{\"@id\":\"https:\/\/www.unirufa.it\/2023\/05\/03\/la-performance-di-anica-huck-presso-il-museo-vite-di-imi\/#breadcrumb\"},\"inLanguage\":\"es\",\"potentialAction\":[{\"@type\":\"ReadAction\",\"target\":[\"https:\/\/www.unirufa.it\/2023\/05\/03\/la-performance-di-anica-huck-presso-il-museo-vite-di-imi\/\"]}]},{\"@type\":\"ImageObject\",\"inLanguage\":\"es\",\"@id\":\"https:\/\/www.unirufa.it\/2023\/05\/03\/la-performance-di-anica-huck-presso-il-museo-vite-di-imi\/#primaryimage\",\"url\":\"https:\/\/www.unirufa.it\/wp-content\/uploads\/2023\/05\/evento_anica-huck.jpg\",\"contentUrl\":\"https:\/\/www.unirufa.it\/wp-content\/uploads\/2023\/05\/evento_anica-huck.jpg\",\"width\":1050,\"height\":600,\"caption\":\"evento_anica huck\"},{\"@type\":\"BreadcrumbList\",\"@id\":\"https:\/\/www.unirufa.it\/2023\/05\/03\/la-performance-di-anica-huck-presso-il-museo-vite-di-imi\/#breadcrumb\",\"itemListElement\":[{\"@type\":\"ListItem\",\"position\":1,\"name\":\"Home\",\"item\":\"https:\/\/www.unirufa.it\/\"},{\"@type\":\"ListItem\",\"position\":2,\"name\":\"Vite di IMI. Percorsi dal fronte di guerra ai lager tedeschi\"}]},{\"@type\":\"WebSite\",\"@id\":\"https:\/\/www.unirufa.it\/#website\",\"url\":\"https:\/\/www.unirufa.it\/\",\"name\":\"RUFA - Rome University of Fine Arts\",\"description\":\"\",\"potentialAction\":[{\"@type\":\"SearchAction\",\"target\":{\"@type\":\"EntryPoint\",\"urlTemplate\":\"https:\/\/www.unirufa.it\/?s={search_term_string}\"},\"query-input\":{\"@type\":\"PropertyValueSpecification\",\"valueRequired\":true,\"valueName\":\"search_term_string\"}}],\"inLanguage\":\"es\"},{\"@type\":\"Person\",\"@id\":\"https:\/\/www.unirufa.it\/#\/schema\/person\/d5c03e37606740dff84050c97a46c80e\",\"name\":\"Claudia Vitali\",\"image\":{\"@type\":\"ImageObject\",\"inLanguage\":\"es\",\"@id\":\"https:\/\/www.unirufa.it\/#\/schema\/person\/image\/\",\"url\":\"https:\/\/secure.gravatar.com\/avatar\/9bd058a2b55efbe5f9e6b68b196c59f4?s=96&d=mm&r=g\",\"contentUrl\":\"https:\/\/secure.gravatar.com\/avatar\/9bd058a2b55efbe5f9e6b68b196c59f4?s=96&d=mm&r=g\",\"caption\":\"Claudia Vitali\"},\"url\":\"https:\/\/www.unirufa.it\/es\/author\/claudia\/\"}]}<\/script>\n<!-- \/ Yoast SEO plugin. -->","yoast_head_json":{"title":"Vite di IMI. Percorsi dal fronte di guerra ai lager tedeschi - RUFA - Rome University of Fine Arts","robots":{"index":"index","follow":"follow","max-snippet":"max-snippet:-1","max-image-preview":"max-image-preview:large","max-video-preview":"max-video-preview:-1"},"canonical":"https:\/\/www.unirufa.it\/2023\/05\/03\/la-performance-di-anica-huck-presso-il-museo-vite-di-imi\/","og_locale":"es_ES","og_type":"article","og_title":"Vite di IMI. Percorsi dal fronte di guerra ai lager tedeschi - RUFA - Rome University of Fine Arts","og_description":"Disculpa, pero esta entrada est\u00e1 disponible s\u00f3lo en IT y EN.Luned\u00ec 8 maggio 2023, presso il Museo realizzato dall\u2019ANRP, Vite di IMI (Internati Militari Italiani), verranno inaugurate tre nuove sculture esposte nel Cortile della Memoria, alla presenza dell\u2019Ambasciatore della Repubblica Federale di Germania, Viktor Elbling. 8 maggio &#8211; Via Labicana 15, Roma &nbsp; A seguito... Find out more","og_url":"https:\/\/www.unirufa.it\/2023\/05\/03\/la-performance-di-anica-huck-presso-il-museo-vite-di-imi\/","og_site_name":"RUFA - Rome University of Fine Arts","article_published_time":"2023-05-03T21:00:47+00:00","article_modified_time":"2023-05-04T10:15:56+00:00","og_image":[{"width":1050,"height":600,"url":"https:\/\/www.unirufa.it\/wp-content\/uploads\/2023\/05\/evento_anica-huck.jpg","type":"image\/jpeg"}],"author":"Claudia Vitali","twitter_misc":{"Escrito por":"Claudia Vitali","Tiempo de lectura":"2 minutos"},"schema":{"@context":"https:\/\/schema.org","@graph":[{"@type":"WebPage","@id":"https:\/\/www.unirufa.it\/2023\/05\/03\/la-performance-di-anica-huck-presso-il-museo-vite-di-imi\/","url":"https:\/\/www.unirufa.it\/2023\/05\/03\/la-performance-di-anica-huck-presso-il-museo-vite-di-imi\/","name":"Vite di IMI. Percorsi dal fronte di guerra ai lager tedeschi - RUFA - Rome University of Fine Arts","isPartOf":{"@id":"https:\/\/www.unirufa.it\/#website"},"primaryImageOfPage":{"@id":"https:\/\/www.unirufa.it\/2023\/05\/03\/la-performance-di-anica-huck-presso-il-museo-vite-di-imi\/#primaryimage"},"image":{"@id":"https:\/\/www.unirufa.it\/2023\/05\/03\/la-performance-di-anica-huck-presso-il-museo-vite-di-imi\/#primaryimage"},"thumbnailUrl":"https:\/\/www.unirufa.it\/wp-content\/uploads\/2023\/05\/evento_anica-huck.jpg","datePublished":"2023-05-03T21:00:47+00:00","dateModified":"2023-05-04T10:15:56+00:00","author":{"@id":"https:\/\/www.unirufa.it\/#\/schema\/person\/d5c03e37606740dff84050c97a46c80e"},"breadcrumb":{"@id":"https:\/\/www.unirufa.it\/2023\/05\/03\/la-performance-di-anica-huck-presso-il-museo-vite-di-imi\/#breadcrumb"},"inLanguage":"es","potentialAction":[{"@type":"ReadAction","target":["https:\/\/www.unirufa.it\/2023\/05\/03\/la-performance-di-anica-huck-presso-il-museo-vite-di-imi\/"]}]},{"@type":"ImageObject","inLanguage":"es","@id":"https:\/\/www.unirufa.it\/2023\/05\/03\/la-performance-di-anica-huck-presso-il-museo-vite-di-imi\/#primaryimage","url":"https:\/\/www.unirufa.it\/wp-content\/uploads\/2023\/05\/evento_anica-huck.jpg","contentUrl":"https:\/\/www.unirufa.it\/wp-content\/uploads\/2023\/05\/evento_anica-huck.jpg","width":1050,"height":600,"caption":"evento_anica huck"},{"@type":"BreadcrumbList","@id":"https:\/\/www.unirufa.it\/2023\/05\/03\/la-performance-di-anica-huck-presso-il-museo-vite-di-imi\/#breadcrumb","itemListElement":[{"@type":"ListItem","position":1,"name":"Home","item":"https:\/\/www.unirufa.it\/"},{"@type":"ListItem","position":2,"name":"Vite di IMI. Percorsi dal fronte di guerra ai lager tedeschi"}]},{"@type":"WebSite","@id":"https:\/\/www.unirufa.it\/#website","url":"https:\/\/www.unirufa.it\/","name":"RUFA - Rome University of Fine Arts","description":"","potentialAction":[{"@type":"SearchAction","target":{"@type":"EntryPoint","urlTemplate":"https:\/\/www.unirufa.it\/?s={search_term_string}"},"query-input":{"@type":"PropertyValueSpecification","valueRequired":true,"valueName":"search_term_string"}}],"inLanguage":"es"},{"@type":"Person","@id":"https:\/\/www.unirufa.it\/#\/schema\/person\/d5c03e37606740dff84050c97a46c80e","name":"Claudia Vitali","image":{"@type":"ImageObject","inLanguage":"es","@id":"https:\/\/www.unirufa.it\/#\/schema\/person\/image\/","url":"https:\/\/secure.gravatar.com\/avatar\/9bd058a2b55efbe5f9e6b68b196c59f4?s=96&d=mm&r=g","contentUrl":"https:\/\/secure.gravatar.com\/avatar\/9bd058a2b55efbe5f9e6b68b196c59f4?s=96&d=mm&r=g","caption":"Claudia Vitali"},"url":"https:\/\/www.unirufa.it\/es\/author\/claudia\/"}]}},"_links":{"self":[{"href":"https:\/\/www.unirufa.it\/es\/wp-json\/wp\/v2\/posts\/100384","targetHints":{"allow":["GET"]}}],"collection":[{"href":"https:\/\/www.unirufa.it\/es\/wp-json\/wp\/v2\/posts"}],"about":[{"href":"https:\/\/www.unirufa.it\/es\/wp-json\/wp\/v2\/types\/post"}],"author":[{"embeddable":true,"href":"https:\/\/www.unirufa.it\/es\/wp-json\/wp\/v2\/users\/28"}],"replies":[{"embeddable":true,"href":"https:\/\/www.unirufa.it\/es\/wp-json\/wp\/v2\/comments?post=100384"}],"version-history":[{"count":17,"href":"https:\/\/www.unirufa.it\/es\/wp-json\/wp\/v2\/posts\/100384\/revisions"}],"predecessor-version":[{"id":100447,"href":"https:\/\/www.unirufa.it\/es\/wp-json\/wp\/v2\/posts\/100384\/revisions\/100447"}],"wp:featuredmedia":[{"embeddable":true,"href":"https:\/\/www.unirufa.it\/es\/wp-json\/wp\/v2\/media\/100442"}],"wp:attachment":[{"href":"https:\/\/www.unirufa.it\/es\/wp-json\/wp\/v2\/media?parent=100384"}],"wp:term":[{"taxonomy":"category","embeddable":true,"href":"https:\/\/www.unirufa.it\/es\/wp-json\/wp\/v2\/categories?post=100384"},{"taxonomy":"post_tag","embeddable":true,"href":"https:\/\/www.unirufa.it\/es\/wp-json\/wp\/v2\/tags?post=100384"}],"curies":[{"name":"wp","href":"https:\/\/api.w.org\/{rel}","templated":true}]}}