


{"id":108707,"date":"2023-09-15T13:46:31","date_gmt":"2023-09-15T11:46:31","guid":{"rendered":"https:\/\/www.unirufa.it\/?p=108707"},"modified":"2023-09-24T19:32:37","modified_gmt":"2023-09-24T17:32:37","slug":"rufa-x-villa-ada-festival-2023","status":"publish","type":"post","link":"https:\/\/www.unirufa.it\/es\/2023\/09\/15\/rufa-x-villa-ada-festival-2023\/","title":{"rendered":"RUFA X Villa Ada Festival 2023"},"content":{"rendered":"<p class=\"qtranxs-available-languages-message qtranxs-available-languages-message-es\">Disculpa, pero esta entrada est\u00e1 disponible s\u00f3lo en <a href=\"https:\/\/www.unirufa.it\/it\/wp-json\/wp\/v2\/posts\/108707\" class=\"qtranxs-available-language-link qtranxs-available-language-link-it\" title=\"IT\">IT<\/a> y <a href=\"https:\/\/www.unirufa.it\/en\/wp-json\/wp\/v2\/posts\/108707\" class=\"qtranxs-available-language-link qtranxs-available-language-link-en\" title=\"EN\">EN<\/a>.<\/p>RUFA annuncia una nuova collaborazione con <a href=\"https:\/\/www.villaadafestival.it\/filosofia\/\" rel=\"noopener\" target=\"_blank\"><strong>Villa Ada Festival 2023<\/strong><\/a>, la manifestazione in cui convivono musica, arte, sport e cucina contemporanea, con la precisa volont\u00e0 di far conoscere ai pi\u00f9 giovani uno degli scenari naturali e performativi pi\u00f9 suggestivi d&#8217;Italia. La partnership consiste in tre immancabili appuntamenti che vedono come protagonisti alcuni docenti e creativi che sono attivi da anni nella community RUFA. Ecco il calendario:<br \/>\n&nbsp;<\/p>\n<h5><span style=\"color: #50b57c;\">Sabato 16 settembre dalle ore 18:00 &#8211; Free Entry<\/span><\/h5>\n<p><strong>LIVE DRAWING &#038; EXHIBITION CON <a href=\"https:\/\/emiliolecce.com\/\" rel=\"noopener\" target=\"_blank\">EMILIO LECCE<\/a>.<\/strong><br \/>\n&nbsp;<br \/>\nIllustratore e docente RUFA, Emilio Lecce disegner\u00e0 dal vivo la sua nuova illustrazione; sar\u00e0 presente un&#8217;esposizione dei suoi lavori e seguir\u00e0 un firmacopie di <a href=\"https:\/\/www.ibs.it\/cromoroma-ediz-illustrata-libro-emilio-lecce\/e\/9791222101330\" rel=\"noopener\" target=\"_blank\">\u00abCromoRoma\u00bb<\/a>.<br \/>\nDalle 22:30: Live drawing con gli studenti RUFA<\/strong> di GD-Comics and Illustration: Giulia D&#8217;Andrea, Gaia Spagnoli, Annalisa Borgo.<br \/>\nIn contemporanea: DJ Set di DJ DIBBA<br \/>\n&nbsp;<br \/>\n<img loading=\"lazy\" decoding=\"async\" src=\"https:\/\/www.unirufa.it\/wp-content\/uploads\/2023\/09\/Emilio-Lecce-300x169.jpeg\" alt=\"ritratto emilio lecce\" width=\"300\" height=\"169\" class=\"alignnone size-medium wp-image-108811\" srcset=\"https:\/\/www.unirufa.it\/wp-content\/uploads\/2023\/09\/Emilio-Lecce-300x169.jpeg 300w, https:\/\/www.unirufa.it\/wp-content\/uploads\/2023\/09\/Emilio-Lecce-768x432.jpeg 768w, https:\/\/www.unirufa.it\/wp-content\/uploads\/2023\/09\/Emilio-Lecce.jpeg 1024w\" sizes=\"auto, (max-width: 300px) 100vw, 300px\" \/><br \/>\n&nbsp;<\/p>\n<h5><span style=\"color: #50b57c;\">Luned\u00ec 18 settembre alle ore 19:00 &#8211; Free Entry<\/span><\/h5>\n<p><strong>LA CINEMATOGRAFIA OLTRE LE REGOLE.<br \/>\nPresentazione del libro <em>\u201cRegisti disobbedienti\u201d<\/em> di Andr\u00e9s Rafael Zabala. Con Christian Angeli, Alessandro Carpentieri e Alfredo Catalfo &#8211; editore Efesto Edizioni.<\/strong><br \/>\n&nbsp;<br \/>\nParleremo di linguaggio cinematografico e di come una maggiore libert\u00e0 espressiva possa potenziare l\u2019opera filmica. Il famoso \u201cscavalcamento di campo\u201d si pu\u00f2 fare? Cosa succede quando lo si fa? Se improvvisamente cambia l\u2019illuminazione della scena \u2013 per mancata \u201ccontinuit\u00e0 fotografica\u201d &#8211; la scena peggiora davvero, o potrebbe migliorare?<br \/>\nE se le scenografie di un film non fossero credibili\u2026 lo continueremo a vedere? Si parler\u00e0 di Chaplin, Hitchcock, Kubrick, Sodenbergh, von Trier e tanti altri.<br \/>\nReparto per reparto, si discuter\u00e0 della disobbedienza nel cinema e nell\u2019arte nel senso pi\u00f9 ampio del termine.<br \/>\n&nbsp;<br \/>\n<img loading=\"lazy\" decoding=\"async\" src=\"https:\/\/www.unirufa.it\/wp-content\/uploads\/2022\/11\/MALLEUS-Andres-per-Franco-auto2-jpg-300x169.jpg\" alt=\"\" width=\"300\" height=\"169\" class=\"alignnone size-medium wp-image-86363\" srcset=\"https:\/\/www.unirufa.it\/wp-content\/uploads\/2022\/11\/MALLEUS-Andres-per-Franco-auto2-jpg-300x169.jpg 300w, https:\/\/www.unirufa.it\/wp-content\/uploads\/2022\/11\/MALLEUS-Andres-per-Franco-auto2-jpg-1024x576.jpg 1024w, https:\/\/www.unirufa.it\/wp-content\/uploads\/2022\/11\/MALLEUS-Andres-per-Franco-auto2-jpg-768x432.jpg 768w, https:\/\/www.unirufa.it\/wp-content\/uploads\/2022\/11\/MALLEUS-Andres-per-Franco-auto2-jpg-1536x864.jpg 1536w, https:\/\/www.unirufa.it\/wp-content\/uploads\/2022\/11\/MALLEUS-Andres-per-Franco-auto2-jpg-1080x608.jpg 1080w, https:\/\/www.unirufa.it\/wp-content\/uploads\/2022\/11\/MALLEUS-Andres-per-Franco-auto2-jpg.jpg 1920w\" sizes=\"auto, (max-width: 300px) 100vw, 300px\" \/><br \/>\n&nbsp;<\/p>\n<h5><span style=\"color: #50b57c;\">Marted\u00ec 26 settembre alle ore 18:00 &#8211; Free Entry<\/span><\/h5>\n<p><strong>VISUAL CULTURE E DIFFERENZA DI GENERE<\/strong><\/p>\n<p>Che cos\u2019\u00e8 un\u2019immagine? Storia dell\u2019arte, estetica, studi sui media, antropologia, filosofia, psicoanalisi forniscono risposte all\u2019interno delle rispettive discipline, ma \u00e8 dagli anni venti del novecento che la Visual culture si dispone a approccio sempre pi\u00f9 organico al tema delle immagini, partendo dalla reflessione sull\u2019impatto che la fotografia e il cinema stavano avendo sulla cultura del tempo. Una serie di fattori determinano il senso delle immagini, fattori tecnologici, mediali, sociali, politici, ed \u00e8 proprio la dimensione culturale propria di chi produce immagini, chi le osserva e dei dispositivi che le trasmettono a ridefinire il campo del visibile. Siamo di fronte quindi non solo a una nuova storia delle immagini, ma anche a una storia del modo di vederle, e da qui il fiorire di cultural studies, femminist studies, postcolonial studies, che indagano le forme di potere e di dominio celate nelle rappresentazioni visive.<\/p>\n<p><strong>Coordina:<\/strong><br \/>\nMaya Vetri<br \/>\nAssessora Politiche culturali, intercultura, genere, memoria, beni comuni, partecipazione. Municipio Roma VIII.<\/p>\n<p><strong>Interventi:<\/strong><br \/>\n<em>\u201cVisual culture e lo statuto delle immagini\u201d<\/em><br \/>\nEnrico Parisio<br \/>\nDocente RUFA di graphic design <\/p>\n<p><em>\u201cL&#8217;esperienza dell&#8217;alba\u201d<\/em><br \/>\nSara Pollice<br \/>\nScrittrice, educatrice, operatrice antiviolenza presso BEFREE, cooperativa sociale contro tratta, violenze e discriminazioni<br \/>\n&nbsp;<\/p>\n<h3>L&#8217;ingresso \u00e8 aperto a tutti, ti aspettiamo!<\/h3>\n<p>&nbsp;<\/p>\n<p>&nbsp;<br \/>\n<a class=\"download-btn full\" href=\"https:\/\/www.villaadafestival.it\/event\/incontri-in-collaborazione-con-rufa-university\/\" target=\"_blank\" rel=\"noopener noreferrer\">Scopri di pi\u00f9 su Villa Ada Festival<\/a><br \/>\n&nbsp;","protected":false},"excerpt":{"rendered":"<p>Disculpa, pero esta entrada est\u00e1 disponible s\u00f3lo en IT y EN.RUFA annuncia una nuova collaborazione con Villa Ada Festival 2023, la manifestazione in cui convivono musica, arte, sport e cucina contemporanea, con la precisa volont\u00e0 di far conoscere ai pi\u00f9 giovani uno degli scenari naturali e performativi pi\u00f9 suggestivi d&#8217;Italia. La partnership consiste in tre&#8230;  <a class=\"excerpt-read-more\" href=\"https:\/\/www.unirufa.it\/es\/2023\/09\/15\/rufa-x-villa-ada-festival-2023\/\" title=\"Read RUFA X Villa Ada Festival 2023\">Find out more<\/a><\/p>\n","protected":false},"author":28,"featured_media":108709,"comment_status":"closed","ping_status":"closed","sticky":false,"template":"","format":"standard","meta":{"content-type":"","footnotes":""},"categories":[1629],"tags":[],"class_list":["post-108707","post","type-post","status-publish","format-standard","has-post-thumbnail","hentry","category-accademia"],"yoast_head":"<!-- This site is optimized with the Yoast SEO plugin v24.2 - https:\/\/yoast.com\/wordpress\/plugins\/seo\/ -->\n<title>RUFA X Villa Ada Festival 2023 - RUFA - Rome University of Fine Arts<\/title>\n<meta name=\"robots\" content=\"index, follow, max-snippet:-1, max-image-preview:large, max-video-preview:-1\" \/>\n<link rel=\"canonical\" href=\"https:\/\/www.unirufa.it\/2023\/09\/15\/rufa-x-villa-ada-festival-2023\/\" \/>\n<meta property=\"og:locale\" content=\"es_ES\" \/>\n<meta property=\"og:type\" content=\"article\" \/>\n<meta property=\"og:title\" content=\"RUFA X Villa Ada Festival 2023 - RUFA - Rome University of Fine Arts\" \/>\n<meta property=\"og:description\" content=\"Disculpa, pero esta entrada est\u00e1 disponible s\u00f3lo en IT y EN.RUFA annuncia una nuova collaborazione con Villa Ada Festival 2023, la manifestazione in cui convivono musica, arte, sport e cucina contemporanea, con la precisa volont\u00e0 di far conoscere ai pi\u00f9 giovani uno degli scenari naturali e performativi pi\u00f9 suggestivi d&#8217;Italia. La partnership consiste in tre... Find out more\" \/>\n<meta property=\"og:url\" content=\"https:\/\/www.unirufa.it\/2023\/09\/15\/rufa-x-villa-ada-festival-2023\/\" \/>\n<meta property=\"og:site_name\" content=\"RUFA - Rome University of Fine Arts\" \/>\n<meta property=\"article:published_time\" content=\"2023-09-15T11:46:31+00:00\" \/>\n<meta property=\"article:modified_time\" content=\"2023-09-24T17:32:37+00:00\" \/>\n<meta property=\"og:image\" content=\"https:\/\/www.unirufa.it\/wp-content\/uploads\/2023\/09\/banner.png\" \/>\n\t<meta property=\"og:image:width\" content=\"1050\" \/>\n\t<meta property=\"og:image:height\" content=\"600\" \/>\n\t<meta property=\"og:image:type\" content=\"image\/png\" \/>\n<meta name=\"author\" content=\"Claudia Vitali\" \/>\n<meta name=\"twitter:label1\" content=\"Escrito por\" \/>\n\t<meta name=\"twitter:data1\" content=\"Claudia Vitali\" \/>\n\t<meta name=\"twitter:label2\" content=\"Tiempo de lectura\" \/>\n\t<meta name=\"twitter:data2\" content=\"5 minutos\" \/>\n<script type=\"application\/ld+json\" class=\"yoast-schema-graph\">{\"@context\":\"https:\/\/schema.org\",\"@graph\":[{\"@type\":\"WebPage\",\"@id\":\"https:\/\/www.unirufa.it\/2023\/09\/15\/rufa-x-villa-ada-festival-2023\/\",\"url\":\"https:\/\/www.unirufa.it\/2023\/09\/15\/rufa-x-villa-ada-festival-2023\/\",\"name\":\"RUFA X Villa Ada Festival 2023 - RUFA - Rome University of Fine Arts\",\"isPartOf\":{\"@id\":\"https:\/\/www.unirufa.it\/#website\"},\"primaryImageOfPage\":{\"@id\":\"https:\/\/www.unirufa.it\/2023\/09\/15\/rufa-x-villa-ada-festival-2023\/#primaryimage\"},\"image\":{\"@id\":\"https:\/\/www.unirufa.it\/2023\/09\/15\/rufa-x-villa-ada-festival-2023\/#primaryimage\"},\"thumbnailUrl\":\"https:\/\/www.unirufa.it\/wp-content\/uploads\/2023\/09\/banner.png\",\"datePublished\":\"2023-09-15T11:46:31+00:00\",\"dateModified\":\"2023-09-24T17:32:37+00:00\",\"author\":{\"@id\":\"https:\/\/www.unirufa.it\/#\/schema\/person\/d5c03e37606740dff84050c97a46c80e\"},\"breadcrumb\":{\"@id\":\"https:\/\/www.unirufa.it\/2023\/09\/15\/rufa-x-villa-ada-festival-2023\/#breadcrumb\"},\"inLanguage\":\"es\",\"potentialAction\":[{\"@type\":\"ReadAction\",\"target\":[\"https:\/\/www.unirufa.it\/2023\/09\/15\/rufa-x-villa-ada-festival-2023\/\"]}]},{\"@type\":\"ImageObject\",\"inLanguage\":\"es\",\"@id\":\"https:\/\/www.unirufa.it\/2023\/09\/15\/rufa-x-villa-ada-festival-2023\/#primaryimage\",\"url\":\"https:\/\/www.unirufa.it\/wp-content\/uploads\/2023\/09\/banner.png\",\"contentUrl\":\"https:\/\/www.unirufa.it\/wp-content\/uploads\/2023\/09\/banner.png\",\"width\":1050,\"height\":600,\"caption\":\"villa ada festival\"},{\"@type\":\"BreadcrumbList\",\"@id\":\"https:\/\/www.unirufa.it\/2023\/09\/15\/rufa-x-villa-ada-festival-2023\/#breadcrumb\",\"itemListElement\":[{\"@type\":\"ListItem\",\"position\":1,\"name\":\"Home\",\"item\":\"https:\/\/www.unirufa.it\/\"},{\"@type\":\"ListItem\",\"position\":2,\"name\":\"RUFA X Villa Ada Festival 2023\"}]},{\"@type\":\"WebSite\",\"@id\":\"https:\/\/www.unirufa.it\/#website\",\"url\":\"https:\/\/www.unirufa.it\/\",\"name\":\"RUFA - Rome University of Fine Arts\",\"description\":\"\",\"potentialAction\":[{\"@type\":\"SearchAction\",\"target\":{\"@type\":\"EntryPoint\",\"urlTemplate\":\"https:\/\/www.unirufa.it\/?s={search_term_string}\"},\"query-input\":{\"@type\":\"PropertyValueSpecification\",\"valueRequired\":true,\"valueName\":\"search_term_string\"}}],\"inLanguage\":\"es\"},{\"@type\":\"Person\",\"@id\":\"https:\/\/www.unirufa.it\/#\/schema\/person\/d5c03e37606740dff84050c97a46c80e\",\"name\":\"Claudia Vitali\",\"image\":{\"@type\":\"ImageObject\",\"inLanguage\":\"es\",\"@id\":\"https:\/\/www.unirufa.it\/#\/schema\/person\/image\/\",\"url\":\"https:\/\/secure.gravatar.com\/avatar\/9bd058a2b55efbe5f9e6b68b196c59f4?s=96&d=mm&r=g\",\"contentUrl\":\"https:\/\/secure.gravatar.com\/avatar\/9bd058a2b55efbe5f9e6b68b196c59f4?s=96&d=mm&r=g\",\"caption\":\"Claudia Vitali\"},\"url\":\"https:\/\/www.unirufa.it\/es\/author\/claudia\/\"}]}<\/script>\n<!-- \/ Yoast SEO plugin. -->","yoast_head_json":{"title":"RUFA X Villa Ada Festival 2023 - RUFA - Rome University of Fine Arts","robots":{"index":"index","follow":"follow","max-snippet":"max-snippet:-1","max-image-preview":"max-image-preview:large","max-video-preview":"max-video-preview:-1"},"canonical":"https:\/\/www.unirufa.it\/2023\/09\/15\/rufa-x-villa-ada-festival-2023\/","og_locale":"es_ES","og_type":"article","og_title":"RUFA X Villa Ada Festival 2023 - RUFA - Rome University of Fine Arts","og_description":"Disculpa, pero esta entrada est\u00e1 disponible s\u00f3lo en IT y EN.RUFA annuncia una nuova collaborazione con Villa Ada Festival 2023, la manifestazione in cui convivono musica, arte, sport e cucina contemporanea, con la precisa volont\u00e0 di far conoscere ai pi\u00f9 giovani uno degli scenari naturali e performativi pi\u00f9 suggestivi d&#8217;Italia. La partnership consiste in tre... Find out more","og_url":"https:\/\/www.unirufa.it\/2023\/09\/15\/rufa-x-villa-ada-festival-2023\/","og_site_name":"RUFA - Rome University of Fine Arts","article_published_time":"2023-09-15T11:46:31+00:00","article_modified_time":"2023-09-24T17:32:37+00:00","og_image":[{"width":1050,"height":600,"url":"https:\/\/www.unirufa.it\/wp-content\/uploads\/2023\/09\/banner.png","type":"image\/png"}],"author":"Claudia Vitali","twitter_misc":{"Escrito por":"Claudia Vitali","Tiempo de lectura":"5 minutos"},"schema":{"@context":"https:\/\/schema.org","@graph":[{"@type":"WebPage","@id":"https:\/\/www.unirufa.it\/2023\/09\/15\/rufa-x-villa-ada-festival-2023\/","url":"https:\/\/www.unirufa.it\/2023\/09\/15\/rufa-x-villa-ada-festival-2023\/","name":"RUFA X Villa Ada Festival 2023 - RUFA - Rome University of Fine Arts","isPartOf":{"@id":"https:\/\/www.unirufa.it\/#website"},"primaryImageOfPage":{"@id":"https:\/\/www.unirufa.it\/2023\/09\/15\/rufa-x-villa-ada-festival-2023\/#primaryimage"},"image":{"@id":"https:\/\/www.unirufa.it\/2023\/09\/15\/rufa-x-villa-ada-festival-2023\/#primaryimage"},"thumbnailUrl":"https:\/\/www.unirufa.it\/wp-content\/uploads\/2023\/09\/banner.png","datePublished":"2023-09-15T11:46:31+00:00","dateModified":"2023-09-24T17:32:37+00:00","author":{"@id":"https:\/\/www.unirufa.it\/#\/schema\/person\/d5c03e37606740dff84050c97a46c80e"},"breadcrumb":{"@id":"https:\/\/www.unirufa.it\/2023\/09\/15\/rufa-x-villa-ada-festival-2023\/#breadcrumb"},"inLanguage":"es","potentialAction":[{"@type":"ReadAction","target":["https:\/\/www.unirufa.it\/2023\/09\/15\/rufa-x-villa-ada-festival-2023\/"]}]},{"@type":"ImageObject","inLanguage":"es","@id":"https:\/\/www.unirufa.it\/2023\/09\/15\/rufa-x-villa-ada-festival-2023\/#primaryimage","url":"https:\/\/www.unirufa.it\/wp-content\/uploads\/2023\/09\/banner.png","contentUrl":"https:\/\/www.unirufa.it\/wp-content\/uploads\/2023\/09\/banner.png","width":1050,"height":600,"caption":"villa ada festival"},{"@type":"BreadcrumbList","@id":"https:\/\/www.unirufa.it\/2023\/09\/15\/rufa-x-villa-ada-festival-2023\/#breadcrumb","itemListElement":[{"@type":"ListItem","position":1,"name":"Home","item":"https:\/\/www.unirufa.it\/"},{"@type":"ListItem","position":2,"name":"RUFA X Villa Ada Festival 2023"}]},{"@type":"WebSite","@id":"https:\/\/www.unirufa.it\/#website","url":"https:\/\/www.unirufa.it\/","name":"RUFA - Rome University of Fine Arts","description":"","potentialAction":[{"@type":"SearchAction","target":{"@type":"EntryPoint","urlTemplate":"https:\/\/www.unirufa.it\/?s={search_term_string}"},"query-input":{"@type":"PropertyValueSpecification","valueRequired":true,"valueName":"search_term_string"}}],"inLanguage":"es"},{"@type":"Person","@id":"https:\/\/www.unirufa.it\/#\/schema\/person\/d5c03e37606740dff84050c97a46c80e","name":"Claudia Vitali","image":{"@type":"ImageObject","inLanguage":"es","@id":"https:\/\/www.unirufa.it\/#\/schema\/person\/image\/","url":"https:\/\/secure.gravatar.com\/avatar\/9bd058a2b55efbe5f9e6b68b196c59f4?s=96&d=mm&r=g","contentUrl":"https:\/\/secure.gravatar.com\/avatar\/9bd058a2b55efbe5f9e6b68b196c59f4?s=96&d=mm&r=g","caption":"Claudia Vitali"},"url":"https:\/\/www.unirufa.it\/es\/author\/claudia\/"}]}},"_links":{"self":[{"href":"https:\/\/www.unirufa.it\/es\/wp-json\/wp\/v2\/posts\/108707","targetHints":{"allow":["GET"]}}],"collection":[{"href":"https:\/\/www.unirufa.it\/es\/wp-json\/wp\/v2\/posts"}],"about":[{"href":"https:\/\/www.unirufa.it\/es\/wp-json\/wp\/v2\/types\/post"}],"author":[{"embeddable":true,"href":"https:\/\/www.unirufa.it\/es\/wp-json\/wp\/v2\/users\/28"}],"replies":[{"embeddable":true,"href":"https:\/\/www.unirufa.it\/es\/wp-json\/wp\/v2\/comments?post=108707"}],"version-history":[{"count":94,"href":"https:\/\/www.unirufa.it\/es\/wp-json\/wp\/v2\/posts\/108707\/revisions"}],"predecessor-version":[{"id":109520,"href":"https:\/\/www.unirufa.it\/es\/wp-json\/wp\/v2\/posts\/108707\/revisions\/109520"}],"wp:featuredmedia":[{"embeddable":true,"href":"https:\/\/www.unirufa.it\/es\/wp-json\/wp\/v2\/media\/108709"}],"wp:attachment":[{"href":"https:\/\/www.unirufa.it\/es\/wp-json\/wp\/v2\/media?parent=108707"}],"wp:term":[{"taxonomy":"category","embeddable":true,"href":"https:\/\/www.unirufa.it\/es\/wp-json\/wp\/v2\/categories?post=108707"},{"taxonomy":"post_tag","embeddable":true,"href":"https:\/\/www.unirufa.it\/es\/wp-json\/wp\/v2\/tags?post=108707"}],"curies":[{"name":"wp","href":"https:\/\/api.w.org\/{rel}","templated":true}]}}