


{"id":118501,"date":"2023-12-04T11:27:08","date_gmt":"2023-12-04T10:27:08","guid":{"rendered":"https:\/\/www.unirufa.it\/?p=118501"},"modified":"2024-01-03T12:54:06","modified_gmt":"2024-01-03T11:54:06","slug":"etichetta-it-ospite-in-rufa-a-lezione-di-packaging","status":"publish","type":"post","link":"https:\/\/www.unirufa.it\/es\/2023\/12\/04\/etichetta-it-ospite-in-rufa-a-lezione-di-packaging\/","title":{"rendered":"Etichetta.it ospite in RUFA a lezione di Packaging"},"content":{"rendered":"<p class=\"qtranxs-available-languages-message qtranxs-available-languages-message-es\">Disculpa, pero esta entrada est\u00e1 disponible s\u00f3lo en <a href=\"https:\/\/www.unirufa.it\/it\/wp-json\/wp\/v2\/posts\/118501\" class=\"qtranxs-available-language-link qtranxs-available-language-link-it\" title=\"IT\">IT<\/a> y <a href=\"https:\/\/www.unirufa.it\/en\/wp-json\/wp\/v2\/posts\/118501\" class=\"qtranxs-available-language-link qtranxs-available-language-link-en\" title=\"EN\">EN<\/a>.<\/p><h4>Gioved\u00ec 30 novembre abbiamo ospitato in RUFA il digital content creator Luciano Rizzo, che durante la lezione di Packaging ha presentato agli studenti di Graphic Design una realt\u00e0 interessante come quella di <a href=\"https:\/\/etichetta.it\/\" rel=\"noopener\" target=\"_blank\">Etichetta.it<\/a>, azienda specializzata nella produzione di etichette adesive in bobina ed etichette su fogli adesivi e personalizzati.<\/h4>\n<p>&nbsp;<br \/>\nUn incontro di approfondimento avvincente, che ha dato l&#8217;opportunit\u00e0 agli studenti di Graphic Design di entrare in contatto con un etichettificio attivo in molteplici settori, producendo etichette dall&#8217;aspetto raffinato e ricercato per bevande o liquori, o semplici etichette stampate in quadricromia per il settore industriale. L&#8217;attivit\u00e0 \u00e8 stata coordinata dalla docente di Packaging <strong>Malica Worms,<\/strong> art director e graphic designer. <\/p>\n<p>La qualit\u00e0 della stampa digitale \u00e8 garantita dall&#8217;utilizzo delle moderne macchine di stampa HP Indigo e, grazie alle pi\u00f9 moderne tecnologie di finitura, etichetta.it \u00e8 in grado di coprire un&#8217;ampia gamma di esigenze. L\u2019azienda mette inoltre a disposizione una squadra di grafici altamente specializzati, pronti a fornire servizi di correzione dei file, offrendo inoltre la possibilit\u00e0 di richiedere il servizio di creazione grafica per i prodotti che non hanno ancora un design o che necessitano di un restyling.<\/p>\n<p>L\u2019azienda usa tecnologie innovative per ridurre gli sprechi: lo sfrido che avanza viene aspirato e raccolto tramite uno speciale sistema per ricavarne nuovo supporto siliconato, oppure pallet su cui vengono caricate le bobine madre. Tutti i materiali cartacei sono certificati FSC;<br \/>\nEtichetta.it permette di scegliere un adesivo solubile o rimovibile per etichette ecologiche, in modo che sia possibile rimuovere facilmente l\u2019etichetta dal prodotto e differenziare lo smaltimento, e offre la stampa digitale di etichette eco-compatibili in bobina a emissioni contenute di CO2, consentendo inoltre di ordinare piccole e medie quantit\u00e0 evitando cos\u00ec qualsiasi forma di spreco di carta e adesivo.<br \/>\n&nbsp;<\/p>\n<h3>Guarda le foto dell&#8217;incontro<\/h3>\n<div class=\"embed-responsive embed-responsive-4by3\"><a title=\"\"Incontro con Etichetta.it\" href=\"https:\/\/www.flickr.com\/photos\/unirufa\/albums\/72177720313065321\" data-flickr-embed=\"true\"><img decoding=\"async\" class=\"embed-responsive-item\" src=\"\nhttps:\/\/live.staticflickr.com\/65535\/53368611901_ed674fd0cd_z.jpg\" alt=\"\"\"Incontro con Etichetta.it\"\" \/><\/a><script async src=\"\/\/embedr.flickr.com\/assets\/client-code.js\" charset=\"utf-8\"><\/script><\/div>\n<p>&nbsp;<br \/>\n<a class=\"download-btn full\" href=\"https:\/\/etichetta.it\/\" target=\"_blank\" rel=\"noopener noreferrer\">Scopri di pi\u00f9 su Etichetta.it<\/a><br \/>\n&nbsp;","protected":false},"excerpt":{"rendered":"<p>Disculpa, pero esta entrada est\u00e1 disponible s\u00f3lo en IT y EN.Gioved\u00ec 30 novembre abbiamo ospitato in RUFA il digital content creator Luciano Rizzo, che durante la lezione di Packaging ha presentato agli studenti di Graphic Design una realt\u00e0 interessante come quella di Etichetta.it, azienda specializzata nella produzione di etichette adesive in bobina ed etichette su&#8230;  <a class=\"excerpt-read-more\" href=\"https:\/\/www.unirufa.it\/es\/2023\/12\/04\/etichetta-it-ospite-in-rufa-a-lezione-di-packaging\/\" title=\"Read Etichetta.it ospite in RUFA a lezione di Packaging\">Find out more<\/a><\/p>\n","protected":false},"author":28,"featured_media":118506,"comment_status":"closed","ping_status":"closed","sticky":false,"template":"","format":"standard","meta":{"content-type":"","footnotes":""},"categories":[938],"tags":[],"class_list":["post-118501","post","type-post","status-publish","format-standard","has-post-thumbnail","hentry","category-graphic-design"],"yoast_head":"<!-- This site is optimized with the Yoast SEO plugin v24.2 - https:\/\/yoast.com\/wordpress\/plugins\/seo\/ -->\n<title>Etichetta.it ospite in RUFA a lezione di Packaging - RUFA - Rome University of Fine Arts<\/title>\n<meta name=\"robots\" content=\"index, follow, max-snippet:-1, max-image-preview:large, max-video-preview:-1\" \/>\n<link rel=\"canonical\" href=\"https:\/\/www.unirufa.it\/2023\/12\/04\/etichetta-it-ospite-in-rufa-a-lezione-di-packaging\/\" \/>\n<meta property=\"og:locale\" content=\"es_ES\" \/>\n<meta property=\"og:type\" content=\"article\" \/>\n<meta property=\"og:title\" content=\"Etichetta.it ospite in RUFA a lezione di Packaging - RUFA - Rome University of Fine Arts\" \/>\n<meta property=\"og:description\" content=\"Disculpa, pero esta entrada est\u00e1 disponible s\u00f3lo en IT y EN.Gioved\u00ec 30 novembre abbiamo ospitato in RUFA il digital content creator Luciano Rizzo, che durante la lezione di Packaging ha presentato agli studenti di Graphic Design una realt\u00e0 interessante come quella di Etichetta.it, azienda specializzata nella produzione di etichette adesive in bobina ed etichette su... Find out more\" \/>\n<meta property=\"og:url\" content=\"https:\/\/www.unirufa.it\/2023\/12\/04\/etichetta-it-ospite-in-rufa-a-lezione-di-packaging\/\" \/>\n<meta property=\"og:site_name\" content=\"RUFA - Rome University of Fine Arts\" \/>\n<meta property=\"article:published_time\" content=\"2023-12-04T10:27:08+00:00\" \/>\n<meta property=\"article:modified_time\" content=\"2024-01-03T11:54:06+00:00\" \/>\n<meta property=\"og:image\" content=\"https:\/\/www.unirufa.it\/wp-content\/uploads\/2023\/12\/etichetta.it_banner.jpg\" \/>\n\t<meta property=\"og:image:width\" content=\"1050\" \/>\n\t<meta property=\"og:image:height\" content=\"600\" \/>\n\t<meta property=\"og:image:type\" content=\"image\/jpeg\" \/>\n<meta name=\"author\" content=\"Claudia Vitali\" \/>\n<meta name=\"twitter:label1\" content=\"Escrito por\" \/>\n\t<meta name=\"twitter:data1\" content=\"Claudia Vitali\" \/>\n\t<meta name=\"twitter:label2\" content=\"Tiempo de lectura\" \/>\n\t<meta name=\"twitter:data2\" content=\"3 minutos\" \/>\n<script type=\"application\/ld+json\" class=\"yoast-schema-graph\">{\"@context\":\"https:\/\/schema.org\",\"@graph\":[{\"@type\":\"WebPage\",\"@id\":\"https:\/\/www.unirufa.it\/2023\/12\/04\/etichetta-it-ospite-in-rufa-a-lezione-di-packaging\/\",\"url\":\"https:\/\/www.unirufa.it\/2023\/12\/04\/etichetta-it-ospite-in-rufa-a-lezione-di-packaging\/\",\"name\":\"Etichetta.it ospite in RUFA a lezione di Packaging - RUFA - Rome University of Fine Arts\",\"isPartOf\":{\"@id\":\"https:\/\/www.unirufa.it\/#website\"},\"primaryImageOfPage\":{\"@id\":\"https:\/\/www.unirufa.it\/2023\/12\/04\/etichetta-it-ospite-in-rufa-a-lezione-di-packaging\/#primaryimage\"},\"image\":{\"@id\":\"https:\/\/www.unirufa.it\/2023\/12\/04\/etichetta-it-ospite-in-rufa-a-lezione-di-packaging\/#primaryimage\"},\"thumbnailUrl\":\"https:\/\/www.unirufa.it\/wp-content\/uploads\/2023\/12\/etichetta.it_banner.jpg\",\"datePublished\":\"2023-12-04T10:27:08+00:00\",\"dateModified\":\"2024-01-03T11:54:06+00:00\",\"author\":{\"@id\":\"https:\/\/www.unirufa.it\/#\/schema\/person\/d5c03e37606740dff84050c97a46c80e\"},\"breadcrumb\":{\"@id\":\"https:\/\/www.unirufa.it\/2023\/12\/04\/etichetta-it-ospite-in-rufa-a-lezione-di-packaging\/#breadcrumb\"},\"inLanguage\":\"es\",\"potentialAction\":[{\"@type\":\"ReadAction\",\"target\":[\"https:\/\/www.unirufa.it\/2023\/12\/04\/etichetta-it-ospite-in-rufa-a-lezione-di-packaging\/\"]}]},{\"@type\":\"ImageObject\",\"inLanguage\":\"es\",\"@id\":\"https:\/\/www.unirufa.it\/2023\/12\/04\/etichetta-it-ospite-in-rufa-a-lezione-di-packaging\/#primaryimage\",\"url\":\"https:\/\/www.unirufa.it\/wp-content\/uploads\/2023\/12\/etichetta.it_banner.jpg\",\"contentUrl\":\"https:\/\/www.unirufa.it\/wp-content\/uploads\/2023\/12\/etichetta.it_banner.jpg\",\"width\":1050,\"height\":600,\"caption\":\"etichetta.it_banner\"},{\"@type\":\"BreadcrumbList\",\"@id\":\"https:\/\/www.unirufa.it\/2023\/12\/04\/etichetta-it-ospite-in-rufa-a-lezione-di-packaging\/#breadcrumb\",\"itemListElement\":[{\"@type\":\"ListItem\",\"position\":1,\"name\":\"Home\",\"item\":\"https:\/\/www.unirufa.it\/\"},{\"@type\":\"ListItem\",\"position\":2,\"name\":\"Etichetta.it ospite in RUFA a lezione di Packaging\"}]},{\"@type\":\"WebSite\",\"@id\":\"https:\/\/www.unirufa.it\/#website\",\"url\":\"https:\/\/www.unirufa.it\/\",\"name\":\"RUFA - Rome University of Fine Arts\",\"description\":\"\",\"potentialAction\":[{\"@type\":\"SearchAction\",\"target\":{\"@type\":\"EntryPoint\",\"urlTemplate\":\"https:\/\/www.unirufa.it\/?s={search_term_string}\"},\"query-input\":{\"@type\":\"PropertyValueSpecification\",\"valueRequired\":true,\"valueName\":\"search_term_string\"}}],\"inLanguage\":\"es\"},{\"@type\":\"Person\",\"@id\":\"https:\/\/www.unirufa.it\/#\/schema\/person\/d5c03e37606740dff84050c97a46c80e\",\"name\":\"Claudia Vitali\",\"image\":{\"@type\":\"ImageObject\",\"inLanguage\":\"es\",\"@id\":\"https:\/\/www.unirufa.it\/#\/schema\/person\/image\/\",\"url\":\"https:\/\/secure.gravatar.com\/avatar\/9bd058a2b55efbe5f9e6b68b196c59f4?s=96&d=mm&r=g\",\"contentUrl\":\"https:\/\/secure.gravatar.com\/avatar\/9bd058a2b55efbe5f9e6b68b196c59f4?s=96&d=mm&r=g\",\"caption\":\"Claudia Vitali\"},\"url\":\"https:\/\/www.unirufa.it\/es\/author\/claudia\/\"}]}<\/script>\n<!-- \/ Yoast SEO plugin. -->","yoast_head_json":{"title":"Etichetta.it ospite in RUFA a lezione di Packaging - RUFA - Rome University of Fine Arts","robots":{"index":"index","follow":"follow","max-snippet":"max-snippet:-1","max-image-preview":"max-image-preview:large","max-video-preview":"max-video-preview:-1"},"canonical":"https:\/\/www.unirufa.it\/2023\/12\/04\/etichetta-it-ospite-in-rufa-a-lezione-di-packaging\/","og_locale":"es_ES","og_type":"article","og_title":"Etichetta.it ospite in RUFA a lezione di Packaging - RUFA - Rome University of Fine Arts","og_description":"Disculpa, pero esta entrada est\u00e1 disponible s\u00f3lo en IT y EN.Gioved\u00ec 30 novembre abbiamo ospitato in RUFA il digital content creator Luciano Rizzo, che durante la lezione di Packaging ha presentato agli studenti di Graphic Design una realt\u00e0 interessante come quella di Etichetta.it, azienda specializzata nella produzione di etichette adesive in bobina ed etichette su... Find out more","og_url":"https:\/\/www.unirufa.it\/2023\/12\/04\/etichetta-it-ospite-in-rufa-a-lezione-di-packaging\/","og_site_name":"RUFA - Rome University of Fine Arts","article_published_time":"2023-12-04T10:27:08+00:00","article_modified_time":"2024-01-03T11:54:06+00:00","og_image":[{"width":1050,"height":600,"url":"https:\/\/www.unirufa.it\/wp-content\/uploads\/2023\/12\/etichetta.it_banner.jpg","type":"image\/jpeg"}],"author":"Claudia Vitali","twitter_misc":{"Escrito por":"Claudia Vitali","Tiempo de lectura":"3 minutos"},"schema":{"@context":"https:\/\/schema.org","@graph":[{"@type":"WebPage","@id":"https:\/\/www.unirufa.it\/2023\/12\/04\/etichetta-it-ospite-in-rufa-a-lezione-di-packaging\/","url":"https:\/\/www.unirufa.it\/2023\/12\/04\/etichetta-it-ospite-in-rufa-a-lezione-di-packaging\/","name":"Etichetta.it ospite in RUFA a lezione di Packaging - RUFA - Rome University of Fine Arts","isPartOf":{"@id":"https:\/\/www.unirufa.it\/#website"},"primaryImageOfPage":{"@id":"https:\/\/www.unirufa.it\/2023\/12\/04\/etichetta-it-ospite-in-rufa-a-lezione-di-packaging\/#primaryimage"},"image":{"@id":"https:\/\/www.unirufa.it\/2023\/12\/04\/etichetta-it-ospite-in-rufa-a-lezione-di-packaging\/#primaryimage"},"thumbnailUrl":"https:\/\/www.unirufa.it\/wp-content\/uploads\/2023\/12\/etichetta.it_banner.jpg","datePublished":"2023-12-04T10:27:08+00:00","dateModified":"2024-01-03T11:54:06+00:00","author":{"@id":"https:\/\/www.unirufa.it\/#\/schema\/person\/d5c03e37606740dff84050c97a46c80e"},"breadcrumb":{"@id":"https:\/\/www.unirufa.it\/2023\/12\/04\/etichetta-it-ospite-in-rufa-a-lezione-di-packaging\/#breadcrumb"},"inLanguage":"es","potentialAction":[{"@type":"ReadAction","target":["https:\/\/www.unirufa.it\/2023\/12\/04\/etichetta-it-ospite-in-rufa-a-lezione-di-packaging\/"]}]},{"@type":"ImageObject","inLanguage":"es","@id":"https:\/\/www.unirufa.it\/2023\/12\/04\/etichetta-it-ospite-in-rufa-a-lezione-di-packaging\/#primaryimage","url":"https:\/\/www.unirufa.it\/wp-content\/uploads\/2023\/12\/etichetta.it_banner.jpg","contentUrl":"https:\/\/www.unirufa.it\/wp-content\/uploads\/2023\/12\/etichetta.it_banner.jpg","width":1050,"height":600,"caption":"etichetta.it_banner"},{"@type":"BreadcrumbList","@id":"https:\/\/www.unirufa.it\/2023\/12\/04\/etichetta-it-ospite-in-rufa-a-lezione-di-packaging\/#breadcrumb","itemListElement":[{"@type":"ListItem","position":1,"name":"Home","item":"https:\/\/www.unirufa.it\/"},{"@type":"ListItem","position":2,"name":"Etichetta.it ospite in RUFA a lezione di Packaging"}]},{"@type":"WebSite","@id":"https:\/\/www.unirufa.it\/#website","url":"https:\/\/www.unirufa.it\/","name":"RUFA - Rome University of Fine Arts","description":"","potentialAction":[{"@type":"SearchAction","target":{"@type":"EntryPoint","urlTemplate":"https:\/\/www.unirufa.it\/?s={search_term_string}"},"query-input":{"@type":"PropertyValueSpecification","valueRequired":true,"valueName":"search_term_string"}}],"inLanguage":"es"},{"@type":"Person","@id":"https:\/\/www.unirufa.it\/#\/schema\/person\/d5c03e37606740dff84050c97a46c80e","name":"Claudia Vitali","image":{"@type":"ImageObject","inLanguage":"es","@id":"https:\/\/www.unirufa.it\/#\/schema\/person\/image\/","url":"https:\/\/secure.gravatar.com\/avatar\/9bd058a2b55efbe5f9e6b68b196c59f4?s=96&d=mm&r=g","contentUrl":"https:\/\/secure.gravatar.com\/avatar\/9bd058a2b55efbe5f9e6b68b196c59f4?s=96&d=mm&r=g","caption":"Claudia Vitali"},"url":"https:\/\/www.unirufa.it\/es\/author\/claudia\/"}]}},"_links":{"self":[{"href":"https:\/\/www.unirufa.it\/es\/wp-json\/wp\/v2\/posts\/118501","targetHints":{"allow":["GET"]}}],"collection":[{"href":"https:\/\/www.unirufa.it\/es\/wp-json\/wp\/v2\/posts"}],"about":[{"href":"https:\/\/www.unirufa.it\/es\/wp-json\/wp\/v2\/types\/post"}],"author":[{"embeddable":true,"href":"https:\/\/www.unirufa.it\/es\/wp-json\/wp\/v2\/users\/28"}],"replies":[{"embeddable":true,"href":"https:\/\/www.unirufa.it\/es\/wp-json\/wp\/v2\/comments?post=118501"}],"version-history":[{"count":34,"href":"https:\/\/www.unirufa.it\/es\/wp-json\/wp\/v2\/posts\/118501\/revisions"}],"predecessor-version":[{"id":121286,"href":"https:\/\/www.unirufa.it\/es\/wp-json\/wp\/v2\/posts\/118501\/revisions\/121286"}],"wp:featuredmedia":[{"embeddable":true,"href":"https:\/\/www.unirufa.it\/es\/wp-json\/wp\/v2\/media\/118506"}],"wp:attachment":[{"href":"https:\/\/www.unirufa.it\/es\/wp-json\/wp\/v2\/media?parent=118501"}],"wp:term":[{"taxonomy":"category","embeddable":true,"href":"https:\/\/www.unirufa.it\/es\/wp-json\/wp\/v2\/categories?post=118501"},{"taxonomy":"post_tag","embeddable":true,"href":"https:\/\/www.unirufa.it\/es\/wp-json\/wp\/v2\/tags?post=118501"}],"curies":[{"name":"wp","href":"https:\/\/api.w.org\/{rel}","templated":true}]}}