


{"id":126784,"date":"2024-03-13T15:31:26","date_gmt":"2024-03-13T14:31:26","guid":{"rendered":"https:\/\/www.unirufa.it\/?p=126784"},"modified":"2024-03-13T15:38:04","modified_gmt":"2024-03-13T14:38:04","slug":"federalberghi-sceglie-rufa","status":"publish","type":"post","link":"https:\/\/www.unirufa.it\/es\/2024\/03\/13\/federalberghi-sceglie-rufa\/","title":{"rendered":"Federalberghi sceglie RUFA"},"content":{"rendered":"<p class=\"qtranxs-available-languages-message qtranxs-available-languages-message-es\">Disculpa, pero esta entrada est\u00e1 disponible s\u00f3lo en <a href=\"https:\/\/www.unirufa.it\/it\/wp-json\/wp\/v2\/posts\/126784\" class=\"qtranxs-available-language-link qtranxs-available-language-link-it\" title=\"IT\">IT<\/a> y <a href=\"https:\/\/www.unirufa.it\/en\/wp-json\/wp\/v2\/posts\/126784\" class=\"qtranxs-available-language-link qtranxs-available-language-link-en\" title=\"EN\">EN<\/a>.<\/p><h3>Andrea Boncristiani giovane designer del corso di laurea di Graphic design RUFA \u00e8 il vincitore del contest per la scelta del logotipo della 74esima assemblea nazionale di Federalberghi che si terr\u00e0 a Viareggio tra il 12 ed il 14 maggio.<\/h3>\n<p>&nbsp;<br \/>\n<a href=\"https:\/\/www.federalberghi.it\/index.aspx\" rel=\"noopener\" target=\"_blank\">Federalberghi<\/a> da oltre cento anni \u00e8 l&#8217;organizzazione nazionale maggiormente rappresentativa delle imprese turistico ricettive italiane, rappresentando le esigenze e le proposte delle imprese nei confronti delle istituzioni e delle organizzazioni politiche, economiche e sindacali. L\u2019organizzazione si propone di valorizzare gli interessi economici e sociali degli imprenditori turistici e di favorire il riconoscimento del loro ruolo sociale, l&#8217;affermazione dell&#8217;economia turistica, la promozione dell&#8217;offerta turistico ricettiva nazionale. Da alcuni anni Federalberghi indice un contest per determinare il logo ufficiale della propria assemblea annuale, con l\u2019obiettivo non solo di rendere unico e differente ogni incontro, ma anche di omaggiare la citt\u00e0 che ospita l\u2019evento.<\/p>\n<p>Il logo presentato da Andrea Boncristiani vuole mostrare, come una cartolina, la caratteristica unica del paesaggio di Viareggio, la dualit\u00e0 tra il mare e la montagna. Proprio come il panorama, anche il logo presenta una struttura a pi\u00f9 livelli, dal mare alla montagna, che abbraccia il visitatore cos\u00ec come intende fare la 74esima assemblea nazionale di Federalberghi. I colori usati sono brillanti: dal verde per le montagne al ciano per il mare, concludendo con il pantone istituzionale 294c Federalberghi.","protected":false},"excerpt":{"rendered":"<p>Disculpa, pero esta entrada est\u00e1 disponible s\u00f3lo en IT y EN.Andrea Boncristiani giovane designer del corso di laurea di Graphic design RUFA \u00e8 il vincitore del contest per la scelta del logotipo della 74esima assemblea nazionale di Federalberghi che si terr\u00e0 a Viareggio tra il 12 ed il 14 maggio. &nbsp; Federalberghi da oltre cento&#8230;  <a class=\"excerpt-read-more\" href=\"https:\/\/www.unirufa.it\/es\/2024\/03\/13\/federalberghi-sceglie-rufa\/\" title=\"Read Federalberghi sceglie RUFA\">Find out more<\/a><\/p>\n","protected":false},"author":28,"featured_media":126790,"comment_status":"closed","ping_status":"closed","sticky":false,"template":"","format":"standard","meta":{"content-type":"","footnotes":""},"categories":[1629,938],"tags":[],"class_list":["post-126784","post","type-post","status-publish","format-standard","has-post-thumbnail","hentry","category-accademia","category-graphic-design"],"yoast_head":"<!-- This site is optimized with the Yoast SEO plugin v24.2 - https:\/\/yoast.com\/wordpress\/plugins\/seo\/ -->\n<title>Federalberghi sceglie RUFA - RUFA - Rome University of Fine Arts<\/title>\n<meta name=\"robots\" content=\"index, follow, max-snippet:-1, max-image-preview:large, max-video-preview:-1\" \/>\n<link rel=\"canonical\" href=\"https:\/\/www.unirufa.it\/2024\/03\/13\/federalberghi-sceglie-rufa\/\" \/>\n<meta property=\"og:locale\" content=\"es_ES\" \/>\n<meta property=\"og:type\" content=\"article\" \/>\n<meta property=\"og:title\" content=\"Federalberghi sceglie RUFA - RUFA - Rome University of Fine Arts\" \/>\n<meta property=\"og:description\" content=\"Disculpa, pero esta entrada est\u00e1 disponible s\u00f3lo en IT y EN.Andrea Boncristiani giovane designer del corso di laurea di Graphic design RUFA \u00e8 il vincitore del contest per la scelta del logotipo della 74esima assemblea nazionale di Federalberghi che si terr\u00e0 a Viareggio tra il 12 ed il 14 maggio. &nbsp; Federalberghi da oltre cento... Find out more\" \/>\n<meta property=\"og:url\" content=\"https:\/\/www.unirufa.it\/2024\/03\/13\/federalberghi-sceglie-rufa\/\" \/>\n<meta property=\"og:site_name\" content=\"RUFA - Rome University of Fine Arts\" \/>\n<meta property=\"article:published_time\" content=\"2024-03-13T14:31:26+00:00\" \/>\n<meta property=\"article:modified_time\" content=\"2024-03-13T14:38:04+00:00\" \/>\n<meta property=\"og:image\" content=\"https:\/\/www.unirufa.it\/wp-content\/uploads\/2024\/03\/DEF_FEDERALBERGHI.jpg\" \/>\n\t<meta property=\"og:image:width\" content=\"1050\" \/>\n\t<meta property=\"og:image:height\" content=\"600\" \/>\n\t<meta property=\"og:image:type\" content=\"image\/jpeg\" \/>\n<meta name=\"author\" content=\"Claudia Vitali\" \/>\n<meta name=\"twitter:label1\" content=\"Escrito por\" \/>\n\t<meta name=\"twitter:data1\" content=\"Claudia Vitali\" \/>\n\t<meta name=\"twitter:label2\" content=\"Tiempo de lectura\" \/>\n\t<meta name=\"twitter:data2\" content=\"2 minutos\" \/>\n<script type=\"application\/ld+json\" class=\"yoast-schema-graph\">{\"@context\":\"https:\/\/schema.org\",\"@graph\":[{\"@type\":\"WebPage\",\"@id\":\"https:\/\/www.unirufa.it\/2024\/03\/13\/federalberghi-sceglie-rufa\/\",\"url\":\"https:\/\/www.unirufa.it\/2024\/03\/13\/federalberghi-sceglie-rufa\/\",\"name\":\"Federalberghi sceglie RUFA - RUFA - Rome University of Fine Arts\",\"isPartOf\":{\"@id\":\"https:\/\/www.unirufa.it\/#website\"},\"primaryImageOfPage\":{\"@id\":\"https:\/\/www.unirufa.it\/2024\/03\/13\/federalberghi-sceglie-rufa\/#primaryimage\"},\"image\":{\"@id\":\"https:\/\/www.unirufa.it\/2024\/03\/13\/federalberghi-sceglie-rufa\/#primaryimage\"},\"thumbnailUrl\":\"https:\/\/www.unirufa.it\/wp-content\/uploads\/2024\/03\/DEF_FEDERALBERGHI.jpg\",\"datePublished\":\"2024-03-13T14:31:26+00:00\",\"dateModified\":\"2024-03-13T14:38:04+00:00\",\"author\":{\"@id\":\"https:\/\/www.unirufa.it\/#\/schema\/person\/d5c03e37606740dff84050c97a46c80e\"},\"breadcrumb\":{\"@id\":\"https:\/\/www.unirufa.it\/2024\/03\/13\/federalberghi-sceglie-rufa\/#breadcrumb\"},\"inLanguage\":\"es\",\"potentialAction\":[{\"@type\":\"ReadAction\",\"target\":[\"https:\/\/www.unirufa.it\/2024\/03\/13\/federalberghi-sceglie-rufa\/\"]}]},{\"@type\":\"ImageObject\",\"inLanguage\":\"es\",\"@id\":\"https:\/\/www.unirufa.it\/2024\/03\/13\/federalberghi-sceglie-rufa\/#primaryimage\",\"url\":\"https:\/\/www.unirufa.it\/wp-content\/uploads\/2024\/03\/DEF_FEDERALBERGHI.jpg\",\"contentUrl\":\"https:\/\/www.unirufa.it\/wp-content\/uploads\/2024\/03\/DEF_FEDERALBERGHI.jpg\",\"width\":1050,\"height\":600},{\"@type\":\"BreadcrumbList\",\"@id\":\"https:\/\/www.unirufa.it\/2024\/03\/13\/federalberghi-sceglie-rufa\/#breadcrumb\",\"itemListElement\":[{\"@type\":\"ListItem\",\"position\":1,\"name\":\"Home\",\"item\":\"https:\/\/www.unirufa.it\/\"},{\"@type\":\"ListItem\",\"position\":2,\"name\":\"Federalberghi sceglie RUFA\"}]},{\"@type\":\"WebSite\",\"@id\":\"https:\/\/www.unirufa.it\/#website\",\"url\":\"https:\/\/www.unirufa.it\/\",\"name\":\"RUFA - Rome University of Fine Arts\",\"description\":\"\",\"potentialAction\":[{\"@type\":\"SearchAction\",\"target\":{\"@type\":\"EntryPoint\",\"urlTemplate\":\"https:\/\/www.unirufa.it\/?s={search_term_string}\"},\"query-input\":{\"@type\":\"PropertyValueSpecification\",\"valueRequired\":true,\"valueName\":\"search_term_string\"}}],\"inLanguage\":\"es\"},{\"@type\":\"Person\",\"@id\":\"https:\/\/www.unirufa.it\/#\/schema\/person\/d5c03e37606740dff84050c97a46c80e\",\"name\":\"Claudia Vitali\",\"image\":{\"@type\":\"ImageObject\",\"inLanguage\":\"es\",\"@id\":\"https:\/\/www.unirufa.it\/#\/schema\/person\/image\/\",\"url\":\"https:\/\/secure.gravatar.com\/avatar\/9bd058a2b55efbe5f9e6b68b196c59f4?s=96&d=mm&r=g\",\"contentUrl\":\"https:\/\/secure.gravatar.com\/avatar\/9bd058a2b55efbe5f9e6b68b196c59f4?s=96&d=mm&r=g\",\"caption\":\"Claudia Vitali\"},\"url\":\"https:\/\/www.unirufa.it\/es\/author\/claudia\/\"}]}<\/script>\n<!-- \/ Yoast SEO plugin. -->","yoast_head_json":{"title":"Federalberghi sceglie RUFA - RUFA - Rome University of Fine Arts","robots":{"index":"index","follow":"follow","max-snippet":"max-snippet:-1","max-image-preview":"max-image-preview:large","max-video-preview":"max-video-preview:-1"},"canonical":"https:\/\/www.unirufa.it\/2024\/03\/13\/federalberghi-sceglie-rufa\/","og_locale":"es_ES","og_type":"article","og_title":"Federalberghi sceglie RUFA - RUFA - Rome University of Fine Arts","og_description":"Disculpa, pero esta entrada est\u00e1 disponible s\u00f3lo en IT y EN.Andrea Boncristiani giovane designer del corso di laurea di Graphic design RUFA \u00e8 il vincitore del contest per la scelta del logotipo della 74esima assemblea nazionale di Federalberghi che si terr\u00e0 a Viareggio tra il 12 ed il 14 maggio. &nbsp; Federalberghi da oltre cento... Find out more","og_url":"https:\/\/www.unirufa.it\/2024\/03\/13\/federalberghi-sceglie-rufa\/","og_site_name":"RUFA - Rome University of Fine Arts","article_published_time":"2024-03-13T14:31:26+00:00","article_modified_time":"2024-03-13T14:38:04+00:00","og_image":[{"width":1050,"height":600,"url":"https:\/\/www.unirufa.it\/wp-content\/uploads\/2024\/03\/DEF_FEDERALBERGHI.jpg","type":"image\/jpeg"}],"author":"Claudia Vitali","twitter_misc":{"Escrito por":"Claudia Vitali","Tiempo de lectura":"2 minutos"},"schema":{"@context":"https:\/\/schema.org","@graph":[{"@type":"WebPage","@id":"https:\/\/www.unirufa.it\/2024\/03\/13\/federalberghi-sceglie-rufa\/","url":"https:\/\/www.unirufa.it\/2024\/03\/13\/federalberghi-sceglie-rufa\/","name":"Federalberghi sceglie RUFA - RUFA - Rome University of Fine Arts","isPartOf":{"@id":"https:\/\/www.unirufa.it\/#website"},"primaryImageOfPage":{"@id":"https:\/\/www.unirufa.it\/2024\/03\/13\/federalberghi-sceglie-rufa\/#primaryimage"},"image":{"@id":"https:\/\/www.unirufa.it\/2024\/03\/13\/federalberghi-sceglie-rufa\/#primaryimage"},"thumbnailUrl":"https:\/\/www.unirufa.it\/wp-content\/uploads\/2024\/03\/DEF_FEDERALBERGHI.jpg","datePublished":"2024-03-13T14:31:26+00:00","dateModified":"2024-03-13T14:38:04+00:00","author":{"@id":"https:\/\/www.unirufa.it\/#\/schema\/person\/d5c03e37606740dff84050c97a46c80e"},"breadcrumb":{"@id":"https:\/\/www.unirufa.it\/2024\/03\/13\/federalberghi-sceglie-rufa\/#breadcrumb"},"inLanguage":"es","potentialAction":[{"@type":"ReadAction","target":["https:\/\/www.unirufa.it\/2024\/03\/13\/federalberghi-sceglie-rufa\/"]}]},{"@type":"ImageObject","inLanguage":"es","@id":"https:\/\/www.unirufa.it\/2024\/03\/13\/federalberghi-sceglie-rufa\/#primaryimage","url":"https:\/\/www.unirufa.it\/wp-content\/uploads\/2024\/03\/DEF_FEDERALBERGHI.jpg","contentUrl":"https:\/\/www.unirufa.it\/wp-content\/uploads\/2024\/03\/DEF_FEDERALBERGHI.jpg","width":1050,"height":600},{"@type":"BreadcrumbList","@id":"https:\/\/www.unirufa.it\/2024\/03\/13\/federalberghi-sceglie-rufa\/#breadcrumb","itemListElement":[{"@type":"ListItem","position":1,"name":"Home","item":"https:\/\/www.unirufa.it\/"},{"@type":"ListItem","position":2,"name":"Federalberghi sceglie RUFA"}]},{"@type":"WebSite","@id":"https:\/\/www.unirufa.it\/#website","url":"https:\/\/www.unirufa.it\/","name":"RUFA - Rome University of Fine Arts","description":"","potentialAction":[{"@type":"SearchAction","target":{"@type":"EntryPoint","urlTemplate":"https:\/\/www.unirufa.it\/?s={search_term_string}"},"query-input":{"@type":"PropertyValueSpecification","valueRequired":true,"valueName":"search_term_string"}}],"inLanguage":"es"},{"@type":"Person","@id":"https:\/\/www.unirufa.it\/#\/schema\/person\/d5c03e37606740dff84050c97a46c80e","name":"Claudia Vitali","image":{"@type":"ImageObject","inLanguage":"es","@id":"https:\/\/www.unirufa.it\/#\/schema\/person\/image\/","url":"https:\/\/secure.gravatar.com\/avatar\/9bd058a2b55efbe5f9e6b68b196c59f4?s=96&d=mm&r=g","contentUrl":"https:\/\/secure.gravatar.com\/avatar\/9bd058a2b55efbe5f9e6b68b196c59f4?s=96&d=mm&r=g","caption":"Claudia Vitali"},"url":"https:\/\/www.unirufa.it\/es\/author\/claudia\/"}]}},"_links":{"self":[{"href":"https:\/\/www.unirufa.it\/es\/wp-json\/wp\/v2\/posts\/126784","targetHints":{"allow":["GET"]}}],"collection":[{"href":"https:\/\/www.unirufa.it\/es\/wp-json\/wp\/v2\/posts"}],"about":[{"href":"https:\/\/www.unirufa.it\/es\/wp-json\/wp\/v2\/types\/post"}],"author":[{"embeddable":true,"href":"https:\/\/www.unirufa.it\/es\/wp-json\/wp\/v2\/users\/28"}],"replies":[{"embeddable":true,"href":"https:\/\/www.unirufa.it\/es\/wp-json\/wp\/v2\/comments?post=126784"}],"version-history":[{"count":3,"href":"https:\/\/www.unirufa.it\/es\/wp-json\/wp\/v2\/posts\/126784\/revisions"}],"predecessor-version":[{"id":126791,"href":"https:\/\/www.unirufa.it\/es\/wp-json\/wp\/v2\/posts\/126784\/revisions\/126791"}],"wp:featuredmedia":[{"embeddable":true,"href":"https:\/\/www.unirufa.it\/es\/wp-json\/wp\/v2\/media\/126790"}],"wp:attachment":[{"href":"https:\/\/www.unirufa.it\/es\/wp-json\/wp\/v2\/media?parent=126784"}],"wp:term":[{"taxonomy":"category","embeddable":true,"href":"https:\/\/www.unirufa.it\/es\/wp-json\/wp\/v2\/categories?post=126784"},{"taxonomy":"post_tag","embeddable":true,"href":"https:\/\/www.unirufa.it\/es\/wp-json\/wp\/v2\/tags?post=126784"}],"curies":[{"name":"wp","href":"https:\/\/api.w.org\/{rel}","templated":true}]}}