


{"id":13520,"date":"2017-10-05T08:02:01","date_gmt":"2017-10-05T08:02:01","guid":{"rendered":"https:\/\/www.unirufa.it\/?p=13520"},"modified":"2020-11-16T16:37:19","modified_gmt":"2020-11-16T15:37:19","slug":"__trashed","status":"publish","type":"post","link":"https:\/\/www.unirufa.it\/es\/2017\/10\/05\/__trashed\/","title":{"rendered":"Inaugurata la mostra \u201c\u00e8 solo un inizio. 1968\u201d. Tra i curatori e autori del giornale\/catalogo, anche il docente Nicolas Martino."},"content":{"rendered":"<p class=\"qtranxs-available-languages-message qtranxs-available-languages-message-es\">Disculpa, pero esta entrada est\u00e1 disponible s\u00f3lo en <a href=\"https:\/\/www.unirufa.it\/it\/wp-json\/wp\/v2\/posts\/13520\" class=\"qtranxs-available-language-link qtranxs-available-language-link-it\" title=\"IT\">IT<\/a> y <a href=\"https:\/\/www.unirufa.it\/en\/wp-json\/wp\/v2\/posts\/13520\" class=\"qtranxs-available-language-link qtranxs-available-language-link-en\" title=\"EN\">EN<\/a>.<\/p>Dal 3 ottobre 2017 e fino al 14 gennaio 2018, alla Galleria Nazionale di Arte Moderna e Contemporanea \u00e8 in mostra il \u201968. <\/p>\n<p>La mostra, a cura di Ester Coen, attraversa la rottura che il &#8217;68 ha creato con il passato, ma anche i nuovi processi, le tendenze e i movimenti che questo ha innescato. L\u2019arte vede nel 1968 un nuovo inizio che si \u00e8 concretizzato nel minimalismo, nel concettuale, nell\u2019arte povera, nella land art e nelle numerose altre correnti che emersero in quegli anni. Insieme a un rinnovamento radicale del pensiero e delle arti della vita.<\/p>\n<p>Alla mostra si accompagna un giornale\/catalogo (Electa, 2017) curato da Nicolas Martino, docente RUFA di Teoria e metodo dei mass media, e da Ilaria Bussoni. Il giornale raccoglie testi e interventi di: Nanni Balestrini, Franco Berardi Bifo, Achille Bonito Oliva, Ilaria Bussoni, Annarosa Buttarelli, Luciana Castellina, Germano Celant, Mara Chiaretti, Ester Coen, Cristiana Collu, Andrea Cortellessa, Tonino De Bernardi, Ida Dominijanni, Giuliano Ferrara, Giovanna Ferrara, Goffredo Fofi, Claire Fontaine, Dario Franceschini, Massimiliano Fuksas, Donatello Fumarola, Felice Liperi, Giacomo Marramao, Nicolas Martino, Lea Melandri, Toni Negri, Mario Perniola, Franco Piperno, Rossana Rossanda, Mario Tronti, Lea Vergine, Guido Viale.<\/p>\n<p>Pi\u00f9 info su La Galleria Nazionale: <a href=\"http:\/\/lagallerianazionale.com\/mostra\/e-solo-un-inizio-1968\/\" target=\"_blank\" rel=\"noopener noreferrer\">www.lagallerianazionale.com<\/a>","protected":false},"excerpt":{"rendered":"<p>Disculpa, pero esta entrada est\u00e1 disponible s\u00f3lo en IT y EN.Dal 3 ottobre 2017 e fino al 14 gennaio 2018, alla Galleria Nazionale di Arte Moderna e Contemporanea \u00e8 in mostra il \u201968. La mostra, a cura di Ester Coen, attraversa la rottura che il &#8217;68 ha creato con il passato, ma anche i nuovi&#8230;  <a class=\"excerpt-read-more\" href=\"https:\/\/www.unirufa.it\/es\/2017\/10\/05\/__trashed\/\" title=\"Read Inaugurata la mostra \u201c\u00e8 solo un inizio. 1968\u201d. Tra i curatori e autori del giornale\/catalogo, anche il docente Nicolas Martino.\">Find out more<\/a><\/p>\n","protected":false},"author":1,"featured_media":13522,"comment_status":"closed","ping_status":"closed","sticky":false,"template":"","format":"standard","meta":{"content-type":"","footnotes":""},"categories":[937],"tags":[],"class_list":["post-13520","post","type-post","status-publish","format-standard","has-post-thumbnail","hentry","category-pittura-scultura"],"yoast_head":"<!-- This site is optimized with the Yoast SEO plugin v24.2 - https:\/\/yoast.com\/wordpress\/plugins\/seo\/ -->\n<title>Inaugurata la mostra \u201c\u00e8 solo un inizio. 1968\u201d. Tra i curatori e autori del giornale\/catalogo, anche il docente Nicolas Martino. - RUFA - Rome University of Fine Arts<\/title>\n<meta name=\"robots\" content=\"index, follow, max-snippet:-1, max-image-preview:large, max-video-preview:-1\" \/>\n<link rel=\"canonical\" href=\"https:\/\/www.unirufa.it\/en\/2017\/10\/05\/__trashed\/\" \/>\n<meta property=\"og:locale\" content=\"es_ES\" \/>\n<meta property=\"og:type\" content=\"article\" \/>\n<meta property=\"og:title\" content=\"Inaugurata la mostra \u201c\u00e8 solo un inizio. 1968\u201d. Tra i curatori e autori del giornale\/catalogo, anche il docente Nicolas Martino. - RUFA - Rome University of Fine Arts\" \/>\n<meta property=\"og:description\" content=\"Disculpa, pero esta entrada est\u00e1 disponible s\u00f3lo en IT y EN.Dal 3 ottobre 2017 e fino al 14 gennaio 2018, alla Galleria Nazionale di Arte Moderna e Contemporanea \u00e8 in mostra il \u201968. La mostra, a cura di Ester Coen, attraversa la rottura che il &#8217;68 ha creato con il passato, ma anche i nuovi... Find out more\" \/>\n<meta property=\"og:url\" content=\"https:\/\/www.unirufa.it\/en\/2017\/10\/05\/__trashed\/\" \/>\n<meta property=\"og:site_name\" content=\"RUFA - Rome University of Fine Arts\" \/>\n<meta property=\"article:published_time\" content=\"2017-10-05T08:02:01+00:00\" \/>\n<meta property=\"article:modified_time\" content=\"2020-11-16T15:37:19+00:00\" \/>\n<meta property=\"og:image\" content=\"https:\/\/www.unirufa.it\/wp-content\/uploads\/2017\/10\/1968_mostra_galleria_nazionale.jpg\" \/>\n\t<meta property=\"og:image:width\" content=\"1050\" \/>\n\t<meta property=\"og:image:height\" content=\"600\" \/>\n\t<meta property=\"og:image:type\" content=\"image\/jpeg\" \/>\n<meta name=\"author\" content=\"rufa\" \/>\n<meta name=\"twitter:label1\" content=\"Escrito por\" \/>\n\t<meta name=\"twitter:data1\" content=\"rufa\" \/>\n\t<meta name=\"twitter:label2\" content=\"Tiempo de lectura\" \/>\n\t<meta name=\"twitter:data2\" content=\"2 minutos\" \/>\n<script type=\"application\/ld+json\" class=\"yoast-schema-graph\">{\"@context\":\"https:\/\/schema.org\",\"@graph\":[{\"@type\":\"WebPage\",\"@id\":\"https:\/\/www.unirufa.it\/en\/2017\/10\/05\/__trashed\/\",\"url\":\"https:\/\/www.unirufa.it\/en\/2017\/10\/05\/__trashed\/\",\"name\":\"Inaugurata la mostra \u201c\u00e8 solo un inizio. 1968\u201d. Tra i curatori e autori del giornale\/catalogo, anche il docente Nicolas Martino. - RUFA - Rome University of Fine Arts\",\"isPartOf\":{\"@id\":\"https:\/\/www.unirufa.it\/#website\"},\"primaryImageOfPage\":{\"@id\":\"https:\/\/www.unirufa.it\/en\/2017\/10\/05\/__trashed\/#primaryimage\"},\"image\":{\"@id\":\"https:\/\/www.unirufa.it\/en\/2017\/10\/05\/__trashed\/#primaryimage\"},\"thumbnailUrl\":\"https:\/\/www.unirufa.it\/wp-content\/uploads\/2017\/10\/1968_mostra_galleria_nazionale.jpg\",\"datePublished\":\"2017-10-05T08:02:01+00:00\",\"dateModified\":\"2020-11-16T15:37:19+00:00\",\"author\":{\"@id\":\"https:\/\/www.unirufa.it\/#\/schema\/person\/df501afc19e72ccaeeaaec268b0c5917\"},\"breadcrumb\":{\"@id\":\"https:\/\/www.unirufa.it\/en\/2017\/10\/05\/__trashed\/#breadcrumb\"},\"inLanguage\":\"es\",\"potentialAction\":[{\"@type\":\"ReadAction\",\"target\":[\"https:\/\/www.unirufa.it\/en\/2017\/10\/05\/__trashed\/\"]}]},{\"@type\":\"ImageObject\",\"inLanguage\":\"es\",\"@id\":\"https:\/\/www.unirufa.it\/en\/2017\/10\/05\/__trashed\/#primaryimage\",\"url\":\"https:\/\/www.unirufa.it\/wp-content\/uploads\/2017\/10\/1968_mostra_galleria_nazionale.jpg\",\"contentUrl\":\"https:\/\/www.unirufa.it\/wp-content\/uploads\/2017\/10\/1968_mostra_galleria_nazionale.jpg\",\"width\":1050,\"height\":600},{\"@type\":\"BreadcrumbList\",\"@id\":\"https:\/\/www.unirufa.it\/en\/2017\/10\/05\/__trashed\/#breadcrumb\",\"itemListElement\":[{\"@type\":\"ListItem\",\"position\":1,\"name\":\"Home\",\"item\":\"https:\/\/www.unirufa.it\/\"},{\"@type\":\"ListItem\",\"position\":2,\"name\":\"Inaugurated the exhibition &#8220;is just a start. 1968\u201d. Among the curators and authors of the journal\/catalogue, also the teacher Nicolas Martino.\"}]},{\"@type\":\"WebSite\",\"@id\":\"https:\/\/www.unirufa.it\/#website\",\"url\":\"https:\/\/www.unirufa.it\/\",\"name\":\"RUFA - Rome University of Fine Arts\",\"description\":\"\",\"potentialAction\":[{\"@type\":\"SearchAction\",\"target\":{\"@type\":\"EntryPoint\",\"urlTemplate\":\"https:\/\/www.unirufa.it\/?s={search_term_string}\"},\"query-input\":{\"@type\":\"PropertyValueSpecification\",\"valueRequired\":true,\"valueName\":\"search_term_string\"}}],\"inLanguage\":\"es\"},{\"@type\":\"Person\",\"@id\":\"https:\/\/www.unirufa.it\/#\/schema\/person\/df501afc19e72ccaeeaaec268b0c5917\",\"name\":\"rufa\",\"image\":{\"@type\":\"ImageObject\",\"inLanguage\":\"es\",\"@id\":\"https:\/\/www.unirufa.it\/#\/schema\/person\/image\/\",\"url\":\"https:\/\/secure.gravatar.com\/avatar\/7f7ea0eea9301536a533fa1d7ea507b9?s=96&d=mm&r=g\",\"contentUrl\":\"https:\/\/secure.gravatar.com\/avatar\/7f7ea0eea9301536a533fa1d7ea507b9?s=96&d=mm&r=g\",\"caption\":\"rufa\"},\"url\":\"https:\/\/www.unirufa.it\/es\/author\/rufa\/\"}]}<\/script>\n<!-- \/ Yoast SEO plugin. -->","yoast_head_json":{"title":"Inaugurata la mostra \u201c\u00e8 solo un inizio. 1968\u201d. Tra i curatori e autori del giornale\/catalogo, anche il docente Nicolas Martino. - RUFA - Rome University of Fine Arts","robots":{"index":"index","follow":"follow","max-snippet":"max-snippet:-1","max-image-preview":"max-image-preview:large","max-video-preview":"max-video-preview:-1"},"canonical":"https:\/\/www.unirufa.it\/en\/2017\/10\/05\/__trashed\/","og_locale":"es_ES","og_type":"article","og_title":"Inaugurata la mostra \u201c\u00e8 solo un inizio. 1968\u201d. Tra i curatori e autori del giornale\/catalogo, anche il docente Nicolas Martino. - RUFA - Rome University of Fine Arts","og_description":"Disculpa, pero esta entrada est\u00e1 disponible s\u00f3lo en IT y EN.Dal 3 ottobre 2017 e fino al 14 gennaio 2018, alla Galleria Nazionale di Arte Moderna e Contemporanea \u00e8 in mostra il \u201968. La mostra, a cura di Ester Coen, attraversa la rottura che il &#8217;68 ha creato con il passato, ma anche i nuovi... Find out more","og_url":"https:\/\/www.unirufa.it\/en\/2017\/10\/05\/__trashed\/","og_site_name":"RUFA - Rome University of Fine Arts","article_published_time":"2017-10-05T08:02:01+00:00","article_modified_time":"2020-11-16T15:37:19+00:00","og_image":[{"width":1050,"height":600,"url":"https:\/\/www.unirufa.it\/wp-content\/uploads\/2017\/10\/1968_mostra_galleria_nazionale.jpg","type":"image\/jpeg"}],"author":"rufa","twitter_misc":{"Escrito por":"rufa","Tiempo de lectura":"2 minutos"},"schema":{"@context":"https:\/\/schema.org","@graph":[{"@type":"WebPage","@id":"https:\/\/www.unirufa.it\/en\/2017\/10\/05\/__trashed\/","url":"https:\/\/www.unirufa.it\/en\/2017\/10\/05\/__trashed\/","name":"Inaugurata la mostra \u201c\u00e8 solo un inizio. 1968\u201d. Tra i curatori e autori del giornale\/catalogo, anche il docente Nicolas Martino. - RUFA - Rome University of Fine Arts","isPartOf":{"@id":"https:\/\/www.unirufa.it\/#website"},"primaryImageOfPage":{"@id":"https:\/\/www.unirufa.it\/en\/2017\/10\/05\/__trashed\/#primaryimage"},"image":{"@id":"https:\/\/www.unirufa.it\/en\/2017\/10\/05\/__trashed\/#primaryimage"},"thumbnailUrl":"https:\/\/www.unirufa.it\/wp-content\/uploads\/2017\/10\/1968_mostra_galleria_nazionale.jpg","datePublished":"2017-10-05T08:02:01+00:00","dateModified":"2020-11-16T15:37:19+00:00","author":{"@id":"https:\/\/www.unirufa.it\/#\/schema\/person\/df501afc19e72ccaeeaaec268b0c5917"},"breadcrumb":{"@id":"https:\/\/www.unirufa.it\/en\/2017\/10\/05\/__trashed\/#breadcrumb"},"inLanguage":"es","potentialAction":[{"@type":"ReadAction","target":["https:\/\/www.unirufa.it\/en\/2017\/10\/05\/__trashed\/"]}]},{"@type":"ImageObject","inLanguage":"es","@id":"https:\/\/www.unirufa.it\/en\/2017\/10\/05\/__trashed\/#primaryimage","url":"https:\/\/www.unirufa.it\/wp-content\/uploads\/2017\/10\/1968_mostra_galleria_nazionale.jpg","contentUrl":"https:\/\/www.unirufa.it\/wp-content\/uploads\/2017\/10\/1968_mostra_galleria_nazionale.jpg","width":1050,"height":600},{"@type":"BreadcrumbList","@id":"https:\/\/www.unirufa.it\/en\/2017\/10\/05\/__trashed\/#breadcrumb","itemListElement":[{"@type":"ListItem","position":1,"name":"Home","item":"https:\/\/www.unirufa.it\/"},{"@type":"ListItem","position":2,"name":"Inaugurated the exhibition &#8220;is just a start. 1968\u201d. Among the curators and authors of the journal\/catalogue, also the teacher Nicolas Martino."}]},{"@type":"WebSite","@id":"https:\/\/www.unirufa.it\/#website","url":"https:\/\/www.unirufa.it\/","name":"RUFA - Rome University of Fine Arts","description":"","potentialAction":[{"@type":"SearchAction","target":{"@type":"EntryPoint","urlTemplate":"https:\/\/www.unirufa.it\/?s={search_term_string}"},"query-input":{"@type":"PropertyValueSpecification","valueRequired":true,"valueName":"search_term_string"}}],"inLanguage":"es"},{"@type":"Person","@id":"https:\/\/www.unirufa.it\/#\/schema\/person\/df501afc19e72ccaeeaaec268b0c5917","name":"rufa","image":{"@type":"ImageObject","inLanguage":"es","@id":"https:\/\/www.unirufa.it\/#\/schema\/person\/image\/","url":"https:\/\/secure.gravatar.com\/avatar\/7f7ea0eea9301536a533fa1d7ea507b9?s=96&d=mm&r=g","contentUrl":"https:\/\/secure.gravatar.com\/avatar\/7f7ea0eea9301536a533fa1d7ea507b9?s=96&d=mm&r=g","caption":"rufa"},"url":"https:\/\/www.unirufa.it\/es\/author\/rufa\/"}]}},"_links":{"self":[{"href":"https:\/\/www.unirufa.it\/es\/wp-json\/wp\/v2\/posts\/13520","targetHints":{"allow":["GET"]}}],"collection":[{"href":"https:\/\/www.unirufa.it\/es\/wp-json\/wp\/v2\/posts"}],"about":[{"href":"https:\/\/www.unirufa.it\/es\/wp-json\/wp\/v2\/types\/post"}],"author":[{"embeddable":true,"href":"https:\/\/www.unirufa.it\/es\/wp-json\/wp\/v2\/users\/1"}],"replies":[{"embeddable":true,"href":"https:\/\/www.unirufa.it\/es\/wp-json\/wp\/v2\/comments?post=13520"}],"version-history":[{"count":6,"href":"https:\/\/www.unirufa.it\/es\/wp-json\/wp\/v2\/posts\/13520\/revisions"}],"predecessor-version":[{"id":34552,"href":"https:\/\/www.unirufa.it\/es\/wp-json\/wp\/v2\/posts\/13520\/revisions\/34552"}],"wp:featuredmedia":[{"embeddable":true,"href":"https:\/\/www.unirufa.it\/es\/wp-json\/wp\/v2\/media\/13522"}],"wp:attachment":[{"href":"https:\/\/www.unirufa.it\/es\/wp-json\/wp\/v2\/media?parent=13520"}],"wp:term":[{"taxonomy":"category","embeddable":true,"href":"https:\/\/www.unirufa.it\/es\/wp-json\/wp\/v2\/categories?post=13520"},{"taxonomy":"post_tag","embeddable":true,"href":"https:\/\/www.unirufa.it\/es\/wp-json\/wp\/v2\/tags?post=13520"}],"curies":[{"name":"wp","href":"https:\/\/api.w.org\/{rel}","templated":true}]}}