


{"id":135217,"date":"2024-06-18T10:19:01","date_gmt":"2024-06-18T08:19:01","guid":{"rendered":"https:\/\/www.unirufa.it\/?p=135217"},"modified":"2024-06-20T15:16:40","modified_gmt":"2024-06-20T13:16:40","slug":"rufa-presente-alledizione-2024-dellewic","status":"publish","type":"post","link":"https:\/\/www.unirufa.it\/es\/2024\/06\/18\/rufa-presente-alledizione-2024-dellewic\/","title":{"rendered":"RUFA presente all\u2019edizione 2024 dell\u2019EWIC"},"content":{"rendered":"<p class=\"qtranxs-available-languages-message qtranxs-available-languages-message-es\">Disculpa, pero esta entrada est\u00e1 disponible s\u00f3lo en <a href=\"https:\/\/www.unirufa.it\/it\/wp-json\/wp\/v2\/posts\/135217\" class=\"qtranxs-available-language-link qtranxs-available-language-link-it\" title=\"IT\">IT<\/a> y <a href=\"https:\/\/www.unirufa.it\/en\/wp-json\/wp\/v2\/posts\/135217\" class=\"qtranxs-available-language-link qtranxs-available-language-link-en\" title=\"EN\">EN<\/a>.<\/p>RUFA era presente all\u2019ultima edizione del <a href=\"https:\/\/easyconferences.eu\/ewic2024\/\" rel=\"noopener\" target=\"_blank\"><strong>Congresso di Neuroscienze EWIC 2024<\/strong><\/a>, che si \u00e8 tenuto nei giorni scorsi a Napoli.<br \/>\nLa ricerca dal titolo <em>\u201c<strong>Exploring object visualization abilities in artistic domains<\/strong>\u201d<\/em>, curata tra gli altri dallo psicologo psicoterapeuta Ren\u00e8 Angeramo, reponsabile del settore Orientamento in RUFA, \u00e8 stato oggetto di presentazione e confronto, ricevendo particolari apprezzamenti dagli studiosi presenti.<\/p>\n<p>\u00abIl lavoro di ricerca \u2013 spiega lo stesso Angeramo &#8211; che ci vede coinvolti con i ricercatori dell\u2019<strong>Universit\u00e0 La Sapienza<\/strong> di Roma, la <strong>National University of Singapore<\/strong> e l\u2019<strong>Harvard Medical School<\/strong> \u00e8 stato presentato nell\u2019ambito del prestigioso congresso internazionale <strong>EWIC &#8211; European Workshop on Imagery and Cognition<\/strong>. Si tratta di un evento che rappresenta un&#8217;importante pietra miliare per RUFA che, con l&#8217;occasione, mette a segno la prima pubblicazione per il team di ricerca. <\/p>\n<p>La presentazione mi vede come co-autore, insieme ad altri illustri ricercatori provenienti da universit\u00e0 di fama mondiale. Lo studio si concentra sulle abilit\u00e0 di visualizzazione degli oggetti nei diversi domini artistici, esaminando come tali capacit\u00e0 influenzano e vengono influenzate dalle diverse specializzazioni artistiche. Questo studio offre <strong>nuove prospettive sull&#8217;interazione tra arte e neuroscienze<\/strong>, con implicazioni significative per l&#8217;educazione artistica e la pratica professionale. Nelle prossime settimane seguir\u00e0 la realizzazione di un paper internazionale e, attraverso i risultati, si andr\u00e0 a strutturare un percorso di orientamento finalizzato a fornire un servizio di consulenza sulla base delle <strong>reali attitudini e potenzialit\u00e0 degli studenti <\/strong>interessati a svolgere un percorso di studio con RUFA. La partecipazione di RUFA a EWIC 2024 non solo sottolinea l&#8217;importanza della ricerca interdisciplinare, ma offre anche un&#8217;opportunit\u00e0 unica di visibilit\u00e0 e collaborazione internazionale di cui fare tesoro\u00bb.<br \/>\n&nbsp;<br \/>\n<a class=\"download-btn full\" href=\"https:\/\/www.unirufa.it\/esplorazione-delle-dimensioni-della-creativita-e-della-visualizzazione\/\" target=\"_blank\" rel=\"noopener noreferrer\">SCOPRI DI PI\u00f9 sul progetto di ricerca in corso<\/a><br \/>\n&nbsp;<br \/>\n&nbsp;<\/p>\n<h3>PARTNER<\/h3>\n<div class=\"col-md-4\">\n<a href=\"https:\/\/www.unirufa.it\/wp-content\/uploads\/2023\/04\/nus_logo_full-horizontal-copia.jpg\"><img decoding=\"async\" class=\"alignnone size-medium wp-image-30173\" src=\"https:\/\/www.unirufa.it\/wp-content\/uploads\/2023\/04\/nus_logo_full-horizontal-copia.jpg\" alt=\"\" width=\"100%\" height=\"auto\" \/><\/a>\n<\/div>\n<div class=\"col-md-4\">\n<a href=\"https:\/\/www.unirufa.it\/wp-content\/uploads\/2023\/04\/hms_logo_final_rgb_0-copia.jpg\"><img decoding=\"async\" class=\"alignnone size-medium wp-image-30173\" src=\"https:\/\/www.unirufa.it\/wp-content\/uploads\/2023\/04\/hms_logo_final_rgb_0-copia.jpg\" alt=\"\" width=\"100%\" height=\"auto\" \/><\/a>\n<\/div>\n<p>&nbsp;<br \/>\n&nbsp;","protected":false},"excerpt":{"rendered":"<p>Disculpa, pero esta entrada est\u00e1 disponible s\u00f3lo en IT y EN.RUFA era presente all\u2019ultima edizione del Congresso di Neuroscienze EWIC 2024, che si \u00e8 tenuto nei giorni scorsi a Napoli. La ricerca dal titolo \u201cExploring object visualization abilities in artistic domains\u201d, curata tra gli altri dallo psicologo psicoterapeuta Ren\u00e8 Angeramo, reponsabile del settore Orientamento in&#8230;  <a class=\"excerpt-read-more\" href=\"https:\/\/www.unirufa.it\/es\/2024\/06\/18\/rufa-presente-alledizione-2024-dellewic\/\" title=\"Read RUFA presente all\u2019edizione 2024 dell\u2019EWIC\">Find out more<\/a><\/p>\n","protected":false},"author":28,"featured_media":99422,"comment_status":"closed","ping_status":"closed","sticky":false,"template":"","format":"standard","meta":{"content-type":"","footnotes":""},"categories":[1629],"tags":[],"class_list":["post-135217","post","type-post","status-publish","format-standard","has-post-thumbnail","hentry","category-accademia"],"yoast_head":"<!-- This site is optimized with the Yoast SEO plugin v24.2 - https:\/\/yoast.com\/wordpress\/plugins\/seo\/ -->\n<title>RUFA presente all\u2019edizione 2024 dell\u2019EWIC - RUFA - Rome University of Fine Arts<\/title>\n<meta name=\"robots\" content=\"index, follow, max-snippet:-1, max-image-preview:large, max-video-preview:-1\" \/>\n<link rel=\"canonical\" href=\"https:\/\/www.unirufa.it\/2024\/06\/18\/rufa-presente-alledizione-2024-dellewic\/\" \/>\n<meta property=\"og:locale\" content=\"es_ES\" \/>\n<meta property=\"og:type\" content=\"article\" \/>\n<meta property=\"og:title\" content=\"RUFA presente all\u2019edizione 2024 dell\u2019EWIC - RUFA - Rome University of Fine Arts\" \/>\n<meta property=\"og:description\" content=\"Disculpa, pero esta entrada est\u00e1 disponible s\u00f3lo en IT y EN.RUFA era presente all\u2019ultima edizione del Congresso di Neuroscienze EWIC 2024, che si \u00e8 tenuto nei giorni scorsi a Napoli. La ricerca dal titolo \u201cExploring object visualization abilities in artistic domains\u201d, curata tra gli altri dallo psicologo psicoterapeuta Ren\u00e8 Angeramo, reponsabile del settore Orientamento in... Find out more\" \/>\n<meta property=\"og:url\" content=\"https:\/\/www.unirufa.it\/2024\/06\/18\/rufa-presente-alledizione-2024-dellewic\/\" \/>\n<meta property=\"og:site_name\" content=\"RUFA - Rome University of Fine Arts\" \/>\n<meta property=\"article:published_time\" content=\"2024-06-18T08:19:01+00:00\" \/>\n<meta property=\"article:modified_time\" content=\"2024-06-20T13:16:40+00:00\" \/>\n<meta property=\"og:image\" content=\"https:\/\/www.unirufa.it\/wp-content\/uploads\/2023\/04\/1050X600_NSU-HARVARD.jpg\" \/>\n\t<meta property=\"og:image:width\" content=\"1050\" \/>\n\t<meta property=\"og:image:height\" content=\"600\" \/>\n\t<meta property=\"og:image:type\" content=\"image\/jpeg\" \/>\n<meta name=\"author\" content=\"Claudia Vitali\" \/>\n<meta name=\"twitter:label1\" content=\"Escrito por\" \/>\n\t<meta name=\"twitter:data1\" content=\"Claudia Vitali\" \/>\n\t<meta name=\"twitter:label2\" content=\"Tiempo de lectura\" \/>\n\t<meta name=\"twitter:data2\" content=\"3 minutos\" \/>\n<script type=\"application\/ld+json\" class=\"yoast-schema-graph\">{\"@context\":\"https:\/\/schema.org\",\"@graph\":[{\"@type\":\"WebPage\",\"@id\":\"https:\/\/www.unirufa.it\/2024\/06\/18\/rufa-presente-alledizione-2024-dellewic\/\",\"url\":\"https:\/\/www.unirufa.it\/2024\/06\/18\/rufa-presente-alledizione-2024-dellewic\/\",\"name\":\"RUFA presente all\u2019edizione 2024 dell\u2019EWIC - RUFA - Rome University of Fine Arts\",\"isPartOf\":{\"@id\":\"https:\/\/www.unirufa.it\/#website\"},\"primaryImageOfPage\":{\"@id\":\"https:\/\/www.unirufa.it\/2024\/06\/18\/rufa-presente-alledizione-2024-dellewic\/#primaryimage\"},\"image\":{\"@id\":\"https:\/\/www.unirufa.it\/2024\/06\/18\/rufa-presente-alledizione-2024-dellewic\/#primaryimage\"},\"thumbnailUrl\":\"https:\/\/www.unirufa.it\/wp-content\/uploads\/2023\/04\/1050X600_NSU-HARVARD.jpg\",\"datePublished\":\"2024-06-18T08:19:01+00:00\",\"dateModified\":\"2024-06-20T13:16:40+00:00\",\"author\":{\"@id\":\"https:\/\/www.unirufa.it\/#\/schema\/person\/d5c03e37606740dff84050c97a46c80e\"},\"breadcrumb\":{\"@id\":\"https:\/\/www.unirufa.it\/2024\/06\/18\/rufa-presente-alledizione-2024-dellewic\/#breadcrumb\"},\"inLanguage\":\"es\",\"potentialAction\":[{\"@type\":\"ReadAction\",\"target\":[\"https:\/\/www.unirufa.it\/2024\/06\/18\/rufa-presente-alledizione-2024-dellewic\/\"]}]},{\"@type\":\"ImageObject\",\"inLanguage\":\"es\",\"@id\":\"https:\/\/www.unirufa.it\/2024\/06\/18\/rufa-presente-alledizione-2024-dellewic\/#primaryimage\",\"url\":\"https:\/\/www.unirufa.it\/wp-content\/uploads\/2023\/04\/1050X600_NSU-HARVARD.jpg\",\"contentUrl\":\"https:\/\/www.unirufa.it\/wp-content\/uploads\/2023\/04\/1050X600_NSU-HARVARD.jpg\",\"width\":1050,\"height\":600,\"caption\":\"NUS HARVARD\"},{\"@type\":\"BreadcrumbList\",\"@id\":\"https:\/\/www.unirufa.it\/2024\/06\/18\/rufa-presente-alledizione-2024-dellewic\/#breadcrumb\",\"itemListElement\":[{\"@type\":\"ListItem\",\"position\":1,\"name\":\"Home\",\"item\":\"https:\/\/www.unirufa.it\/\"},{\"@type\":\"ListItem\",\"position\":2,\"name\":\"RUFA presente all\u2019edizione 2024 dell\u2019EWIC\"}]},{\"@type\":\"WebSite\",\"@id\":\"https:\/\/www.unirufa.it\/#website\",\"url\":\"https:\/\/www.unirufa.it\/\",\"name\":\"RUFA - Rome University of Fine Arts\",\"description\":\"\",\"potentialAction\":[{\"@type\":\"SearchAction\",\"target\":{\"@type\":\"EntryPoint\",\"urlTemplate\":\"https:\/\/www.unirufa.it\/?s={search_term_string}\"},\"query-input\":{\"@type\":\"PropertyValueSpecification\",\"valueRequired\":true,\"valueName\":\"search_term_string\"}}],\"inLanguage\":\"es\"},{\"@type\":\"Person\",\"@id\":\"https:\/\/www.unirufa.it\/#\/schema\/person\/d5c03e37606740dff84050c97a46c80e\",\"name\":\"Claudia Vitali\",\"image\":{\"@type\":\"ImageObject\",\"inLanguage\":\"es\",\"@id\":\"https:\/\/www.unirufa.it\/#\/schema\/person\/image\/\",\"url\":\"https:\/\/secure.gravatar.com\/avatar\/9bd058a2b55efbe5f9e6b68b196c59f4?s=96&d=mm&r=g\",\"contentUrl\":\"https:\/\/secure.gravatar.com\/avatar\/9bd058a2b55efbe5f9e6b68b196c59f4?s=96&d=mm&r=g\",\"caption\":\"Claudia Vitali\"},\"url\":\"https:\/\/www.unirufa.it\/es\/author\/claudia\/\"}]}<\/script>\n<!-- \/ Yoast SEO plugin. -->","yoast_head_json":{"title":"RUFA presente all\u2019edizione 2024 dell\u2019EWIC - RUFA - Rome University of Fine Arts","robots":{"index":"index","follow":"follow","max-snippet":"max-snippet:-1","max-image-preview":"max-image-preview:large","max-video-preview":"max-video-preview:-1"},"canonical":"https:\/\/www.unirufa.it\/2024\/06\/18\/rufa-presente-alledizione-2024-dellewic\/","og_locale":"es_ES","og_type":"article","og_title":"RUFA presente all\u2019edizione 2024 dell\u2019EWIC - RUFA - Rome University of Fine Arts","og_description":"Disculpa, pero esta entrada est\u00e1 disponible s\u00f3lo en IT y EN.RUFA era presente all\u2019ultima edizione del Congresso di Neuroscienze EWIC 2024, che si \u00e8 tenuto nei giorni scorsi a Napoli. La ricerca dal titolo \u201cExploring object visualization abilities in artistic domains\u201d, curata tra gli altri dallo psicologo psicoterapeuta Ren\u00e8 Angeramo, reponsabile del settore Orientamento in... Find out more","og_url":"https:\/\/www.unirufa.it\/2024\/06\/18\/rufa-presente-alledizione-2024-dellewic\/","og_site_name":"RUFA - Rome University of Fine Arts","article_published_time":"2024-06-18T08:19:01+00:00","article_modified_time":"2024-06-20T13:16:40+00:00","og_image":[{"width":1050,"height":600,"url":"https:\/\/www.unirufa.it\/wp-content\/uploads\/2023\/04\/1050X600_NSU-HARVARD.jpg","type":"image\/jpeg"}],"author":"Claudia Vitali","twitter_misc":{"Escrito por":"Claudia Vitali","Tiempo de lectura":"3 minutos"},"schema":{"@context":"https:\/\/schema.org","@graph":[{"@type":"WebPage","@id":"https:\/\/www.unirufa.it\/2024\/06\/18\/rufa-presente-alledizione-2024-dellewic\/","url":"https:\/\/www.unirufa.it\/2024\/06\/18\/rufa-presente-alledizione-2024-dellewic\/","name":"RUFA presente all\u2019edizione 2024 dell\u2019EWIC - RUFA - Rome University of Fine Arts","isPartOf":{"@id":"https:\/\/www.unirufa.it\/#website"},"primaryImageOfPage":{"@id":"https:\/\/www.unirufa.it\/2024\/06\/18\/rufa-presente-alledizione-2024-dellewic\/#primaryimage"},"image":{"@id":"https:\/\/www.unirufa.it\/2024\/06\/18\/rufa-presente-alledizione-2024-dellewic\/#primaryimage"},"thumbnailUrl":"https:\/\/www.unirufa.it\/wp-content\/uploads\/2023\/04\/1050X600_NSU-HARVARD.jpg","datePublished":"2024-06-18T08:19:01+00:00","dateModified":"2024-06-20T13:16:40+00:00","author":{"@id":"https:\/\/www.unirufa.it\/#\/schema\/person\/d5c03e37606740dff84050c97a46c80e"},"breadcrumb":{"@id":"https:\/\/www.unirufa.it\/2024\/06\/18\/rufa-presente-alledizione-2024-dellewic\/#breadcrumb"},"inLanguage":"es","potentialAction":[{"@type":"ReadAction","target":["https:\/\/www.unirufa.it\/2024\/06\/18\/rufa-presente-alledizione-2024-dellewic\/"]}]},{"@type":"ImageObject","inLanguage":"es","@id":"https:\/\/www.unirufa.it\/2024\/06\/18\/rufa-presente-alledizione-2024-dellewic\/#primaryimage","url":"https:\/\/www.unirufa.it\/wp-content\/uploads\/2023\/04\/1050X600_NSU-HARVARD.jpg","contentUrl":"https:\/\/www.unirufa.it\/wp-content\/uploads\/2023\/04\/1050X600_NSU-HARVARD.jpg","width":1050,"height":600,"caption":"NUS HARVARD"},{"@type":"BreadcrumbList","@id":"https:\/\/www.unirufa.it\/2024\/06\/18\/rufa-presente-alledizione-2024-dellewic\/#breadcrumb","itemListElement":[{"@type":"ListItem","position":1,"name":"Home","item":"https:\/\/www.unirufa.it\/"},{"@type":"ListItem","position":2,"name":"RUFA presente all\u2019edizione 2024 dell\u2019EWIC"}]},{"@type":"WebSite","@id":"https:\/\/www.unirufa.it\/#website","url":"https:\/\/www.unirufa.it\/","name":"RUFA - Rome University of Fine Arts","description":"","potentialAction":[{"@type":"SearchAction","target":{"@type":"EntryPoint","urlTemplate":"https:\/\/www.unirufa.it\/?s={search_term_string}"},"query-input":{"@type":"PropertyValueSpecification","valueRequired":true,"valueName":"search_term_string"}}],"inLanguage":"es"},{"@type":"Person","@id":"https:\/\/www.unirufa.it\/#\/schema\/person\/d5c03e37606740dff84050c97a46c80e","name":"Claudia Vitali","image":{"@type":"ImageObject","inLanguage":"es","@id":"https:\/\/www.unirufa.it\/#\/schema\/person\/image\/","url":"https:\/\/secure.gravatar.com\/avatar\/9bd058a2b55efbe5f9e6b68b196c59f4?s=96&d=mm&r=g","contentUrl":"https:\/\/secure.gravatar.com\/avatar\/9bd058a2b55efbe5f9e6b68b196c59f4?s=96&d=mm&r=g","caption":"Claudia Vitali"},"url":"https:\/\/www.unirufa.it\/es\/author\/claudia\/"}]}},"_links":{"self":[{"href":"https:\/\/www.unirufa.it\/es\/wp-json\/wp\/v2\/posts\/135217","targetHints":{"allow":["GET"]}}],"collection":[{"href":"https:\/\/www.unirufa.it\/es\/wp-json\/wp\/v2\/posts"}],"about":[{"href":"https:\/\/www.unirufa.it\/es\/wp-json\/wp\/v2\/types\/post"}],"author":[{"embeddable":true,"href":"https:\/\/www.unirufa.it\/es\/wp-json\/wp\/v2\/users\/28"}],"replies":[{"embeddable":true,"href":"https:\/\/www.unirufa.it\/es\/wp-json\/wp\/v2\/comments?post=135217"}],"version-history":[{"count":10,"href":"https:\/\/www.unirufa.it\/es\/wp-json\/wp\/v2\/posts\/135217\/revisions"}],"predecessor-version":[{"id":135775,"href":"https:\/\/www.unirufa.it\/es\/wp-json\/wp\/v2\/posts\/135217\/revisions\/135775"}],"wp:featuredmedia":[{"embeddable":true,"href":"https:\/\/www.unirufa.it\/es\/wp-json\/wp\/v2\/media\/99422"}],"wp:attachment":[{"href":"https:\/\/www.unirufa.it\/es\/wp-json\/wp\/v2\/media?parent=135217"}],"wp:term":[{"taxonomy":"category","embeddable":true,"href":"https:\/\/www.unirufa.it\/es\/wp-json\/wp\/v2\/categories?post=135217"},{"taxonomy":"post_tag","embeddable":true,"href":"https:\/\/www.unirufa.it\/es\/wp-json\/wp\/v2\/tags?post=135217"}],"curies":[{"name":"wp","href":"https:\/\/api.w.org\/{rel}","templated":true}]}}