


{"id":144058,"date":"2025-04-09T13:52:31","date_gmt":"2025-04-09T11:52:31","guid":{"rendered":"https:\/\/www.unirufa.it\/?p=144058"},"modified":"2025-06-12T15:34:46","modified_gmt":"2025-06-12T13:34:46","slug":"live-artena-2025-open-call","status":"publish","type":"post","link":"https:\/\/www.unirufa.it\/es\/2025\/04\/09\/live-artena-2025-open-call\/","title":{"rendered":"LIVE ARTENA 2025 | Open Call per studenti RUFA"},"content":{"rendered":"<h2 style=\"font-size: 18px;\"><span style=\"font-size: 18pt;\">Open call per studenti RUFA \u2013 Candidature aperte fino al 30 aprile<\/span><\/h2>\n<p>RUFA \u00e8 lieta di annunciare la collaborazione con l\u2019Associazione Live Artena in occasione della XIII Edizione del Live Artena \u2013<strong> Festival delle Arti 2025<\/strong>, \u00a0che si svolger\u00e0 nella suggestiva cornice di <strong>Artena<\/strong> nei giorni <strong>18, 19, 25 e 26 luglio 2025.<\/strong><\/p>\n<p>In quest\u2019ambito \u00e8 attualmente attiva un\u2019open call rivolta a giovani artisti emergenti, invitati a proporre le proprie opere da esporre durante il festival.<\/p>\n<p><strong>Grazie alla partnership con RUFA<\/strong>, il Festival selezioner\u00e0 <strong>tre studenti RUFA<\/strong> che <strong>avranno l\u2019opportunit\u00e0 di esporre opere o installazioni autoprodotte negli spazi del festival<\/strong>, entrando a far parte di una rete artistica multidisciplinare e immersiva.<\/p>\n<p><span style=\"font-size: 18pt;\">Tema dell\u2019edizione 2025: Affettivit\u00e0<\/span><br \/>\n<em>\u00abQuante volte ci siamo trovati travolti da un\u2019emozione che non riuscivamo a gestire?\u00bb<\/em><br \/>\nIl tema scelto per questa edizione \u00e8 un invito profondo all\u2019esplorazione dell\u2019universo emotivo umano. Affettivit\u00e0 non \u00e8 soltanto un sentimento dolce o armonioso, ma una tensione costante tra vulnerabilit\u00e0 e forza, caos e consapevolezza. Le emozioni \u2013 anche quelle scomode \u2013 ci rendono pienamente umani. Non vanno soppresse, ma accolte nella loro complessit\u00e0.<\/p>\n<p>Attraverso installazioni, musica, immagini, suoni e performance, il Festival sar\u00e0 un\u2019occasione per riflettere, sentire e condividere la molteplicit\u00e0 delle emozioni che ci abitano. Ogni gesto artistico sar\u00e0 un invito a sentire senza riserve, a immergersi nella bellezza autentica del sentire umano.<\/p>\n<p><span style=\"font-size: 18pt;\">Come partecipare<\/span><br \/>\nIl bando \u00e8 aperto a studenti e giovani artisti che operano nei linguaggi della pittura, illustrazione, fotografia e arti visive in generale. Per candidarsi sar\u00e0 necessario compilare l\u2019apposito modulo di partecipazione che dovr\u00e0 essere inviato<strong> entro e non oltre il 30 aprile 2025<\/strong>. L\u2019opera presentata dovr\u00e0 essere coerente con il tema dell\u2019edizione XIII del Live Artena 2025. Il\u00a0progetto sar\u00e0 inserito all\u2019interno dell\u2019allestimento del festival.<\/p>\n<p><span style=\"font-size: 18pt;\">Premio in palio<\/span><br \/>\nDurante le serate del festival sar\u00e0 inoltre indetto un contest tra tutte le opere esposte.<br \/>\nSolo un progetto verr\u00e0 premiato, con un riconoscimento speciale offerto direttamente dall\u2019Associazione Live Artena.","protected":false},"excerpt":{"rendered":"<p>Open call per studenti RUFA \u2013 Candidature aperte fino al 30 aprile RUFA \u00e8 lieta di annunciare la collaborazione con l\u2019Associazione Live Artena in occasione della XIII Edizione del Live Artena \u2013 Festival delle Arti 2025, \u00a0che si svolger\u00e0 nella suggestiva cornice di Artena nei giorni 18, 19, 25 e 26 luglio 2025. In quest\u2019ambito&#8230;  <a class=\"excerpt-read-more\" href=\"https:\/\/www.unirufa.it\/es\/2025\/04\/09\/live-artena-2025-open-call\/\" title=\"Read LIVE ARTENA 2025 | Open Call per studenti RUFA\">Find out more<\/a><\/p>\n","protected":false},"author":48,"featured_media":144059,"comment_status":"closed","ping_status":"closed","sticky":false,"template":"","format":"standard","meta":{"content-type":"","footnotes":""},"categories":[951],"tags":[],"class_list":["post-144058","post","type-post","status-publish","format-standard","has-post-thumbnail","hentry","category-bandi"],"yoast_head":"<!-- This site is optimized with the Yoast SEO plugin v24.2 - https:\/\/yoast.com\/wordpress\/plugins\/seo\/ -->\n<title>LIVE ARTENA 2025 | Open Call per studenti RUFA - RUFA - Rome University of Fine Arts<\/title>\n<meta name=\"robots\" content=\"index, follow, max-snippet:-1, max-image-preview:large, max-video-preview:-1\" \/>\n<link rel=\"canonical\" href=\"https:\/\/www.unirufa.it\/2025\/04\/09\/live-artena-2025-open-call\/\" \/>\n<meta property=\"og:locale\" content=\"es_ES\" \/>\n<meta property=\"og:type\" content=\"article\" \/>\n<meta property=\"og:title\" content=\"LIVE ARTENA 2025 | Open Call per studenti RUFA - RUFA - Rome University of Fine Arts\" \/>\n<meta property=\"og:description\" content=\"Open call per studenti RUFA \u2013 Candidature aperte fino al 30 aprile RUFA \u00e8 lieta di annunciare la collaborazione con l\u2019Associazione Live Artena in occasione della XIII Edizione del Live Artena \u2013 Festival delle Arti 2025, \u00a0che si svolger\u00e0 nella suggestiva cornice di Artena nei giorni 18, 19, 25 e 26 luglio 2025. In quest\u2019ambito... Find out more\" \/>\n<meta property=\"og:url\" content=\"https:\/\/www.unirufa.it\/2025\/04\/09\/live-artena-2025-open-call\/\" \/>\n<meta property=\"og:site_name\" content=\"RUFA - Rome University of Fine Arts\" \/>\n<meta property=\"article:published_time\" content=\"2025-04-09T11:52:31+00:00\" \/>\n<meta property=\"article:modified_time\" content=\"2025-06-12T13:34:46+00:00\" \/>\n<meta property=\"og:image\" content=\"https:\/\/www.unirufa.it\/wp-content\/uploads\/2025\/04\/LIVE-ARTENA.jpg\" \/>\n\t<meta property=\"og:image:width\" content=\"1050\" \/>\n\t<meta property=\"og:image:height\" content=\"600\" \/>\n\t<meta property=\"og:image:type\" content=\"image\/jpeg\" \/>\n<meta name=\"author\" content=\"Sophie Nardi\" \/>\n<meta name=\"twitter:label1\" content=\"Escrito por\" \/>\n\t<meta name=\"twitter:data1\" content=\"Sophie Nardi\" \/>\n\t<meta name=\"twitter:label2\" content=\"Tiempo de lectura\" \/>\n\t<meta name=\"twitter:data2\" content=\"6 minutos\" \/>\n<script type=\"application\/ld+json\" class=\"yoast-schema-graph\">{\"@context\":\"https:\/\/schema.org\",\"@graph\":[{\"@type\":\"WebPage\",\"@id\":\"https:\/\/www.unirufa.it\/2025\/04\/09\/live-artena-2025-open-call\/\",\"url\":\"https:\/\/www.unirufa.it\/2025\/04\/09\/live-artena-2025-open-call\/\",\"name\":\"LIVE ARTENA 2025 | Open Call per studenti RUFA - RUFA - Rome University of Fine Arts\",\"isPartOf\":{\"@id\":\"https:\/\/www.unirufa.it\/#website\"},\"primaryImageOfPage\":{\"@id\":\"https:\/\/www.unirufa.it\/2025\/04\/09\/live-artena-2025-open-call\/#primaryimage\"},\"image\":{\"@id\":\"https:\/\/www.unirufa.it\/2025\/04\/09\/live-artena-2025-open-call\/#primaryimage\"},\"thumbnailUrl\":\"https:\/\/www.unirufa.it\/wp-content\/uploads\/2025\/04\/LIVE-ARTENA.jpg\",\"datePublished\":\"2025-04-09T11:52:31+00:00\",\"dateModified\":\"2025-06-12T13:34:46+00:00\",\"author\":{\"@id\":\"https:\/\/www.unirufa.it\/#\/schema\/person\/90695180a76f1982f983233b45d89480\"},\"breadcrumb\":{\"@id\":\"https:\/\/www.unirufa.it\/2025\/04\/09\/live-artena-2025-open-call\/#breadcrumb\"},\"inLanguage\":\"es\",\"potentialAction\":[{\"@type\":\"ReadAction\",\"target\":[\"https:\/\/www.unirufa.it\/2025\/04\/09\/live-artena-2025-open-call\/\"]}]},{\"@type\":\"ImageObject\",\"inLanguage\":\"es\",\"@id\":\"https:\/\/www.unirufa.it\/2025\/04\/09\/live-artena-2025-open-call\/#primaryimage\",\"url\":\"https:\/\/www.unirufa.it\/wp-content\/uploads\/2025\/04\/LIVE-ARTENA.jpg\",\"contentUrl\":\"https:\/\/www.unirufa.it\/wp-content\/uploads\/2025\/04\/LIVE-ARTENA.jpg\",\"width\":1050,\"height\":600},{\"@type\":\"BreadcrumbList\",\"@id\":\"https:\/\/www.unirufa.it\/2025\/04\/09\/live-artena-2025-open-call\/#breadcrumb\",\"itemListElement\":[{\"@type\":\"ListItem\",\"position\":1,\"name\":\"Home\",\"item\":\"https:\/\/www.unirufa.it\/\"},{\"@type\":\"ListItem\",\"position\":2,\"name\":\"LIVE ARTENA 2025 | Open Call per studenti RUFA\"}]},{\"@type\":\"WebSite\",\"@id\":\"https:\/\/www.unirufa.it\/#website\",\"url\":\"https:\/\/www.unirufa.it\/\",\"name\":\"RUFA - Rome University of Fine Arts\",\"description\":\"\",\"potentialAction\":[{\"@type\":\"SearchAction\",\"target\":{\"@type\":\"EntryPoint\",\"urlTemplate\":\"https:\/\/www.unirufa.it\/?s={search_term_string}\"},\"query-input\":{\"@type\":\"PropertyValueSpecification\",\"valueRequired\":true,\"valueName\":\"search_term_string\"}}],\"inLanguage\":\"es\"},{\"@type\":\"Person\",\"@id\":\"https:\/\/www.unirufa.it\/#\/schema\/person\/90695180a76f1982f983233b45d89480\",\"name\":\"Sophie Nardi\",\"image\":{\"@type\":\"ImageObject\",\"inLanguage\":\"es\",\"@id\":\"https:\/\/www.unirufa.it\/#\/schema\/person\/image\/\",\"url\":\"https:\/\/secure.gravatar.com\/avatar\/ec6595cac6de726a85ede9b063a2ac2d?s=96&d=mm&r=g\",\"contentUrl\":\"https:\/\/secure.gravatar.com\/avatar\/ec6595cac6de726a85ede9b063a2ac2d?s=96&d=mm&r=g\",\"caption\":\"Sophie Nardi\"},\"url\":\"https:\/\/www.unirufa.it\/es\/author\/sophie\/\"}]}<\/script>\n<!-- \/ Yoast SEO plugin. -->","yoast_head_json":{"title":"LIVE ARTENA 2025 | Open Call per studenti RUFA - RUFA - Rome University of Fine Arts","robots":{"index":"index","follow":"follow","max-snippet":"max-snippet:-1","max-image-preview":"max-image-preview:large","max-video-preview":"max-video-preview:-1"},"canonical":"https:\/\/www.unirufa.it\/2025\/04\/09\/live-artena-2025-open-call\/","og_locale":"es_ES","og_type":"article","og_title":"LIVE ARTENA 2025 | Open Call per studenti RUFA - RUFA - Rome University of Fine Arts","og_description":"Open call per studenti RUFA \u2013 Candidature aperte fino al 30 aprile RUFA \u00e8 lieta di annunciare la collaborazione con l\u2019Associazione Live Artena in occasione della XIII Edizione del Live Artena \u2013 Festival delle Arti 2025, \u00a0che si svolger\u00e0 nella suggestiva cornice di Artena nei giorni 18, 19, 25 e 26 luglio 2025. In quest\u2019ambito... Find out more","og_url":"https:\/\/www.unirufa.it\/2025\/04\/09\/live-artena-2025-open-call\/","og_site_name":"RUFA - Rome University of Fine Arts","article_published_time":"2025-04-09T11:52:31+00:00","article_modified_time":"2025-06-12T13:34:46+00:00","og_image":[{"width":1050,"height":600,"url":"https:\/\/www.unirufa.it\/wp-content\/uploads\/2025\/04\/LIVE-ARTENA.jpg","type":"image\/jpeg"}],"author":"Sophie Nardi","twitter_misc":{"Escrito por":"Sophie Nardi","Tiempo de lectura":"6 minutos"},"schema":{"@context":"https:\/\/schema.org","@graph":[{"@type":"WebPage","@id":"https:\/\/www.unirufa.it\/2025\/04\/09\/live-artena-2025-open-call\/","url":"https:\/\/www.unirufa.it\/2025\/04\/09\/live-artena-2025-open-call\/","name":"LIVE ARTENA 2025 | Open Call per studenti RUFA - RUFA - Rome University of Fine Arts","isPartOf":{"@id":"https:\/\/www.unirufa.it\/#website"},"primaryImageOfPage":{"@id":"https:\/\/www.unirufa.it\/2025\/04\/09\/live-artena-2025-open-call\/#primaryimage"},"image":{"@id":"https:\/\/www.unirufa.it\/2025\/04\/09\/live-artena-2025-open-call\/#primaryimage"},"thumbnailUrl":"https:\/\/www.unirufa.it\/wp-content\/uploads\/2025\/04\/LIVE-ARTENA.jpg","datePublished":"2025-04-09T11:52:31+00:00","dateModified":"2025-06-12T13:34:46+00:00","author":{"@id":"https:\/\/www.unirufa.it\/#\/schema\/person\/90695180a76f1982f983233b45d89480"},"breadcrumb":{"@id":"https:\/\/www.unirufa.it\/2025\/04\/09\/live-artena-2025-open-call\/#breadcrumb"},"inLanguage":"es","potentialAction":[{"@type":"ReadAction","target":["https:\/\/www.unirufa.it\/2025\/04\/09\/live-artena-2025-open-call\/"]}]},{"@type":"ImageObject","inLanguage":"es","@id":"https:\/\/www.unirufa.it\/2025\/04\/09\/live-artena-2025-open-call\/#primaryimage","url":"https:\/\/www.unirufa.it\/wp-content\/uploads\/2025\/04\/LIVE-ARTENA.jpg","contentUrl":"https:\/\/www.unirufa.it\/wp-content\/uploads\/2025\/04\/LIVE-ARTENA.jpg","width":1050,"height":600},{"@type":"BreadcrumbList","@id":"https:\/\/www.unirufa.it\/2025\/04\/09\/live-artena-2025-open-call\/#breadcrumb","itemListElement":[{"@type":"ListItem","position":1,"name":"Home","item":"https:\/\/www.unirufa.it\/"},{"@type":"ListItem","position":2,"name":"LIVE ARTENA 2025 | Open Call per studenti RUFA"}]},{"@type":"WebSite","@id":"https:\/\/www.unirufa.it\/#website","url":"https:\/\/www.unirufa.it\/","name":"RUFA - Rome University of Fine Arts","description":"","potentialAction":[{"@type":"SearchAction","target":{"@type":"EntryPoint","urlTemplate":"https:\/\/www.unirufa.it\/?s={search_term_string}"},"query-input":{"@type":"PropertyValueSpecification","valueRequired":true,"valueName":"search_term_string"}}],"inLanguage":"es"},{"@type":"Person","@id":"https:\/\/www.unirufa.it\/#\/schema\/person\/90695180a76f1982f983233b45d89480","name":"Sophie Nardi","image":{"@type":"ImageObject","inLanguage":"es","@id":"https:\/\/www.unirufa.it\/#\/schema\/person\/image\/","url":"https:\/\/secure.gravatar.com\/avatar\/ec6595cac6de726a85ede9b063a2ac2d?s=96&d=mm&r=g","contentUrl":"https:\/\/secure.gravatar.com\/avatar\/ec6595cac6de726a85ede9b063a2ac2d?s=96&d=mm&r=g","caption":"Sophie Nardi"},"url":"https:\/\/www.unirufa.it\/es\/author\/sophie\/"}]}},"_links":{"self":[{"href":"https:\/\/www.unirufa.it\/es\/wp-json\/wp\/v2\/posts\/144058","targetHints":{"allow":["GET"]}}],"collection":[{"href":"https:\/\/www.unirufa.it\/es\/wp-json\/wp\/v2\/posts"}],"about":[{"href":"https:\/\/www.unirufa.it\/es\/wp-json\/wp\/v2\/types\/post"}],"author":[{"embeddable":true,"href":"https:\/\/www.unirufa.it\/es\/wp-json\/wp\/v2\/users\/48"}],"replies":[{"embeddable":true,"href":"https:\/\/www.unirufa.it\/es\/wp-json\/wp\/v2\/comments?post=144058"}],"version-history":[{"count":25,"href":"https:\/\/www.unirufa.it\/es\/wp-json\/wp\/v2\/posts\/144058\/revisions"}],"predecessor-version":[{"id":145877,"href":"https:\/\/www.unirufa.it\/es\/wp-json\/wp\/v2\/posts\/144058\/revisions\/145877"}],"wp:featuredmedia":[{"embeddable":true,"href":"https:\/\/www.unirufa.it\/es\/wp-json\/wp\/v2\/media\/144059"}],"wp:attachment":[{"href":"https:\/\/www.unirufa.it\/es\/wp-json\/wp\/v2\/media?parent=144058"}],"wp:term":[{"taxonomy":"category","embeddable":true,"href":"https:\/\/www.unirufa.it\/es\/wp-json\/wp\/v2\/categories?post=144058"},{"taxonomy":"post_tag","embeddable":true,"href":"https:\/\/www.unirufa.it\/es\/wp-json\/wp\/v2\/tags?post=144058"}],"curies":[{"name":"wp","href":"https:\/\/api.w.org\/{rel}","templated":true}]}}