


{"id":14642,"date":"2017-12-14T10:13:39","date_gmt":"2017-12-14T10:13:39","guid":{"rendered":"https:\/\/www.unirufa.it\/?p=14642"},"modified":"2022-07-11T10:25:39","modified_gmt":"2022-07-11T08:25:39","slug":"international-week-2018-progetti-selezionati","status":"publish","type":"post","link":"https:\/\/www.unirufa.it\/es\/2017\/12\/14\/international-week-2018-progetti-selezionati\/","title":{"rendered":"International week 2018. Ecco i progetti selezionati."},"content":{"rendered":"<p class=\"qtranxs-available-languages-message qtranxs-available-languages-message-es\">Disculpa, pero esta entrada est\u00e1 disponible s\u00f3lo en <a href=\"https:\/\/www.unirufa.it\/it\/wp-json\/wp\/v2\/posts\/14642\" class=\"qtranxs-available-language-link qtranxs-available-language-link-it\" title=\"IT\">IT<\/a> y <a href=\"https:\/\/www.unirufa.it\/en\/wp-json\/wp\/v2\/posts\/14642\" class=\"qtranxs-available-language-link qtranxs-available-language-link-en\" title=\"EN\">EN<\/a>.<\/p>Tanti gli studenti che anche quest&#8217;anno si sono candidati per partecipare al contest cinematografico dell&#8217;International Week sul tema \u00abGender Equality\u00bb, ed ecco l&#8217;attesissimo responso.<br \/>\nI progetti selezionati per l&#8217;edizione di quest&#8217;anno dai docenti Amoruso e Zabala e poi approvati da Sylvie Page, docente dell&#8217;Universit\u00e0 di Magonza, sono:<\/p>\n<p>1.\u00bbAbuse\u00bb di A. Altieri, A. Dattola, A. Pisano, C. Dubas, E. Ricci, Y. Palishchuk, M. Ruvolo<br \/>\n2.\u00bbRoma Aliena\u00bb L. Rubino e M. Orlandi<br \/>\n3.\u00bbSplit\u00bb di M.Gorgoglione, S.Ruggieri, E. Carini, Gamze Alkis, L. Verlezza<br \/>\n4.\u00bbLeoni e tigri\u00bb di Francesca Ranucci<br \/>\n5. \u00abEmpowerment\u00bb di Chiara Casale<br \/>\n6. \u00abThe Unruly Muse\u00bb di Andree Lucini<\/p>\n<p>Ricordiamo ai partecipanti che il video dovr\u00e0 essere consegnato all&#8217;Ufficio comunicazione (se non possibile al front desk di Via Benaco&#8230;) in formato DCP entro Luned\u00ec 12 Febbraio. La proiezione avverr\u00e0 al cinema Capitol di Mainz del 19 Aprile 2018, in cui verranno proiettati anche i lavori degli studenti selezionati delle 7 accademie partecipanti all&#8217;International Week 2018 dai seguenti paesi: Chile, Germania, Israele, Italia, Polonia, Spagna, Portogallo.<br \/>\nOgni autore (o gruppo di autori) dei 6 progetti suindicati potr\u00e0 fare una singola richiesta al Service Cinema per avere attrezzatura video di ripresa, microfoni e luci, che dovr\u00e0 avvenire nel mese di Gennaio. La richiesta di materiale dovr\u00e0 avvenire tramite mail al service cinema. Le studentesse del corso di Cinema Francesca Ranucci, Chiara Casale e Andree Lucini potranno richiedere l&#8217;attrezzatura loro stesse. Se occorre attrezzatura di ripresa, audio o luci ad uno dei tre altri progetti gli studenti dovranno inserire nella propria trouppe almeno uno studente di cinema di 2\u00b0 o 3\u00b0 anno del corso accademico di primo livello oppure del 2\u00b0 anno del corso accademico in Arte Cinematografica. Quest&#8217;ultimo dovr\u00e0 firmare il foglio di responsabilit\u00e0 per l&#8217;attrezzatura di ripresa richiesta. Questo perch\u00e9 gli studenti di primo anno non sono ancora abilitati a girare con attrezzatura di cinema autonomamente, oppure, non sono iscritti al corso di cinema (caso del collettivo di animazione). Si ricorda infine che il coordinatore del corso di Cinema di 1\u00b0 Livello.<br \/>\nIl Prof. Andres R. Zabala si rende disponibile a ulteriori chiarimenti, e riceve previo appuntamento ogni Lunedi dalle 14:00 alle 15:00 in sala riunioni a Via Benaco 2.<br \/>\nMail: <a href=\"mailto:andres.zabala@unirufa.it\">andres.zabala@unirufa.it<\/a><\/p>\n<p>Complimenti e in bocca al lupo!","protected":false},"excerpt":{"rendered":"<p>Disculpa, pero esta entrada est\u00e1 disponible s\u00f3lo en IT y EN.Tanti gli studenti che anche quest&#8217;anno si sono candidati per partecipare al contest cinematografico dell&#8217;International Week sul tema \u00abGender Equality\u00bb, ed ecco l&#8217;attesissimo responso. I progetti selezionati per l&#8217;edizione di quest&#8217;anno dai docenti Amoruso e Zabala e poi approvati da Sylvie Page, docente dell&#8217;Universit\u00e0 di&#8230;  <a class=\"excerpt-read-more\" href=\"https:\/\/www.unirufa.it\/es\/2017\/12\/14\/international-week-2018-progetti-selezionati\/\" title=\"Read International week 2018. Ecco i progetti selezionati.\">Find out more<\/a><\/p>\n","protected":false},"author":1,"featured_media":0,"comment_status":"closed","ping_status":"closed","sticky":false,"template":"","format":"standard","meta":{"content-type":"","footnotes":""},"categories":[940],"tags":[62,1124],"class_list":["post-14642","post","type-post","status-publish","format-standard","hentry","category-cinema-photography","tag-cortometraggio","tag-international-week"],"yoast_head":"<!-- This site is optimized with the Yoast SEO plugin v24.2 - https:\/\/yoast.com\/wordpress\/plugins\/seo\/ -->\n<title>International week 2018. Ecco i progetti selezionati. - RUFA - Rome University of Fine Arts<\/title>\n<meta name=\"robots\" content=\"index, follow, max-snippet:-1, max-image-preview:large, max-video-preview:-1\" \/>\n<link rel=\"canonical\" href=\"https:\/\/www.unirufa.it\/2017\/12\/14\/international-week-2018-progetti-selezionati\/\" \/>\n<meta property=\"og:locale\" content=\"es_ES\" \/>\n<meta property=\"og:type\" content=\"article\" \/>\n<meta property=\"og:title\" content=\"International week 2018. Ecco i progetti selezionati. - RUFA - Rome University of Fine Arts\" \/>\n<meta property=\"og:description\" content=\"Disculpa, pero esta entrada est\u00e1 disponible s\u00f3lo en IT y EN.Tanti gli studenti che anche quest&#8217;anno si sono candidati per partecipare al contest cinematografico dell&#8217;International Week sul tema \u00abGender Equality\u00bb, ed ecco l&#8217;attesissimo responso. I progetti selezionati per l&#8217;edizione di quest&#8217;anno dai docenti Amoruso e Zabala e poi approvati da Sylvie Page, docente dell&#8217;Universit\u00e0 di... Find out more\" \/>\n<meta property=\"og:url\" content=\"https:\/\/www.unirufa.it\/2017\/12\/14\/international-week-2018-progetti-selezionati\/\" \/>\n<meta property=\"og:site_name\" content=\"RUFA - Rome University of Fine Arts\" \/>\n<meta property=\"article:published_time\" content=\"2017-12-14T10:13:39+00:00\" \/>\n<meta property=\"article:modified_time\" content=\"2022-07-11T08:25:39+00:00\" \/>\n<meta property=\"og:image\" content=\"https:\/\/www.unirufa.it\/wp-content\/uploads\/2017\/11\/logo-rufa-2016.png\" \/>\n\t<meta property=\"og:image:width\" content=\"230\" \/>\n\t<meta property=\"og:image:height\" content=\"149\" \/>\n\t<meta property=\"og:image:type\" content=\"image\/png\" \/>\n<meta name=\"author\" content=\"rufa\" \/>\n<meta name=\"twitter:label1\" content=\"Escrito por\" \/>\n\t<meta name=\"twitter:data1\" content=\"rufa\" \/>\n\t<meta name=\"twitter:label2\" content=\"Tiempo de lectura\" \/>\n\t<meta name=\"twitter:data2\" content=\"4 minutos\" \/>\n<script type=\"application\/ld+json\" class=\"yoast-schema-graph\">{\"@context\":\"https:\/\/schema.org\",\"@graph\":[{\"@type\":\"WebPage\",\"@id\":\"https:\/\/www.unirufa.it\/2017\/12\/14\/international-week-2018-progetti-selezionati\/\",\"url\":\"https:\/\/www.unirufa.it\/2017\/12\/14\/international-week-2018-progetti-selezionati\/\",\"name\":\"International week 2018. Ecco i progetti selezionati. - RUFA - Rome University of Fine Arts\",\"isPartOf\":{\"@id\":\"https:\/\/www.unirufa.it\/#website\"},\"datePublished\":\"2017-12-14T10:13:39+00:00\",\"dateModified\":\"2022-07-11T08:25:39+00:00\",\"author\":{\"@id\":\"https:\/\/www.unirufa.it\/#\/schema\/person\/df501afc19e72ccaeeaaec268b0c5917\"},\"breadcrumb\":{\"@id\":\"https:\/\/www.unirufa.it\/2017\/12\/14\/international-week-2018-progetti-selezionati\/#breadcrumb\"},\"inLanguage\":\"es\",\"potentialAction\":[{\"@type\":\"ReadAction\",\"target\":[\"https:\/\/www.unirufa.it\/2017\/12\/14\/international-week-2018-progetti-selezionati\/\"]}]},{\"@type\":\"BreadcrumbList\",\"@id\":\"https:\/\/www.unirufa.it\/2017\/12\/14\/international-week-2018-progetti-selezionati\/#breadcrumb\",\"itemListElement\":[{\"@type\":\"ListItem\",\"position\":1,\"name\":\"Home\",\"item\":\"https:\/\/www.unirufa.it\/\"},{\"@type\":\"ListItem\",\"position\":2,\"name\":\"International week 2018. Ecco i progetti selezionati.\"}]},{\"@type\":\"WebSite\",\"@id\":\"https:\/\/www.unirufa.it\/#website\",\"url\":\"https:\/\/www.unirufa.it\/\",\"name\":\"RUFA - Rome University of Fine Arts\",\"description\":\"\",\"potentialAction\":[{\"@type\":\"SearchAction\",\"target\":{\"@type\":\"EntryPoint\",\"urlTemplate\":\"https:\/\/www.unirufa.it\/?s={search_term_string}\"},\"query-input\":{\"@type\":\"PropertyValueSpecification\",\"valueRequired\":true,\"valueName\":\"search_term_string\"}}],\"inLanguage\":\"es\"},{\"@type\":\"Person\",\"@id\":\"https:\/\/www.unirufa.it\/#\/schema\/person\/df501afc19e72ccaeeaaec268b0c5917\",\"name\":\"rufa\",\"image\":{\"@type\":\"ImageObject\",\"inLanguage\":\"es\",\"@id\":\"https:\/\/www.unirufa.it\/#\/schema\/person\/image\/\",\"url\":\"https:\/\/secure.gravatar.com\/avatar\/7f7ea0eea9301536a533fa1d7ea507b9?s=96&d=mm&r=g\",\"contentUrl\":\"https:\/\/secure.gravatar.com\/avatar\/7f7ea0eea9301536a533fa1d7ea507b9?s=96&d=mm&r=g\",\"caption\":\"rufa\"},\"url\":\"https:\/\/www.unirufa.it\/es\/author\/rufa\/\"}]}<\/script>\n<!-- \/ Yoast SEO plugin. -->","yoast_head_json":{"title":"International week 2018. Ecco i progetti selezionati. - RUFA - Rome University of Fine Arts","robots":{"index":"index","follow":"follow","max-snippet":"max-snippet:-1","max-image-preview":"max-image-preview:large","max-video-preview":"max-video-preview:-1"},"canonical":"https:\/\/www.unirufa.it\/2017\/12\/14\/international-week-2018-progetti-selezionati\/","og_locale":"es_ES","og_type":"article","og_title":"International week 2018. Ecco i progetti selezionati. - RUFA - Rome University of Fine Arts","og_description":"Disculpa, pero esta entrada est\u00e1 disponible s\u00f3lo en IT y EN.Tanti gli studenti che anche quest&#8217;anno si sono candidati per partecipare al contest cinematografico dell&#8217;International Week sul tema \u00abGender Equality\u00bb, ed ecco l&#8217;attesissimo responso. I progetti selezionati per l&#8217;edizione di quest&#8217;anno dai docenti Amoruso e Zabala e poi approvati da Sylvie Page, docente dell&#8217;Universit\u00e0 di... Find out more","og_url":"https:\/\/www.unirufa.it\/2017\/12\/14\/international-week-2018-progetti-selezionati\/","og_site_name":"RUFA - Rome University of Fine Arts","article_published_time":"2017-12-14T10:13:39+00:00","article_modified_time":"2022-07-11T08:25:39+00:00","og_image":[{"width":230,"height":149,"url":"https:\/\/www.unirufa.it\/wp-content\/uploads\/2017\/11\/logo-rufa-2016.png","type":"image\/png"}],"author":"rufa","twitter_misc":{"Escrito por":"rufa","Tiempo de lectura":"4 minutos"},"schema":{"@context":"https:\/\/schema.org","@graph":[{"@type":"WebPage","@id":"https:\/\/www.unirufa.it\/2017\/12\/14\/international-week-2018-progetti-selezionati\/","url":"https:\/\/www.unirufa.it\/2017\/12\/14\/international-week-2018-progetti-selezionati\/","name":"International week 2018. Ecco i progetti selezionati. - RUFA - Rome University of Fine Arts","isPartOf":{"@id":"https:\/\/www.unirufa.it\/#website"},"datePublished":"2017-12-14T10:13:39+00:00","dateModified":"2022-07-11T08:25:39+00:00","author":{"@id":"https:\/\/www.unirufa.it\/#\/schema\/person\/df501afc19e72ccaeeaaec268b0c5917"},"breadcrumb":{"@id":"https:\/\/www.unirufa.it\/2017\/12\/14\/international-week-2018-progetti-selezionati\/#breadcrumb"},"inLanguage":"es","potentialAction":[{"@type":"ReadAction","target":["https:\/\/www.unirufa.it\/2017\/12\/14\/international-week-2018-progetti-selezionati\/"]}]},{"@type":"BreadcrumbList","@id":"https:\/\/www.unirufa.it\/2017\/12\/14\/international-week-2018-progetti-selezionati\/#breadcrumb","itemListElement":[{"@type":"ListItem","position":1,"name":"Home","item":"https:\/\/www.unirufa.it\/"},{"@type":"ListItem","position":2,"name":"International week 2018. Ecco i progetti selezionati."}]},{"@type":"WebSite","@id":"https:\/\/www.unirufa.it\/#website","url":"https:\/\/www.unirufa.it\/","name":"RUFA - Rome University of Fine Arts","description":"","potentialAction":[{"@type":"SearchAction","target":{"@type":"EntryPoint","urlTemplate":"https:\/\/www.unirufa.it\/?s={search_term_string}"},"query-input":{"@type":"PropertyValueSpecification","valueRequired":true,"valueName":"search_term_string"}}],"inLanguage":"es"},{"@type":"Person","@id":"https:\/\/www.unirufa.it\/#\/schema\/person\/df501afc19e72ccaeeaaec268b0c5917","name":"rufa","image":{"@type":"ImageObject","inLanguage":"es","@id":"https:\/\/www.unirufa.it\/#\/schema\/person\/image\/","url":"https:\/\/secure.gravatar.com\/avatar\/7f7ea0eea9301536a533fa1d7ea507b9?s=96&d=mm&r=g","contentUrl":"https:\/\/secure.gravatar.com\/avatar\/7f7ea0eea9301536a533fa1d7ea507b9?s=96&d=mm&r=g","caption":"rufa"},"url":"https:\/\/www.unirufa.it\/es\/author\/rufa\/"}]}},"_links":{"self":[{"href":"https:\/\/www.unirufa.it\/es\/wp-json\/wp\/v2\/posts\/14642","targetHints":{"allow":["GET"]}}],"collection":[{"href":"https:\/\/www.unirufa.it\/es\/wp-json\/wp\/v2\/posts"}],"about":[{"href":"https:\/\/www.unirufa.it\/es\/wp-json\/wp\/v2\/types\/post"}],"author":[{"embeddable":true,"href":"https:\/\/www.unirufa.it\/es\/wp-json\/wp\/v2\/users\/1"}],"replies":[{"embeddable":true,"href":"https:\/\/www.unirufa.it\/es\/wp-json\/wp\/v2\/comments?post=14642"}],"version-history":[{"count":3,"href":"https:\/\/www.unirufa.it\/es\/wp-json\/wp\/v2\/posts\/14642\/revisions"}],"predecessor-version":[{"id":75932,"href":"https:\/\/www.unirufa.it\/es\/wp-json\/wp\/v2\/posts\/14642\/revisions\/75932"}],"wp:attachment":[{"href":"https:\/\/www.unirufa.it\/es\/wp-json\/wp\/v2\/media?parent=14642"}],"wp:term":[{"taxonomy":"category","embeddable":true,"href":"https:\/\/www.unirufa.it\/es\/wp-json\/wp\/v2\/categories?post=14642"},{"taxonomy":"post_tag","embeddable":true,"href":"https:\/\/www.unirufa.it\/es\/wp-json\/wp\/v2\/tags?post=14642"}],"curies":[{"name":"wp","href":"https:\/\/api.w.org\/{rel}","templated":true}]}}