


{"id":146994,"date":"2025-07-21T10:57:24","date_gmt":"2025-07-21T08:57:24","guid":{"rendered":"https:\/\/www.unirufa.it\/?p=146994"},"modified":"2025-07-22T09:17:26","modified_gmt":"2025-07-22T07:17:26","slug":"sguardi-scomodi-i-corti-degli-studenti-rufa-in-proiezione-al-parco-delle-stelle","status":"publish","type":"post","link":"https:\/\/www.unirufa.it\/es\/2025\/07\/21\/sguardi-scomodi-i-corti-degli-studenti-rufa-in-proiezione-al-parco-delle-stelle\/","title":{"rendered":"Cinema a San Lorenzo \u2013 I corti degli studenti RUFA in proiezione al Parco delle Stelle"},"content":{"rendered":"<p class=\"qtranxs-available-languages-message qtranxs-available-languages-message-es\">Disculpa, pero esta entrada est\u00e1 disponible s\u00f3lo en <a href=\"https:\/\/www.unirufa.it\/it\/wp-json\/wp\/v2\/posts\/146994\" class=\"qtranxs-available-language-link qtranxs-available-language-link-it\" title=\"IT\">IT<\/a> y <a href=\"https:\/\/www.unirufa.it\/en\/wp-json\/wp\/v2\/posts\/146994\" class=\"qtranxs-available-language-link qtranxs-available-language-link-en\" title=\"EN\">EN<\/a>.<\/p><h4>Domenica 27 luglio alle ore 21:00, il Parco delle Stelle ospiter\u00e0 un nuovo appuntamento del format <em>Cinema San Lorenzo<\/em>, la rassegna dedicata alla settima arte promossa da Giovani San Lorenzo e <a href=\"https:\/\/scomodo.org\/\" target=\"_blank\">Scomodo<\/a>, questa volta in collaborazione con RUFA e Accademia del Cinema Renoir.<\/h4>\n<p><strong><em>Ore 21.00 | Ingresso libero fino a esaurimento posti.<br \/>\nParco delle Stelle, Scalo San Lorenzo (Largo Settimio Passamonti, SNC).<\/em><\/strong><br \/>\n&nbsp;<br \/>\nLa serata si aprir\u00e0 con la proiezione di cinque cortometraggi realizzati da studenti e Alumni RUFA dei corsi di Cinema e Film Arts, che saranno presenti per introdurre personalmente le proprie opere e dialogare con il pubblico:<\/p>\n<p>\u276f <strong><a href=\"https:\/\/www.unirufa.it\/eventi\/rufalumni-showcase-proiezione-del-cortometraggio-thinkle\/\" target=\"_blank\">THINKLE<\/a><\/strong> di F. La Gattuta, G. Minotti, C. Amenta, E. Carpentieri, G. D\u2019Aleo, B. Santarelli, C. Antonioli<br \/>\n\u276f <strong>CARDIORAMA<\/strong> di G. Ravanelli<br \/>\n\u276f <strong>C\u2019era il sole<\/strong> di S. Tavernini<br \/>\n\u276f <strong><a href=\"https:\/\/www.unirufa.it\/eventi\/fashion-persona-movie-night-popcorn\/\" target=\"_blank\">Fashion Persona<\/a><\/strong> di V. Mrochko<br \/>\n\u276f <strong>Specchio<\/strong> di C. Crescini<\/p>\n<p>Ogni cortometraggio sar\u00e0 introdotto dai registi stessi, che avranno modo di raccontarne la genesi e rispondere alle domande del pubblico in un clima informale di confronto e condivisione.<br \/>\nL\u2019appuntamento \u00e8 a Roma, presso la collinetta del Parco delle Stelle, allo Scalo San Lorenzo (Largo Settimio Passamonti, SNC).<br \/>\nUn\u2019occasione preziosa per scoprire gli sguardi delle nuove generazioni di filmmaker e per vivere il cinema all\u2019aperto in una delle rassegne estive pi\u00f9 vivaci della Capitale.","protected":false},"excerpt":{"rendered":"<p>Disculpa, pero esta entrada est\u00e1 disponible s\u00f3lo en IT y EN.Domenica 27 luglio alle ore 21:00, il Parco delle Stelle ospiter\u00e0 un nuovo appuntamento del format Cinema San Lorenzo, la rassegna dedicata alla settima arte promossa da Giovani San Lorenzo e Scomodo, questa volta in collaborazione con RUFA e Accademia del Cinema Renoir. Ore 21.00&#8230;  <a class=\"excerpt-read-more\" href=\"https:\/\/www.unirufa.it\/es\/2025\/07\/21\/sguardi-scomodi-i-corti-degli-studenti-rufa-in-proiezione-al-parco-delle-stelle\/\" title=\"Read Cinema a San Lorenzo \u2013 I corti degli studenti RUFA in proiezione al Parco delle Stelle\">Find out more<\/a><\/p>\n","protected":false},"author":28,"featured_media":147014,"comment_status":"closed","ping_status":"closed","sticky":false,"template":"","format":"standard","meta":{"content-type":"","footnotes":""},"categories":[1640,940],"tags":[],"class_list":["post-146994","post","type-post","status-publish","format-standard","has-post-thumbnail","hentry","category-film-arts","category-cinema-photography"],"yoast_head":"<!-- This site is optimized with the Yoast SEO plugin v24.2 - https:\/\/yoast.com\/wordpress\/plugins\/seo\/ -->\n<title>Cinema a San Lorenzo \u2013 I corti degli studenti RUFA in proiezione al Parco delle Stelle - RUFA - Rome University of Fine Arts<\/title>\n<meta name=\"robots\" content=\"index, follow, max-snippet:-1, max-image-preview:large, max-video-preview:-1\" \/>\n<link rel=\"canonical\" href=\"https:\/\/www.unirufa.it\/2025\/07\/21\/sguardi-scomodi-i-corti-degli-studenti-rufa-in-proiezione-al-parco-delle-stelle\/\" \/>\n<meta property=\"og:locale\" content=\"es_ES\" \/>\n<meta property=\"og:type\" content=\"article\" \/>\n<meta property=\"og:title\" content=\"Cinema a San Lorenzo \u2013 I corti degli studenti RUFA in proiezione al Parco delle Stelle - RUFA - Rome University of Fine Arts\" \/>\n<meta property=\"og:description\" content=\"Disculpa, pero esta entrada est\u00e1 disponible s\u00f3lo en IT y EN.Domenica 27 luglio alle ore 21:00, il Parco delle Stelle ospiter\u00e0 un nuovo appuntamento del format Cinema San Lorenzo, la rassegna dedicata alla settima arte promossa da Giovani San Lorenzo e Scomodo, questa volta in collaborazione con RUFA e Accademia del Cinema Renoir. Ore 21.00... Find out more\" \/>\n<meta property=\"og:url\" content=\"https:\/\/www.unirufa.it\/2025\/07\/21\/sguardi-scomodi-i-corti-degli-studenti-rufa-in-proiezione-al-parco-delle-stelle\/\" \/>\n<meta property=\"og:site_name\" content=\"RUFA - Rome University of Fine Arts\" \/>\n<meta property=\"article:published_time\" content=\"2025-07-21T08:57:24+00:00\" \/>\n<meta property=\"article:modified_time\" content=\"2025-07-22T07:17:26+00:00\" \/>\n<meta property=\"og:image\" content=\"https:\/\/www.unirufa.it\/wp-content\/uploads\/2025\/07\/PARCO-DELLE-STELLE-SGUARDI-SCOMODI-15.png\" \/>\n\t<meta property=\"og:image:width\" content=\"8000\" \/>\n\t<meta property=\"og:image:height\" content=\"4800\" \/>\n\t<meta property=\"og:image:type\" content=\"image\/png\" \/>\n<meta name=\"author\" content=\"Claudia Vitali\" \/>\n<meta name=\"twitter:label1\" content=\"Escrito por\" \/>\n\t<meta name=\"twitter:data1\" content=\"Claudia Vitali\" \/>\n\t<meta name=\"twitter:label2\" content=\"Tiempo de lectura\" \/>\n\t<meta name=\"twitter:data2\" content=\"3 minutos\" \/>\n<script type=\"application\/ld+json\" class=\"yoast-schema-graph\">{\"@context\":\"https:\/\/schema.org\",\"@graph\":[{\"@type\":\"WebPage\",\"@id\":\"https:\/\/www.unirufa.it\/2025\/07\/21\/sguardi-scomodi-i-corti-degli-studenti-rufa-in-proiezione-al-parco-delle-stelle\/\",\"url\":\"https:\/\/www.unirufa.it\/2025\/07\/21\/sguardi-scomodi-i-corti-degli-studenti-rufa-in-proiezione-al-parco-delle-stelle\/\",\"name\":\"Cinema a San Lorenzo \u2013 I corti degli studenti RUFA in proiezione al Parco delle Stelle - RUFA - Rome University of Fine Arts\",\"isPartOf\":{\"@id\":\"https:\/\/www.unirufa.it\/#website\"},\"primaryImageOfPage\":{\"@id\":\"https:\/\/www.unirufa.it\/2025\/07\/21\/sguardi-scomodi-i-corti-degli-studenti-rufa-in-proiezione-al-parco-delle-stelle\/#primaryimage\"},\"image\":{\"@id\":\"https:\/\/www.unirufa.it\/2025\/07\/21\/sguardi-scomodi-i-corti-degli-studenti-rufa-in-proiezione-al-parco-delle-stelle\/#primaryimage\"},\"thumbnailUrl\":\"https:\/\/www.unirufa.it\/wp-content\/uploads\/2025\/07\/PARCO-DELLE-STELLE-SGUARDI-SCOMODI-15.png\",\"datePublished\":\"2025-07-21T08:57:24+00:00\",\"dateModified\":\"2025-07-22T07:17:26+00:00\",\"author\":{\"@id\":\"https:\/\/www.unirufa.it\/#\/schema\/person\/d5c03e37606740dff84050c97a46c80e\"},\"breadcrumb\":{\"@id\":\"https:\/\/www.unirufa.it\/2025\/07\/21\/sguardi-scomodi-i-corti-degli-studenti-rufa-in-proiezione-al-parco-delle-stelle\/#breadcrumb\"},\"inLanguage\":\"es\",\"potentialAction\":[{\"@type\":\"ReadAction\",\"target\":[\"https:\/\/www.unirufa.it\/2025\/07\/21\/sguardi-scomodi-i-corti-degli-studenti-rufa-in-proiezione-al-parco-delle-stelle\/\"]}]},{\"@type\":\"ImageObject\",\"inLanguage\":\"es\",\"@id\":\"https:\/\/www.unirufa.it\/2025\/07\/21\/sguardi-scomodi-i-corti-degli-studenti-rufa-in-proiezione-al-parco-delle-stelle\/#primaryimage\",\"url\":\"https:\/\/www.unirufa.it\/wp-content\/uploads\/2025\/07\/PARCO-DELLE-STELLE-SGUARDI-SCOMODI-15.png\",\"contentUrl\":\"https:\/\/www.unirufa.it\/wp-content\/uploads\/2025\/07\/PARCO-DELLE-STELLE-SGUARDI-SCOMODI-15.png\",\"width\":8000,\"height\":4800},{\"@type\":\"BreadcrumbList\",\"@id\":\"https:\/\/www.unirufa.it\/2025\/07\/21\/sguardi-scomodi-i-corti-degli-studenti-rufa-in-proiezione-al-parco-delle-stelle\/#breadcrumb\",\"itemListElement\":[{\"@type\":\"ListItem\",\"position\":1,\"name\":\"Home\",\"item\":\"https:\/\/www.unirufa.it\/\"},{\"@type\":\"ListItem\",\"position\":2,\"name\":\"Cinema a San Lorenzo \u2013 I corti degli studenti RUFA in proiezione al Parco delle Stelle\"}]},{\"@type\":\"WebSite\",\"@id\":\"https:\/\/www.unirufa.it\/#website\",\"url\":\"https:\/\/www.unirufa.it\/\",\"name\":\"RUFA - Rome University of Fine Arts\",\"description\":\"\",\"potentialAction\":[{\"@type\":\"SearchAction\",\"target\":{\"@type\":\"EntryPoint\",\"urlTemplate\":\"https:\/\/www.unirufa.it\/?s={search_term_string}\"},\"query-input\":{\"@type\":\"PropertyValueSpecification\",\"valueRequired\":true,\"valueName\":\"search_term_string\"}}],\"inLanguage\":\"es\"},{\"@type\":\"Person\",\"@id\":\"https:\/\/www.unirufa.it\/#\/schema\/person\/d5c03e37606740dff84050c97a46c80e\",\"name\":\"Claudia Vitali\",\"image\":{\"@type\":\"ImageObject\",\"inLanguage\":\"es\",\"@id\":\"https:\/\/www.unirufa.it\/#\/schema\/person\/image\/\",\"url\":\"https:\/\/secure.gravatar.com\/avatar\/9bd058a2b55efbe5f9e6b68b196c59f4?s=96&d=mm&r=g\",\"contentUrl\":\"https:\/\/secure.gravatar.com\/avatar\/9bd058a2b55efbe5f9e6b68b196c59f4?s=96&d=mm&r=g\",\"caption\":\"Claudia Vitali\"},\"url\":\"https:\/\/www.unirufa.it\/es\/author\/claudia\/\"}]}<\/script>\n<!-- \/ Yoast SEO plugin. -->","yoast_head_json":{"title":"Cinema a San Lorenzo \u2013 I corti degli studenti RUFA in proiezione al Parco delle Stelle - RUFA - Rome University of Fine Arts","robots":{"index":"index","follow":"follow","max-snippet":"max-snippet:-1","max-image-preview":"max-image-preview:large","max-video-preview":"max-video-preview:-1"},"canonical":"https:\/\/www.unirufa.it\/2025\/07\/21\/sguardi-scomodi-i-corti-degli-studenti-rufa-in-proiezione-al-parco-delle-stelle\/","og_locale":"es_ES","og_type":"article","og_title":"Cinema a San Lorenzo \u2013 I corti degli studenti RUFA in proiezione al Parco delle Stelle - RUFA - Rome University of Fine Arts","og_description":"Disculpa, pero esta entrada est\u00e1 disponible s\u00f3lo en IT y EN.Domenica 27 luglio alle ore 21:00, il Parco delle Stelle ospiter\u00e0 un nuovo appuntamento del format Cinema San Lorenzo, la rassegna dedicata alla settima arte promossa da Giovani San Lorenzo e Scomodo, questa volta in collaborazione con RUFA e Accademia del Cinema Renoir. Ore 21.00... Find out more","og_url":"https:\/\/www.unirufa.it\/2025\/07\/21\/sguardi-scomodi-i-corti-degli-studenti-rufa-in-proiezione-al-parco-delle-stelle\/","og_site_name":"RUFA - Rome University of Fine Arts","article_published_time":"2025-07-21T08:57:24+00:00","article_modified_time":"2025-07-22T07:17:26+00:00","og_image":[{"width":8000,"height":4800,"url":"https:\/\/www.unirufa.it\/wp-content\/uploads\/2025\/07\/PARCO-DELLE-STELLE-SGUARDI-SCOMODI-15.png","type":"image\/png"}],"author":"Claudia Vitali","twitter_misc":{"Escrito por":"Claudia Vitali","Tiempo de lectura":"3 minutos"},"schema":{"@context":"https:\/\/schema.org","@graph":[{"@type":"WebPage","@id":"https:\/\/www.unirufa.it\/2025\/07\/21\/sguardi-scomodi-i-corti-degli-studenti-rufa-in-proiezione-al-parco-delle-stelle\/","url":"https:\/\/www.unirufa.it\/2025\/07\/21\/sguardi-scomodi-i-corti-degli-studenti-rufa-in-proiezione-al-parco-delle-stelle\/","name":"Cinema a San Lorenzo \u2013 I corti degli studenti RUFA in proiezione al Parco delle Stelle - RUFA - Rome University of Fine Arts","isPartOf":{"@id":"https:\/\/www.unirufa.it\/#website"},"primaryImageOfPage":{"@id":"https:\/\/www.unirufa.it\/2025\/07\/21\/sguardi-scomodi-i-corti-degli-studenti-rufa-in-proiezione-al-parco-delle-stelle\/#primaryimage"},"image":{"@id":"https:\/\/www.unirufa.it\/2025\/07\/21\/sguardi-scomodi-i-corti-degli-studenti-rufa-in-proiezione-al-parco-delle-stelle\/#primaryimage"},"thumbnailUrl":"https:\/\/www.unirufa.it\/wp-content\/uploads\/2025\/07\/PARCO-DELLE-STELLE-SGUARDI-SCOMODI-15.png","datePublished":"2025-07-21T08:57:24+00:00","dateModified":"2025-07-22T07:17:26+00:00","author":{"@id":"https:\/\/www.unirufa.it\/#\/schema\/person\/d5c03e37606740dff84050c97a46c80e"},"breadcrumb":{"@id":"https:\/\/www.unirufa.it\/2025\/07\/21\/sguardi-scomodi-i-corti-degli-studenti-rufa-in-proiezione-al-parco-delle-stelle\/#breadcrumb"},"inLanguage":"es","potentialAction":[{"@type":"ReadAction","target":["https:\/\/www.unirufa.it\/2025\/07\/21\/sguardi-scomodi-i-corti-degli-studenti-rufa-in-proiezione-al-parco-delle-stelle\/"]}]},{"@type":"ImageObject","inLanguage":"es","@id":"https:\/\/www.unirufa.it\/2025\/07\/21\/sguardi-scomodi-i-corti-degli-studenti-rufa-in-proiezione-al-parco-delle-stelle\/#primaryimage","url":"https:\/\/www.unirufa.it\/wp-content\/uploads\/2025\/07\/PARCO-DELLE-STELLE-SGUARDI-SCOMODI-15.png","contentUrl":"https:\/\/www.unirufa.it\/wp-content\/uploads\/2025\/07\/PARCO-DELLE-STELLE-SGUARDI-SCOMODI-15.png","width":8000,"height":4800},{"@type":"BreadcrumbList","@id":"https:\/\/www.unirufa.it\/2025\/07\/21\/sguardi-scomodi-i-corti-degli-studenti-rufa-in-proiezione-al-parco-delle-stelle\/#breadcrumb","itemListElement":[{"@type":"ListItem","position":1,"name":"Home","item":"https:\/\/www.unirufa.it\/"},{"@type":"ListItem","position":2,"name":"Cinema a San Lorenzo \u2013 I corti degli studenti RUFA in proiezione al Parco delle Stelle"}]},{"@type":"WebSite","@id":"https:\/\/www.unirufa.it\/#website","url":"https:\/\/www.unirufa.it\/","name":"RUFA - Rome University of Fine Arts","description":"","potentialAction":[{"@type":"SearchAction","target":{"@type":"EntryPoint","urlTemplate":"https:\/\/www.unirufa.it\/?s={search_term_string}"},"query-input":{"@type":"PropertyValueSpecification","valueRequired":true,"valueName":"search_term_string"}}],"inLanguage":"es"},{"@type":"Person","@id":"https:\/\/www.unirufa.it\/#\/schema\/person\/d5c03e37606740dff84050c97a46c80e","name":"Claudia Vitali","image":{"@type":"ImageObject","inLanguage":"es","@id":"https:\/\/www.unirufa.it\/#\/schema\/person\/image\/","url":"https:\/\/secure.gravatar.com\/avatar\/9bd058a2b55efbe5f9e6b68b196c59f4?s=96&d=mm&r=g","contentUrl":"https:\/\/secure.gravatar.com\/avatar\/9bd058a2b55efbe5f9e6b68b196c59f4?s=96&d=mm&r=g","caption":"Claudia Vitali"},"url":"https:\/\/www.unirufa.it\/es\/author\/claudia\/"}]}},"_links":{"self":[{"href":"https:\/\/www.unirufa.it\/es\/wp-json\/wp\/v2\/posts\/146994","targetHints":{"allow":["GET"]}}],"collection":[{"href":"https:\/\/www.unirufa.it\/es\/wp-json\/wp\/v2\/posts"}],"about":[{"href":"https:\/\/www.unirufa.it\/es\/wp-json\/wp\/v2\/types\/post"}],"author":[{"embeddable":true,"href":"https:\/\/www.unirufa.it\/es\/wp-json\/wp\/v2\/users\/28"}],"replies":[{"embeddable":true,"href":"https:\/\/www.unirufa.it\/es\/wp-json\/wp\/v2\/comments?post=146994"}],"version-history":[{"count":9,"href":"https:\/\/www.unirufa.it\/es\/wp-json\/wp\/v2\/posts\/146994\/revisions"}],"predecessor-version":[{"id":147009,"href":"https:\/\/www.unirufa.it\/es\/wp-json\/wp\/v2\/posts\/146994\/revisions\/147009"}],"wp:featuredmedia":[{"embeddable":true,"href":"https:\/\/www.unirufa.it\/es\/wp-json\/wp\/v2\/media\/147014"}],"wp:attachment":[{"href":"https:\/\/www.unirufa.it\/es\/wp-json\/wp\/v2\/media?parent=146994"}],"wp:term":[{"taxonomy":"category","embeddable":true,"href":"https:\/\/www.unirufa.it\/es\/wp-json\/wp\/v2\/categories?post=146994"},{"taxonomy":"post_tag","embeddable":true,"href":"https:\/\/www.unirufa.it\/es\/wp-json\/wp\/v2\/tags?post=146994"}],"curies":[{"name":"wp","href":"https:\/\/api.w.org\/{rel}","templated":true}]}}