


{"id":153045,"date":"2026-04-23T10:05:21","date_gmt":"2026-04-23T08:05:21","guid":{"rendered":"https:\/\/www.unirufa.it\/?p=153045"},"modified":"2026-04-23T10:20:43","modified_gmt":"2026-04-23T08:20:43","slug":"roma-ospita-forma-2026-identita-contemporanea-labito-le-community-e-il-riconoscersi","status":"publish","type":"post","link":"https:\/\/www.unirufa.it\/es\/2026\/04\/23\/roma-ospita-forma-2026-identita-contemporanea-labito-le-community-e-il-riconoscersi\/","title":{"rendered":"Roma ospita FORMA 2026: \u201cIdentit\u00e0 contemporanea:  l&#8217;abito, le community e il riconoscersi"},"content":{"rendered":"<p class=\"qtranxs-available-languages-message qtranxs-available-languages-message-es\">Disculpa, pero esta entrada est\u00e1 disponible s\u00f3lo en <a href=\"https:\/\/www.unirufa.it\/it\/wp-json\/wp\/v2\/posts\/153045\" class=\"qtranxs-available-language-link qtranxs-available-language-link-it\" title=\"IT\">IT<\/a> y <a href=\"https:\/\/www.unirufa.it\/en\/wp-json\/wp\/v2\/posts\/153045\" class=\"qtranxs-available-language-link qtranxs-available-language-link-en\" title=\"EN\">EN<\/a>.<\/p><h3>La seconda edizione dell\u2019evento dedicato alla formazione e alla creativit\u00e0 nel sistema moda.<\/h3>\n<p>Dopo il grande successo della scorsa edizione, che ha registrato la partecipazione di oltre 25.000 studenti e la presenza di ospiti di rilievo internazionale come Domenico Dolce e Giancarlo Giammetti, torna FORMA. L\u2019appuntamento \u00e8 fissato per <strong>l\u20198 e il 9 maggio 2026 presso il Centro Congressi La Nuvola<\/strong>, che ospiter\u00e0 la seconda edizione dell\u2019evento dedicato alla formazione nel settore moda.<\/p>\n<p>FORMA si conferma come un progetto condiviso che riunisce le <strong>principali istituzioni accademiche della Capitale e della Regione Lazio<\/strong>, con l\u2019obiettivo di valorizzare i giovani talenti e promuovere le arti creative. Nato dalla collaborazione tra l\u2019Assessorato ai Grandi Eventi, Sport, Turismo e Moda di Roma Capitale, l\u2019Assessorato allo Sviluppo Economico, Commercio, Artigianato, Industria e Internazionalizzazione della Regione Lazio e alcune tra le pi\u00f9 prestigiose accademie di moda e design del territorio, l\u2019evento si afferma come un <strong>punto di riferimento nel panorama nazionale<\/strong>, configurandosi come piattaforma di incontro, confronto e sperimentazione tra studenti, docenti e professionisti del settore.<\/p>\n<p>Il tema dell\u2019edizione 2026, <em>\u201cIdentit\u00e0 contemporanea: l\u2019abito, le community e il riconoscersi\u201d<\/em>, propone una riflessione sul ruolo della moda come linguaggio identitario e strumento di appartenenza, con un focus sulle subculture intese come spazi di aggregazione, condivisione e costruzione del s\u00e9.<br \/>\nNel corso delle due giornate, il Centro Congressi La Nuvola si trasformer\u00e0 in un laboratorio dinamico e multidisciplinare, dove gli studenti delle principali scuole di moda romane potranno confrontarsi, progettare e presentare i propri lavori, dando vita a un\u2019esperienza immersiva che intreccia formazione, creativit\u00e0 e innovazione.<\/p>\n<p>Attraverso un programma articolato di attivit\u00e0, FORMA mira a <strong>valorizzare il talento emergente e a rafforzare il dialogo tra moda e arti contemporanee<\/strong>, contribuendo allo sviluppo culturale e produttivo del settore.<br \/>\n<a href=\"https:\/\/formamodaroma2026.eventbrite.it\/\" target=\"_blank\">Sono gi\u00e0 aperte le iscrizioni ai talk.<\/a> Il programma completo sar\u00e0 annunciato nei prossimi giorni; tuttavia, alcuni ospiti sono gi\u00e0 stati presentati in conferenza stampa, tra cui Maria Grazia Chiuri, Direttrice Creativa di Fendi, Sofia Balestra, Francesca Ragazzi, Head of Editorial Content di Vogue Italia, Ellen Hodakova Larsson, designer svedese e fondatrice del brand Hodakova, e Olivier Theyskens, stilista che ha guidato maison come Rochas, Nina Ricci e Theory.<br \/>\nTra le principali novit\u00e0 di questa edizione, l\u2019estensione degli spazi con l\u2019utilizzo del piano inferiore rispetto all\u2019Auditorium, che ospiter\u00e0 lo Speaker Corner: un\u2019area dedicata a incontri, presentazioni ed esibizioni. L\u20198 maggio sar\u00e0 presente Niccol\u00f2 Filippucci, reduce dalla vittoria a Sanremo Giovani, mentre il 9 maggio interverr\u00e0 Lea Gavino, artista e attrice.<\/p>\n<p>Media partner dell\u2019evento saranno <strong>Rai Radio 2 e Rai News 24, con RaiNews.it<\/strong> nel ruolo di content partner.<br \/>\nFORMA \u00e8 promossa dall\u2019Assessorato ai Grandi Eventi, Sport, Turismo e Moda di Roma Capitale e dall\u2019Assessorato allo Sviluppo Economico della Regione Lazio, con l\u2019obiettivo di rafforzare il ruolo di Roma come polo di eccellenza nella formazione in ambito moda e design, favorendo sinergie tra istituzioni, territori e nuove generazioni di creativi.<\/p>\n<p>L\u2019evento rientra nel progetto <em>Roma Smart Tourism<\/em>, finanziato dal Ministero del Turismo nell\u2019ambito del fondo destinato ai comuni a vocazione culturale, storica, artistica e paesaggistica che ospitano siti riconosciuti dall\u2019UNESCO come patrimonio mondiale dell\u2019umanit\u00e0.<br \/>\nLa presentazione ufficiale si \u00e8 svolta mercoled\u00ec 22 aprile 2026 alle ore 11:30 presso la Sala delle Bandiere in Campidoglio, nel corso di una conferenza stampa alla presenza dell\u2019Assessore ai Grandi Eventi, Sport, Turismo e Moda di Roma Capitale Alessandro Onorato e della Vicepresidente e Assessore allo Sviluppo Economico della Regione Lazio Roberta Angelilli, insieme alle accademie coinvolte nel progetto:<\/p>\n<p><strong>RUFA \u2013 Rome University of Fine Arts<br \/>\nAccademia Costume &#038; Moda<br \/>\nAccademia del Lusso<br \/>\nAccademia di Belle Arti di Roma<br \/>\nAccademia di Belle Arti di Frosinone<br \/>\nAccademia Internazionale d\u2019Alta Moda e d\u2019Arte del Costume Koefia<br \/>\nAccademia Italiana<br \/>\nIED \u2013 Istituto Europeo di Design<br \/>\nMAM \u2013 Maiani Accademia Moda<br \/>\nNABA &#8211; Nuova Accademia di Belle Arti<\/strong><\/p>\n<p>&nbsp;<\/p>\n<h4><span style=\"color: #00b450;\">Sfoglia le foto della conferenza stampa &#8211; FORMA 2026<\/span><\/h4>\n<div class=\"embed-responsive embed-responsive-4by3\"><a title=\"Conferenza Stampa - FORMA 2026\" href=\"https:\/\/www.flickr.com\/photos\/unirufa\/albums\/72177720333251002\" data-flickr-embed=\"true\"><img decoding=\"async\" class=\"embed-responsive-item\" src=\"\nhttps:\/\/live.staticflickr.com\/65535\/55225294413_4f5a2ed8cc_h.jpg\" alt=\"\"Conferenza Stampa - FORMA 2026\" \/><\/a><script async src=\"\/\/embedr.flickr.com\/assets\/client-code.js\" charset=\"utf-8\"><\/script><\/div>\n<p>&nbsp;","protected":false},"excerpt":{"rendered":"<p>Disculpa, pero esta entrada est\u00e1 disponible s\u00f3lo en IT y EN.La seconda edizione dell\u2019evento dedicato alla formazione e alla creativit\u00e0 nel sistema moda. Dopo il grande successo della scorsa edizione, che ha registrato la partecipazione di oltre 25.000 studenti e la presenza di ospiti di rilievo internazionale come Domenico Dolce e Giancarlo Giammetti, torna FORMA&#8230;.  <a class=\"excerpt-read-more\" href=\"https:\/\/www.unirufa.it\/es\/2026\/04\/23\/roma-ospita-forma-2026-identita-contemporanea-labito-le-community-e-il-riconoscersi\/\" title=\"Read Roma ospita FORMA 2026: \u201cIdentit\u00e0 contemporanea:  l&#8217;abito, le community e il riconoscersi\">Find out more<\/a><\/p>\n","protected":false},"author":28,"featured_media":153006,"comment_status":"closed","ping_status":"closed","sticky":false,"template":"","format":"standard","meta":{"content-type":"","footnotes":""},"categories":[1712],"tags":[],"class_list":["post-153045","post","type-post","status-publish","format-standard","has-post-thumbnail","hentry","category-fashion-design-sostenibile"],"yoast_head":"<!-- This site is optimized with the Yoast SEO plugin v24.2 - https:\/\/yoast.com\/wordpress\/plugins\/seo\/ -->\n<title>Roma ospita FORMA 2026: \u201cIdentit\u00e0 contemporanea: l&#039;abito, le community e il riconoscersi - RUFA - Rome University of Fine Arts<\/title>\n<meta name=\"description\" content=\"Roma ospita FORMA 2026: \u201cIdentit\u00e0 contemporanea: l&#039;abito, le community e il riconoscersi Dopo il grande successo della scorsa edizione, che ha registrato la partecipazione di oltre 25.000 studenti e la presenza di ospiti di rilievo internazionale come Domenico Dolce e Giancarlo Giammetti, torna FORMA. L\u2019appuntamento \u00e8 fissato per l\u20198 e il 9 maggio 2026 presso il Centro Congressi La Nuvola, che ospiter\u00e0 la seconda edizione dell\u2019evento dedicato alla formazione nel settore moda.\" \/>\n<meta name=\"robots\" content=\"index, follow, max-snippet:-1, max-image-preview:large, max-video-preview:-1\" \/>\n<link rel=\"canonical\" href=\"https:\/\/www.unirufa.it\/2026\/04\/23\/roma-ospita-forma-2026-identita-contemporanea-labito-le-community-e-il-riconoscersi\/\" \/>\n<meta property=\"og:locale\" content=\"es_ES\" \/>\n<meta property=\"og:type\" content=\"article\" \/>\n<meta property=\"og:title\" content=\"Roma ospita FORMA 2026: \u201cIdentit\u00e0 contemporanea: l&#039;abito, le community e il riconoscersi - RUFA - Rome University of Fine Arts\" \/>\n<meta property=\"og:description\" content=\"{:it}Roma ospita FORMA 2026: \u201cIdentit\u00e0 contemporanea: l&#039;abito, le community e il riconoscersi Dopo il grande successo della scorsa edizione, che ha registrato la partecipazione di oltre 25.000 studenti e la presenza di ospiti di rilievo internazionale come Domenico Dolce e Giancarlo Giammetti, torna FORMA. L\u2019appuntamento \u00e8 fissato per l\u20198 e il 9 maggio 2026 presso il Centro Congressi La Nuvola, che ospiter\u00e0 la seconda edizione dell\u2019evento dedicato alla formazione nel settore moda.{:}\" \/>\n<meta property=\"og:url\" content=\"https:\/\/www.unirufa.it\/2026\/04\/23\/roma-ospita-forma-2026-identita-contemporanea-labito-le-community-e-il-riconoscersi\/\" \/>\n<meta property=\"og:site_name\" content=\"RUFA - Rome University of Fine Arts\" \/>\n<meta property=\"article:published_time\" content=\"2026-04-23T08:05:21+00:00\" \/>\n<meta property=\"article:modified_time\" content=\"2026-04-23T08:20:43+00:00\" \/>\n<meta property=\"og:image\" content=\"https:\/\/www.unirufa.it\/wp-content\/uploads\/2026\/04\/FORMA-LA-NUVOLA.jpg\" \/>\n\t<meta property=\"og:image:width\" content=\"1440\" \/>\n\t<meta property=\"og:image:height\" content=\"600\" \/>\n\t<meta property=\"og:image:type\" content=\"image\/jpeg\" \/>\n<meta name=\"author\" content=\"Claudia Vitali\" \/>\n<meta name=\"twitter:label1\" content=\"Escrito por\" \/>\n\t<meta name=\"twitter:data1\" content=\"Claudia Vitali\" \/>\n\t<meta name=\"twitter:label2\" content=\"Tiempo de lectura\" \/>\n\t<meta name=\"twitter:data2\" content=\"8 minutos\" \/>\n<script type=\"application\/ld+json\" class=\"yoast-schema-graph\">{\"@context\":\"https:\/\/schema.org\",\"@graph\":[{\"@type\":\"WebPage\",\"@id\":\"https:\/\/www.unirufa.it\/2026\/04\/23\/roma-ospita-forma-2026-identita-contemporanea-labito-le-community-e-il-riconoscersi\/\",\"url\":\"https:\/\/www.unirufa.it\/2026\/04\/23\/roma-ospita-forma-2026-identita-contemporanea-labito-le-community-e-il-riconoscersi\/\",\"name\":\"Roma ospita FORMA 2026: \u201cIdentit\u00e0 contemporanea: l'abito, le community e il riconoscersi - RUFA - Rome University of Fine Arts\",\"isPartOf\":{\"@id\":\"https:\/\/www.unirufa.it\/#website\"},\"primaryImageOfPage\":{\"@id\":\"https:\/\/www.unirufa.it\/2026\/04\/23\/roma-ospita-forma-2026-identita-contemporanea-labito-le-community-e-il-riconoscersi\/#primaryimage\"},\"image\":{\"@id\":\"https:\/\/www.unirufa.it\/2026\/04\/23\/roma-ospita-forma-2026-identita-contemporanea-labito-le-community-e-il-riconoscersi\/#primaryimage\"},\"thumbnailUrl\":\"https:\/\/www.unirufa.it\/wp-content\/uploads\/2026\/04\/FORMA-LA-NUVOLA.jpg\",\"datePublished\":\"2026-04-23T08:05:21+00:00\",\"dateModified\":\"2026-04-23T08:20:43+00:00\",\"author\":{\"@id\":\"https:\/\/www.unirufa.it\/#\/schema\/person\/d5c03e37606740dff84050c97a46c80e\"},\"description\":\"{:it}Roma ospita FORMA 2026: \u201cIdentit\u00e0 contemporanea: l'abito, le community e il riconoscersi Dopo il grande successo della scorsa edizione, che ha registrato la partecipazione di oltre 25.000 studenti e la presenza di ospiti di rilievo internazionale come Domenico Dolce e Giancarlo Giammetti, torna FORMA. L\u2019appuntamento \u00e8 fissato per l\u20198 e il 9 maggio 2026 presso il Centro Congressi La Nuvola, che ospiter\u00e0 la seconda edizione dell\u2019evento dedicato alla formazione nel settore moda.{:}\",\"breadcrumb\":{\"@id\":\"https:\/\/www.unirufa.it\/2026\/04\/23\/roma-ospita-forma-2026-identita-contemporanea-labito-le-community-e-il-riconoscersi\/#breadcrumb\"},\"inLanguage\":\"es\",\"potentialAction\":[{\"@type\":\"ReadAction\",\"target\":[\"https:\/\/www.unirufa.it\/2026\/04\/23\/roma-ospita-forma-2026-identita-contemporanea-labito-le-community-e-il-riconoscersi\/\"]}]},{\"@type\":\"ImageObject\",\"inLanguage\":\"es\",\"@id\":\"https:\/\/www.unirufa.it\/2026\/04\/23\/roma-ospita-forma-2026-identita-contemporanea-labito-le-community-e-il-riconoscersi\/#primaryimage\",\"url\":\"https:\/\/www.unirufa.it\/wp-content\/uploads\/2026\/04\/FORMA-LA-NUVOLA.jpg\",\"contentUrl\":\"https:\/\/www.unirufa.it\/wp-content\/uploads\/2026\/04\/FORMA-LA-NUVOLA.jpg\",\"width\":1440,\"height\":600,\"caption\":\"FORMA - LA NUVOLA\"},{\"@type\":\"BreadcrumbList\",\"@id\":\"https:\/\/www.unirufa.it\/2026\/04\/23\/roma-ospita-forma-2026-identita-contemporanea-labito-le-community-e-il-riconoscersi\/#breadcrumb\",\"itemListElement\":[{\"@type\":\"ListItem\",\"position\":1,\"name\":\"Home\",\"item\":\"https:\/\/www.unirufa.it\/\"},{\"@type\":\"ListItem\",\"position\":2,\"name\":\"Roma ospita FORMA 2026: \u201cIdentit\u00e0 contemporanea: l&#8217;abito, le community e il riconoscersi\"}]},{\"@type\":\"WebSite\",\"@id\":\"https:\/\/www.unirufa.it\/#website\",\"url\":\"https:\/\/www.unirufa.it\/\",\"name\":\"RUFA - Rome University of Fine Arts\",\"description\":\"\",\"potentialAction\":[{\"@type\":\"SearchAction\",\"target\":{\"@type\":\"EntryPoint\",\"urlTemplate\":\"https:\/\/www.unirufa.it\/?s={search_term_string}\"},\"query-input\":{\"@type\":\"PropertyValueSpecification\",\"valueRequired\":true,\"valueName\":\"search_term_string\"}}],\"inLanguage\":\"es\"},{\"@type\":\"Person\",\"@id\":\"https:\/\/www.unirufa.it\/#\/schema\/person\/d5c03e37606740dff84050c97a46c80e\",\"name\":\"Claudia Vitali\",\"image\":{\"@type\":\"ImageObject\",\"inLanguage\":\"es\",\"@id\":\"https:\/\/www.unirufa.it\/#\/schema\/person\/image\/\",\"url\":\"https:\/\/secure.gravatar.com\/avatar\/9bd058a2b55efbe5f9e6b68b196c59f4?s=96&d=mm&r=g\",\"contentUrl\":\"https:\/\/secure.gravatar.com\/avatar\/9bd058a2b55efbe5f9e6b68b196c59f4?s=96&d=mm&r=g\",\"caption\":\"Claudia Vitali\"},\"url\":\"https:\/\/www.unirufa.it\/es\/author\/claudia\/\"}]}<\/script>\n<!-- \/ Yoast SEO plugin. -->","yoast_head_json":{"title":"Roma ospita FORMA 2026: \u201cIdentit\u00e0 contemporanea: l'abito, le community e il riconoscersi - RUFA - Rome University of Fine Arts","description":"Roma ospita FORMA 2026: \u201cIdentit\u00e0 contemporanea: l'abito, le community e il riconoscersi Dopo il grande successo della scorsa edizione, che ha registrato la partecipazione di oltre 25.000 studenti e la presenza di ospiti di rilievo internazionale come Domenico Dolce e Giancarlo Giammetti, torna FORMA. L\u2019appuntamento \u00e8 fissato per l\u20198 e il 9 maggio 2026 presso il Centro Congressi La Nuvola, che ospiter\u00e0 la seconda edizione dell\u2019evento dedicato alla formazione nel settore moda.","robots":{"index":"index","follow":"follow","max-snippet":"max-snippet:-1","max-image-preview":"max-image-preview:large","max-video-preview":"max-video-preview:-1"},"canonical":"https:\/\/www.unirufa.it\/2026\/04\/23\/roma-ospita-forma-2026-identita-contemporanea-labito-le-community-e-il-riconoscersi\/","og_locale":"es_ES","og_type":"article","og_title":"Roma ospita FORMA 2026: \u201cIdentit\u00e0 contemporanea: l'abito, le community e il riconoscersi - RUFA - Rome University of Fine Arts","og_description":"{:it}Roma ospita FORMA 2026: \u201cIdentit\u00e0 contemporanea: l'abito, le community e il riconoscersi Dopo il grande successo della scorsa edizione, che ha registrato la partecipazione di oltre 25.000 studenti e la presenza di ospiti di rilievo internazionale come Domenico Dolce e Giancarlo Giammetti, torna FORMA. L\u2019appuntamento \u00e8 fissato per l\u20198 e il 9 maggio 2026 presso il Centro Congressi La Nuvola, che ospiter\u00e0 la seconda edizione dell\u2019evento dedicato alla formazione nel settore moda.{:}","og_url":"https:\/\/www.unirufa.it\/2026\/04\/23\/roma-ospita-forma-2026-identita-contemporanea-labito-le-community-e-il-riconoscersi\/","og_site_name":"RUFA - Rome University of Fine Arts","article_published_time":"2026-04-23T08:05:21+00:00","article_modified_time":"2026-04-23T08:20:43+00:00","og_image":[{"width":1440,"height":600,"url":"https:\/\/www.unirufa.it\/wp-content\/uploads\/2026\/04\/FORMA-LA-NUVOLA.jpg","type":"image\/jpeg"}],"author":"Claudia Vitali","twitter_misc":{"Escrito por":"Claudia Vitali","Tiempo de lectura":"8 minutos"},"schema":{"@context":"https:\/\/schema.org","@graph":[{"@type":"WebPage","@id":"https:\/\/www.unirufa.it\/2026\/04\/23\/roma-ospita-forma-2026-identita-contemporanea-labito-le-community-e-il-riconoscersi\/","url":"https:\/\/www.unirufa.it\/2026\/04\/23\/roma-ospita-forma-2026-identita-contemporanea-labito-le-community-e-il-riconoscersi\/","name":"Roma ospita FORMA 2026: \u201cIdentit\u00e0 contemporanea: l'abito, le community e il riconoscersi - RUFA - Rome University of Fine Arts","isPartOf":{"@id":"https:\/\/www.unirufa.it\/#website"},"primaryImageOfPage":{"@id":"https:\/\/www.unirufa.it\/2026\/04\/23\/roma-ospita-forma-2026-identita-contemporanea-labito-le-community-e-il-riconoscersi\/#primaryimage"},"image":{"@id":"https:\/\/www.unirufa.it\/2026\/04\/23\/roma-ospita-forma-2026-identita-contemporanea-labito-le-community-e-il-riconoscersi\/#primaryimage"},"thumbnailUrl":"https:\/\/www.unirufa.it\/wp-content\/uploads\/2026\/04\/FORMA-LA-NUVOLA.jpg","datePublished":"2026-04-23T08:05:21+00:00","dateModified":"2026-04-23T08:20:43+00:00","author":{"@id":"https:\/\/www.unirufa.it\/#\/schema\/person\/d5c03e37606740dff84050c97a46c80e"},"description":"{:it}Roma ospita FORMA 2026: \u201cIdentit\u00e0 contemporanea: l'abito, le community e il riconoscersi Dopo il grande successo della scorsa edizione, che ha registrato la partecipazione di oltre 25.000 studenti e la presenza di ospiti di rilievo internazionale come Domenico Dolce e Giancarlo Giammetti, torna FORMA. L\u2019appuntamento \u00e8 fissato per l\u20198 e il 9 maggio 2026 presso il Centro Congressi La Nuvola, che ospiter\u00e0 la seconda edizione dell\u2019evento dedicato alla formazione nel settore moda.{:}","breadcrumb":{"@id":"https:\/\/www.unirufa.it\/2026\/04\/23\/roma-ospita-forma-2026-identita-contemporanea-labito-le-community-e-il-riconoscersi\/#breadcrumb"},"inLanguage":"es","potentialAction":[{"@type":"ReadAction","target":["https:\/\/www.unirufa.it\/2026\/04\/23\/roma-ospita-forma-2026-identita-contemporanea-labito-le-community-e-il-riconoscersi\/"]}]},{"@type":"ImageObject","inLanguage":"es","@id":"https:\/\/www.unirufa.it\/2026\/04\/23\/roma-ospita-forma-2026-identita-contemporanea-labito-le-community-e-il-riconoscersi\/#primaryimage","url":"https:\/\/www.unirufa.it\/wp-content\/uploads\/2026\/04\/FORMA-LA-NUVOLA.jpg","contentUrl":"https:\/\/www.unirufa.it\/wp-content\/uploads\/2026\/04\/FORMA-LA-NUVOLA.jpg","width":1440,"height":600,"caption":"FORMA - LA NUVOLA"},{"@type":"BreadcrumbList","@id":"https:\/\/www.unirufa.it\/2026\/04\/23\/roma-ospita-forma-2026-identita-contemporanea-labito-le-community-e-il-riconoscersi\/#breadcrumb","itemListElement":[{"@type":"ListItem","position":1,"name":"Home","item":"https:\/\/www.unirufa.it\/"},{"@type":"ListItem","position":2,"name":"Roma ospita FORMA 2026: \u201cIdentit\u00e0 contemporanea: l&#8217;abito, le community e il riconoscersi"}]},{"@type":"WebSite","@id":"https:\/\/www.unirufa.it\/#website","url":"https:\/\/www.unirufa.it\/","name":"RUFA - Rome University of Fine Arts","description":"","potentialAction":[{"@type":"SearchAction","target":{"@type":"EntryPoint","urlTemplate":"https:\/\/www.unirufa.it\/?s={search_term_string}"},"query-input":{"@type":"PropertyValueSpecification","valueRequired":true,"valueName":"search_term_string"}}],"inLanguage":"es"},{"@type":"Person","@id":"https:\/\/www.unirufa.it\/#\/schema\/person\/d5c03e37606740dff84050c97a46c80e","name":"Claudia Vitali","image":{"@type":"ImageObject","inLanguage":"es","@id":"https:\/\/www.unirufa.it\/#\/schema\/person\/image\/","url":"https:\/\/secure.gravatar.com\/avatar\/9bd058a2b55efbe5f9e6b68b196c59f4?s=96&d=mm&r=g","contentUrl":"https:\/\/secure.gravatar.com\/avatar\/9bd058a2b55efbe5f9e6b68b196c59f4?s=96&d=mm&r=g","caption":"Claudia Vitali"},"url":"https:\/\/www.unirufa.it\/es\/author\/claudia\/"}]}},"_links":{"self":[{"href":"https:\/\/www.unirufa.it\/es\/wp-json\/wp\/v2\/posts\/153045","targetHints":{"allow":["GET"]}}],"collection":[{"href":"https:\/\/www.unirufa.it\/es\/wp-json\/wp\/v2\/posts"}],"about":[{"href":"https:\/\/www.unirufa.it\/es\/wp-json\/wp\/v2\/types\/post"}],"author":[{"embeddable":true,"href":"https:\/\/www.unirufa.it\/es\/wp-json\/wp\/v2\/users\/28"}],"replies":[{"embeddable":true,"href":"https:\/\/www.unirufa.it\/es\/wp-json\/wp\/v2\/comments?post=153045"}],"version-history":[{"count":14,"href":"https:\/\/www.unirufa.it\/es\/wp-json\/wp\/v2\/posts\/153045\/revisions"}],"predecessor-version":[{"id":153059,"href":"https:\/\/www.unirufa.it\/es\/wp-json\/wp\/v2\/posts\/153045\/revisions\/153059"}],"wp:featuredmedia":[{"embeddable":true,"href":"https:\/\/www.unirufa.it\/es\/wp-json\/wp\/v2\/media\/153006"}],"wp:attachment":[{"href":"https:\/\/www.unirufa.it\/es\/wp-json\/wp\/v2\/media?parent=153045"}],"wp:term":[{"taxonomy":"category","embeddable":true,"href":"https:\/\/www.unirufa.it\/es\/wp-json\/wp\/v2\/categories?post=153045"},{"taxonomy":"post_tag","embeddable":true,"href":"https:\/\/www.unirufa.it\/es\/wp-json\/wp\/v2\/tags?post=153045"}],"curies":[{"name":"wp","href":"https:\/\/api.w.org\/{rel}","templated":true}]}}