


{"id":153128,"date":"2026-04-21T11:21:30","date_gmt":"2026-04-21T09:21:30","guid":{"rendered":"https:\/\/www.unirufa.it\/?p=153128"},"modified":"2026-04-24T11:38:21","modified_gmt":"2026-04-24T09:38:21","slug":"studenti-in-corto","status":"publish","type":"post","link":"https:\/\/www.unirufa.it\/es\/2026\/04\/21\/studenti-in-corto\/","title":{"rendered":"STUDENTI IN CORTO"},"content":{"rendered":"<p class=\"qtranxs-available-languages-message qtranxs-available-languages-message-es\">Disculpa, pero esta entrada est\u00e1 disponible s\u00f3lo en <a href=\"https:\/\/www.unirufa.it\/it\/wp-json\/wp\/v2\/posts\/153128\" class=\"qtranxs-available-language-link qtranxs-available-language-link-it\" title=\"IT\">IT<\/a> y <a href=\"https:\/\/www.unirufa.it\/en\/wp-json\/wp\/v2\/posts\/153128\" class=\"qtranxs-available-language-link qtranxs-available-language-link-en\" title=\"EN\">EN<\/a>.<\/p>Nella Giornata Mondiale della Creativit\u00e0 e dell\u2019Innovazione, al via un progetto nazionale per valorizzare i cortometraggi degli studenti delle principali Universit\u00e0 italiane.<\/p>\n<p>In occasione della Giornata Mondiale della Creativit\u00e0 e dell\u2019Innovazione, Rai Cinema lancia Studenti in Corto &#8211; uno <strong>spazio per i talenti del futuro, un progetto editoriale e culturale dedicato alla valorizzazione dei giovani autori e dei linguaggi emergenti<\/strong>, realizzato in collaborazione con il mondo delle Universit\u00e0 italiane.<\/p>\n<p>Creativit\u00e0 e innovazione procedono da sempre di pari passo e il cinema ne rappresenta uno degli specchi pi\u00f9 autentici. In un contesto sempre pi\u00f9 complesso, sviluppare nuove idee ed esplorare strade inedite diventa fondamentale per immaginare il futuro.<br \/>\n\u00c8 con questo spirito che nasce \u201cStudenti in Corto &#8211; uno spazio per i talenti del futuro\u201d, un\u2019iniziativa che riflette <strong>l\u2019impegno di Rai Cinema nel sostenere la creativit\u00e0 emergente e promuovere nuove voci del panorama audiovisivo italiano<\/strong>, contribuendo a costruire un ecosistema capace di mettere in relazione formazione, industria e pubblico.<\/p>\n<p>A partire da marted\u00ec 21 aprile, \u00e8 disponibile in streaming sulla piattaforma Rai Cinema Channel una selezione di 22 cortometraggi realizzati dagli studenti di alcune tra le principali Universit\u00e0 e Scuole di cinema italiane. Per ciascun Ateneo coinvolto \u00e8 stata individuata un\u2019opera, selezionata da Rai Cinema tra quelle proposte dalle Universit\u00e0 partner: Accademia di Cinema e Televisione Griffith (Roma); ALMED \u2013 Alta Scuola in Media, Comunicazione e Spettacolo &#8211; Universit\u00e0 Cattolica del Sacro Cuore (Milano); CITEM &#8211; Universit\u00e0 di Bologna; Civica Scuola di Cinema Luchino Visconti (Milano); IED Istituto Europeo di Design; Istituto Cinematografico Michelangelo Antonioni; Laboratorio di storytelling audiovisivo-LABSAV dell&#8217;Universit\u00e0 di Salerno; LUISS Guido Carli (Roma); NABA, Nuova Accademia di Belle Arti; Politecnico di Torino &#8211; Ingegneria del cinema e dei media digitali; Roma Film Academy; RUFA \u2013 Rome University of Fine Arts; Sapienza Universit\u00e0 di Roma; Universit\u00e0 Ca\u2019 Foscari Venezia; Universit\u00e0 degli Studi di Torino; Universit\u00e0 degli Studi Suor Orsola Benincasa (Napoli); Universit\u00e0 del Salento; Universit\u00e0 di Genova; Universit\u00e0 di Pisa; Universit\u00e0 di Udine \u2013 DAMS; Universit\u00e0 IULM (Milano); Universit\u00e0 Roma Tre &#8211; DAMS.<\/p>\n<p><strong>In questo contesto RUFA \u00e8 lieta di annunciare la selezione del corto Latte e Biscotti di Sabrina La Macchia, diploma in Cinema. <\/strong><\/p>\n<p>\u201cStudenti in Corto &#8211; uno spazio per i talenti del futuro\u201d nasce con l\u2019obiettivo di creare un ponte tra le Universit\u00e0 e l\u2019industria audiovisiva \u2013 dichiara Paolo Del Brocco, amministratore delegato di Rai Cinema, per offrire agli studenti l\u2019opportunit\u00e0 di confrontarsi con il pubblico e di vedere valorizzato il proprio lavoro in un contesto editoriale strutturato. Accompagnare le nuove generazioni non solo nella fase creativa, ma anche nel percorso di crescita e di visibilit\u00e0, \u00e8 un impegno da sempre centrale per Rai Cinema. Significa intercettare linguaggi e sguardi nuovi, che possono rivelarsi capaci di rinnovare il racconto cinematografico e interpretare il presente da punti di vista diversi. Investire sulle nuove generazioni \u00e8 per noi un modo per contribuire al futuro del cinema italiano\u201d.<\/p>\n<p>Durante tutto l\u2019anno, <strong>i cortometraggi selezionati resteranno inoltre disponibili gratuitamente online<\/strong> all\u2019interno di una sezione dedicata, configurando uno spazio editoriale pensato per accompagnare e valorizzare il lavoro dei giovani autori. Infine, per ampliare ulteriormente le opportunit\u00e0 di visibilit\u00e0, le opere potranno essere diffuse anche attraverso piattaforme digitali e canali online dei partner.<\/p>\n<p>\u201cStudenti in Corto &#8211; uno spazio per i talenti del futuro\u201d vuole essere un vero e proprio percorso annuale, che accompagner\u00e0 i cortometraggi selezionati attraverso eventi, festival e iniziative culturali, anche con il coinvolgimento di partner prestigiosi.<\/p>\n<p>Tra questi:<br \/>\n&#8211; il COMICON \u2013 Salone Internazionale della Cultura Pop (3 maggio), dove una giuria di creators visioner\u00e0 i corti selezionati e individuer\u00e0 un vincitore;<br \/>\n&#8211; il Giffoni Film Festival (17\u201325 luglio 2026), che effettuer\u00e0 una selezione tra i cortometraggi pubblicati su Rai Cinema Channel, inserendoli nel programma ufficiale della 56\u00aa edizione, assegnando un premio speciale nell\u2019ambito della sezione Workshop +18;<br \/>\n&#8211; la Rome Future Week (21\u201327 settembre 2026), con un evento speciale dedicato presso la Casa del Cinema di Roma.<\/p>\n<p><strong>I 22 cortometraggi selezionati<\/strong><br \/>\n&#8211; A certain number of times di Giorgia Ponticello, Jody Hinterleitner (Universit\u00e0 degli Studi di Torino)<br \/>\n&#8211; Amori ricamati di Arianna Ippoliti (IED Istituto Europeo di Design)<br \/>\n&#8211; Dopo la sigaretta di Matteo Tonelli (Universit\u00e0 Ca\u2019 Foscari Venezia)<br \/>\n&#8211; Easycooking di Ilaria Arduino, Jad Chahhal (Politecnico di Torino &#8211; Ingegneria del cinema e dei media digitali)<br \/>\n&#8211; God Will Not Be There di Stefano Spolti, Feliciana Rosa (Universit\u00e0 IULM &#8211; Milano)<br \/>\n&#8211; I giorni del cane di Giulia Boscani, Mattia Spadotto, Stella Scala, Sara La Torre, Federica Ferri (Civica Scuola di Cinema Luchino Visconti &#8211; Milano)<br \/>\n&#8211; In patria mori di Costantino Biamonte (Universit\u00e0 Roma Tre &#8211; DAMS)<br \/>\n&#8211; In un bel giorno di primavera di Salvatore D&#8217;arco, Giorgia Biagioni (Roma Film Academy)<br \/>\n&#8211; L&#8217;esprit de l&#8217;escalier di Federica Casciani (Sapienza Universit\u00e0 di Roma)<br \/>\n&#8211; La rosa dei venti di Francesco Barnaba, Arianna Colella, Angelo Passiatore, Marco Valentino, Martina Vulpitta, Mario Zita (Universit\u00e0 del Salento)<br \/>\n&#8211; Latte e biscotti di Sabrina La Macchia (RUFA \u2013 Rome University of Fine Arts)<br \/>\n&#8211; Le cascate del salto di Flavio Stano (NABA, Nuova Accademia di Belle Arti)<br \/>\n&#8211; Lezioni di piano di Alice Maria Boffelli (ALMED \u2013 Alta Scuola in Media, Comunicazione e Spettacolo &#8211; Universit\u00e0 Cattolica del Sacro Cuore &#8211; Milano)<br \/>\n&#8211; Ora sto bene di Elena Mori, Chiara Battistini, Tommaso Guidi, Elettra Betti (Universit\u00e0 di Pisa)<br \/>\n&#8211; Pedoni di Selene Cavallin (Accademia di Cinema e Televisione Griffith &#8211; Roma)<br \/>\n&#8211; Per Educazione di Roberto Altobelli, Asia Miralli (Universit\u00e0 degli Studi Suor Orsola Benincasa &#8211; Napoli)<br \/>\n&#8211; Predatrici di Riccardo Valente (LUISS Guido Carli Roma)<br \/>\n&#8211; PetroL. di Cabiria Lizzi (Universit\u00e0 di Udine \u2013 DAMS)<br \/>\n&#8211; Quella giusta di Simona Rurale (CITEM &#8211; Universit\u00e0 di Bologna)<br \/>\n&#8211; Sguardi sulla Soglia di Cecilia Scarf\u00f2 (Laboratorio di storytelling audiovisivo-LABSAV dell&#8217;Universit\u00e0 di Salerno)<br \/>\n&#8211; Ti sento di Giacomo Stefanelli (Istituto Cinematografico Michelangelo Antonioni)<br \/>\n&#8211; Verso il mare di Andrea Buonanni e Serena Dazzi (Universit\u00e0 di Genova)<\/p>\n<p><strong>GUARDA IL TRAILER<\/strong><\/p>\n<div class=\"embed-responsive embed-responsive-16by9\"><iframe loading=\"lazy\" src=\"https:\/\/www.youtube.com\/embed\/vqhW1lL9etg?si=Nhh2A-KMFKbYdpeZ\" width=\"560\" height=\"315\" frameborder=\"0\" allowfullscreen=\"allowfullscreen\"><\/iframe><\/div>","protected":false},"excerpt":{"rendered":"<p>Disculpa, pero esta entrada est\u00e1 disponible s\u00f3lo en IT y EN.Nella Giornata Mondiale della Creativit\u00e0 e dell\u2019Innovazione, al via un progetto nazionale per valorizzare i cortometraggi degli studenti delle principali Universit\u00e0 italiane. In occasione della Giornata Mondiale della Creativit\u00e0 e dell\u2019Innovazione, Rai Cinema lancia Studenti in Corto &#8211; uno spazio per i talenti del futuro,&#8230;  <a class=\"excerpt-read-more\" href=\"https:\/\/www.unirufa.it\/es\/2026\/04\/21\/studenti-in-corto\/\" title=\"Read STUDENTI IN CORTO\">Find out more<\/a><\/p>\n","protected":false},"author":12,"featured_media":153130,"comment_status":"closed","ping_status":"closed","sticky":false,"template":"","format":"standard","meta":{"content-type":"","footnotes":""},"categories":[1640,940,1768],"tags":[],"class_list":["post-153128","post","type-post","status-publish","format-standard","has-post-thumbnail","hentry","category-film-arts","category-cinema-photography","category-cinema-and-new-formats-production"],"yoast_head":"<!-- This site is optimized with the Yoast SEO plugin v24.2 - https:\/\/yoast.com\/wordpress\/plugins\/seo\/ -->\n<title>STUDENTI IN CORTO - RUFA - Rome University of Fine Arts<\/title>\n<meta name=\"robots\" content=\"index, follow, max-snippet:-1, max-image-preview:large, max-video-preview:-1\" \/>\n<link rel=\"canonical\" href=\"https:\/\/www.unirufa.it\/2026\/04\/21\/studenti-in-corto\/\" \/>\n<meta property=\"og:locale\" content=\"es_ES\" \/>\n<meta property=\"og:type\" content=\"article\" \/>\n<meta property=\"og:title\" content=\"STUDENTI IN CORTO - RUFA - Rome University of Fine Arts\" \/>\n<meta property=\"og:description\" content=\"Disculpa, pero esta entrada est\u00e1 disponible s\u00f3lo en IT y EN.Nella Giornata Mondiale della Creativit\u00e0 e dell\u2019Innovazione, al via un progetto nazionale per valorizzare i cortometraggi degli studenti delle principali Universit\u00e0 italiane. In occasione della Giornata Mondiale della Creativit\u00e0 e dell\u2019Innovazione, Rai Cinema lancia Studenti in Corto &#8211; uno spazio per i talenti del futuro,... Find out more\" \/>\n<meta property=\"og:url\" content=\"https:\/\/www.unirufa.it\/2026\/04\/21\/studenti-in-corto\/\" \/>\n<meta property=\"og:site_name\" content=\"RUFA - Rome University of Fine Arts\" \/>\n<meta property=\"article:published_time\" content=\"2026-04-21T09:21:30+00:00\" \/>\n<meta property=\"article:modified_time\" content=\"2026-04-24T09:38:21+00:00\" \/>\n<meta property=\"og:image\" content=\"https:\/\/www.unirufa.it\/wp-content\/uploads\/2026\/04\/Locandina_Studenti-in-corto_16-9-1024x576.png\" \/>\n\t<meta property=\"og:image:width\" content=\"1024\" \/>\n\t<meta property=\"og:image:height\" content=\"576\" \/>\n\t<meta property=\"og:image:type\" content=\"image\/png\" \/>\n<meta name=\"author\" content=\"Cristiana Pagnottelli\" \/>\n<meta name=\"twitter:label1\" content=\"Escrito por\" \/>\n\t<meta name=\"twitter:data1\" content=\"Cristiana Pagnottelli\" \/>\n\t<meta name=\"twitter:label2\" content=\"Tiempo de lectura\" \/>\n\t<meta name=\"twitter:data2\" content=\"11 minutos\" \/>\n<script type=\"application\/ld+json\" class=\"yoast-schema-graph\">{\"@context\":\"https:\/\/schema.org\",\"@graph\":[{\"@type\":\"WebPage\",\"@id\":\"https:\/\/www.unirufa.it\/2026\/04\/21\/studenti-in-corto\/\",\"url\":\"https:\/\/www.unirufa.it\/2026\/04\/21\/studenti-in-corto\/\",\"name\":\"STUDENTI IN CORTO - RUFA - Rome University of Fine Arts\",\"isPartOf\":{\"@id\":\"https:\/\/www.unirufa.it\/#website\"},\"primaryImageOfPage\":{\"@id\":\"https:\/\/www.unirufa.it\/2026\/04\/21\/studenti-in-corto\/#primaryimage\"},\"image\":{\"@id\":\"https:\/\/www.unirufa.it\/2026\/04\/21\/studenti-in-corto\/#primaryimage\"},\"thumbnailUrl\":\"https:\/\/www.unirufa.it\/wp-content\/uploads\/2026\/04\/Locandina_Studenti-in-corto_16-9.png\",\"datePublished\":\"2026-04-21T09:21:30+00:00\",\"dateModified\":\"2026-04-24T09:38:21+00:00\",\"author\":{\"@id\":\"https:\/\/www.unirufa.it\/#\/schema\/person\/fe58526afdf39ac27dc0d6ac68ef594c\"},\"breadcrumb\":{\"@id\":\"https:\/\/www.unirufa.it\/2026\/04\/21\/studenti-in-corto\/#breadcrumb\"},\"inLanguage\":\"es\",\"potentialAction\":[{\"@type\":\"ReadAction\",\"target\":[\"https:\/\/www.unirufa.it\/2026\/04\/21\/studenti-in-corto\/\"]}]},{\"@type\":\"ImageObject\",\"inLanguage\":\"es\",\"@id\":\"https:\/\/www.unirufa.it\/2026\/04\/21\/studenti-in-corto\/#primaryimage\",\"url\":\"https:\/\/www.unirufa.it\/wp-content\/uploads\/2026\/04\/Locandina_Studenti-in-corto_16-9.png\",\"contentUrl\":\"https:\/\/www.unirufa.it\/wp-content\/uploads\/2026\/04\/Locandina_Studenti-in-corto_16-9.png\",\"width\":1920,\"height\":1080},{\"@type\":\"BreadcrumbList\",\"@id\":\"https:\/\/www.unirufa.it\/2026\/04\/21\/studenti-in-corto\/#breadcrumb\",\"itemListElement\":[{\"@type\":\"ListItem\",\"position\":1,\"name\":\"Home\",\"item\":\"https:\/\/www.unirufa.it\/\"},{\"@type\":\"ListItem\",\"position\":2,\"name\":\"STUDENTI IN CORTO\"}]},{\"@type\":\"WebSite\",\"@id\":\"https:\/\/www.unirufa.it\/#website\",\"url\":\"https:\/\/www.unirufa.it\/\",\"name\":\"RUFA - Rome University of Fine Arts\",\"description\":\"\",\"potentialAction\":[{\"@type\":\"SearchAction\",\"target\":{\"@type\":\"EntryPoint\",\"urlTemplate\":\"https:\/\/www.unirufa.it\/?s={search_term_string}\"},\"query-input\":{\"@type\":\"PropertyValueSpecification\",\"valueRequired\":true,\"valueName\":\"search_term_string\"}}],\"inLanguage\":\"es\"},{\"@type\":\"Person\",\"@id\":\"https:\/\/www.unirufa.it\/#\/schema\/person\/fe58526afdf39ac27dc0d6ac68ef594c\",\"name\":\"Cristiana Pagnottelli\",\"image\":{\"@type\":\"ImageObject\",\"inLanguage\":\"es\",\"@id\":\"https:\/\/www.unirufa.it\/#\/schema\/person\/image\/\",\"url\":\"https:\/\/secure.gravatar.com\/avatar\/72550d45d2d782e9f7ca590c8e6e1211?s=96&d=mm&r=g\",\"contentUrl\":\"https:\/\/secure.gravatar.com\/avatar\/72550d45d2d782e9f7ca590c8e6e1211?s=96&d=mm&r=g\",\"caption\":\"Cristiana Pagnottelli\"},\"url\":\"https:\/\/www.unirufa.it\/es\/author\/cristiana\/\"}]}<\/script>\n<!-- \/ Yoast SEO plugin. -->","yoast_head_json":{"title":"STUDENTI IN CORTO - RUFA - Rome University of Fine Arts","robots":{"index":"index","follow":"follow","max-snippet":"max-snippet:-1","max-image-preview":"max-image-preview:large","max-video-preview":"max-video-preview:-1"},"canonical":"https:\/\/www.unirufa.it\/2026\/04\/21\/studenti-in-corto\/","og_locale":"es_ES","og_type":"article","og_title":"STUDENTI IN CORTO - RUFA - Rome University of Fine Arts","og_description":"Disculpa, pero esta entrada est\u00e1 disponible s\u00f3lo en IT y EN.Nella Giornata Mondiale della Creativit\u00e0 e dell\u2019Innovazione, al via un progetto nazionale per valorizzare i cortometraggi degli studenti delle principali Universit\u00e0 italiane. In occasione della Giornata Mondiale della Creativit\u00e0 e dell\u2019Innovazione, Rai Cinema lancia Studenti in Corto &#8211; uno spazio per i talenti del futuro,... Find out more","og_url":"https:\/\/www.unirufa.it\/2026\/04\/21\/studenti-in-corto\/","og_site_name":"RUFA - Rome University of Fine Arts","article_published_time":"2026-04-21T09:21:30+00:00","article_modified_time":"2026-04-24T09:38:21+00:00","og_image":[{"width":1024,"height":576,"url":"https:\/\/www.unirufa.it\/wp-content\/uploads\/2026\/04\/Locandina_Studenti-in-corto_16-9-1024x576.png","type":"image\/png"}],"author":"Cristiana Pagnottelli","twitter_misc":{"Escrito por":"Cristiana Pagnottelli","Tiempo de lectura":"11 minutos"},"schema":{"@context":"https:\/\/schema.org","@graph":[{"@type":"WebPage","@id":"https:\/\/www.unirufa.it\/2026\/04\/21\/studenti-in-corto\/","url":"https:\/\/www.unirufa.it\/2026\/04\/21\/studenti-in-corto\/","name":"STUDENTI IN CORTO - RUFA - Rome University of Fine Arts","isPartOf":{"@id":"https:\/\/www.unirufa.it\/#website"},"primaryImageOfPage":{"@id":"https:\/\/www.unirufa.it\/2026\/04\/21\/studenti-in-corto\/#primaryimage"},"image":{"@id":"https:\/\/www.unirufa.it\/2026\/04\/21\/studenti-in-corto\/#primaryimage"},"thumbnailUrl":"https:\/\/www.unirufa.it\/wp-content\/uploads\/2026\/04\/Locandina_Studenti-in-corto_16-9.png","datePublished":"2026-04-21T09:21:30+00:00","dateModified":"2026-04-24T09:38:21+00:00","author":{"@id":"https:\/\/www.unirufa.it\/#\/schema\/person\/fe58526afdf39ac27dc0d6ac68ef594c"},"breadcrumb":{"@id":"https:\/\/www.unirufa.it\/2026\/04\/21\/studenti-in-corto\/#breadcrumb"},"inLanguage":"es","potentialAction":[{"@type":"ReadAction","target":["https:\/\/www.unirufa.it\/2026\/04\/21\/studenti-in-corto\/"]}]},{"@type":"ImageObject","inLanguage":"es","@id":"https:\/\/www.unirufa.it\/2026\/04\/21\/studenti-in-corto\/#primaryimage","url":"https:\/\/www.unirufa.it\/wp-content\/uploads\/2026\/04\/Locandina_Studenti-in-corto_16-9.png","contentUrl":"https:\/\/www.unirufa.it\/wp-content\/uploads\/2026\/04\/Locandina_Studenti-in-corto_16-9.png","width":1920,"height":1080},{"@type":"BreadcrumbList","@id":"https:\/\/www.unirufa.it\/2026\/04\/21\/studenti-in-corto\/#breadcrumb","itemListElement":[{"@type":"ListItem","position":1,"name":"Home","item":"https:\/\/www.unirufa.it\/"},{"@type":"ListItem","position":2,"name":"STUDENTI IN CORTO"}]},{"@type":"WebSite","@id":"https:\/\/www.unirufa.it\/#website","url":"https:\/\/www.unirufa.it\/","name":"RUFA - Rome University of Fine Arts","description":"","potentialAction":[{"@type":"SearchAction","target":{"@type":"EntryPoint","urlTemplate":"https:\/\/www.unirufa.it\/?s={search_term_string}"},"query-input":{"@type":"PropertyValueSpecification","valueRequired":true,"valueName":"search_term_string"}}],"inLanguage":"es"},{"@type":"Person","@id":"https:\/\/www.unirufa.it\/#\/schema\/person\/fe58526afdf39ac27dc0d6ac68ef594c","name":"Cristiana Pagnottelli","image":{"@type":"ImageObject","inLanguage":"es","@id":"https:\/\/www.unirufa.it\/#\/schema\/person\/image\/","url":"https:\/\/secure.gravatar.com\/avatar\/72550d45d2d782e9f7ca590c8e6e1211?s=96&d=mm&r=g","contentUrl":"https:\/\/secure.gravatar.com\/avatar\/72550d45d2d782e9f7ca590c8e6e1211?s=96&d=mm&r=g","caption":"Cristiana Pagnottelli"},"url":"https:\/\/www.unirufa.it\/es\/author\/cristiana\/"}]}},"_links":{"self":[{"href":"https:\/\/www.unirufa.it\/es\/wp-json\/wp\/v2\/posts\/153128","targetHints":{"allow":["GET"]}}],"collection":[{"href":"https:\/\/www.unirufa.it\/es\/wp-json\/wp\/v2\/posts"}],"about":[{"href":"https:\/\/www.unirufa.it\/es\/wp-json\/wp\/v2\/types\/post"}],"author":[{"embeddable":true,"href":"https:\/\/www.unirufa.it\/es\/wp-json\/wp\/v2\/users\/12"}],"replies":[{"embeddable":true,"href":"https:\/\/www.unirufa.it\/es\/wp-json\/wp\/v2\/comments?post=153128"}],"version-history":[{"count":7,"href":"https:\/\/www.unirufa.it\/es\/wp-json\/wp\/v2\/posts\/153128\/revisions"}],"predecessor-version":[{"id":153137,"href":"https:\/\/www.unirufa.it\/es\/wp-json\/wp\/v2\/posts\/153128\/revisions\/153137"}],"wp:featuredmedia":[{"embeddable":true,"href":"https:\/\/www.unirufa.it\/es\/wp-json\/wp\/v2\/media\/153130"}],"wp:attachment":[{"href":"https:\/\/www.unirufa.it\/es\/wp-json\/wp\/v2\/media?parent=153128"}],"wp:term":[{"taxonomy":"category","embeddable":true,"href":"https:\/\/www.unirufa.it\/es\/wp-json\/wp\/v2\/categories?post=153128"},{"taxonomy":"post_tag","embeddable":true,"href":"https:\/\/www.unirufa.it\/es\/wp-json\/wp\/v2\/tags?post=153128"}],"curies":[{"name":"wp","href":"https:\/\/api.w.org\/{rel}","templated":true}]}}