


{"id":16662,"date":"2018-06-25T08:16:21","date_gmt":"2018-06-25T08:16:21","guid":{"rendered":"https:\/\/www.unirufa.it\/?p=16662"},"modified":"2021-10-27T17:00:00","modified_gmt":"2021-10-27T15:00:00","slug":"sessione-estiva-workshop-aperte-le-iscrizioni","status":"publish","type":"post","link":"https:\/\/www.unirufa.it\/es\/2018\/06\/25\/sessione-estiva-workshop-aperte-le-iscrizioni\/","title":{"rendered":"Sessione estiva di Workshop. Sono aperte le iscrizioni."},"content":{"rendered":"<p class=\"qtranxs-available-languages-message qtranxs-available-languages-message-es\">Disculpa, pero esta entrada est\u00e1 disponible s\u00f3lo en <a href=\"https:\/\/www.unirufa.it\/it\/wp-json\/wp\/v2\/posts\/16662\" class=\"qtranxs-available-language-link qtranxs-available-language-link-it\" title=\"IT\">IT<\/a> y <a href=\"https:\/\/www.unirufa.it\/en\/wp-json\/wp\/v2\/posts\/16662\" class=\"qtranxs-available-language-link qtranxs-available-language-link-en\" title=\"EN\">EN<\/a>.<\/p>Al via la sessione estiva dei workshop RUFA per l&#8217;a.a 2017\/2018, che si svolger\u00e0 da luned\u00ec 16 luglio a Venerd\u00ec 20 luglio. Un\u2019altra opportunit\u00e0 per gli studenti di vivere un&#8217;esperienza di didattica non convenzionale con la possibilit\u00e0 di approfondire teoria e pratica del proprio ambito creativo, lavorando al fianco di grandi esperti e professionisti. Per il loro indiscusso valore didattico i workshop permettono agli studenti di acquisire crediti formativi. La partecipazione \u00e8 consigliata ed \u00e8 fondamentale completare l\u2019iscrizione entro Luned\u00ec 2 luglio compilando l\u2019apposito <a href=\"https:\/\/www.unirufa.it\/\" rel=\"noopener\" target=\"_blank\">FORM<\/a>.<\/p>\n<p>Di seguito tutte le informazioni relative ai workshop.<\/p>\n<p><strong>L&#8217;AZIONE CHE GOVERNA IL PENSIERO \/ L&#8217;ALTRA MONTAGNA<\/strong><br \/>\n<em>A cura di Simone Cametti<\/em><br \/>\nFare formazione attraverso il confronto e l\u2019esperienza diretta. Questo workshop si pone l\u2019obiettivo di condurre gli allievi a sviluppare una maggiore consapevolezza e profondit\u00e0 di pensiero nell\u2019uso della pratica artistica \u201csite specific\u201d, imparando ad affrontare tutte le questioni teoriche e pratiche che la riguardano in maniera precipua.<br \/>\n<a href=\"https:\/\/www.unirufa.it\/wp-content\/uploads\/2018\/06\/WS_azione_governa_pensiero_altra_montagna.pdf\" rel=\"noopener\" target=\"_blank\">SCHEDA WORKSHOP<\/a><\/p>\n<p><strong>YES, WE PLAY! Scopri, sperimenta, inventa.<\/strong><br \/>\n<em>A cura dall\u2019arch. Barbara Annunziata. Proposto da Paolo Parea<\/em><br \/>\nIl workshop ha come obiettivo la progettazione di oggetti di product e\/o interior design e gioco per l\u2019infanzia che si vadano ad inserire in spazi qual: ludoteche, baby garden, camere per neonati-bambini-ragazzi. Il workshop poggia le basi sui presupposti del Metodo Montessoriano.<br \/>\n<a href=\"https:\/\/www.unirufa.it\/wp-content\/uploads\/2018\/06\/WS_Yes_WePlay.pdf\" rel=\"noopener\" target=\"_blank\">SCHEDA WORKSHOP<\/a><\/p>\n<p><strong>INTERACTIVE INTERFACES. Prototipazione di un grafico.<\/strong><br \/>\n<em>A cura di Martin Romeo e Paolo Buonaiuto <\/em><br \/>\nIl laboratorio fornisce le conoscenze teoriche e pratiche per la realizzazione di progetti che utilizzino le nuove tecnologie nella gestione e divulgazione delle informazioni. Durante Interfacce Interattive verranno creati dei layout grafici sui quali si potr\u00e0 interagire con diversi dispositivi attraverso il movimento delle mani, il controllo del pensiero e il touch sul display.<br \/>\n<a href=\"https:\/\/www.unirufa.it\/wp-content\/uploads\/2018\/06\/WS_INTERACTIVE_INTERFACES.pdf\" rel=\"noopener\" target=\"_blank\">SCHEDA WORKSHOP<\/a><\/p>\n<p><strong>CREATIVE REUSE FOR HABITAT<\/strong><br \/>\n<em>A cura di Isabel Clara Neves<\/em><br \/>\nLo studente dovrebbe sviluppar\u00e0 un concept originale di dimora per brevi periodi. Idee, forme e materiali saranno esplorati tenendo conto di questioni concettuali, funzionali, ergonomiche e costruttive. Particolare attenzione sar\u00e0 data all&#8217;esplorazione dialettica tra concetto e progetto, memoria e contemporaneit\u00e0, spazio pubblico e privato, esterno e interno.<br \/>\n<a href=\"https:\/\/www.unirufa.it\/wp-content\/uploads\/2018\/06\/WS_CREATIVE-REUSE-FOR-HABITATuff-comunicazione.pdf\" rel=\"noopener\" target=\"_blank\">SCHEDA WORKSHOP<\/a><\/p>\n<p><strong>AVANZANO SEMPRE SU DUE RUOTE. L\u2019adattamento letterario al cinema.<\/strong><br \/>\n<em>A cura di Filippo Bologna<\/em><br \/>\nDopo aver passato in rassegna da un punto di vista teorico i problemi semiotici che l\u2019adattamento coinvolge, il workshop si propone di affrontare l\u2019adattamento da un punto di vista pratico, attraverso un intenso lavoro di laboratorio su testi letterari (racconti o brani di romanzi) che nelle 25 ore di corso si tramuteranno in sceneggiature di corti pronti per essere girati.<br \/>\n<a href=\"https:\/\/www.unirufa.it\/wp-content\/uploads\/2018\/06\/WS_Avanzano_sempre_su_due_ruote.pdf\" rel=\"noopener\" target=\"_blank\">SCHEDA WORKSHOP<\/a><\/p>\n<p><strong>EXPERIENCING URBAN ART <\/strong><br \/>\n<em>A cura di MP5 con Nicolas Martino e Serena Soccio <\/em><br \/>\nIl workshop si propone come fine quello di introdurre i partecipanti alle metodologie di lavoro inerenti agli interventi artistici (murales, videoproiezioni, poster, installazioni) nello spazio pubblico. Il laboratorio si concluder\u00e0 con un&#8217;esposizione finale dei progetti elaborati dagli studenti.<br \/>\n<a href=\"https:\/\/www.unirufa.it\/wp-content\/uploads\/2018\/06\/WS_EXPERIENCING_URBAN_ART.pdf\" rel=\"noopener\" target=\"_blank\">SCHEDA WORKSHOP<\/a><\/p>\n<p><a class=\"download-btn\" href=\"https:\/\/www.unirufa.it\/\" target=\"_blank\" rel=\"noopener\">ISCRIZIONE WORKSHOP<\/a>","protected":false},"excerpt":{"rendered":"<p>Disculpa, pero esta entrada est\u00e1 disponible s\u00f3lo en IT y EN.Al via la sessione estiva dei workshop RUFA per l&#8217;a.a 2017\/2018, che si svolger\u00e0 da luned\u00ec 16 luglio a Venerd\u00ec 20 luglio. Un\u2019altra opportunit\u00e0 per gli studenti di vivere un&#8217;esperienza di didattica non convenzionale con la possibilit\u00e0 di approfondire teoria e pratica del proprio ambito&#8230;  <a class=\"excerpt-read-more\" href=\"https:\/\/www.unirufa.it\/es\/2018\/06\/25\/sessione-estiva-workshop-aperte-le-iscrizioni\/\" title=\"Read Sessione estiva di Workshop. Sono aperte le iscrizioni.\">Find out more<\/a><\/p>\n","protected":false},"author":1,"featured_media":16720,"comment_status":"closed","ping_status":"closed","sticky":false,"template":"","format":"standard","meta":{"content-type":"","footnotes":""},"categories":[934],"tags":[1345,1346,95],"class_list":["post-16662","post","type-post","status-publish","format-standard","has-post-thumbnail","hentry","category-didactics","tag-luglio","tag-sessione-estiva","tag-workshop-2"],"yoast_head":"<!-- This site is optimized with the Yoast SEO plugin v24.2 - https:\/\/yoast.com\/wordpress\/plugins\/seo\/ -->\n<title>Sessione estiva di Workshop. Sono aperte le iscrizioni. - RUFA - Rome University of Fine Arts<\/title>\n<meta name=\"robots\" content=\"index, follow, max-snippet:-1, max-image-preview:large, max-video-preview:-1\" \/>\n<link rel=\"canonical\" href=\"https:\/\/www.unirufa.it\/2018\/06\/25\/sessione-estiva-workshop-aperte-le-iscrizioni\/\" \/>\n<meta property=\"og:locale\" content=\"es_ES\" \/>\n<meta property=\"og:type\" content=\"article\" \/>\n<meta property=\"og:title\" content=\"Sessione estiva di Workshop. Sono aperte le iscrizioni. - RUFA - Rome University of Fine Arts\" \/>\n<meta property=\"og:description\" content=\"Disculpa, pero esta entrada est\u00e1 disponible s\u00f3lo en IT y EN.Al via la sessione estiva dei workshop RUFA per l&#8217;a.a 2017\/2018, che si svolger\u00e0 da luned\u00ec 16 luglio a Venerd\u00ec 20 luglio. Un\u2019altra opportunit\u00e0 per gli studenti di vivere un&#8217;esperienza di didattica non convenzionale con la possibilit\u00e0 di approfondire teoria e pratica del proprio ambito... Find out more\" \/>\n<meta property=\"og:url\" content=\"https:\/\/www.unirufa.it\/2018\/06\/25\/sessione-estiva-workshop-aperte-le-iscrizioni\/\" \/>\n<meta property=\"og:site_name\" content=\"RUFA - Rome University of Fine Arts\" \/>\n<meta property=\"article:published_time\" content=\"2018-06-25T08:16:21+00:00\" \/>\n<meta property=\"article:modified_time\" content=\"2021-10-27T15:00:00+00:00\" \/>\n<meta property=\"og:image\" content=\"https:\/\/www.unirufa.it\/wp-content\/uploads\/2018\/06\/Rufa_fb-_Sessione_Workshop_2017_2018_1050x600.jpg\" \/>\n\t<meta property=\"og:image:width\" content=\"1050\" \/>\n\t<meta property=\"og:image:height\" content=\"600\" \/>\n\t<meta property=\"og:image:type\" content=\"image\/jpeg\" \/>\n<meta name=\"author\" content=\"rufa\" \/>\n<meta name=\"twitter:label1\" content=\"Escrito por\" \/>\n\t<meta name=\"twitter:data1\" content=\"rufa\" \/>\n\t<meta name=\"twitter:label2\" content=\"Tiempo de lectura\" \/>\n\t<meta name=\"twitter:data2\" content=\"5 minutos\" \/>\n<script type=\"application\/ld+json\" class=\"yoast-schema-graph\">{\"@context\":\"https:\/\/schema.org\",\"@graph\":[{\"@type\":\"WebPage\",\"@id\":\"https:\/\/www.unirufa.it\/2018\/06\/25\/sessione-estiva-workshop-aperte-le-iscrizioni\/\",\"url\":\"https:\/\/www.unirufa.it\/2018\/06\/25\/sessione-estiva-workshop-aperte-le-iscrizioni\/\",\"name\":\"Sessione estiva di Workshop. Sono aperte le iscrizioni. - RUFA - Rome University of Fine Arts\",\"isPartOf\":{\"@id\":\"https:\/\/www.unirufa.it\/#website\"},\"primaryImageOfPage\":{\"@id\":\"https:\/\/www.unirufa.it\/2018\/06\/25\/sessione-estiva-workshop-aperte-le-iscrizioni\/#primaryimage\"},\"image\":{\"@id\":\"https:\/\/www.unirufa.it\/2018\/06\/25\/sessione-estiva-workshop-aperte-le-iscrizioni\/#primaryimage\"},\"thumbnailUrl\":\"https:\/\/www.unirufa.it\/wp-content\/uploads\/2018\/06\/Rufa_fb-_Sessione_Workshop_2017_2018_1050x600.jpg\",\"datePublished\":\"2018-06-25T08:16:21+00:00\",\"dateModified\":\"2021-10-27T15:00:00+00:00\",\"author\":{\"@id\":\"https:\/\/www.unirufa.it\/#\/schema\/person\/df501afc19e72ccaeeaaec268b0c5917\"},\"breadcrumb\":{\"@id\":\"https:\/\/www.unirufa.it\/2018\/06\/25\/sessione-estiva-workshop-aperte-le-iscrizioni\/#breadcrumb\"},\"inLanguage\":\"es\",\"potentialAction\":[{\"@type\":\"ReadAction\",\"target\":[\"https:\/\/www.unirufa.it\/2018\/06\/25\/sessione-estiva-workshop-aperte-le-iscrizioni\/\"]}]},{\"@type\":\"ImageObject\",\"inLanguage\":\"es\",\"@id\":\"https:\/\/www.unirufa.it\/2018\/06\/25\/sessione-estiva-workshop-aperte-le-iscrizioni\/#primaryimage\",\"url\":\"https:\/\/www.unirufa.it\/wp-content\/uploads\/2018\/06\/Rufa_fb-_Sessione_Workshop_2017_2018_1050x600.jpg\",\"contentUrl\":\"https:\/\/www.unirufa.it\/wp-content\/uploads\/2018\/06\/Rufa_fb-_Sessione_Workshop_2017_2018_1050x600.jpg\",\"width\":1050,\"height\":600},{\"@type\":\"BreadcrumbList\",\"@id\":\"https:\/\/www.unirufa.it\/2018\/06\/25\/sessione-estiva-workshop-aperte-le-iscrizioni\/#breadcrumb\",\"itemListElement\":[{\"@type\":\"ListItem\",\"position\":1,\"name\":\"Home\",\"item\":\"https:\/\/www.unirufa.it\/\"},{\"@type\":\"ListItem\",\"position\":2,\"name\":\"Sessione estiva di Workshop. Sono aperte le iscrizioni.\"}]},{\"@type\":\"WebSite\",\"@id\":\"https:\/\/www.unirufa.it\/#website\",\"url\":\"https:\/\/www.unirufa.it\/\",\"name\":\"RUFA - Rome University of Fine Arts\",\"description\":\"\",\"potentialAction\":[{\"@type\":\"SearchAction\",\"target\":{\"@type\":\"EntryPoint\",\"urlTemplate\":\"https:\/\/www.unirufa.it\/?s={search_term_string}\"},\"query-input\":{\"@type\":\"PropertyValueSpecification\",\"valueRequired\":true,\"valueName\":\"search_term_string\"}}],\"inLanguage\":\"es\"},{\"@type\":\"Person\",\"@id\":\"https:\/\/www.unirufa.it\/#\/schema\/person\/df501afc19e72ccaeeaaec268b0c5917\",\"name\":\"rufa\",\"image\":{\"@type\":\"ImageObject\",\"inLanguage\":\"es\",\"@id\":\"https:\/\/www.unirufa.it\/#\/schema\/person\/image\/\",\"url\":\"https:\/\/secure.gravatar.com\/avatar\/7f7ea0eea9301536a533fa1d7ea507b9?s=96&d=mm&r=g\",\"contentUrl\":\"https:\/\/secure.gravatar.com\/avatar\/7f7ea0eea9301536a533fa1d7ea507b9?s=96&d=mm&r=g\",\"caption\":\"rufa\"},\"url\":\"https:\/\/www.unirufa.it\/es\/author\/rufa\/\"}]}<\/script>\n<!-- \/ Yoast SEO plugin. -->","yoast_head_json":{"title":"Sessione estiva di Workshop. Sono aperte le iscrizioni. - RUFA - Rome University of Fine Arts","robots":{"index":"index","follow":"follow","max-snippet":"max-snippet:-1","max-image-preview":"max-image-preview:large","max-video-preview":"max-video-preview:-1"},"canonical":"https:\/\/www.unirufa.it\/2018\/06\/25\/sessione-estiva-workshop-aperte-le-iscrizioni\/","og_locale":"es_ES","og_type":"article","og_title":"Sessione estiva di Workshop. Sono aperte le iscrizioni. - RUFA - Rome University of Fine Arts","og_description":"Disculpa, pero esta entrada est\u00e1 disponible s\u00f3lo en IT y EN.Al via la sessione estiva dei workshop RUFA per l&#8217;a.a 2017\/2018, che si svolger\u00e0 da luned\u00ec 16 luglio a Venerd\u00ec 20 luglio. Un\u2019altra opportunit\u00e0 per gli studenti di vivere un&#8217;esperienza di didattica non convenzionale con la possibilit\u00e0 di approfondire teoria e pratica del proprio ambito... Find out more","og_url":"https:\/\/www.unirufa.it\/2018\/06\/25\/sessione-estiva-workshop-aperte-le-iscrizioni\/","og_site_name":"RUFA - Rome University of Fine Arts","article_published_time":"2018-06-25T08:16:21+00:00","article_modified_time":"2021-10-27T15:00:00+00:00","og_image":[{"width":1050,"height":600,"url":"https:\/\/www.unirufa.it\/wp-content\/uploads\/2018\/06\/Rufa_fb-_Sessione_Workshop_2017_2018_1050x600.jpg","type":"image\/jpeg"}],"author":"rufa","twitter_misc":{"Escrito por":"rufa","Tiempo de lectura":"5 minutos"},"schema":{"@context":"https:\/\/schema.org","@graph":[{"@type":"WebPage","@id":"https:\/\/www.unirufa.it\/2018\/06\/25\/sessione-estiva-workshop-aperte-le-iscrizioni\/","url":"https:\/\/www.unirufa.it\/2018\/06\/25\/sessione-estiva-workshop-aperte-le-iscrizioni\/","name":"Sessione estiva di Workshop. Sono aperte le iscrizioni. - RUFA - Rome University of Fine Arts","isPartOf":{"@id":"https:\/\/www.unirufa.it\/#website"},"primaryImageOfPage":{"@id":"https:\/\/www.unirufa.it\/2018\/06\/25\/sessione-estiva-workshop-aperte-le-iscrizioni\/#primaryimage"},"image":{"@id":"https:\/\/www.unirufa.it\/2018\/06\/25\/sessione-estiva-workshop-aperte-le-iscrizioni\/#primaryimage"},"thumbnailUrl":"https:\/\/www.unirufa.it\/wp-content\/uploads\/2018\/06\/Rufa_fb-_Sessione_Workshop_2017_2018_1050x600.jpg","datePublished":"2018-06-25T08:16:21+00:00","dateModified":"2021-10-27T15:00:00+00:00","author":{"@id":"https:\/\/www.unirufa.it\/#\/schema\/person\/df501afc19e72ccaeeaaec268b0c5917"},"breadcrumb":{"@id":"https:\/\/www.unirufa.it\/2018\/06\/25\/sessione-estiva-workshop-aperte-le-iscrizioni\/#breadcrumb"},"inLanguage":"es","potentialAction":[{"@type":"ReadAction","target":["https:\/\/www.unirufa.it\/2018\/06\/25\/sessione-estiva-workshop-aperte-le-iscrizioni\/"]}]},{"@type":"ImageObject","inLanguage":"es","@id":"https:\/\/www.unirufa.it\/2018\/06\/25\/sessione-estiva-workshop-aperte-le-iscrizioni\/#primaryimage","url":"https:\/\/www.unirufa.it\/wp-content\/uploads\/2018\/06\/Rufa_fb-_Sessione_Workshop_2017_2018_1050x600.jpg","contentUrl":"https:\/\/www.unirufa.it\/wp-content\/uploads\/2018\/06\/Rufa_fb-_Sessione_Workshop_2017_2018_1050x600.jpg","width":1050,"height":600},{"@type":"BreadcrumbList","@id":"https:\/\/www.unirufa.it\/2018\/06\/25\/sessione-estiva-workshop-aperte-le-iscrizioni\/#breadcrumb","itemListElement":[{"@type":"ListItem","position":1,"name":"Home","item":"https:\/\/www.unirufa.it\/"},{"@type":"ListItem","position":2,"name":"Sessione estiva di Workshop. Sono aperte le iscrizioni."}]},{"@type":"WebSite","@id":"https:\/\/www.unirufa.it\/#website","url":"https:\/\/www.unirufa.it\/","name":"RUFA - Rome University of Fine Arts","description":"","potentialAction":[{"@type":"SearchAction","target":{"@type":"EntryPoint","urlTemplate":"https:\/\/www.unirufa.it\/?s={search_term_string}"},"query-input":{"@type":"PropertyValueSpecification","valueRequired":true,"valueName":"search_term_string"}}],"inLanguage":"es"},{"@type":"Person","@id":"https:\/\/www.unirufa.it\/#\/schema\/person\/df501afc19e72ccaeeaaec268b0c5917","name":"rufa","image":{"@type":"ImageObject","inLanguage":"es","@id":"https:\/\/www.unirufa.it\/#\/schema\/person\/image\/","url":"https:\/\/secure.gravatar.com\/avatar\/7f7ea0eea9301536a533fa1d7ea507b9?s=96&d=mm&r=g","contentUrl":"https:\/\/secure.gravatar.com\/avatar\/7f7ea0eea9301536a533fa1d7ea507b9?s=96&d=mm&r=g","caption":"rufa"},"url":"https:\/\/www.unirufa.it\/es\/author\/rufa\/"}]}},"_links":{"self":[{"href":"https:\/\/www.unirufa.it\/es\/wp-json\/wp\/v2\/posts\/16662","targetHints":{"allow":["GET"]}}],"collection":[{"href":"https:\/\/www.unirufa.it\/es\/wp-json\/wp\/v2\/posts"}],"about":[{"href":"https:\/\/www.unirufa.it\/es\/wp-json\/wp\/v2\/types\/post"}],"author":[{"embeddable":true,"href":"https:\/\/www.unirufa.it\/es\/wp-json\/wp\/v2\/users\/1"}],"replies":[{"embeddable":true,"href":"https:\/\/www.unirufa.it\/es\/wp-json\/wp\/v2\/comments?post=16662"}],"version-history":[{"count":11,"href":"https:\/\/www.unirufa.it\/es\/wp-json\/wp\/v2\/posts\/16662\/revisions"}],"predecessor-version":[{"id":54796,"href":"https:\/\/www.unirufa.it\/es\/wp-json\/wp\/v2\/posts\/16662\/revisions\/54796"}],"wp:featuredmedia":[{"embeddable":true,"href":"https:\/\/www.unirufa.it\/es\/wp-json\/wp\/v2\/media\/16720"}],"wp:attachment":[{"href":"https:\/\/www.unirufa.it\/es\/wp-json\/wp\/v2\/media?parent=16662"}],"wp:term":[{"taxonomy":"category","embeddable":true,"href":"https:\/\/www.unirufa.it\/es\/wp-json\/wp\/v2\/categories?post=16662"},{"taxonomy":"post_tag","embeddable":true,"href":"https:\/\/www.unirufa.it\/es\/wp-json\/wp\/v2\/tags?post=16662"}],"curies":[{"name":"wp","href":"https:\/\/api.w.org\/{rel}","templated":true}]}}