


{"id":19471,"date":"2019-03-28T12:58:36","date_gmt":"2019-03-28T12:58:36","guid":{"rendered":"https:\/\/www.unirufa.it\/?p=19471"},"modified":"2020-11-10T18:46:18","modified_gmt":"2020-11-10T17:46:18","slug":"rufa-sostiene-la-partecipazione-al-fondo-della-creativita-promosso-dalla-regione-lazio","status":"publish","type":"post","link":"https:\/\/www.unirufa.it\/es\/2019\/03\/28\/rufa-sostiene-la-partecipazione-al-fondo-della-creativita-promosso-dalla-regione-lazio\/","title":{"rendered":"RUFA sostiene la partecipazione al Fondo della Creativit\u00e0 promosso dalla Regione Lazio"},"content":{"rendered":"<p class=\"qtranxs-available-languages-message qtranxs-available-languages-message-es\">Disculpa, pero esta entrada est\u00e1 disponible s\u00f3lo en <a href=\"https:\/\/www.unirufa.it\/it\/wp-json\/wp\/v2\/posts\/19471\" class=\"qtranxs-available-language-link qtranxs-available-language-link-it\" title=\"IT\">IT<\/a> y <a href=\"https:\/\/www.unirufa.it\/en\/wp-json\/wp\/v2\/posts\/19471\" class=\"qtranxs-available-language-link qtranxs-available-language-link-en\" title=\"EN\">EN<\/a>.<\/p>Sono cinque i campi di applicazione inseriti nel Fondo della Creativit\u00e0, istituito dall\u2019articolo 7 della legge regionale 13\/2013 riproposto anche per il 2019: musica, audiovisivo, editoria, comunicazione, videogiochi e software. Si tratta di un\u2019opportunit\u00e0 che merita considerazione e approfondimento e che permetterebbe, a molti studenti e diplomati RUFA di abbreviare i tempi di ingresso nel mondo del lavoro. Per aderire c\u2019\u00e8 ancora tempo fino al 12 aprile.<\/p>\n<p>Il fondo in questione ha lo scopo di sostenere la nascita e\/o lo sviluppo di start up innovative, operanti nel settore delle attivit\u00e0 culturali e creative da almeno due anni, mediante l\u2019erogazione di contributi a fondo perduto per il sostegno delle spese di avvio dell\u2019impresa e per la copertura dei costi di investimento e gestione. In particolare, l\u2019avviso \u00e8 rivolto a coloro che intendono operare con un apporto culturale o creativo rispetto alle attuali conoscenze, in uno o pi\u00f9 dei seguenti settori di interesse: arte, restauro, artigianato artistico, tecnologie applicate ai beni culturali, fotografia, architettura, design, disegno industriale, design della moda.<\/p>\n<p>Il bando, pubblicato sul BUR n. 8 dello scorso 24 gennaio, illustra le modalit\u00e0 e i criteri per la concessione delle risorse del Fondo. Sar\u00e0 possibile compilare il formulario disponibile on-line nella piattaforma GeCoWEB, accessibile dal sito www.lazioinnova.it, nella pagina dedicata fino alle ore 12 del prossimo 12 aprile. Le richieste potranno essere presentate esclusivamente via pec, all\u2019indirizzo incentivi@pec.lazioinnova.it.<\/p>","protected":false},"excerpt":{"rendered":"<p>Disculpa, pero esta entrada est\u00e1 disponible s\u00f3lo en IT y EN.Sono cinque i campi di applicazione inseriti nel Fondo della Creativit\u00e0, istituito dall\u2019articolo 7 della legge regionale 13\/2013 riproposto anche per il 2019: musica, audiovisivo, editoria, comunicazione, videogiochi e software. Si tratta di un\u2019opportunit\u00e0 che merita considerazione e approfondimento e che permetterebbe, a molti studenti&#8230;  <a class=\"excerpt-read-more\" href=\"https:\/\/www.unirufa.it\/es\/2019\/03\/28\/rufa-sostiene-la-partecipazione-al-fondo-della-creativita-promosso-dalla-regione-lazio\/\" title=\"Read RUFA sostiene la partecipazione al Fondo della Creativit\u00e0 promosso dalla Regione Lazio\">Find out more<\/a><\/p>\n","protected":false},"author":1,"featured_media":19472,"comment_status":"closed","ping_status":"closed","sticky":false,"template":"","format":"standard","meta":{"content-type":"","footnotes":""},"categories":[934],"tags":[109,732,1472,1473],"class_list":["post-19471","post","type-post","status-publish","format-standard","has-post-thumbnail","hentry","category-didactics","tag-creativita","tag-lazio","tag-lazio-innova","tag-sturt-up"],"yoast_head":"<!-- This site is optimized with the Yoast SEO plugin v24.2 - https:\/\/yoast.com\/wordpress\/plugins\/seo\/ -->\n<title>RUFA sostiene la partecipazione al Fondo della Creativit\u00e0 promosso dalla Regione Lazio - RUFA - Rome University of Fine Arts<\/title>\n<meta name=\"robots\" content=\"index, follow, max-snippet:-1, max-image-preview:large, max-video-preview:-1\" \/>\n<link rel=\"canonical\" href=\"https:\/\/www.unirufa.it\/2019\/03\/28\/rufa-sostiene-la-partecipazione-al-fondo-della-creativita-promosso-dalla-regione-lazio\/\" \/>\n<meta property=\"og:locale\" content=\"es_ES\" \/>\n<meta property=\"og:type\" content=\"article\" \/>\n<meta property=\"og:title\" content=\"RUFA sostiene la partecipazione al Fondo della Creativit\u00e0 promosso dalla Regione Lazio - RUFA - Rome University of Fine Arts\" \/>\n<meta property=\"og:description\" content=\"Disculpa, pero esta entrada est\u00e1 disponible s\u00f3lo en IT y EN.Sono cinque i campi di applicazione inseriti nel Fondo della Creativit\u00e0, istituito dall\u2019articolo 7 della legge regionale 13\/2013 riproposto anche per il 2019: musica, audiovisivo, editoria, comunicazione, videogiochi e software. Si tratta di un\u2019opportunit\u00e0 che merita considerazione e approfondimento e che permetterebbe, a molti studenti... Find out more\" \/>\n<meta property=\"og:url\" content=\"https:\/\/www.unirufa.it\/2019\/03\/28\/rufa-sostiene-la-partecipazione-al-fondo-della-creativita-promosso-dalla-regione-lazio\/\" \/>\n<meta property=\"og:site_name\" content=\"RUFA - Rome University of Fine Arts\" \/>\n<meta property=\"article:published_time\" content=\"2019-03-28T12:58:36+00:00\" \/>\n<meta property=\"article:modified_time\" content=\"2020-11-10T17:46:18+00:00\" \/>\n<meta property=\"og:image\" content=\"https:\/\/www.unirufa.it\/wp-content\/uploads\/2019\/03\/RUFA_Studenti.jpg\" \/>\n\t<meta property=\"og:image:width\" content=\"1050\" \/>\n\t<meta property=\"og:image:height\" content=\"700\" \/>\n\t<meta property=\"og:image:type\" content=\"image\/jpeg\" \/>\n<meta name=\"author\" content=\"rufa\" \/>\n<meta name=\"twitter:label1\" content=\"Escrito por\" \/>\n\t<meta name=\"twitter:data1\" content=\"rufa\" \/>\n\t<meta name=\"twitter:label2\" content=\"Tiempo de lectura\" \/>\n\t<meta name=\"twitter:data2\" content=\"2 minutos\" \/>\n<script type=\"application\/ld+json\" class=\"yoast-schema-graph\">{\"@context\":\"https:\/\/schema.org\",\"@graph\":[{\"@type\":\"WebPage\",\"@id\":\"https:\/\/www.unirufa.it\/2019\/03\/28\/rufa-sostiene-la-partecipazione-al-fondo-della-creativita-promosso-dalla-regione-lazio\/\",\"url\":\"https:\/\/www.unirufa.it\/2019\/03\/28\/rufa-sostiene-la-partecipazione-al-fondo-della-creativita-promosso-dalla-regione-lazio\/\",\"name\":\"RUFA sostiene la partecipazione al Fondo della Creativit\u00e0 promosso dalla Regione Lazio - RUFA - Rome University of Fine Arts\",\"isPartOf\":{\"@id\":\"https:\/\/www.unirufa.it\/#website\"},\"primaryImageOfPage\":{\"@id\":\"https:\/\/www.unirufa.it\/2019\/03\/28\/rufa-sostiene-la-partecipazione-al-fondo-della-creativita-promosso-dalla-regione-lazio\/#primaryimage\"},\"image\":{\"@id\":\"https:\/\/www.unirufa.it\/2019\/03\/28\/rufa-sostiene-la-partecipazione-al-fondo-della-creativita-promosso-dalla-regione-lazio\/#primaryimage\"},\"thumbnailUrl\":\"https:\/\/www.unirufa.it\/wp-content\/uploads\/2019\/03\/RUFA_Studenti.jpg\",\"datePublished\":\"2019-03-28T12:58:36+00:00\",\"dateModified\":\"2020-11-10T17:46:18+00:00\",\"author\":{\"@id\":\"https:\/\/www.unirufa.it\/#\/schema\/person\/df501afc19e72ccaeeaaec268b0c5917\"},\"breadcrumb\":{\"@id\":\"https:\/\/www.unirufa.it\/2019\/03\/28\/rufa-sostiene-la-partecipazione-al-fondo-della-creativita-promosso-dalla-regione-lazio\/#breadcrumb\"},\"inLanguage\":\"es\",\"potentialAction\":[{\"@type\":\"ReadAction\",\"target\":[\"https:\/\/www.unirufa.it\/2019\/03\/28\/rufa-sostiene-la-partecipazione-al-fondo-della-creativita-promosso-dalla-regione-lazio\/\"]}]},{\"@type\":\"ImageObject\",\"inLanguage\":\"es\",\"@id\":\"https:\/\/www.unirufa.it\/2019\/03\/28\/rufa-sostiene-la-partecipazione-al-fondo-della-creativita-promosso-dalla-regione-lazio\/#primaryimage\",\"url\":\"https:\/\/www.unirufa.it\/wp-content\/uploads\/2019\/03\/RUFA_Studenti.jpg\",\"contentUrl\":\"https:\/\/www.unirufa.it\/wp-content\/uploads\/2019\/03\/RUFA_Studenti.jpg\",\"width\":1050,\"height\":700},{\"@type\":\"BreadcrumbList\",\"@id\":\"https:\/\/www.unirufa.it\/2019\/03\/28\/rufa-sostiene-la-partecipazione-al-fondo-della-creativita-promosso-dalla-regione-lazio\/#breadcrumb\",\"itemListElement\":[{\"@type\":\"ListItem\",\"position\":1,\"name\":\"Home\",\"item\":\"https:\/\/www.unirufa.it\/\"},{\"@type\":\"ListItem\",\"position\":2,\"name\":\"RUFA sostiene la partecipazione al Fondo della Creativit\u00e0 promosso dalla Regione Lazio\"}]},{\"@type\":\"WebSite\",\"@id\":\"https:\/\/www.unirufa.it\/#website\",\"url\":\"https:\/\/www.unirufa.it\/\",\"name\":\"RUFA - Rome University of Fine Arts\",\"description\":\"\",\"potentialAction\":[{\"@type\":\"SearchAction\",\"target\":{\"@type\":\"EntryPoint\",\"urlTemplate\":\"https:\/\/www.unirufa.it\/?s={search_term_string}\"},\"query-input\":{\"@type\":\"PropertyValueSpecification\",\"valueRequired\":true,\"valueName\":\"search_term_string\"}}],\"inLanguage\":\"es\"},{\"@type\":\"Person\",\"@id\":\"https:\/\/www.unirufa.it\/#\/schema\/person\/df501afc19e72ccaeeaaec268b0c5917\",\"name\":\"rufa\",\"image\":{\"@type\":\"ImageObject\",\"inLanguage\":\"es\",\"@id\":\"https:\/\/www.unirufa.it\/#\/schema\/person\/image\/\",\"url\":\"https:\/\/secure.gravatar.com\/avatar\/7f7ea0eea9301536a533fa1d7ea507b9?s=96&d=mm&r=g\",\"contentUrl\":\"https:\/\/secure.gravatar.com\/avatar\/7f7ea0eea9301536a533fa1d7ea507b9?s=96&d=mm&r=g\",\"caption\":\"rufa\"},\"url\":\"https:\/\/www.unirufa.it\/es\/author\/rufa\/\"}]}<\/script>\n<!-- \/ Yoast SEO plugin. -->","yoast_head_json":{"title":"RUFA sostiene la partecipazione al Fondo della Creativit\u00e0 promosso dalla Regione Lazio - RUFA - Rome University of Fine Arts","robots":{"index":"index","follow":"follow","max-snippet":"max-snippet:-1","max-image-preview":"max-image-preview:large","max-video-preview":"max-video-preview:-1"},"canonical":"https:\/\/www.unirufa.it\/2019\/03\/28\/rufa-sostiene-la-partecipazione-al-fondo-della-creativita-promosso-dalla-regione-lazio\/","og_locale":"es_ES","og_type":"article","og_title":"RUFA sostiene la partecipazione al Fondo della Creativit\u00e0 promosso dalla Regione Lazio - RUFA - Rome University of Fine Arts","og_description":"Disculpa, pero esta entrada est\u00e1 disponible s\u00f3lo en IT y EN.Sono cinque i campi di applicazione inseriti nel Fondo della Creativit\u00e0, istituito dall\u2019articolo 7 della legge regionale 13\/2013 riproposto anche per il 2019: musica, audiovisivo, editoria, comunicazione, videogiochi e software. Si tratta di un\u2019opportunit\u00e0 che merita considerazione e approfondimento e che permetterebbe, a molti studenti... Find out more","og_url":"https:\/\/www.unirufa.it\/2019\/03\/28\/rufa-sostiene-la-partecipazione-al-fondo-della-creativita-promosso-dalla-regione-lazio\/","og_site_name":"RUFA - Rome University of Fine Arts","article_published_time":"2019-03-28T12:58:36+00:00","article_modified_time":"2020-11-10T17:46:18+00:00","og_image":[{"width":1050,"height":700,"url":"https:\/\/www.unirufa.it\/wp-content\/uploads\/2019\/03\/RUFA_Studenti.jpg","type":"image\/jpeg"}],"author":"rufa","twitter_misc":{"Escrito por":"rufa","Tiempo de lectura":"2 minutos"},"schema":{"@context":"https:\/\/schema.org","@graph":[{"@type":"WebPage","@id":"https:\/\/www.unirufa.it\/2019\/03\/28\/rufa-sostiene-la-partecipazione-al-fondo-della-creativita-promosso-dalla-regione-lazio\/","url":"https:\/\/www.unirufa.it\/2019\/03\/28\/rufa-sostiene-la-partecipazione-al-fondo-della-creativita-promosso-dalla-regione-lazio\/","name":"RUFA sostiene la partecipazione al Fondo della Creativit\u00e0 promosso dalla Regione Lazio - RUFA - Rome University of Fine Arts","isPartOf":{"@id":"https:\/\/www.unirufa.it\/#website"},"primaryImageOfPage":{"@id":"https:\/\/www.unirufa.it\/2019\/03\/28\/rufa-sostiene-la-partecipazione-al-fondo-della-creativita-promosso-dalla-regione-lazio\/#primaryimage"},"image":{"@id":"https:\/\/www.unirufa.it\/2019\/03\/28\/rufa-sostiene-la-partecipazione-al-fondo-della-creativita-promosso-dalla-regione-lazio\/#primaryimage"},"thumbnailUrl":"https:\/\/www.unirufa.it\/wp-content\/uploads\/2019\/03\/RUFA_Studenti.jpg","datePublished":"2019-03-28T12:58:36+00:00","dateModified":"2020-11-10T17:46:18+00:00","author":{"@id":"https:\/\/www.unirufa.it\/#\/schema\/person\/df501afc19e72ccaeeaaec268b0c5917"},"breadcrumb":{"@id":"https:\/\/www.unirufa.it\/2019\/03\/28\/rufa-sostiene-la-partecipazione-al-fondo-della-creativita-promosso-dalla-regione-lazio\/#breadcrumb"},"inLanguage":"es","potentialAction":[{"@type":"ReadAction","target":["https:\/\/www.unirufa.it\/2019\/03\/28\/rufa-sostiene-la-partecipazione-al-fondo-della-creativita-promosso-dalla-regione-lazio\/"]}]},{"@type":"ImageObject","inLanguage":"es","@id":"https:\/\/www.unirufa.it\/2019\/03\/28\/rufa-sostiene-la-partecipazione-al-fondo-della-creativita-promosso-dalla-regione-lazio\/#primaryimage","url":"https:\/\/www.unirufa.it\/wp-content\/uploads\/2019\/03\/RUFA_Studenti.jpg","contentUrl":"https:\/\/www.unirufa.it\/wp-content\/uploads\/2019\/03\/RUFA_Studenti.jpg","width":1050,"height":700},{"@type":"BreadcrumbList","@id":"https:\/\/www.unirufa.it\/2019\/03\/28\/rufa-sostiene-la-partecipazione-al-fondo-della-creativita-promosso-dalla-regione-lazio\/#breadcrumb","itemListElement":[{"@type":"ListItem","position":1,"name":"Home","item":"https:\/\/www.unirufa.it\/"},{"@type":"ListItem","position":2,"name":"RUFA sostiene la partecipazione al Fondo della Creativit\u00e0 promosso dalla Regione Lazio"}]},{"@type":"WebSite","@id":"https:\/\/www.unirufa.it\/#website","url":"https:\/\/www.unirufa.it\/","name":"RUFA - Rome University of Fine Arts","description":"","potentialAction":[{"@type":"SearchAction","target":{"@type":"EntryPoint","urlTemplate":"https:\/\/www.unirufa.it\/?s={search_term_string}"},"query-input":{"@type":"PropertyValueSpecification","valueRequired":true,"valueName":"search_term_string"}}],"inLanguage":"es"},{"@type":"Person","@id":"https:\/\/www.unirufa.it\/#\/schema\/person\/df501afc19e72ccaeeaaec268b0c5917","name":"rufa","image":{"@type":"ImageObject","inLanguage":"es","@id":"https:\/\/www.unirufa.it\/#\/schema\/person\/image\/","url":"https:\/\/secure.gravatar.com\/avatar\/7f7ea0eea9301536a533fa1d7ea507b9?s=96&d=mm&r=g","contentUrl":"https:\/\/secure.gravatar.com\/avatar\/7f7ea0eea9301536a533fa1d7ea507b9?s=96&d=mm&r=g","caption":"rufa"},"url":"https:\/\/www.unirufa.it\/es\/author\/rufa\/"}]}},"_links":{"self":[{"href":"https:\/\/www.unirufa.it\/es\/wp-json\/wp\/v2\/posts\/19471","targetHints":{"allow":["GET"]}}],"collection":[{"href":"https:\/\/www.unirufa.it\/es\/wp-json\/wp\/v2\/posts"}],"about":[{"href":"https:\/\/www.unirufa.it\/es\/wp-json\/wp\/v2\/types\/post"}],"author":[{"embeddable":true,"href":"https:\/\/www.unirufa.it\/es\/wp-json\/wp\/v2\/users\/1"}],"replies":[{"embeddable":true,"href":"https:\/\/www.unirufa.it\/es\/wp-json\/wp\/v2\/comments?post=19471"}],"version-history":[{"count":2,"href":"https:\/\/www.unirufa.it\/es\/wp-json\/wp\/v2\/posts\/19471\/revisions"}],"predecessor-version":[{"id":34238,"href":"https:\/\/www.unirufa.it\/es\/wp-json\/wp\/v2\/posts\/19471\/revisions\/34238"}],"wp:featuredmedia":[{"embeddable":true,"href":"https:\/\/www.unirufa.it\/es\/wp-json\/wp\/v2\/media\/19472"}],"wp:attachment":[{"href":"https:\/\/www.unirufa.it\/es\/wp-json\/wp\/v2\/media?parent=19471"}],"wp:term":[{"taxonomy":"category","embeddable":true,"href":"https:\/\/www.unirufa.it\/es\/wp-json\/wp\/v2\/categories?post=19471"},{"taxonomy":"post_tag","embeddable":true,"href":"https:\/\/www.unirufa.it\/es\/wp-json\/wp\/v2\/tags?post=19471"}],"curies":[{"name":"wp","href":"https:\/\/api.w.org\/{rel}","templated":true}]}}