


{"id":20052,"date":"2019-05-06T16:18:04","date_gmt":"2019-05-06T16:18:04","guid":{"rendered":"https:\/\/www.unirufa.it\/?p=20052"},"modified":"2019-05-06T16:18:04","modified_gmt":"2019-05-06T16:18:04","slug":"gli-studenti-di-multimedia-al-lavoro-per-la-mostra-di-contemporary-cluster","status":"publish","type":"post","link":"https:\/\/www.unirufa.it\/es\/2019\/05\/06\/gli-studenti-di-multimedia-al-lavoro-per-la-mostra-di-contemporary-cluster\/","title":{"rendered":"Gli studenti di Multimedia al lavoro per la mostra di Contemporary Cluster"},"content":{"rendered":"<p class=\"qtranxs-available-languages-message qtranxs-available-languages-message-es\">Disculpa, pero esta entrada est\u00e1 disponible s\u00f3lo en <a href=\"https:\/\/www.unirufa.it\/it\/wp-json\/wp\/v2\/posts\/20052\" class=\"qtranxs-available-language-link qtranxs-available-language-link-it\" title=\"IT\">IT<\/a> y <a href=\"https:\/\/www.unirufa.it\/en\/wp-json\/wp\/v2\/posts\/20052\" class=\"qtranxs-available-language-link qtranxs-available-language-link-en\" title=\"EN\">EN<\/a>.<\/p>Si rinnova la collaborazione tra RUFA e <strong>Contemporary Cluster<\/strong>. Verr\u00e0 inaugurata <strong>gioved\u00ec 30 maggio<\/strong>, <strong>alle ore 19<\/strong>, <strong>la mostra<\/strong> \u201c<strong>The Architectura Eloquentia<\/strong>\u201d che vede coinvolti gli studenti del biennio in Multimedia arts and design. Gli allievi, grazie anche al supporto delle docenti Francesca Gollo e Caterina Tomeo, si occuperanno dell\u2019allestimento della mostra, sia nella fase progettuale, sia in quella esecutiva, collaborando con gli artisti che esporranno.<br \/>\nLa partecipazione al progetto, inoltre, ha consentito la realizzazione di un teaser di promozione e di un video che sar\u00e0 proiettato per tutta la durata della mostra negli spazi della galleria, con il coordinamento del docente di regia Salvatore Aquilani. <\/p>\n<p>Contemporary Cluster \u00e8 un luogo consacrato alla sperimentazione sull\u2019arte contemporanea, passando attraverso diversi approcci e modalit\u00e0. L\u2019offerta culturale si concentra sull\u2019interesse interdisciplinare, sullo scambio e sulla ricerca. La galleria si ispira ai movimenti d\u2019avanguardia del XIX e XX secolo &#8211; come Wiener Secession, De Stijl, Bauhaus, Futurism &#8211; e promuove un nuovo concetto di produzione culturale, prestando attenzione ai diversi aspetti delle culture visive: fluidit\u00e0, cross-mediality, cooperazione e co-working.<\/p>\n<p>Il lavoro degli studenti RUFA consister\u00e0 nel ricreare uno spazio di interazione tra artisti di provenienza diversa, tra arte, architettura, fotografia, design, sound design, fashion design, scent design, armonizzando e generando riflessione.<br \/>","protected":false},"excerpt":{"rendered":"<p>Disculpa, pero esta entrada est\u00e1 disponible s\u00f3lo en IT y EN.Si rinnova la collaborazione tra RUFA e Contemporary Cluster. Verr\u00e0 inaugurata gioved\u00ec 30 maggio, alle ore 19, la mostra \u201cThe Architectura Eloquentia\u201d che vede coinvolti gli studenti del biennio in Multimedia arts and design. Gli allievi, grazie anche al supporto delle docenti Francesca Gollo e&#8230;  <a class=\"excerpt-read-more\" href=\"https:\/\/www.unirufa.it\/es\/2019\/05\/06\/gli-studenti-di-multimedia-al-lavoro-per-la-mostra-di-contemporary-cluster\/\" title=\"Read Gli studenti di Multimedia al lavoro per la mostra di Contemporary Cluster\">Find out more<\/a><\/p>\n","protected":false},"author":1,"featured_media":20053,"comment_status":"closed","ping_status":"closed","sticky":false,"template":"","format":"standard","meta":{"content-type":"","footnotes":""},"categories":[938],"tags":[],"class_list":["post-20052","post","type-post","status-publish","format-standard","has-post-thumbnail","hentry","category-graphic-design"],"yoast_head":"<!-- This site is optimized with the Yoast SEO plugin v24.2 - https:\/\/yoast.com\/wordpress\/plugins\/seo\/ -->\n<title>Gli studenti di Multimedia al lavoro per la mostra di Contemporary Cluster - RUFA - Rome University of Fine Arts<\/title>\n<meta name=\"robots\" content=\"index, follow, max-snippet:-1, max-image-preview:large, max-video-preview:-1\" \/>\n<link rel=\"canonical\" href=\"https:\/\/www.unirufa.it\/en\/2019\/05\/06\/gli-studenti-di-multimedia-al-lavoro-per-la-mostra-di-contemporary-cluster\/\" \/>\n<meta property=\"og:locale\" content=\"es_ES\" \/>\n<meta property=\"og:type\" content=\"article\" \/>\n<meta property=\"og:title\" content=\"Gli studenti di Multimedia al lavoro per la mostra di Contemporary Cluster - RUFA - Rome University of Fine Arts\" \/>\n<meta property=\"og:description\" content=\"Disculpa, pero esta entrada est\u00e1 disponible s\u00f3lo en IT y EN.Si rinnova la collaborazione tra RUFA e Contemporary Cluster. Verr\u00e0 inaugurata gioved\u00ec 30 maggio, alle ore 19, la mostra \u201cThe Architectura Eloquentia\u201d che vede coinvolti gli studenti del biennio in Multimedia arts and design. Gli allievi, grazie anche al supporto delle docenti Francesca Gollo e... Find out more\" \/>\n<meta property=\"og:url\" content=\"https:\/\/www.unirufa.it\/en\/2019\/05\/06\/gli-studenti-di-multimedia-al-lavoro-per-la-mostra-di-contemporary-cluster\/\" \/>\n<meta property=\"og:site_name\" content=\"RUFA - Rome University of Fine Arts\" \/>\n<meta property=\"article:published_time\" content=\"2019-05-06T16:18:04+00:00\" \/>\n<meta property=\"og:image\" content=\"https:\/\/www.unirufa.it\/wp-content\/uploads\/2019\/05\/TheArchitecturaEloquentia_news.jpg\" \/>\n\t<meta property=\"og:image:width\" content=\"1890\" \/>\n\t<meta property=\"og:image:height\" content=\"1080\" \/>\n\t<meta property=\"og:image:type\" content=\"image\/jpeg\" \/>\n<meta name=\"author\" content=\"rufa\" \/>\n<meta name=\"twitter:label1\" content=\"Escrito por\" \/>\n\t<meta name=\"twitter:data1\" content=\"rufa\" \/>\n\t<meta name=\"twitter:label2\" content=\"Tiempo de lectura\" \/>\n\t<meta name=\"twitter:data2\" content=\"2 minutos\" \/>\n<script type=\"application\/ld+json\" class=\"yoast-schema-graph\">{\"@context\":\"https:\/\/schema.org\",\"@graph\":[{\"@type\":\"WebPage\",\"@id\":\"https:\/\/www.unirufa.it\/en\/2019\/05\/06\/gli-studenti-di-multimedia-al-lavoro-per-la-mostra-di-contemporary-cluster\/\",\"url\":\"https:\/\/www.unirufa.it\/en\/2019\/05\/06\/gli-studenti-di-multimedia-al-lavoro-per-la-mostra-di-contemporary-cluster\/\",\"name\":\"Gli studenti di Multimedia al lavoro per la mostra di Contemporary Cluster - RUFA - Rome University of Fine Arts\",\"isPartOf\":{\"@id\":\"https:\/\/www.unirufa.it\/#website\"},\"primaryImageOfPage\":{\"@id\":\"https:\/\/www.unirufa.it\/en\/2019\/05\/06\/gli-studenti-di-multimedia-al-lavoro-per-la-mostra-di-contemporary-cluster\/#primaryimage\"},\"image\":{\"@id\":\"https:\/\/www.unirufa.it\/en\/2019\/05\/06\/gli-studenti-di-multimedia-al-lavoro-per-la-mostra-di-contemporary-cluster\/#primaryimage\"},\"thumbnailUrl\":\"https:\/\/www.unirufa.it\/wp-content\/uploads\/2019\/05\/TheArchitecturaEloquentia_news.jpg\",\"datePublished\":\"2019-05-06T16:18:04+00:00\",\"dateModified\":\"2019-05-06T16:18:04+00:00\",\"author\":{\"@id\":\"https:\/\/www.unirufa.it\/#\/schema\/person\/df501afc19e72ccaeeaaec268b0c5917\"},\"breadcrumb\":{\"@id\":\"https:\/\/www.unirufa.it\/en\/2019\/05\/06\/gli-studenti-di-multimedia-al-lavoro-per-la-mostra-di-contemporary-cluster\/#breadcrumb\"},\"inLanguage\":\"es\",\"potentialAction\":[{\"@type\":\"ReadAction\",\"target\":[\"https:\/\/www.unirufa.it\/en\/2019\/05\/06\/gli-studenti-di-multimedia-al-lavoro-per-la-mostra-di-contemporary-cluster\/\"]}]},{\"@type\":\"ImageObject\",\"inLanguage\":\"es\",\"@id\":\"https:\/\/www.unirufa.it\/en\/2019\/05\/06\/gli-studenti-di-multimedia-al-lavoro-per-la-mostra-di-contemporary-cluster\/#primaryimage\",\"url\":\"https:\/\/www.unirufa.it\/wp-content\/uploads\/2019\/05\/TheArchitecturaEloquentia_news.jpg\",\"contentUrl\":\"https:\/\/www.unirufa.it\/wp-content\/uploads\/2019\/05\/TheArchitecturaEloquentia_news.jpg\",\"width\":1890,\"height\":1080},{\"@type\":\"BreadcrumbList\",\"@id\":\"https:\/\/www.unirufa.it\/en\/2019\/05\/06\/gli-studenti-di-multimedia-al-lavoro-per-la-mostra-di-contemporary-cluster\/#breadcrumb\",\"itemListElement\":[{\"@type\":\"ListItem\",\"position\":1,\"name\":\"Home\",\"item\":\"https:\/\/www.unirufa.it\/\"},{\"@type\":\"ListItem\",\"position\":2,\"name\":\"Multimedia students at work for Contemporary Cluster exhibition\"}]},{\"@type\":\"WebSite\",\"@id\":\"https:\/\/www.unirufa.it\/#website\",\"url\":\"https:\/\/www.unirufa.it\/\",\"name\":\"RUFA - Rome University of Fine Arts\",\"description\":\"\",\"potentialAction\":[{\"@type\":\"SearchAction\",\"target\":{\"@type\":\"EntryPoint\",\"urlTemplate\":\"https:\/\/www.unirufa.it\/?s={search_term_string}\"},\"query-input\":{\"@type\":\"PropertyValueSpecification\",\"valueRequired\":true,\"valueName\":\"search_term_string\"}}],\"inLanguage\":\"es\"},{\"@type\":\"Person\",\"@id\":\"https:\/\/www.unirufa.it\/#\/schema\/person\/df501afc19e72ccaeeaaec268b0c5917\",\"name\":\"rufa\",\"image\":{\"@type\":\"ImageObject\",\"inLanguage\":\"es\",\"@id\":\"https:\/\/www.unirufa.it\/#\/schema\/person\/image\/\",\"url\":\"https:\/\/secure.gravatar.com\/avatar\/7f7ea0eea9301536a533fa1d7ea507b9?s=96&d=mm&r=g\",\"contentUrl\":\"https:\/\/secure.gravatar.com\/avatar\/7f7ea0eea9301536a533fa1d7ea507b9?s=96&d=mm&r=g\",\"caption\":\"rufa\"},\"url\":\"https:\/\/www.unirufa.it\/es\/author\/rufa\/\"}]}<\/script>\n<!-- \/ Yoast SEO plugin. -->","yoast_head_json":{"title":"Gli studenti di Multimedia al lavoro per la mostra di Contemporary Cluster - RUFA - Rome University of Fine Arts","robots":{"index":"index","follow":"follow","max-snippet":"max-snippet:-1","max-image-preview":"max-image-preview:large","max-video-preview":"max-video-preview:-1"},"canonical":"https:\/\/www.unirufa.it\/en\/2019\/05\/06\/gli-studenti-di-multimedia-al-lavoro-per-la-mostra-di-contemporary-cluster\/","og_locale":"es_ES","og_type":"article","og_title":"Gli studenti di Multimedia al lavoro per la mostra di Contemporary Cluster - RUFA - Rome University of Fine Arts","og_description":"Disculpa, pero esta entrada est\u00e1 disponible s\u00f3lo en IT y EN.Si rinnova la collaborazione tra RUFA e Contemporary Cluster. Verr\u00e0 inaugurata gioved\u00ec 30 maggio, alle ore 19, la mostra \u201cThe Architectura Eloquentia\u201d che vede coinvolti gli studenti del biennio in Multimedia arts and design. Gli allievi, grazie anche al supporto delle docenti Francesca Gollo e... Find out more","og_url":"https:\/\/www.unirufa.it\/en\/2019\/05\/06\/gli-studenti-di-multimedia-al-lavoro-per-la-mostra-di-contemporary-cluster\/","og_site_name":"RUFA - Rome University of Fine Arts","article_published_time":"2019-05-06T16:18:04+00:00","og_image":[{"width":1890,"height":1080,"url":"https:\/\/www.unirufa.it\/wp-content\/uploads\/2019\/05\/TheArchitecturaEloquentia_news.jpg","type":"image\/jpeg"}],"author":"rufa","twitter_misc":{"Escrito por":"rufa","Tiempo de lectura":"2 minutos"},"schema":{"@context":"https:\/\/schema.org","@graph":[{"@type":"WebPage","@id":"https:\/\/www.unirufa.it\/en\/2019\/05\/06\/gli-studenti-di-multimedia-al-lavoro-per-la-mostra-di-contemporary-cluster\/","url":"https:\/\/www.unirufa.it\/en\/2019\/05\/06\/gli-studenti-di-multimedia-al-lavoro-per-la-mostra-di-contemporary-cluster\/","name":"Gli studenti di Multimedia al lavoro per la mostra di Contemporary Cluster - RUFA - Rome University of Fine Arts","isPartOf":{"@id":"https:\/\/www.unirufa.it\/#website"},"primaryImageOfPage":{"@id":"https:\/\/www.unirufa.it\/en\/2019\/05\/06\/gli-studenti-di-multimedia-al-lavoro-per-la-mostra-di-contemporary-cluster\/#primaryimage"},"image":{"@id":"https:\/\/www.unirufa.it\/en\/2019\/05\/06\/gli-studenti-di-multimedia-al-lavoro-per-la-mostra-di-contemporary-cluster\/#primaryimage"},"thumbnailUrl":"https:\/\/www.unirufa.it\/wp-content\/uploads\/2019\/05\/TheArchitecturaEloquentia_news.jpg","datePublished":"2019-05-06T16:18:04+00:00","dateModified":"2019-05-06T16:18:04+00:00","author":{"@id":"https:\/\/www.unirufa.it\/#\/schema\/person\/df501afc19e72ccaeeaaec268b0c5917"},"breadcrumb":{"@id":"https:\/\/www.unirufa.it\/en\/2019\/05\/06\/gli-studenti-di-multimedia-al-lavoro-per-la-mostra-di-contemporary-cluster\/#breadcrumb"},"inLanguage":"es","potentialAction":[{"@type":"ReadAction","target":["https:\/\/www.unirufa.it\/en\/2019\/05\/06\/gli-studenti-di-multimedia-al-lavoro-per-la-mostra-di-contemporary-cluster\/"]}]},{"@type":"ImageObject","inLanguage":"es","@id":"https:\/\/www.unirufa.it\/en\/2019\/05\/06\/gli-studenti-di-multimedia-al-lavoro-per-la-mostra-di-contemporary-cluster\/#primaryimage","url":"https:\/\/www.unirufa.it\/wp-content\/uploads\/2019\/05\/TheArchitecturaEloquentia_news.jpg","contentUrl":"https:\/\/www.unirufa.it\/wp-content\/uploads\/2019\/05\/TheArchitecturaEloquentia_news.jpg","width":1890,"height":1080},{"@type":"BreadcrumbList","@id":"https:\/\/www.unirufa.it\/en\/2019\/05\/06\/gli-studenti-di-multimedia-al-lavoro-per-la-mostra-di-contemporary-cluster\/#breadcrumb","itemListElement":[{"@type":"ListItem","position":1,"name":"Home","item":"https:\/\/www.unirufa.it\/"},{"@type":"ListItem","position":2,"name":"Multimedia students at work for Contemporary Cluster exhibition"}]},{"@type":"WebSite","@id":"https:\/\/www.unirufa.it\/#website","url":"https:\/\/www.unirufa.it\/","name":"RUFA - Rome University of Fine Arts","description":"","potentialAction":[{"@type":"SearchAction","target":{"@type":"EntryPoint","urlTemplate":"https:\/\/www.unirufa.it\/?s={search_term_string}"},"query-input":{"@type":"PropertyValueSpecification","valueRequired":true,"valueName":"search_term_string"}}],"inLanguage":"es"},{"@type":"Person","@id":"https:\/\/www.unirufa.it\/#\/schema\/person\/df501afc19e72ccaeeaaec268b0c5917","name":"rufa","image":{"@type":"ImageObject","inLanguage":"es","@id":"https:\/\/www.unirufa.it\/#\/schema\/person\/image\/","url":"https:\/\/secure.gravatar.com\/avatar\/7f7ea0eea9301536a533fa1d7ea507b9?s=96&d=mm&r=g","contentUrl":"https:\/\/secure.gravatar.com\/avatar\/7f7ea0eea9301536a533fa1d7ea507b9?s=96&d=mm&r=g","caption":"rufa"},"url":"https:\/\/www.unirufa.it\/es\/author\/rufa\/"}]}},"_links":{"self":[{"href":"https:\/\/www.unirufa.it\/es\/wp-json\/wp\/v2\/posts\/20052","targetHints":{"allow":["GET"]}}],"collection":[{"href":"https:\/\/www.unirufa.it\/es\/wp-json\/wp\/v2\/posts"}],"about":[{"href":"https:\/\/www.unirufa.it\/es\/wp-json\/wp\/v2\/types\/post"}],"author":[{"embeddable":true,"href":"https:\/\/www.unirufa.it\/es\/wp-json\/wp\/v2\/users\/1"}],"replies":[{"embeddable":true,"href":"https:\/\/www.unirufa.it\/es\/wp-json\/wp\/v2\/comments?post=20052"}],"version-history":[{"count":1,"href":"https:\/\/www.unirufa.it\/es\/wp-json\/wp\/v2\/posts\/20052\/revisions"}],"predecessor-version":[{"id":20054,"href":"https:\/\/www.unirufa.it\/es\/wp-json\/wp\/v2\/posts\/20052\/revisions\/20054"}],"wp:featuredmedia":[{"embeddable":true,"href":"https:\/\/www.unirufa.it\/es\/wp-json\/wp\/v2\/media\/20053"}],"wp:attachment":[{"href":"https:\/\/www.unirufa.it\/es\/wp-json\/wp\/v2\/media?parent=20052"}],"wp:term":[{"taxonomy":"category","embeddable":true,"href":"https:\/\/www.unirufa.it\/es\/wp-json\/wp\/v2\/categories?post=20052"},{"taxonomy":"post_tag","embeddable":true,"href":"https:\/\/www.unirufa.it\/es\/wp-json\/wp\/v2\/tags?post=20052"}],"curies":[{"name":"wp","href":"https:\/\/api.w.org\/{rel}","templated":true}]}}