


{"id":20530,"date":"2019-06-10T08:36:49","date_gmt":"2019-06-10T08:36:49","guid":{"rendered":"https:\/\/www.unirufa.it\/?p=20530"},"modified":"2019-06-10T08:36:49","modified_gmt":"2019-06-10T08:36:49","slug":"solo-exhibition-venerdi-14-giugno-il-progetto-di-giselle-cantonetti","status":"publish","type":"post","link":"https:\/\/www.unirufa.it\/es\/2019\/06\/10\/solo-exhibition-venerdi-14-giugno-il-progetto-di-giselle-cantonetti\/","title":{"rendered":"\u201cSolo Exhibition\u201d venerd\u00ec 14 giugno il progetto di Giselle Cantonetti"},"content":{"rendered":"<p class=\"qtranxs-available-languages-message qtranxs-available-languages-message-es\">Disculpa, pero esta entrada est\u00e1 disponible s\u00f3lo en <a href=\"https:\/\/www.unirufa.it\/it\/wp-json\/wp\/v2\/posts\/20530\" class=\"qtranxs-available-language-link qtranxs-available-language-link-it\" title=\"IT\">IT<\/a> y <a href=\"https:\/\/www.unirufa.it\/en\/wp-json\/wp\/v2\/posts\/20530\" class=\"qtranxs-available-language-link qtranxs-available-language-link-en\" title=\"EN\">EN<\/a>.<\/p>\u201cIl ricordo di ieri avviene oggi\u201d. \u00c8 questo il tema della mostra curata da Giselle Cantonetti ed inserita nel progetto \u201cSolo Exhibition\u201d: un piano generato dai docenti dei corsi di arti visive RUFA per mettere gli studenti di fronte alle problematiche che intervengono nella programmazione di un percorso espositivo. L\u2019esperienza di Giselle Cantonetti, situata presso il RUFA Space in via degli Ausoni 7, verr\u00e0 inaugurato venerd\u00ec 14 giugno alle 17.30.<\/p>\n<p>\u00abOggi, domani e in tutti i nostri giorni e momenti \u2013 evidenziano le curatrici\/studentesse Silvia Bottero e Carlotta De Martino &#8211; il ricordo ci insegue. Diventando un gioco per grandi e piccoli, di fronte all\u2019inesorabilit\u00e0 dell\u2019esistenza. \u00c8 un momento passato, una parola fa, quel che rimane sottopelle.<br \/>\nRincorrendoci, induce il nostro sguardo all\u2019indietro, creando un rapporto con esso. Siamo grati, perch\u00e9 ricorda l\u2019essere vivi. Disturbati, perch\u00e9 ripete che ci sar\u00e0 una fine. La poetica artistica di Giselle Cantonetti, racconta di attimi trascorsi e, con premura, conservati. Che siano d\u2019infanzia, appena avvenuti o momenti all\u2019apparenza banali, il desiderio di mantenersi emerge con calma e delicatezza. <\/p>\n<p>Tuttavia non pone l\u2019accento solamente sul contenuto, ma sulla combinazione di quello che comporta e di quello che \u00e8. Risulta un \u201cessere\u201d, attraverso ogni fase del suo rendersi manifesto, memoria. Rendendoci in mano l\u2019impatto di un sentimento, gioia o tristezza che sia, e della loro conseguente azione sul reale. <\/p>\n<p>Creando un disturbo inerente alla perdita di esso, senza alcuna possibilit\u00e0 di poterlo rivivere, non trascurando lacrime o sorrisi che porta con s\u00e9. Il ricordo di ieri, avviene oggi \u00e8 esperienza vana di una salvezza desiderata, talvolta agognata. Passeggiando tra materia, fasci di luce e colori, diventiamo ricordo, abbattendo i limiti dei contorni. Esso svanisce l\u00ec dove svaniamo noi. Oggi, o poco fa\u00bb.<br \/>","protected":false},"excerpt":{"rendered":"<p>Disculpa, pero esta entrada est\u00e1 disponible s\u00f3lo en IT y EN.\u201cIl ricordo di ieri avviene oggi\u201d. \u00c8 questo il tema della mostra curata da Giselle Cantonetti ed inserita nel progetto \u201cSolo Exhibition\u201d: un piano generato dai docenti dei corsi di arti visive RUFA per mettere gli studenti di fronte alle problematiche che intervengono nella programmazione&#8230;  <a class=\"excerpt-read-more\" href=\"https:\/\/www.unirufa.it\/es\/2019\/06\/10\/solo-exhibition-venerdi-14-giugno-il-progetto-di-giselle-cantonetti\/\" title=\"Read \u201cSolo Exhibition\u201d venerd\u00ec 14 giugno il progetto di Giselle Cantonetti\">Find out more<\/a><\/p>\n","protected":false},"author":1,"featured_media":20533,"comment_status":"closed","ping_status":"closed","sticky":false,"template":"","format":"standard","meta":{"content-type":"","footnotes":""},"categories":[937],"tags":[],"class_list":["post-20530","post","type-post","status-publish","format-standard","has-post-thumbnail","hentry","category-pittura-scultura"],"yoast_head":"<!-- This site is optimized with the Yoast SEO plugin v24.2 - https:\/\/yoast.com\/wordpress\/plugins\/seo\/ -->\n<title>\u201cSolo Exhibition\u201d venerd\u00ec 14 giugno il progetto di Giselle Cantonetti - RUFA - Rome University of Fine Arts<\/title>\n<meta name=\"robots\" content=\"index, follow, max-snippet:-1, max-image-preview:large, max-video-preview:-1\" \/>\n<link rel=\"canonical\" href=\"https:\/\/www.unirufa.it\/en\/2019\/06\/10\/solo-exhibition-venerdi-14-giugno-il-progetto-di-giselle-cantonetti\/\" \/>\n<meta property=\"og:locale\" content=\"es_ES\" \/>\n<meta property=\"og:type\" content=\"article\" \/>\n<meta property=\"og:title\" content=\"\u201cSolo Exhibition\u201d venerd\u00ec 14 giugno il progetto di Giselle Cantonetti - RUFA - Rome University of Fine Arts\" \/>\n<meta property=\"og:description\" content=\"Disculpa, pero esta entrada est\u00e1 disponible s\u00f3lo en IT y EN.\u201cIl ricordo di ieri avviene oggi\u201d. \u00c8 questo il tema della mostra curata da Giselle Cantonetti ed inserita nel progetto \u201cSolo Exhibition\u201d: un piano generato dai docenti dei corsi di arti visive RUFA per mettere gli studenti di fronte alle problematiche che intervengono nella programmazione... Find out more\" \/>\n<meta property=\"og:url\" content=\"https:\/\/www.unirufa.it\/en\/2019\/06\/10\/solo-exhibition-venerdi-14-giugno-il-progetto-di-giselle-cantonetti\/\" \/>\n<meta property=\"og:site_name\" content=\"RUFA - Rome University of Fine Arts\" \/>\n<meta property=\"article:published_time\" content=\"2019-06-10T08:36:49+00:00\" \/>\n<meta property=\"og:image\" content=\"https:\/\/www.unirufa.it\/wp-content\/uploads\/2019\/06\/Contonetti_soloExhibition.jpg\" \/>\n\t<meta property=\"og:image:width\" content=\"1260\" \/>\n\t<meta property=\"og:image:height\" content=\"720\" \/>\n\t<meta property=\"og:image:type\" content=\"image\/jpeg\" \/>\n<meta name=\"author\" content=\"rufa\" \/>\n<meta name=\"twitter:label1\" content=\"Escrito por\" \/>\n\t<meta name=\"twitter:data1\" content=\"rufa\" \/>\n\t<meta name=\"twitter:label2\" content=\"Tiempo de lectura\" \/>\n\t<meta name=\"twitter:data2\" content=\"3 minutos\" \/>\n<script type=\"application\/ld+json\" class=\"yoast-schema-graph\">{\"@context\":\"https:\/\/schema.org\",\"@graph\":[{\"@type\":\"WebPage\",\"@id\":\"https:\/\/www.unirufa.it\/en\/2019\/06\/10\/solo-exhibition-venerdi-14-giugno-il-progetto-di-giselle-cantonetti\/\",\"url\":\"https:\/\/www.unirufa.it\/en\/2019\/06\/10\/solo-exhibition-venerdi-14-giugno-il-progetto-di-giselle-cantonetti\/\",\"name\":\"\u201cSolo Exhibition\u201d venerd\u00ec 14 giugno il progetto di Giselle Cantonetti - RUFA - Rome University of Fine Arts\",\"isPartOf\":{\"@id\":\"https:\/\/www.unirufa.it\/#website\"},\"primaryImageOfPage\":{\"@id\":\"https:\/\/www.unirufa.it\/en\/2019\/06\/10\/solo-exhibition-venerdi-14-giugno-il-progetto-di-giselle-cantonetti\/#primaryimage\"},\"image\":{\"@id\":\"https:\/\/www.unirufa.it\/en\/2019\/06\/10\/solo-exhibition-venerdi-14-giugno-il-progetto-di-giselle-cantonetti\/#primaryimage\"},\"thumbnailUrl\":\"https:\/\/www.unirufa.it\/wp-content\/uploads\/2019\/06\/Contonetti_soloExhibition.jpg\",\"datePublished\":\"2019-06-10T08:36:49+00:00\",\"dateModified\":\"2019-06-10T08:36:49+00:00\",\"author\":{\"@id\":\"https:\/\/www.unirufa.it\/#\/schema\/person\/df501afc19e72ccaeeaaec268b0c5917\"},\"breadcrumb\":{\"@id\":\"https:\/\/www.unirufa.it\/en\/2019\/06\/10\/solo-exhibition-venerdi-14-giugno-il-progetto-di-giselle-cantonetti\/#breadcrumb\"},\"inLanguage\":\"es\",\"potentialAction\":[{\"@type\":\"ReadAction\",\"target\":[\"https:\/\/www.unirufa.it\/en\/2019\/06\/10\/solo-exhibition-venerdi-14-giugno-il-progetto-di-giselle-cantonetti\/\"]}]},{\"@type\":\"ImageObject\",\"inLanguage\":\"es\",\"@id\":\"https:\/\/www.unirufa.it\/en\/2019\/06\/10\/solo-exhibition-venerdi-14-giugno-il-progetto-di-giselle-cantonetti\/#primaryimage\",\"url\":\"https:\/\/www.unirufa.it\/wp-content\/uploads\/2019\/06\/Contonetti_soloExhibition.jpg\",\"contentUrl\":\"https:\/\/www.unirufa.it\/wp-content\/uploads\/2019\/06\/Contonetti_soloExhibition.jpg\",\"width\":1260,\"height\":720},{\"@type\":\"BreadcrumbList\",\"@id\":\"https:\/\/www.unirufa.it\/en\/2019\/06\/10\/solo-exhibition-venerdi-14-giugno-il-progetto-di-giselle-cantonetti\/#breadcrumb\",\"itemListElement\":[{\"@type\":\"ListItem\",\"position\":1,\"name\":\"Home\",\"item\":\"https:\/\/www.unirufa.it\/\"},{\"@type\":\"ListItem\",\"position\":2,\"name\":\"&#8221;Solo Exhibition&#8221; Friday, June 14 the project of Giselle Cantonetti\"}]},{\"@type\":\"WebSite\",\"@id\":\"https:\/\/www.unirufa.it\/#website\",\"url\":\"https:\/\/www.unirufa.it\/\",\"name\":\"RUFA - Rome University of Fine Arts\",\"description\":\"\",\"potentialAction\":[{\"@type\":\"SearchAction\",\"target\":{\"@type\":\"EntryPoint\",\"urlTemplate\":\"https:\/\/www.unirufa.it\/?s={search_term_string}\"},\"query-input\":{\"@type\":\"PropertyValueSpecification\",\"valueRequired\":true,\"valueName\":\"search_term_string\"}}],\"inLanguage\":\"es\"},{\"@type\":\"Person\",\"@id\":\"https:\/\/www.unirufa.it\/#\/schema\/person\/df501afc19e72ccaeeaaec268b0c5917\",\"name\":\"rufa\",\"image\":{\"@type\":\"ImageObject\",\"inLanguage\":\"es\",\"@id\":\"https:\/\/www.unirufa.it\/#\/schema\/person\/image\/\",\"url\":\"https:\/\/secure.gravatar.com\/avatar\/7f7ea0eea9301536a533fa1d7ea507b9?s=96&d=mm&r=g\",\"contentUrl\":\"https:\/\/secure.gravatar.com\/avatar\/7f7ea0eea9301536a533fa1d7ea507b9?s=96&d=mm&r=g\",\"caption\":\"rufa\"},\"url\":\"https:\/\/www.unirufa.it\/es\/author\/rufa\/\"}]}<\/script>\n<!-- \/ Yoast SEO plugin. -->","yoast_head_json":{"title":"\u201cSolo Exhibition\u201d venerd\u00ec 14 giugno il progetto di Giselle Cantonetti - RUFA - Rome University of Fine Arts","robots":{"index":"index","follow":"follow","max-snippet":"max-snippet:-1","max-image-preview":"max-image-preview:large","max-video-preview":"max-video-preview:-1"},"canonical":"https:\/\/www.unirufa.it\/en\/2019\/06\/10\/solo-exhibition-venerdi-14-giugno-il-progetto-di-giselle-cantonetti\/","og_locale":"es_ES","og_type":"article","og_title":"\u201cSolo Exhibition\u201d venerd\u00ec 14 giugno il progetto di Giselle Cantonetti - RUFA - Rome University of Fine Arts","og_description":"Disculpa, pero esta entrada est\u00e1 disponible s\u00f3lo en IT y EN.\u201cIl ricordo di ieri avviene oggi\u201d. \u00c8 questo il tema della mostra curata da Giselle Cantonetti ed inserita nel progetto \u201cSolo Exhibition\u201d: un piano generato dai docenti dei corsi di arti visive RUFA per mettere gli studenti di fronte alle problematiche che intervengono nella programmazione... Find out more","og_url":"https:\/\/www.unirufa.it\/en\/2019\/06\/10\/solo-exhibition-venerdi-14-giugno-il-progetto-di-giselle-cantonetti\/","og_site_name":"RUFA - Rome University of Fine Arts","article_published_time":"2019-06-10T08:36:49+00:00","og_image":[{"width":1260,"height":720,"url":"https:\/\/www.unirufa.it\/wp-content\/uploads\/2019\/06\/Contonetti_soloExhibition.jpg","type":"image\/jpeg"}],"author":"rufa","twitter_misc":{"Escrito por":"rufa","Tiempo de lectura":"3 minutos"},"schema":{"@context":"https:\/\/schema.org","@graph":[{"@type":"WebPage","@id":"https:\/\/www.unirufa.it\/en\/2019\/06\/10\/solo-exhibition-venerdi-14-giugno-il-progetto-di-giselle-cantonetti\/","url":"https:\/\/www.unirufa.it\/en\/2019\/06\/10\/solo-exhibition-venerdi-14-giugno-il-progetto-di-giselle-cantonetti\/","name":"\u201cSolo Exhibition\u201d venerd\u00ec 14 giugno il progetto di Giselle Cantonetti - RUFA - Rome University of Fine Arts","isPartOf":{"@id":"https:\/\/www.unirufa.it\/#website"},"primaryImageOfPage":{"@id":"https:\/\/www.unirufa.it\/en\/2019\/06\/10\/solo-exhibition-venerdi-14-giugno-il-progetto-di-giselle-cantonetti\/#primaryimage"},"image":{"@id":"https:\/\/www.unirufa.it\/en\/2019\/06\/10\/solo-exhibition-venerdi-14-giugno-il-progetto-di-giselle-cantonetti\/#primaryimage"},"thumbnailUrl":"https:\/\/www.unirufa.it\/wp-content\/uploads\/2019\/06\/Contonetti_soloExhibition.jpg","datePublished":"2019-06-10T08:36:49+00:00","dateModified":"2019-06-10T08:36:49+00:00","author":{"@id":"https:\/\/www.unirufa.it\/#\/schema\/person\/df501afc19e72ccaeeaaec268b0c5917"},"breadcrumb":{"@id":"https:\/\/www.unirufa.it\/en\/2019\/06\/10\/solo-exhibition-venerdi-14-giugno-il-progetto-di-giselle-cantonetti\/#breadcrumb"},"inLanguage":"es","potentialAction":[{"@type":"ReadAction","target":["https:\/\/www.unirufa.it\/en\/2019\/06\/10\/solo-exhibition-venerdi-14-giugno-il-progetto-di-giselle-cantonetti\/"]}]},{"@type":"ImageObject","inLanguage":"es","@id":"https:\/\/www.unirufa.it\/en\/2019\/06\/10\/solo-exhibition-venerdi-14-giugno-il-progetto-di-giselle-cantonetti\/#primaryimage","url":"https:\/\/www.unirufa.it\/wp-content\/uploads\/2019\/06\/Contonetti_soloExhibition.jpg","contentUrl":"https:\/\/www.unirufa.it\/wp-content\/uploads\/2019\/06\/Contonetti_soloExhibition.jpg","width":1260,"height":720},{"@type":"BreadcrumbList","@id":"https:\/\/www.unirufa.it\/en\/2019\/06\/10\/solo-exhibition-venerdi-14-giugno-il-progetto-di-giselle-cantonetti\/#breadcrumb","itemListElement":[{"@type":"ListItem","position":1,"name":"Home","item":"https:\/\/www.unirufa.it\/"},{"@type":"ListItem","position":2,"name":"&#8221;Solo Exhibition&#8221; Friday, June 14 the project of Giselle Cantonetti"}]},{"@type":"WebSite","@id":"https:\/\/www.unirufa.it\/#website","url":"https:\/\/www.unirufa.it\/","name":"RUFA - Rome University of Fine Arts","description":"","potentialAction":[{"@type":"SearchAction","target":{"@type":"EntryPoint","urlTemplate":"https:\/\/www.unirufa.it\/?s={search_term_string}"},"query-input":{"@type":"PropertyValueSpecification","valueRequired":true,"valueName":"search_term_string"}}],"inLanguage":"es"},{"@type":"Person","@id":"https:\/\/www.unirufa.it\/#\/schema\/person\/df501afc19e72ccaeeaaec268b0c5917","name":"rufa","image":{"@type":"ImageObject","inLanguage":"es","@id":"https:\/\/www.unirufa.it\/#\/schema\/person\/image\/","url":"https:\/\/secure.gravatar.com\/avatar\/7f7ea0eea9301536a533fa1d7ea507b9?s=96&d=mm&r=g","contentUrl":"https:\/\/secure.gravatar.com\/avatar\/7f7ea0eea9301536a533fa1d7ea507b9?s=96&d=mm&r=g","caption":"rufa"},"url":"https:\/\/www.unirufa.it\/es\/author\/rufa\/"}]}},"_links":{"self":[{"href":"https:\/\/www.unirufa.it\/es\/wp-json\/wp\/v2\/posts\/20530","targetHints":{"allow":["GET"]}}],"collection":[{"href":"https:\/\/www.unirufa.it\/es\/wp-json\/wp\/v2\/posts"}],"about":[{"href":"https:\/\/www.unirufa.it\/es\/wp-json\/wp\/v2\/types\/post"}],"author":[{"embeddable":true,"href":"https:\/\/www.unirufa.it\/es\/wp-json\/wp\/v2\/users\/1"}],"replies":[{"embeddable":true,"href":"https:\/\/www.unirufa.it\/es\/wp-json\/wp\/v2\/comments?post=20530"}],"version-history":[{"count":1,"href":"https:\/\/www.unirufa.it\/es\/wp-json\/wp\/v2\/posts\/20530\/revisions"}],"predecessor-version":[{"id":20534,"href":"https:\/\/www.unirufa.it\/es\/wp-json\/wp\/v2\/posts\/20530\/revisions\/20534"}],"wp:featuredmedia":[{"embeddable":true,"href":"https:\/\/www.unirufa.it\/es\/wp-json\/wp\/v2\/media\/20533"}],"wp:attachment":[{"href":"https:\/\/www.unirufa.it\/es\/wp-json\/wp\/v2\/media?parent=20530"}],"wp:term":[{"taxonomy":"category","embeddable":true,"href":"https:\/\/www.unirufa.it\/es\/wp-json\/wp\/v2\/categories?post=20530"},{"taxonomy":"post_tag","embeddable":true,"href":"https:\/\/www.unirufa.it\/es\/wp-json\/wp\/v2\/tags?post=20530"}],"curies":[{"name":"wp","href":"https:\/\/api.w.org\/{rel}","templated":true}]}}