


{"id":21892,"date":"2019-08-05T08:46:55","date_gmt":"2019-08-05T08:46:55","guid":{"rendered":"https:\/\/www.unirufa.it\/?p=21892"},"modified":"2021-10-28T13:09:48","modified_gmt":"2021-10-28T11:09:48","slug":"rufa-sostiene-il-progetto-plastica-da-mare","status":"publish","type":"post","link":"https:\/\/www.unirufa.it\/es\/2019\/08\/05\/rufa-sostiene-il-progetto-plastica-da-mare\/","title":{"rendered":"RUFA sostiene il progetto \u00abPlastica d&#8217;a-mare\u00bb."},"content":{"rendered":"<p class=\"qtranxs-available-languages-message qtranxs-available-languages-message-es\">Disculpa, pero esta entrada est\u00e1 disponible s\u00f3lo en <a href=\"https:\/\/www.unirufa.it\/it\/wp-json\/wp\/v2\/posts\/21892\" class=\"qtranxs-available-language-link qtranxs-available-language-link-it\" title=\"IT\">IT<\/a> y <a href=\"https:\/\/www.unirufa.it\/en\/wp-json\/wp\/v2\/posts\/21892\" class=\"qtranxs-available-language-link qtranxs-available-language-link-en\" title=\"EN\">EN<\/a>.<\/p>L\u2019ambiente tra arte e riciclo. \u00c8 questo il fine ultimo della call che gli organizzatori del progetto \u201cPlastica d\u2019a-mare\u201d hanno inteso rivolgere a chi opera nel mondo della creativit\u00e0, allo scopo di generare una riflessione sugli effetti invasivi che le materie sintetiche generano sulla natura.<\/p>\n<p>\u201cPlastica d&#8217;amare\u201d \u00e8 l&#8217;evento che vuole sensibilizzare un pubblico eterogeneo e di tutte le et\u00e0 rispetto all&#8217;impatto della plastica sugli ecosistemi marini: performance, laboratori, workshop e un\u2019area concerti costellano il programma dell&#8217;evento. Protagonisti della manifestazione saranno il territorio del X Municipio e Ostia Antica, il cui litorale sar\u00e0 percorso con le guide del WWF per scoprire e proteggere l&#8217;ambiente naturale. Il porto turistico di Roma sar\u00e0 invece palcoscenico di laboratori, concerti, live painting, workshop che sposano la causa #plasticfree.<br \/>\nL\u2019obiettivo \u00e8 prendere coscienza del problema. I confini dell\u2019emergenza, infatti, si evidenziano nei trend che la comunit\u00e0 scientifica ha ipotizzato: si stima infatti che nel 2050 nei mari e negli oceani ci sar\u00e0 pi\u00f9 plastica che pesce.<\/p>\n<p>Gli artisti che intendono presentare proposte e idee per favorire sia il riuso delle plastiche sia il processo di comunicazione, possono proporre idee e progetti sull\u2019argomento. I partecipanti avranno la possibilit\u00e0 di esporre le proprie opere o di esibirsi con le proprie performance durante Plastica d\u2019a-mare dal 5 all\u20198 settembre a Ostia. La finale del contest si svolger\u00e0 sabato 7 settembre e il vincitore ricever\u00e0 una borsa di studio di 1.000 euro. La scadenza della call \u00e8 il 19 agosto 2019, per maggiori informazioni consultare il sito <a href=\"https:\/\/www.unirufa.it\/\">Plastica d\u2019a-mare<\/a>.<\/p>\n<p>L&#8217;evento, inoltre, vuole fungere da catalizzatore per ulteriori iniziative di sensibilizzazione sul tema. La manifestazione, infatti, si pone come obiettivo anche quello di riportare progressivamente le aree del Porto Turistico e di Ostia a essere spazi di aggregazione e di iniziative legate al sociale.","protected":false},"excerpt":{"rendered":"<p>Disculpa, pero esta entrada est\u00e1 disponible s\u00f3lo en IT y EN.L\u2019ambiente tra arte e riciclo. \u00c8 questo il fine ultimo della call che gli organizzatori del progetto \u201cPlastica d\u2019a-mare\u201d hanno inteso rivolgere a chi opera nel mondo della creativit\u00e0, allo scopo di generare una riflessione sugli effetti invasivi che le materie sintetiche generano sulla natura&#8230;.  <a class=\"excerpt-read-more\" href=\"https:\/\/www.unirufa.it\/es\/2019\/08\/05\/rufa-sostiene-il-progetto-plastica-da-mare\/\" title=\"Read RUFA sostiene il progetto \u00abPlastica d&#8217;a-mare\u00bb.\">Find out more<\/a><\/p>\n","protected":false},"author":1,"featured_media":21893,"comment_status":"closed","ping_status":"closed","sticky":false,"template":"","format":"standard","meta":{"content-type":"","footnotes":""},"categories":[951],"tags":[],"class_list":["post-21892","post","type-post","status-publish","format-standard","has-post-thumbnail","hentry","category-bandi"],"yoast_head":"<!-- This site is optimized with the Yoast SEO plugin v24.2 - https:\/\/yoast.com\/wordpress\/plugins\/seo\/ -->\n<title>RUFA sostiene il progetto &quot;Plastica d&#039;a-mare&quot;. - RUFA - Rome University of Fine Arts<\/title>\n<meta name=\"robots\" content=\"index, follow, max-snippet:-1, max-image-preview:large, max-video-preview:-1\" \/>\n<link rel=\"canonical\" href=\"https:\/\/www.unirufa.it\/es\/2019\/08\/05\/rufa-sostiene-il-progetto-plastica-da-mare\/\" \/>\n<meta property=\"og:locale\" content=\"es_ES\" \/>\n<meta property=\"og:type\" content=\"article\" \/>\n<meta property=\"og:title\" content=\"RUFA sostiene il progetto &quot;Plastica d&#039;a-mare&quot;. - RUFA - Rome University of Fine Arts\" \/>\n<meta property=\"og:description\" content=\"Disculpa, pero esta entrada est\u00e1 disponible s\u00f3lo en IT y EN.L\u2019ambiente tra arte e riciclo. \u00c8 questo il fine ultimo della call che gli organizzatori del progetto \u201cPlastica d\u2019a-mare\u201d hanno inteso rivolgere a chi opera nel mondo della creativit\u00e0, allo scopo di generare una riflessione sugli effetti invasivi che le materie sintetiche generano sulla natura.... Find out more\" \/>\n<meta property=\"og:url\" content=\"https:\/\/www.unirufa.it\/es\/2019\/08\/05\/rufa-sostiene-il-progetto-plastica-da-mare\/\" \/>\n<meta property=\"og:site_name\" content=\"RUFA - Rome University of Fine Arts\" \/>\n<meta property=\"article:published_time\" content=\"2019-08-05T08:46:55+00:00\" \/>\n<meta property=\"article:modified_time\" content=\"2021-10-28T11:09:48+00:00\" \/>\n<meta property=\"og:image\" content=\"https:\/\/www.unirufa.it\/wp-content\/uploads\/2019\/08\/plastica.jpg\" \/>\n\t<meta property=\"og:image:width\" content=\"1050\" \/>\n\t<meta property=\"og:image:height\" content=\"600\" \/>\n\t<meta property=\"og:image:type\" content=\"image\/jpeg\" \/>\n<meta name=\"author\" content=\"rufa\" \/>\n<meta name=\"twitter:label1\" content=\"Escrito por\" \/>\n\t<meta name=\"twitter:data1\" content=\"rufa\" \/>\n\t<meta name=\"twitter:label2\" content=\"Tiempo de lectura\" \/>\n\t<meta name=\"twitter:data2\" content=\"3 minutos\" \/>\n<script type=\"application\/ld+json\" class=\"yoast-schema-graph\">{\"@context\":\"https:\/\/schema.org\",\"@graph\":[{\"@type\":\"WebPage\",\"@id\":\"https:\/\/www.unirufa.it\/es\/2019\/08\/05\/rufa-sostiene-il-progetto-plastica-da-mare\/\",\"url\":\"https:\/\/www.unirufa.it\/es\/2019\/08\/05\/rufa-sostiene-il-progetto-plastica-da-mare\/\",\"name\":\"RUFA sostiene il progetto \\\"Plastica d'a-mare\\\". - RUFA - Rome University of Fine Arts\",\"isPartOf\":{\"@id\":\"https:\/\/www.unirufa.it\/#website\"},\"primaryImageOfPage\":{\"@id\":\"https:\/\/www.unirufa.it\/es\/2019\/08\/05\/rufa-sostiene-il-progetto-plastica-da-mare\/#primaryimage\"},\"image\":{\"@id\":\"https:\/\/www.unirufa.it\/es\/2019\/08\/05\/rufa-sostiene-il-progetto-plastica-da-mare\/#primaryimage\"},\"thumbnailUrl\":\"https:\/\/www.unirufa.it\/wp-content\/uploads\/2019\/08\/plastica.jpg\",\"datePublished\":\"2019-08-05T08:46:55+00:00\",\"dateModified\":\"2021-10-28T11:09:48+00:00\",\"author\":{\"@id\":\"https:\/\/www.unirufa.it\/#\/schema\/person\/df501afc19e72ccaeeaaec268b0c5917\"},\"breadcrumb\":{\"@id\":\"https:\/\/www.unirufa.it\/es\/2019\/08\/05\/rufa-sostiene-il-progetto-plastica-da-mare\/#breadcrumb\"},\"inLanguage\":\"es\",\"potentialAction\":[{\"@type\":\"ReadAction\",\"target\":[\"https:\/\/www.unirufa.it\/es\/2019\/08\/05\/rufa-sostiene-il-progetto-plastica-da-mare\/\"]}]},{\"@type\":\"ImageObject\",\"inLanguage\":\"es\",\"@id\":\"https:\/\/www.unirufa.it\/es\/2019\/08\/05\/rufa-sostiene-il-progetto-plastica-da-mare\/#primaryimage\",\"url\":\"https:\/\/www.unirufa.it\/wp-content\/uploads\/2019\/08\/plastica.jpg\",\"contentUrl\":\"https:\/\/www.unirufa.it\/wp-content\/uploads\/2019\/08\/plastica.jpg\",\"width\":1050,\"height\":600},{\"@type\":\"BreadcrumbList\",\"@id\":\"https:\/\/www.unirufa.it\/es\/2019\/08\/05\/rufa-sostiene-il-progetto-plastica-da-mare\/#breadcrumb\",\"itemListElement\":[{\"@type\":\"ListItem\",\"position\":1,\"name\":\"Home\",\"item\":\"https:\/\/www.unirufa.it\/\"},{\"@type\":\"ListItem\",\"position\":2,\"name\":\"RUFA sostiene il progetto \u00abPlastica d&#8217;a-mare\u00bb.\"}]},{\"@type\":\"WebSite\",\"@id\":\"https:\/\/www.unirufa.it\/#website\",\"url\":\"https:\/\/www.unirufa.it\/\",\"name\":\"RUFA - Rome University of Fine Arts\",\"description\":\"\",\"potentialAction\":[{\"@type\":\"SearchAction\",\"target\":{\"@type\":\"EntryPoint\",\"urlTemplate\":\"https:\/\/www.unirufa.it\/?s={search_term_string}\"},\"query-input\":{\"@type\":\"PropertyValueSpecification\",\"valueRequired\":true,\"valueName\":\"search_term_string\"}}],\"inLanguage\":\"es\"},{\"@type\":\"Person\",\"@id\":\"https:\/\/www.unirufa.it\/#\/schema\/person\/df501afc19e72ccaeeaaec268b0c5917\",\"name\":\"rufa\",\"image\":{\"@type\":\"ImageObject\",\"inLanguage\":\"es\",\"@id\":\"https:\/\/www.unirufa.it\/#\/schema\/person\/image\/\",\"url\":\"https:\/\/secure.gravatar.com\/avatar\/7f7ea0eea9301536a533fa1d7ea507b9?s=96&d=mm&r=g\",\"contentUrl\":\"https:\/\/secure.gravatar.com\/avatar\/7f7ea0eea9301536a533fa1d7ea507b9?s=96&d=mm&r=g\",\"caption\":\"rufa\"},\"url\":\"https:\/\/www.unirufa.it\/es\/author\/rufa\/\"}]}<\/script>\n<!-- \/ Yoast SEO plugin. -->","yoast_head_json":{"title":"RUFA sostiene il progetto \"Plastica d'a-mare\". - RUFA - Rome University of Fine Arts","robots":{"index":"index","follow":"follow","max-snippet":"max-snippet:-1","max-image-preview":"max-image-preview:large","max-video-preview":"max-video-preview:-1"},"canonical":"https:\/\/www.unirufa.it\/es\/2019\/08\/05\/rufa-sostiene-il-progetto-plastica-da-mare\/","og_locale":"es_ES","og_type":"article","og_title":"RUFA sostiene il progetto \"Plastica d'a-mare\". - RUFA - Rome University of Fine Arts","og_description":"Disculpa, pero esta entrada est\u00e1 disponible s\u00f3lo en IT y EN.L\u2019ambiente tra arte e riciclo. \u00c8 questo il fine ultimo della call che gli organizzatori del progetto \u201cPlastica d\u2019a-mare\u201d hanno inteso rivolgere a chi opera nel mondo della creativit\u00e0, allo scopo di generare una riflessione sugli effetti invasivi che le materie sintetiche generano sulla natura.... Find out more","og_url":"https:\/\/www.unirufa.it\/es\/2019\/08\/05\/rufa-sostiene-il-progetto-plastica-da-mare\/","og_site_name":"RUFA - Rome University of Fine Arts","article_published_time":"2019-08-05T08:46:55+00:00","article_modified_time":"2021-10-28T11:09:48+00:00","og_image":[{"width":1050,"height":600,"url":"https:\/\/www.unirufa.it\/wp-content\/uploads\/2019\/08\/plastica.jpg","type":"image\/jpeg"}],"author":"rufa","twitter_misc":{"Escrito por":"rufa","Tiempo de lectura":"3 minutos"},"schema":{"@context":"https:\/\/schema.org","@graph":[{"@type":"WebPage","@id":"https:\/\/www.unirufa.it\/es\/2019\/08\/05\/rufa-sostiene-il-progetto-plastica-da-mare\/","url":"https:\/\/www.unirufa.it\/es\/2019\/08\/05\/rufa-sostiene-il-progetto-plastica-da-mare\/","name":"RUFA sostiene il progetto \"Plastica d'a-mare\". - RUFA - Rome University of Fine Arts","isPartOf":{"@id":"https:\/\/www.unirufa.it\/#website"},"primaryImageOfPage":{"@id":"https:\/\/www.unirufa.it\/es\/2019\/08\/05\/rufa-sostiene-il-progetto-plastica-da-mare\/#primaryimage"},"image":{"@id":"https:\/\/www.unirufa.it\/es\/2019\/08\/05\/rufa-sostiene-il-progetto-plastica-da-mare\/#primaryimage"},"thumbnailUrl":"https:\/\/www.unirufa.it\/wp-content\/uploads\/2019\/08\/plastica.jpg","datePublished":"2019-08-05T08:46:55+00:00","dateModified":"2021-10-28T11:09:48+00:00","author":{"@id":"https:\/\/www.unirufa.it\/#\/schema\/person\/df501afc19e72ccaeeaaec268b0c5917"},"breadcrumb":{"@id":"https:\/\/www.unirufa.it\/es\/2019\/08\/05\/rufa-sostiene-il-progetto-plastica-da-mare\/#breadcrumb"},"inLanguage":"es","potentialAction":[{"@type":"ReadAction","target":["https:\/\/www.unirufa.it\/es\/2019\/08\/05\/rufa-sostiene-il-progetto-plastica-da-mare\/"]}]},{"@type":"ImageObject","inLanguage":"es","@id":"https:\/\/www.unirufa.it\/es\/2019\/08\/05\/rufa-sostiene-il-progetto-plastica-da-mare\/#primaryimage","url":"https:\/\/www.unirufa.it\/wp-content\/uploads\/2019\/08\/plastica.jpg","contentUrl":"https:\/\/www.unirufa.it\/wp-content\/uploads\/2019\/08\/plastica.jpg","width":1050,"height":600},{"@type":"BreadcrumbList","@id":"https:\/\/www.unirufa.it\/es\/2019\/08\/05\/rufa-sostiene-il-progetto-plastica-da-mare\/#breadcrumb","itemListElement":[{"@type":"ListItem","position":1,"name":"Home","item":"https:\/\/www.unirufa.it\/"},{"@type":"ListItem","position":2,"name":"RUFA sostiene il progetto \u00abPlastica d&#8217;a-mare\u00bb."}]},{"@type":"WebSite","@id":"https:\/\/www.unirufa.it\/#website","url":"https:\/\/www.unirufa.it\/","name":"RUFA - Rome University of Fine Arts","description":"","potentialAction":[{"@type":"SearchAction","target":{"@type":"EntryPoint","urlTemplate":"https:\/\/www.unirufa.it\/?s={search_term_string}"},"query-input":{"@type":"PropertyValueSpecification","valueRequired":true,"valueName":"search_term_string"}}],"inLanguage":"es"},{"@type":"Person","@id":"https:\/\/www.unirufa.it\/#\/schema\/person\/df501afc19e72ccaeeaaec268b0c5917","name":"rufa","image":{"@type":"ImageObject","inLanguage":"es","@id":"https:\/\/www.unirufa.it\/#\/schema\/person\/image\/","url":"https:\/\/secure.gravatar.com\/avatar\/7f7ea0eea9301536a533fa1d7ea507b9?s=96&d=mm&r=g","contentUrl":"https:\/\/secure.gravatar.com\/avatar\/7f7ea0eea9301536a533fa1d7ea507b9?s=96&d=mm&r=g","caption":"rufa"},"url":"https:\/\/www.unirufa.it\/es\/author\/rufa\/"}]}},"_links":{"self":[{"href":"https:\/\/www.unirufa.it\/es\/wp-json\/wp\/v2\/posts\/21892","targetHints":{"allow":["GET"]}}],"collection":[{"href":"https:\/\/www.unirufa.it\/es\/wp-json\/wp\/v2\/posts"}],"about":[{"href":"https:\/\/www.unirufa.it\/es\/wp-json\/wp\/v2\/types\/post"}],"author":[{"embeddable":true,"href":"https:\/\/www.unirufa.it\/es\/wp-json\/wp\/v2\/users\/1"}],"replies":[{"embeddable":true,"href":"https:\/\/www.unirufa.it\/es\/wp-json\/wp\/v2\/comments?post=21892"}],"version-history":[{"count":2,"href":"https:\/\/www.unirufa.it\/es\/wp-json\/wp\/v2\/posts\/21892\/revisions"}],"predecessor-version":[{"id":54852,"href":"https:\/\/www.unirufa.it\/es\/wp-json\/wp\/v2\/posts\/21892\/revisions\/54852"}],"wp:featuredmedia":[{"embeddable":true,"href":"https:\/\/www.unirufa.it\/es\/wp-json\/wp\/v2\/media\/21893"}],"wp:attachment":[{"href":"https:\/\/www.unirufa.it\/es\/wp-json\/wp\/v2\/media?parent=21892"}],"wp:term":[{"taxonomy":"category","embeddable":true,"href":"https:\/\/www.unirufa.it\/es\/wp-json\/wp\/v2\/categories?post=21892"},{"taxonomy":"post_tag","embeddable":true,"href":"https:\/\/www.unirufa.it\/es\/wp-json\/wp\/v2\/tags?post=21892"}],"curies":[{"name":"wp","href":"https:\/\/api.w.org\/{rel}","templated":true}]}}