


{"id":22380,"date":"2019-09-03T12:17:58","date_gmt":"2019-09-03T12:17:58","guid":{"rendered":"https:\/\/www.unirufa.it\/?p=22380"},"modified":"2019-09-04T07:21:12","modified_gmt":"2019-09-04T07:21:12","slug":"il-settembre-rufa-test-di-ammissioni-e-open-day","status":"publish","type":"post","link":"https:\/\/www.unirufa.it\/es\/2019\/09\/03\/il-settembre-rufa-test-di-ammissioni-e-open-day\/","title":{"rendered":"Il settembre RUFA: test di ammissioni e Open Day"},"content":{"rendered":"<p class=\"qtranxs-available-languages-message qtranxs-available-languages-message-es\">Disculpa, pero esta entrada est\u00e1 disponible s\u00f3lo en <a href=\"https:\/\/www.unirufa.it\/it\/wp-json\/wp\/v2\/posts\/22380\" class=\"qtranxs-available-language-link qtranxs-available-language-link-it\" title=\"IT\">IT<\/a> y <a href=\"https:\/\/www.unirufa.it\/en\/wp-json\/wp\/v2\/posts\/22380\" class=\"qtranxs-available-language-link qtranxs-available-language-link-en\" title=\"EN\">EN<\/a>.<\/p>Sar\u00e0 un settembre davvero intenso quello programmato da RUFA. Luned\u00ec 9 e marted\u00ec 10 si terranno le prove di ammissione per i corsi di primo e di secondo livello proposti dall\u2019Accademia di Belle Arti legalmente riconosciuta dal Miur. La Rome University of Fine Arts, infatti, \u00e8 parte integrante del settore universitario dell&#8217;Alta formazione artistica e musicale e rilascia diplomi accademici equipollenti alle lauree triennali e magistrali. Ampi e diversificati i collegamenti e gli scambi con i Paesi europei ed extraeuropei, grazie al circuito Erasmus+ e al partenariato siglato con Aiesec. Ogni anno una delegazione di studenti dell\u2019Accademia si trasferisce negli States, per vivere una straordinaria esperienza di ricerca e di studio presso la School of Visual Arts di New York. RUFA collabora, inoltre, con la Delegation of the European Union to the Council of Europe, con l\u2019Holon Institute of Technology, il Goethe-Institut, l\u2019Accademia di Francia, la Central Saint Martins di Londra. La Rome University of Fine Arts conferma, in tal senso, la propria vocazione internazionale. Sono gi\u00e0 attivi, del resto, corsi accademici in lingua inglese. Il test di ammissione perci\u00f2 va inteso come un\u2019opportunit\u00e0 per valutare le proprie attitudini e le proprie motivazioni, per comprendere in maniera chiara e netta quale potr\u00e0 essere il percorso formativo all\u2019interno di RUFA. \u00c8 l\u2019occasione ideale per muovere il primo passo in un ambiente formativo innovativo, attento alle dinamiche che interagiscono nel mondo delle professioni, connesso in maniera diretta e coinvolgente alla contemporaneit\u00e0. Le prove di ammissione, ovviamente, variano a seconda del corso prescelto. <\/p>\n<p>Sabato 14 settembre, invece, sar\u00e0 nuovamente Open Day. Per coloro che vogliono entrare in contatto con la RUFA \u2013 Experience ci sar\u00e0 la possibilit\u00e0 di incontrare staff, docenti e studenti; si potranno visitare gli spazi, le attrezzature e i laboratori delle varie sedi dell\u2019Accademia. Saranno organizzate lezioni introduttive sui vari corsi di insegnamento e si potranno sperimentare le tecnologie che connotano le professioni creative, come il cinema, la fotografia, la pittura, la scultura, il design, la scenografia, il visual design e la media art. Location d\u2019eccezione la sede RUFA Pastificio Cerere, nel cuore del quartiere San Lorenzo, luogo simbolo della cultura capitolina. Qui sar\u00e0 possibile sperimentare e mettersi alla prova: senza schemi e senza filtri. E all&#8217;ultimo piano la RUFA Arena, un campo da street soccer con vista sui tetti della citt\u00e0.<\/p>\n<p><a class=\"download-btn\" href=\"https:\/\/www.unirufa.it\/info-studenti\/ammissioni\/\">AMMISSIONI<\/a><a class=\"download-btn\" href=\"https:\/\/www.unirufa.it\/evento\/il-14-settembre-torna-lopen-day-rufa\/\">OPEN DAY<\/a>","protected":false},"excerpt":{"rendered":"<p>Disculpa, pero esta entrada est\u00e1 disponible s\u00f3lo en IT y EN.Sar\u00e0 un settembre davvero intenso quello programmato da RUFA. Luned\u00ec 9 e marted\u00ec 10 si terranno le prove di ammissione per i corsi di primo e di secondo livello proposti dall\u2019Accademia di Belle Arti legalmente riconosciuta dal Miur. La Rome University of Fine Arts, infatti,&#8230;  <a class=\"excerpt-read-more\" href=\"https:\/\/www.unirufa.it\/es\/2019\/09\/03\/il-settembre-rufa-test-di-ammissioni-e-open-day\/\" title=\"Read Il settembre RUFA: test di ammissioni e Open Day\">Find out more<\/a><\/p>\n","protected":false},"author":1,"featured_media":22382,"comment_status":"closed","ping_status":"closed","sticky":false,"template":"","format":"standard","meta":{"content-type":"","footnotes":""},"categories":[934],"tags":[1589,558,1395,473],"class_list":["post-22380","post","type-post","status-publish","format-standard","has-post-thumbnail","hentry","category-didactics","tag-ammissioni","tag-open-day","tag-orientamento-universitario","tag-universita"],"yoast_head":"<!-- This site is optimized with the Yoast SEO plugin v24.2 - https:\/\/yoast.com\/wordpress\/plugins\/seo\/ -->\n<title>Il settembre RUFA: test di ammissioni e Open Day - RUFA - Rome University of Fine Arts<\/title>\n<meta name=\"robots\" content=\"index, follow, max-snippet:-1, max-image-preview:large, max-video-preview:-1\" \/>\n<link rel=\"canonical\" href=\"https:\/\/www.unirufa.it\/2019\/09\/03\/il-settembre-rufa-test-di-ammissioni-e-open-day\/\" \/>\n<meta property=\"og:locale\" content=\"es_ES\" \/>\n<meta property=\"og:type\" content=\"article\" \/>\n<meta property=\"og:title\" content=\"Il settembre RUFA: test di ammissioni e Open Day - RUFA - Rome University of Fine Arts\" \/>\n<meta property=\"og:description\" content=\"Disculpa, pero esta entrada est\u00e1 disponible s\u00f3lo en IT y EN.Sar\u00e0 un settembre davvero intenso quello programmato da RUFA. Luned\u00ec 9 e marted\u00ec 10 si terranno le prove di ammissione per i corsi di primo e di secondo livello proposti dall\u2019Accademia di Belle Arti legalmente riconosciuta dal Miur. La Rome University of Fine Arts, infatti,... Find out more\" \/>\n<meta property=\"og:url\" content=\"https:\/\/www.unirufa.it\/2019\/09\/03\/il-settembre-rufa-test-di-ammissioni-e-open-day\/\" \/>\n<meta property=\"og:site_name\" content=\"RUFA - Rome University of Fine Arts\" \/>\n<meta property=\"article:published_time\" content=\"2019-09-03T12:17:58+00:00\" \/>\n<meta property=\"article:modified_time\" content=\"2019-09-04T07:21:12+00:00\" \/>\n<meta property=\"og:image\" content=\"https:\/\/www.unirufa.it\/wp-content\/uploads\/2019\/09\/04-Incontro-studenti.jpg\" \/>\n\t<meta property=\"og:image:width\" content=\"1796\" \/>\n\t<meta property=\"og:image:height\" content=\"1025\" \/>\n\t<meta property=\"og:image:type\" content=\"image\/jpeg\" \/>\n<meta name=\"author\" content=\"rufa\" \/>\n<meta name=\"twitter:label1\" content=\"Escrito por\" \/>\n\t<meta name=\"twitter:data1\" content=\"rufa\" \/>\n\t<meta name=\"twitter:label2\" content=\"Tiempo de lectura\" \/>\n\t<meta name=\"twitter:data2\" content=\"4 minutos\" \/>\n<script type=\"application\/ld+json\" class=\"yoast-schema-graph\">{\"@context\":\"https:\/\/schema.org\",\"@graph\":[{\"@type\":\"WebPage\",\"@id\":\"https:\/\/www.unirufa.it\/2019\/09\/03\/il-settembre-rufa-test-di-ammissioni-e-open-day\/\",\"url\":\"https:\/\/www.unirufa.it\/2019\/09\/03\/il-settembre-rufa-test-di-ammissioni-e-open-day\/\",\"name\":\"Il settembre RUFA: test di ammissioni e Open Day - RUFA - Rome University of Fine Arts\",\"isPartOf\":{\"@id\":\"https:\/\/www.unirufa.it\/#website\"},\"primaryImageOfPage\":{\"@id\":\"https:\/\/www.unirufa.it\/2019\/09\/03\/il-settembre-rufa-test-di-ammissioni-e-open-day\/#primaryimage\"},\"image\":{\"@id\":\"https:\/\/www.unirufa.it\/2019\/09\/03\/il-settembre-rufa-test-di-ammissioni-e-open-day\/#primaryimage\"},\"thumbnailUrl\":\"https:\/\/www.unirufa.it\/wp-content\/uploads\/2019\/09\/04-Incontro-studenti.jpg\",\"datePublished\":\"2019-09-03T12:17:58+00:00\",\"dateModified\":\"2019-09-04T07:21:12+00:00\",\"author\":{\"@id\":\"https:\/\/www.unirufa.it\/#\/schema\/person\/df501afc19e72ccaeeaaec268b0c5917\"},\"breadcrumb\":{\"@id\":\"https:\/\/www.unirufa.it\/2019\/09\/03\/il-settembre-rufa-test-di-ammissioni-e-open-day\/#breadcrumb\"},\"inLanguage\":\"es\",\"potentialAction\":[{\"@type\":\"ReadAction\",\"target\":[\"https:\/\/www.unirufa.it\/2019\/09\/03\/il-settembre-rufa-test-di-ammissioni-e-open-day\/\"]}]},{\"@type\":\"ImageObject\",\"inLanguage\":\"es\",\"@id\":\"https:\/\/www.unirufa.it\/2019\/09\/03\/il-settembre-rufa-test-di-ammissioni-e-open-day\/#primaryimage\",\"url\":\"https:\/\/www.unirufa.it\/wp-content\/uploads\/2019\/09\/04-Incontro-studenti.jpg\",\"contentUrl\":\"https:\/\/www.unirufa.it\/wp-content\/uploads\/2019\/09\/04-Incontro-studenti.jpg\",\"width\":1796,\"height\":1025},{\"@type\":\"BreadcrumbList\",\"@id\":\"https:\/\/www.unirufa.it\/2019\/09\/03\/il-settembre-rufa-test-di-ammissioni-e-open-day\/#breadcrumb\",\"itemListElement\":[{\"@type\":\"ListItem\",\"position\":1,\"name\":\"Home\",\"item\":\"https:\/\/www.unirufa.it\/\"},{\"@type\":\"ListItem\",\"position\":2,\"name\":\"Il settembre RUFA: test di ammissioni e Open Day\"}]},{\"@type\":\"WebSite\",\"@id\":\"https:\/\/www.unirufa.it\/#website\",\"url\":\"https:\/\/www.unirufa.it\/\",\"name\":\"RUFA - Rome University of Fine Arts\",\"description\":\"\",\"potentialAction\":[{\"@type\":\"SearchAction\",\"target\":{\"@type\":\"EntryPoint\",\"urlTemplate\":\"https:\/\/www.unirufa.it\/?s={search_term_string}\"},\"query-input\":{\"@type\":\"PropertyValueSpecification\",\"valueRequired\":true,\"valueName\":\"search_term_string\"}}],\"inLanguage\":\"es\"},{\"@type\":\"Person\",\"@id\":\"https:\/\/www.unirufa.it\/#\/schema\/person\/df501afc19e72ccaeeaaec268b0c5917\",\"name\":\"rufa\",\"image\":{\"@type\":\"ImageObject\",\"inLanguage\":\"es\",\"@id\":\"https:\/\/www.unirufa.it\/#\/schema\/person\/image\/\",\"url\":\"https:\/\/secure.gravatar.com\/avatar\/7f7ea0eea9301536a533fa1d7ea507b9?s=96&d=mm&r=g\",\"contentUrl\":\"https:\/\/secure.gravatar.com\/avatar\/7f7ea0eea9301536a533fa1d7ea507b9?s=96&d=mm&r=g\",\"caption\":\"rufa\"},\"url\":\"https:\/\/www.unirufa.it\/es\/author\/rufa\/\"}]}<\/script>\n<!-- \/ Yoast SEO plugin. -->","yoast_head_json":{"title":"Il settembre RUFA: test di ammissioni e Open Day - RUFA - Rome University of Fine Arts","robots":{"index":"index","follow":"follow","max-snippet":"max-snippet:-1","max-image-preview":"max-image-preview:large","max-video-preview":"max-video-preview:-1"},"canonical":"https:\/\/www.unirufa.it\/2019\/09\/03\/il-settembre-rufa-test-di-ammissioni-e-open-day\/","og_locale":"es_ES","og_type":"article","og_title":"Il settembre RUFA: test di ammissioni e Open Day - RUFA - Rome University of Fine Arts","og_description":"Disculpa, pero esta entrada est\u00e1 disponible s\u00f3lo en IT y EN.Sar\u00e0 un settembre davvero intenso quello programmato da RUFA. Luned\u00ec 9 e marted\u00ec 10 si terranno le prove di ammissione per i corsi di primo e di secondo livello proposti dall\u2019Accademia di Belle Arti legalmente riconosciuta dal Miur. La Rome University of Fine Arts, infatti,... Find out more","og_url":"https:\/\/www.unirufa.it\/2019\/09\/03\/il-settembre-rufa-test-di-ammissioni-e-open-day\/","og_site_name":"RUFA - Rome University of Fine Arts","article_published_time":"2019-09-03T12:17:58+00:00","article_modified_time":"2019-09-04T07:21:12+00:00","og_image":[{"width":1796,"height":1025,"url":"https:\/\/www.unirufa.it\/wp-content\/uploads\/2019\/09\/04-Incontro-studenti.jpg","type":"image\/jpeg"}],"author":"rufa","twitter_misc":{"Escrito por":"rufa","Tiempo de lectura":"4 minutos"},"schema":{"@context":"https:\/\/schema.org","@graph":[{"@type":"WebPage","@id":"https:\/\/www.unirufa.it\/2019\/09\/03\/il-settembre-rufa-test-di-ammissioni-e-open-day\/","url":"https:\/\/www.unirufa.it\/2019\/09\/03\/il-settembre-rufa-test-di-ammissioni-e-open-day\/","name":"Il settembre RUFA: test di ammissioni e Open Day - RUFA - Rome University of Fine Arts","isPartOf":{"@id":"https:\/\/www.unirufa.it\/#website"},"primaryImageOfPage":{"@id":"https:\/\/www.unirufa.it\/2019\/09\/03\/il-settembre-rufa-test-di-ammissioni-e-open-day\/#primaryimage"},"image":{"@id":"https:\/\/www.unirufa.it\/2019\/09\/03\/il-settembre-rufa-test-di-ammissioni-e-open-day\/#primaryimage"},"thumbnailUrl":"https:\/\/www.unirufa.it\/wp-content\/uploads\/2019\/09\/04-Incontro-studenti.jpg","datePublished":"2019-09-03T12:17:58+00:00","dateModified":"2019-09-04T07:21:12+00:00","author":{"@id":"https:\/\/www.unirufa.it\/#\/schema\/person\/df501afc19e72ccaeeaaec268b0c5917"},"breadcrumb":{"@id":"https:\/\/www.unirufa.it\/2019\/09\/03\/il-settembre-rufa-test-di-ammissioni-e-open-day\/#breadcrumb"},"inLanguage":"es","potentialAction":[{"@type":"ReadAction","target":["https:\/\/www.unirufa.it\/2019\/09\/03\/il-settembre-rufa-test-di-ammissioni-e-open-day\/"]}]},{"@type":"ImageObject","inLanguage":"es","@id":"https:\/\/www.unirufa.it\/2019\/09\/03\/il-settembre-rufa-test-di-ammissioni-e-open-day\/#primaryimage","url":"https:\/\/www.unirufa.it\/wp-content\/uploads\/2019\/09\/04-Incontro-studenti.jpg","contentUrl":"https:\/\/www.unirufa.it\/wp-content\/uploads\/2019\/09\/04-Incontro-studenti.jpg","width":1796,"height":1025},{"@type":"BreadcrumbList","@id":"https:\/\/www.unirufa.it\/2019\/09\/03\/il-settembre-rufa-test-di-ammissioni-e-open-day\/#breadcrumb","itemListElement":[{"@type":"ListItem","position":1,"name":"Home","item":"https:\/\/www.unirufa.it\/"},{"@type":"ListItem","position":2,"name":"Il settembre RUFA: test di ammissioni e Open Day"}]},{"@type":"WebSite","@id":"https:\/\/www.unirufa.it\/#website","url":"https:\/\/www.unirufa.it\/","name":"RUFA - Rome University of Fine Arts","description":"","potentialAction":[{"@type":"SearchAction","target":{"@type":"EntryPoint","urlTemplate":"https:\/\/www.unirufa.it\/?s={search_term_string}"},"query-input":{"@type":"PropertyValueSpecification","valueRequired":true,"valueName":"search_term_string"}}],"inLanguage":"es"},{"@type":"Person","@id":"https:\/\/www.unirufa.it\/#\/schema\/person\/df501afc19e72ccaeeaaec268b0c5917","name":"rufa","image":{"@type":"ImageObject","inLanguage":"es","@id":"https:\/\/www.unirufa.it\/#\/schema\/person\/image\/","url":"https:\/\/secure.gravatar.com\/avatar\/7f7ea0eea9301536a533fa1d7ea507b9?s=96&d=mm&r=g","contentUrl":"https:\/\/secure.gravatar.com\/avatar\/7f7ea0eea9301536a533fa1d7ea507b9?s=96&d=mm&r=g","caption":"rufa"},"url":"https:\/\/www.unirufa.it\/es\/author\/rufa\/"}]}},"_links":{"self":[{"href":"https:\/\/www.unirufa.it\/es\/wp-json\/wp\/v2\/posts\/22380","targetHints":{"allow":["GET"]}}],"collection":[{"href":"https:\/\/www.unirufa.it\/es\/wp-json\/wp\/v2\/posts"}],"about":[{"href":"https:\/\/www.unirufa.it\/es\/wp-json\/wp\/v2\/types\/post"}],"author":[{"embeddable":true,"href":"https:\/\/www.unirufa.it\/es\/wp-json\/wp\/v2\/users\/1"}],"replies":[{"embeddable":true,"href":"https:\/\/www.unirufa.it\/es\/wp-json\/wp\/v2\/comments?post=22380"}],"version-history":[{"count":2,"href":"https:\/\/www.unirufa.it\/es\/wp-json\/wp\/v2\/posts\/22380\/revisions"}],"predecessor-version":[{"id":22395,"href":"https:\/\/www.unirufa.it\/es\/wp-json\/wp\/v2\/posts\/22380\/revisions\/22395"}],"wp:featuredmedia":[{"embeddable":true,"href":"https:\/\/www.unirufa.it\/es\/wp-json\/wp\/v2\/media\/22382"}],"wp:attachment":[{"href":"https:\/\/www.unirufa.it\/es\/wp-json\/wp\/v2\/media?parent=22380"}],"wp:term":[{"taxonomy":"category","embeddable":true,"href":"https:\/\/www.unirufa.it\/es\/wp-json\/wp\/v2\/categories?post=22380"},{"taxonomy":"post_tag","embeddable":true,"href":"https:\/\/www.unirufa.it\/es\/wp-json\/wp\/v2\/tags?post=22380"}],"curies":[{"name":"wp","href":"https:\/\/api.w.org\/{rel}","templated":true}]}}