


{"id":22486,"date":"2019-09-09T16:03:11","date_gmt":"2019-09-09T16:03:11","guid":{"rendered":"https:\/\/www.unirufa.it\/?p=22486"},"modified":"2020-03-19T13:45:20","modified_gmt":"2020-03-19T12:45:20","slug":"venezia-menzione-speciale-per-beatrice-baldacci-alla-biennale","status":"publish","type":"post","link":"https:\/\/www.unirufa.it\/es\/2019\/09\/09\/venezia-menzione-speciale-per-beatrice-baldacci-alla-biennale\/","title":{"rendered":"Venezia, menzione speciale per Beatrice Baldacci alla Biennale"},"content":{"rendered":"<p class=\"qtranxs-available-languages-message qtranxs-available-languages-message-es\">Disculpa, pero esta entrada est\u00e1 disponible s\u00f3lo en <a href=\"https:\/\/www.unirufa.it\/it\/wp-json\/wp\/v2\/posts\/22486\" class=\"qtranxs-available-language-link qtranxs-available-language-link-it\" title=\"IT\">IT<\/a> y <a href=\"https:\/\/www.unirufa.it\/en\/wp-json\/wp\/v2\/posts\/22486\" class=\"qtranxs-available-language-link qtranxs-available-language-link-en\" title=\"EN\">EN<\/a>.<\/p>Una Biennale da ricordare e un primo passo che emoziona. L\u2019ex studentessa RUFA Beatrice Baldacci, grazie alla regia del film \u201cSupereroi senza Superpoteri\u201d, ha ricevuto la menzione speciale FEDIC (Federazione italiana dei Cineclub) per il miglior cortometraggio.<\/p>\n<p>Il premio in questione \u00e8 stato consegnato nella suggestiva cornice dell\u2019Hotel Excelsior al Lido di Venezia. La giuria, presieduta da Alfredo Baldi e composta da Alessandro Cuk, Laura Forcella Iascone, Antonella Santarelli e Luciano Volpi, ha evidenziato la bont\u00e0 del lavoro svolto, descrivendolo come \u201cun commosso omaggio alla madre, una madre forte presente e affettuosa, da parte della figlia attraverso immagini video amatoriali appartenenti alla famiglia dell\u2019autrice. Un film che si segue con piacere e appassiona\u201d.<\/p>\n<p>\u201cSupereroi senza Superpoteri\u201d \u00e8 un progetto autobiografico nel quale la giovane autrice racconta il rapporto con la madre, dall\u2019infanzia fino ai giorni attuali: un percorso di assoluta elaborazione personale di alcuni momenti della propria vita, sviluppato sul ritrovamento di vecchie videocassette nelle quali erano stati registrati numerosi momenti di convivenza con la figura materna. \u00abCome nei VHS inevitabilmente rovinati \u2013 ha spiegato Beatrice &#8211; allo stesso modo sono i ricordi della nostra infanzia, consumati dal tempo nascosti nella nostra memoria. La cassetta va in play, sullo schermo compaiono immagini di ogni tipo. Da questa nuova \u201cscoperta\u201d, si dipana una storia che, tra malattia e ricordi personali della madre, vede una bambina reagire e crescere di fronte ad una realt\u00e0 non pi\u00f9 protetta.<\/p>\n<p>Il film \u00e8 stato prodotto dall\u2019Archivio Audiovisivo del Movimento Operaio e Democratico nell\u2019ambito del \u201cPremio Zavattini \u2013 Unarchive\u201d sostenuto dalla Siae, dal MiBACT, attraverso il bando \u201cSillumina\u201d e dalla Regione Lazio. \u00c8 stato realizzato in collaborazione con Istituto Luce Cinecitt\u00e0 ed \u00e8 distribuito da Elenfant Film.","protected":false},"excerpt":{"rendered":"<p>Disculpa, pero esta entrada est\u00e1 disponible s\u00f3lo en IT y EN.Una Biennale da ricordare e un primo passo che emoziona. L\u2019ex studentessa RUFA Beatrice Baldacci, grazie alla regia del film \u201cSupereroi senza Superpoteri\u201d, ha ricevuto la menzione speciale FEDIC (Federazione italiana dei Cineclub) per il miglior cortometraggio. Il premio in questione \u00e8 stato consegnato nella&#8230;  <a class=\"excerpt-read-more\" href=\"https:\/\/www.unirufa.it\/es\/2019\/09\/09\/venezia-menzione-speciale-per-beatrice-baldacci-alla-biennale\/\" title=\"Read Venezia, menzione speciale per Beatrice Baldacci alla Biennale\">Find out more<\/a><\/p>\n","protected":false},"author":1,"featured_media":22487,"comment_status":"closed","ping_status":"closed","sticky":false,"template":"","format":"standard","meta":{"content-type":"","footnotes":""},"categories":[940],"tags":[209,16,1599,945,848],"class_list":["post-22486","post","type-post","status-publish","format-standard","has-post-thumbnail","hentry","category-cinema-photography","tag-biennale-di-venezia","tag-cinema","tag-fedic","tag-riconoscimenti","tag-talento"],"yoast_head":"<!-- This site is optimized with the Yoast SEO plugin v24.2 - https:\/\/yoast.com\/wordpress\/plugins\/seo\/ -->\n<title>Venezia, menzione speciale per Beatrice Baldacci alla Biennale - RUFA - Rome University of Fine Arts<\/title>\n<meta name=\"robots\" content=\"index, follow, max-snippet:-1, max-image-preview:large, max-video-preview:-1\" \/>\n<link rel=\"canonical\" href=\"https:\/\/www.unirufa.it\/2019\/09\/09\/venezia-menzione-speciale-per-beatrice-baldacci-alla-biennale\/\" \/>\n<meta property=\"og:locale\" content=\"es_ES\" \/>\n<meta property=\"og:type\" content=\"article\" \/>\n<meta property=\"og:title\" content=\"Venezia, menzione speciale per Beatrice Baldacci alla Biennale - RUFA - Rome University of Fine Arts\" \/>\n<meta property=\"og:description\" content=\"Disculpa, pero esta entrada est\u00e1 disponible s\u00f3lo en IT y EN.Una Biennale da ricordare e un primo passo che emoziona. L\u2019ex studentessa RUFA Beatrice Baldacci, grazie alla regia del film \u201cSupereroi senza Superpoteri\u201d, ha ricevuto la menzione speciale FEDIC (Federazione italiana dei Cineclub) per il miglior cortometraggio. Il premio in questione \u00e8 stato consegnato nella... Find out more\" \/>\n<meta property=\"og:url\" content=\"https:\/\/www.unirufa.it\/2019\/09\/09\/venezia-menzione-speciale-per-beatrice-baldacci-alla-biennale\/\" \/>\n<meta property=\"og:site_name\" content=\"RUFA - Rome University of Fine Arts\" \/>\n<meta property=\"article:published_time\" content=\"2019-09-09T16:03:11+00:00\" \/>\n<meta property=\"article:modified_time\" content=\"2020-03-19T12:45:20+00:00\" \/>\n<meta property=\"og:image\" content=\"https:\/\/www.unirufa.it\/wp-content\/uploads\/2019\/09\/Beatrice.jpg\" \/>\n\t<meta property=\"og:image:width\" content=\"1511\" \/>\n\t<meta property=\"og:image:height\" content=\"864\" \/>\n\t<meta property=\"og:image:type\" content=\"image\/jpeg\" \/>\n<meta name=\"author\" content=\"rufa\" \/>\n<meta name=\"twitter:label1\" content=\"Escrito por\" \/>\n\t<meta name=\"twitter:data1\" content=\"rufa\" \/>\n\t<meta name=\"twitter:label2\" content=\"Tiempo de lectura\" \/>\n\t<meta name=\"twitter:data2\" content=\"3 minutos\" \/>\n<script type=\"application\/ld+json\" class=\"yoast-schema-graph\">{\"@context\":\"https:\/\/schema.org\",\"@graph\":[{\"@type\":\"WebPage\",\"@id\":\"https:\/\/www.unirufa.it\/2019\/09\/09\/venezia-menzione-speciale-per-beatrice-baldacci-alla-biennale\/\",\"url\":\"https:\/\/www.unirufa.it\/2019\/09\/09\/venezia-menzione-speciale-per-beatrice-baldacci-alla-biennale\/\",\"name\":\"Venezia, menzione speciale per Beatrice Baldacci alla Biennale - RUFA - Rome University of Fine Arts\",\"isPartOf\":{\"@id\":\"https:\/\/www.unirufa.it\/#website\"},\"primaryImageOfPage\":{\"@id\":\"https:\/\/www.unirufa.it\/2019\/09\/09\/venezia-menzione-speciale-per-beatrice-baldacci-alla-biennale\/#primaryimage\"},\"image\":{\"@id\":\"https:\/\/www.unirufa.it\/2019\/09\/09\/venezia-menzione-speciale-per-beatrice-baldacci-alla-biennale\/#primaryimage\"},\"thumbnailUrl\":\"https:\/\/www.unirufa.it\/wp-content\/uploads\/2019\/09\/Beatrice.jpg\",\"datePublished\":\"2019-09-09T16:03:11+00:00\",\"dateModified\":\"2020-03-19T12:45:20+00:00\",\"author\":{\"@id\":\"https:\/\/www.unirufa.it\/#\/schema\/person\/df501afc19e72ccaeeaaec268b0c5917\"},\"breadcrumb\":{\"@id\":\"https:\/\/www.unirufa.it\/2019\/09\/09\/venezia-menzione-speciale-per-beatrice-baldacci-alla-biennale\/#breadcrumb\"},\"inLanguage\":\"es\",\"potentialAction\":[{\"@type\":\"ReadAction\",\"target\":[\"https:\/\/www.unirufa.it\/2019\/09\/09\/venezia-menzione-speciale-per-beatrice-baldacci-alla-biennale\/\"]}]},{\"@type\":\"ImageObject\",\"inLanguage\":\"es\",\"@id\":\"https:\/\/www.unirufa.it\/2019\/09\/09\/venezia-menzione-speciale-per-beatrice-baldacci-alla-biennale\/#primaryimage\",\"url\":\"https:\/\/www.unirufa.it\/wp-content\/uploads\/2019\/09\/Beatrice.jpg\",\"contentUrl\":\"https:\/\/www.unirufa.it\/wp-content\/uploads\/2019\/09\/Beatrice.jpg\",\"width\":1511,\"height\":864},{\"@type\":\"BreadcrumbList\",\"@id\":\"https:\/\/www.unirufa.it\/2019\/09\/09\/venezia-menzione-speciale-per-beatrice-baldacci-alla-biennale\/#breadcrumb\",\"itemListElement\":[{\"@type\":\"ListItem\",\"position\":1,\"name\":\"Home\",\"item\":\"https:\/\/www.unirufa.it\/\"},{\"@type\":\"ListItem\",\"position\":2,\"name\":\"Venice, special mention for Beatrice Baldacci at the Biennale\"}]},{\"@type\":\"WebSite\",\"@id\":\"https:\/\/www.unirufa.it\/#website\",\"url\":\"https:\/\/www.unirufa.it\/\",\"name\":\"RUFA - Rome University of Fine Arts\",\"description\":\"\",\"potentialAction\":[{\"@type\":\"SearchAction\",\"target\":{\"@type\":\"EntryPoint\",\"urlTemplate\":\"https:\/\/www.unirufa.it\/?s={search_term_string}\"},\"query-input\":{\"@type\":\"PropertyValueSpecification\",\"valueRequired\":true,\"valueName\":\"search_term_string\"}}],\"inLanguage\":\"es\"},{\"@type\":\"Person\",\"@id\":\"https:\/\/www.unirufa.it\/#\/schema\/person\/df501afc19e72ccaeeaaec268b0c5917\",\"name\":\"rufa\",\"image\":{\"@type\":\"ImageObject\",\"inLanguage\":\"es\",\"@id\":\"https:\/\/www.unirufa.it\/#\/schema\/person\/image\/\",\"url\":\"https:\/\/secure.gravatar.com\/avatar\/7f7ea0eea9301536a533fa1d7ea507b9?s=96&d=mm&r=g\",\"contentUrl\":\"https:\/\/secure.gravatar.com\/avatar\/7f7ea0eea9301536a533fa1d7ea507b9?s=96&d=mm&r=g\",\"caption\":\"rufa\"},\"url\":\"https:\/\/www.unirufa.it\/es\/author\/rufa\/\"}]}<\/script>\n<!-- \/ Yoast SEO plugin. -->","yoast_head_json":{"title":"Venezia, menzione speciale per Beatrice Baldacci alla Biennale - RUFA - Rome University of Fine Arts","robots":{"index":"index","follow":"follow","max-snippet":"max-snippet:-1","max-image-preview":"max-image-preview:large","max-video-preview":"max-video-preview:-1"},"canonical":"https:\/\/www.unirufa.it\/2019\/09\/09\/venezia-menzione-speciale-per-beatrice-baldacci-alla-biennale\/","og_locale":"es_ES","og_type":"article","og_title":"Venezia, menzione speciale per Beatrice Baldacci alla Biennale - RUFA - Rome University of Fine Arts","og_description":"Disculpa, pero esta entrada est\u00e1 disponible s\u00f3lo en IT y EN.Una Biennale da ricordare e un primo passo che emoziona. L\u2019ex studentessa RUFA Beatrice Baldacci, grazie alla regia del film \u201cSupereroi senza Superpoteri\u201d, ha ricevuto la menzione speciale FEDIC (Federazione italiana dei Cineclub) per il miglior cortometraggio. Il premio in questione \u00e8 stato consegnato nella... Find out more","og_url":"https:\/\/www.unirufa.it\/2019\/09\/09\/venezia-menzione-speciale-per-beatrice-baldacci-alla-biennale\/","og_site_name":"RUFA - Rome University of Fine Arts","article_published_time":"2019-09-09T16:03:11+00:00","article_modified_time":"2020-03-19T12:45:20+00:00","og_image":[{"width":1511,"height":864,"url":"https:\/\/www.unirufa.it\/wp-content\/uploads\/2019\/09\/Beatrice.jpg","type":"image\/jpeg"}],"author":"rufa","twitter_misc":{"Escrito por":"rufa","Tiempo de lectura":"3 minutos"},"schema":{"@context":"https:\/\/schema.org","@graph":[{"@type":"WebPage","@id":"https:\/\/www.unirufa.it\/2019\/09\/09\/venezia-menzione-speciale-per-beatrice-baldacci-alla-biennale\/","url":"https:\/\/www.unirufa.it\/2019\/09\/09\/venezia-menzione-speciale-per-beatrice-baldacci-alla-biennale\/","name":"Venezia, menzione speciale per Beatrice Baldacci alla Biennale - RUFA - Rome University of Fine Arts","isPartOf":{"@id":"https:\/\/www.unirufa.it\/#website"},"primaryImageOfPage":{"@id":"https:\/\/www.unirufa.it\/2019\/09\/09\/venezia-menzione-speciale-per-beatrice-baldacci-alla-biennale\/#primaryimage"},"image":{"@id":"https:\/\/www.unirufa.it\/2019\/09\/09\/venezia-menzione-speciale-per-beatrice-baldacci-alla-biennale\/#primaryimage"},"thumbnailUrl":"https:\/\/www.unirufa.it\/wp-content\/uploads\/2019\/09\/Beatrice.jpg","datePublished":"2019-09-09T16:03:11+00:00","dateModified":"2020-03-19T12:45:20+00:00","author":{"@id":"https:\/\/www.unirufa.it\/#\/schema\/person\/df501afc19e72ccaeeaaec268b0c5917"},"breadcrumb":{"@id":"https:\/\/www.unirufa.it\/2019\/09\/09\/venezia-menzione-speciale-per-beatrice-baldacci-alla-biennale\/#breadcrumb"},"inLanguage":"es","potentialAction":[{"@type":"ReadAction","target":["https:\/\/www.unirufa.it\/2019\/09\/09\/venezia-menzione-speciale-per-beatrice-baldacci-alla-biennale\/"]}]},{"@type":"ImageObject","inLanguage":"es","@id":"https:\/\/www.unirufa.it\/2019\/09\/09\/venezia-menzione-speciale-per-beatrice-baldacci-alla-biennale\/#primaryimage","url":"https:\/\/www.unirufa.it\/wp-content\/uploads\/2019\/09\/Beatrice.jpg","contentUrl":"https:\/\/www.unirufa.it\/wp-content\/uploads\/2019\/09\/Beatrice.jpg","width":1511,"height":864},{"@type":"BreadcrumbList","@id":"https:\/\/www.unirufa.it\/2019\/09\/09\/venezia-menzione-speciale-per-beatrice-baldacci-alla-biennale\/#breadcrumb","itemListElement":[{"@type":"ListItem","position":1,"name":"Home","item":"https:\/\/www.unirufa.it\/"},{"@type":"ListItem","position":2,"name":"Venice, special mention for Beatrice Baldacci at the Biennale"}]},{"@type":"WebSite","@id":"https:\/\/www.unirufa.it\/#website","url":"https:\/\/www.unirufa.it\/","name":"RUFA - Rome University of Fine Arts","description":"","potentialAction":[{"@type":"SearchAction","target":{"@type":"EntryPoint","urlTemplate":"https:\/\/www.unirufa.it\/?s={search_term_string}"},"query-input":{"@type":"PropertyValueSpecification","valueRequired":true,"valueName":"search_term_string"}}],"inLanguage":"es"},{"@type":"Person","@id":"https:\/\/www.unirufa.it\/#\/schema\/person\/df501afc19e72ccaeeaaec268b0c5917","name":"rufa","image":{"@type":"ImageObject","inLanguage":"es","@id":"https:\/\/www.unirufa.it\/#\/schema\/person\/image\/","url":"https:\/\/secure.gravatar.com\/avatar\/7f7ea0eea9301536a533fa1d7ea507b9?s=96&d=mm&r=g","contentUrl":"https:\/\/secure.gravatar.com\/avatar\/7f7ea0eea9301536a533fa1d7ea507b9?s=96&d=mm&r=g","caption":"rufa"},"url":"https:\/\/www.unirufa.it\/es\/author\/rufa\/"}]}},"_links":{"self":[{"href":"https:\/\/www.unirufa.it\/es\/wp-json\/wp\/v2\/posts\/22486","targetHints":{"allow":["GET"]}}],"collection":[{"href":"https:\/\/www.unirufa.it\/es\/wp-json\/wp\/v2\/posts"}],"about":[{"href":"https:\/\/www.unirufa.it\/es\/wp-json\/wp\/v2\/types\/post"}],"author":[{"embeddable":true,"href":"https:\/\/www.unirufa.it\/es\/wp-json\/wp\/v2\/users\/1"}],"replies":[{"embeddable":true,"href":"https:\/\/www.unirufa.it\/es\/wp-json\/wp\/v2\/comments?post=22486"}],"version-history":[{"count":1,"href":"https:\/\/www.unirufa.it\/es\/wp-json\/wp\/v2\/posts\/22486\/revisions"}],"predecessor-version":[{"id":22488,"href":"https:\/\/www.unirufa.it\/es\/wp-json\/wp\/v2\/posts\/22486\/revisions\/22488"}],"wp:featuredmedia":[{"embeddable":true,"href":"https:\/\/www.unirufa.it\/es\/wp-json\/wp\/v2\/media\/22487"}],"wp:attachment":[{"href":"https:\/\/www.unirufa.it\/es\/wp-json\/wp\/v2\/media?parent=22486"}],"wp:term":[{"taxonomy":"category","embeddable":true,"href":"https:\/\/www.unirufa.it\/es\/wp-json\/wp\/v2\/categories?post=22486"},{"taxonomy":"post_tag","embeddable":true,"href":"https:\/\/www.unirufa.it\/es\/wp-json\/wp\/v2\/tags?post=22486"}],"curies":[{"name":"wp","href":"https:\/\/api.w.org\/{rel}","templated":true}]}}