


{"id":24629,"date":"2020-01-17T16:25:16","date_gmt":"2020-01-17T15:25:16","guid":{"rendered":"https:\/\/www.unirufa.it\/?p=24629"},"modified":"2020-07-09T16:08:08","modified_gmt":"2020-07-09T14:08:08","slug":"rufa-e-contrasto-masterclass-con-francesco-anselmi","status":"publish","type":"post","link":"https:\/\/www.unirufa.it\/es\/2020\/01\/17\/rufa-e-contrasto-masterclass-con-francesco-anselmi\/","title":{"rendered":"RUFA e Contrasto, masterclass con Francesco Anselmi"},"content":{"rendered":"<p class=\"qtranxs-available-languages-message qtranxs-available-languages-message-es\">Disculpa, pero esta entrada est\u00e1 disponible s\u00f3lo en <a href=\"https:\/\/www.unirufa.it\/it\/wp-json\/wp\/v2\/posts\/24629\" class=\"qtranxs-available-language-link qtranxs-available-language-link-it\" title=\"IT\">IT<\/a> y <a href=\"https:\/\/www.unirufa.it\/en\/wp-json\/wp\/v2\/posts\/24629\" class=\"qtranxs-available-language-link qtranxs-available-language-link-en\" title=\"EN\">EN<\/a>.<\/p>Trasportare sul piano pratico e operativo le nozioni apprese durante le lezioni. \u00c8 in questo contesto che si focalizzano le masterclass curate dall\u2019agenzia Contrasto. Si tratta, nello specifico, di lezioni di approfondimento che mettono di fronte gli studenti del terzo anno del corso di Fotografia a quelli che sono gli esperti di questo settore, sia dal punto di vista creativo, sia da quello tecnico. Senza dimenticare ovviamente i grandi fotografi della scena artistica internazionale.<\/p>\n<p>Francesco Anselmi nasce a Milano nel 1984, e vive tra l\u2019Italia e gli Stati Uniti d\u2019America. Nel 2010 si diploma presso l\u2019International Center of Photography. Nel 2012 ha iniziato un progetto a lungo termine sulle conseguenze della crisi in Grecia, grazie al quale ha ricevuto il Chris Hondros Fellowship Fund nel 2013 e il Visura Grant for Outstanding Personal Project nel 2016. Varie selezioni del suo lavoro sono state proiettate in diversi festival tra cui il Visa Pour L\u2019Image di Perpignan e Les Rencontres d&#8217;Arles 2014. Dal 2017 si sta focalizzando sui cambiamenti che stanno investendo la societ\u00e0 americana con particolare attenzione al tema dell\u2019identit\u00e0 nelle zone di confine. Nel 2019 \u00e8 finalista del Leica Oskar Barnack e vincitore del Visa d&#8217;or-Daily Press award.<\/p>\n<p>L\u2019esperienza delle masterclass Contrasto \u00e8 finalizzata a offrire suggerimenti e riflessioni fondamentali al processo di produzione e presentazione di un progetto fotografico. Una visione programmatica che RUFA \u2013 Rome University of Fine Arts e Contrasto hanno strutturato in un piano didattico con incontri da tenersi durante l\u2019intero anno accademico.","protected":false},"excerpt":{"rendered":"<p>Disculpa, pero esta entrada est\u00e1 disponible s\u00f3lo en IT y EN.Trasportare sul piano pratico e operativo le nozioni apprese durante le lezioni. \u00c8 in questo contesto che si focalizzano le masterclass curate dall\u2019agenzia Contrasto. Si tratta, nello specifico, di lezioni di approfondimento che mettono di fronte gli studenti del terzo anno del corso di Fotografia&#8230;  <a class=\"excerpt-read-more\" href=\"https:\/\/www.unirufa.it\/es\/2020\/01\/17\/rufa-e-contrasto-masterclass-con-francesco-anselmi\/\" title=\"Read RUFA e Contrasto, masterclass con Francesco Anselmi\">Find out more<\/a><\/p>\n","protected":false},"author":28,"featured_media":24657,"comment_status":"closed","ping_status":"closed","sticky":false,"template":"","format":"standard","meta":{"content-type":"","footnotes":""},"categories":[1634],"tags":[],"class_list":["post-24629","post","type-post","status-publish","format-standard","has-post-thumbnail","hentry","category-fotografia"],"yoast_head":"<!-- This site is optimized with the Yoast SEO plugin v24.2 - https:\/\/yoast.com\/wordpress\/plugins\/seo\/ -->\n<title>RUFA e Contrasto, masterclass con Francesco Anselmi - RUFA - Rome University of Fine Arts<\/title>\n<meta name=\"robots\" content=\"index, follow, max-snippet:-1, max-image-preview:large, max-video-preview:-1\" \/>\n<link rel=\"canonical\" href=\"https:\/\/www.unirufa.it\/2020\/01\/17\/rufa-e-contrasto-masterclass-con-francesco-anselmi\/\" \/>\n<meta property=\"og:locale\" content=\"es_ES\" \/>\n<meta property=\"og:type\" content=\"article\" \/>\n<meta property=\"og:title\" content=\"RUFA e Contrasto, masterclass con Francesco Anselmi - RUFA - Rome University of Fine Arts\" \/>\n<meta property=\"og:description\" content=\"Disculpa, pero esta entrada est\u00e1 disponible s\u00f3lo en IT y EN.Trasportare sul piano pratico e operativo le nozioni apprese durante le lezioni. \u00c8 in questo contesto che si focalizzano le masterclass curate dall\u2019agenzia Contrasto. Si tratta, nello specifico, di lezioni di approfondimento che mettono di fronte gli studenti del terzo anno del corso di Fotografia... Find out more\" \/>\n<meta property=\"og:url\" content=\"https:\/\/www.unirufa.it\/2020\/01\/17\/rufa-e-contrasto-masterclass-con-francesco-anselmi\/\" \/>\n<meta property=\"og:site_name\" content=\"RUFA - Rome University of Fine Arts\" \/>\n<meta property=\"article:published_time\" content=\"2020-01-17T15:25:16+00:00\" \/>\n<meta property=\"article:modified_time\" content=\"2020-07-09T14:08:08+00:00\" \/>\n<meta property=\"og:image\" content=\"https:\/\/www.unirufa.it\/wp-content\/uploads\/2019\/12\/News_Francesco_Anselmi.jpg\" \/>\n\t<meta property=\"og:image:width\" content=\"1050\" \/>\n\t<meta property=\"og:image:height\" content=\"600\" \/>\n\t<meta property=\"og:image:type\" content=\"image\/jpeg\" \/>\n<meta name=\"author\" content=\"Claudia Vitali\" \/>\n<meta name=\"twitter:label1\" content=\"Escrito por\" \/>\n\t<meta name=\"twitter:data1\" content=\"Claudia Vitali\" \/>\n\t<meta name=\"twitter:label2\" content=\"Tiempo de lectura\" \/>\n\t<meta name=\"twitter:data2\" content=\"2 minutos\" \/>\n<script type=\"application\/ld+json\" class=\"yoast-schema-graph\">{\"@context\":\"https:\/\/schema.org\",\"@graph\":[{\"@type\":\"WebPage\",\"@id\":\"https:\/\/www.unirufa.it\/2020\/01\/17\/rufa-e-contrasto-masterclass-con-francesco-anselmi\/\",\"url\":\"https:\/\/www.unirufa.it\/2020\/01\/17\/rufa-e-contrasto-masterclass-con-francesco-anselmi\/\",\"name\":\"RUFA e Contrasto, masterclass con Francesco Anselmi - RUFA - Rome University of Fine Arts\",\"isPartOf\":{\"@id\":\"https:\/\/www.unirufa.it\/#website\"},\"primaryImageOfPage\":{\"@id\":\"https:\/\/www.unirufa.it\/2020\/01\/17\/rufa-e-contrasto-masterclass-con-francesco-anselmi\/#primaryimage\"},\"image\":{\"@id\":\"https:\/\/www.unirufa.it\/2020\/01\/17\/rufa-e-contrasto-masterclass-con-francesco-anselmi\/#primaryimage\"},\"thumbnailUrl\":\"https:\/\/www.unirufa.it\/wp-content\/uploads\/2019\/12\/News_Francesco_Anselmi.jpg\",\"datePublished\":\"2020-01-17T15:25:16+00:00\",\"dateModified\":\"2020-07-09T14:08:08+00:00\",\"author\":{\"@id\":\"https:\/\/www.unirufa.it\/#\/schema\/person\/d5c03e37606740dff84050c97a46c80e\"},\"breadcrumb\":{\"@id\":\"https:\/\/www.unirufa.it\/2020\/01\/17\/rufa-e-contrasto-masterclass-con-francesco-anselmi\/#breadcrumb\"},\"inLanguage\":\"es\",\"potentialAction\":[{\"@type\":\"ReadAction\",\"target\":[\"https:\/\/www.unirufa.it\/2020\/01\/17\/rufa-e-contrasto-masterclass-con-francesco-anselmi\/\"]}]},{\"@type\":\"ImageObject\",\"inLanguage\":\"es\",\"@id\":\"https:\/\/www.unirufa.it\/2020\/01\/17\/rufa-e-contrasto-masterclass-con-francesco-anselmi\/#primaryimage\",\"url\":\"https:\/\/www.unirufa.it\/wp-content\/uploads\/2019\/12\/News_Francesco_Anselmi.jpg\",\"contentUrl\":\"https:\/\/www.unirufa.it\/wp-content\/uploads\/2019\/12\/News_Francesco_Anselmi.jpg\",\"width\":1050,\"height\":600},{\"@type\":\"BreadcrumbList\",\"@id\":\"https:\/\/www.unirufa.it\/2020\/01\/17\/rufa-e-contrasto-masterclass-con-francesco-anselmi\/#breadcrumb\",\"itemListElement\":[{\"@type\":\"ListItem\",\"position\":1,\"name\":\"Home\",\"item\":\"https:\/\/www.unirufa.it\/\"},{\"@type\":\"ListItem\",\"position\":2,\"name\":\"RUFA e Contrasto, masterclass con Francesco Anselmi\"}]},{\"@type\":\"WebSite\",\"@id\":\"https:\/\/www.unirufa.it\/#website\",\"url\":\"https:\/\/www.unirufa.it\/\",\"name\":\"RUFA - Rome University of Fine Arts\",\"description\":\"\",\"potentialAction\":[{\"@type\":\"SearchAction\",\"target\":{\"@type\":\"EntryPoint\",\"urlTemplate\":\"https:\/\/www.unirufa.it\/?s={search_term_string}\"},\"query-input\":{\"@type\":\"PropertyValueSpecification\",\"valueRequired\":true,\"valueName\":\"search_term_string\"}}],\"inLanguage\":\"es\"},{\"@type\":\"Person\",\"@id\":\"https:\/\/www.unirufa.it\/#\/schema\/person\/d5c03e37606740dff84050c97a46c80e\",\"name\":\"Claudia Vitali\",\"image\":{\"@type\":\"ImageObject\",\"inLanguage\":\"es\",\"@id\":\"https:\/\/www.unirufa.it\/#\/schema\/person\/image\/\",\"url\":\"https:\/\/secure.gravatar.com\/avatar\/9bd058a2b55efbe5f9e6b68b196c59f4?s=96&d=mm&r=g\",\"contentUrl\":\"https:\/\/secure.gravatar.com\/avatar\/9bd058a2b55efbe5f9e6b68b196c59f4?s=96&d=mm&r=g\",\"caption\":\"Claudia Vitali\"},\"url\":\"https:\/\/www.unirufa.it\/es\/author\/claudia\/\"}]}<\/script>\n<!-- \/ Yoast SEO plugin. -->","yoast_head_json":{"title":"RUFA e Contrasto, masterclass con Francesco Anselmi - RUFA - Rome University of Fine Arts","robots":{"index":"index","follow":"follow","max-snippet":"max-snippet:-1","max-image-preview":"max-image-preview:large","max-video-preview":"max-video-preview:-1"},"canonical":"https:\/\/www.unirufa.it\/2020\/01\/17\/rufa-e-contrasto-masterclass-con-francesco-anselmi\/","og_locale":"es_ES","og_type":"article","og_title":"RUFA e Contrasto, masterclass con Francesco Anselmi - RUFA - Rome University of Fine Arts","og_description":"Disculpa, pero esta entrada est\u00e1 disponible s\u00f3lo en IT y EN.Trasportare sul piano pratico e operativo le nozioni apprese durante le lezioni. \u00c8 in questo contesto che si focalizzano le masterclass curate dall\u2019agenzia Contrasto. Si tratta, nello specifico, di lezioni di approfondimento che mettono di fronte gli studenti del terzo anno del corso di Fotografia... Find out more","og_url":"https:\/\/www.unirufa.it\/2020\/01\/17\/rufa-e-contrasto-masterclass-con-francesco-anselmi\/","og_site_name":"RUFA - Rome University of Fine Arts","article_published_time":"2020-01-17T15:25:16+00:00","article_modified_time":"2020-07-09T14:08:08+00:00","og_image":[{"width":1050,"height":600,"url":"https:\/\/www.unirufa.it\/wp-content\/uploads\/2019\/12\/News_Francesco_Anselmi.jpg","type":"image\/jpeg"}],"author":"Claudia Vitali","twitter_misc":{"Escrito por":"Claudia Vitali","Tiempo de lectura":"2 minutos"},"schema":{"@context":"https:\/\/schema.org","@graph":[{"@type":"WebPage","@id":"https:\/\/www.unirufa.it\/2020\/01\/17\/rufa-e-contrasto-masterclass-con-francesco-anselmi\/","url":"https:\/\/www.unirufa.it\/2020\/01\/17\/rufa-e-contrasto-masterclass-con-francesco-anselmi\/","name":"RUFA e Contrasto, masterclass con Francesco Anselmi - RUFA - Rome University of Fine Arts","isPartOf":{"@id":"https:\/\/www.unirufa.it\/#website"},"primaryImageOfPage":{"@id":"https:\/\/www.unirufa.it\/2020\/01\/17\/rufa-e-contrasto-masterclass-con-francesco-anselmi\/#primaryimage"},"image":{"@id":"https:\/\/www.unirufa.it\/2020\/01\/17\/rufa-e-contrasto-masterclass-con-francesco-anselmi\/#primaryimage"},"thumbnailUrl":"https:\/\/www.unirufa.it\/wp-content\/uploads\/2019\/12\/News_Francesco_Anselmi.jpg","datePublished":"2020-01-17T15:25:16+00:00","dateModified":"2020-07-09T14:08:08+00:00","author":{"@id":"https:\/\/www.unirufa.it\/#\/schema\/person\/d5c03e37606740dff84050c97a46c80e"},"breadcrumb":{"@id":"https:\/\/www.unirufa.it\/2020\/01\/17\/rufa-e-contrasto-masterclass-con-francesco-anselmi\/#breadcrumb"},"inLanguage":"es","potentialAction":[{"@type":"ReadAction","target":["https:\/\/www.unirufa.it\/2020\/01\/17\/rufa-e-contrasto-masterclass-con-francesco-anselmi\/"]}]},{"@type":"ImageObject","inLanguage":"es","@id":"https:\/\/www.unirufa.it\/2020\/01\/17\/rufa-e-contrasto-masterclass-con-francesco-anselmi\/#primaryimage","url":"https:\/\/www.unirufa.it\/wp-content\/uploads\/2019\/12\/News_Francesco_Anselmi.jpg","contentUrl":"https:\/\/www.unirufa.it\/wp-content\/uploads\/2019\/12\/News_Francesco_Anselmi.jpg","width":1050,"height":600},{"@type":"BreadcrumbList","@id":"https:\/\/www.unirufa.it\/2020\/01\/17\/rufa-e-contrasto-masterclass-con-francesco-anselmi\/#breadcrumb","itemListElement":[{"@type":"ListItem","position":1,"name":"Home","item":"https:\/\/www.unirufa.it\/"},{"@type":"ListItem","position":2,"name":"RUFA e Contrasto, masterclass con Francesco Anselmi"}]},{"@type":"WebSite","@id":"https:\/\/www.unirufa.it\/#website","url":"https:\/\/www.unirufa.it\/","name":"RUFA - Rome University of Fine Arts","description":"","potentialAction":[{"@type":"SearchAction","target":{"@type":"EntryPoint","urlTemplate":"https:\/\/www.unirufa.it\/?s={search_term_string}"},"query-input":{"@type":"PropertyValueSpecification","valueRequired":true,"valueName":"search_term_string"}}],"inLanguage":"es"},{"@type":"Person","@id":"https:\/\/www.unirufa.it\/#\/schema\/person\/d5c03e37606740dff84050c97a46c80e","name":"Claudia Vitali","image":{"@type":"ImageObject","inLanguage":"es","@id":"https:\/\/www.unirufa.it\/#\/schema\/person\/image\/","url":"https:\/\/secure.gravatar.com\/avatar\/9bd058a2b55efbe5f9e6b68b196c59f4?s=96&d=mm&r=g","contentUrl":"https:\/\/secure.gravatar.com\/avatar\/9bd058a2b55efbe5f9e6b68b196c59f4?s=96&d=mm&r=g","caption":"Claudia Vitali"},"url":"https:\/\/www.unirufa.it\/es\/author\/claudia\/"}]}},"_links":{"self":[{"href":"https:\/\/www.unirufa.it\/es\/wp-json\/wp\/v2\/posts\/24629","targetHints":{"allow":["GET"]}}],"collection":[{"href":"https:\/\/www.unirufa.it\/es\/wp-json\/wp\/v2\/posts"}],"about":[{"href":"https:\/\/www.unirufa.it\/es\/wp-json\/wp\/v2\/types\/post"}],"author":[{"embeddable":true,"href":"https:\/\/www.unirufa.it\/es\/wp-json\/wp\/v2\/users\/28"}],"replies":[{"embeddable":true,"href":"https:\/\/www.unirufa.it\/es\/wp-json\/wp\/v2\/comments?post=24629"}],"version-history":[{"count":3,"href":"https:\/\/www.unirufa.it\/es\/wp-json\/wp\/v2\/posts\/24629\/revisions"}],"predecessor-version":[{"id":25387,"href":"https:\/\/www.unirufa.it\/es\/wp-json\/wp\/v2\/posts\/24629\/revisions\/25387"}],"wp:featuredmedia":[{"embeddable":true,"href":"https:\/\/www.unirufa.it\/es\/wp-json\/wp\/v2\/media\/24657"}],"wp:attachment":[{"href":"https:\/\/www.unirufa.it\/es\/wp-json\/wp\/v2\/media?parent=24629"}],"wp:term":[{"taxonomy":"category","embeddable":true,"href":"https:\/\/www.unirufa.it\/es\/wp-json\/wp\/v2\/categories?post=24629"},{"taxonomy":"post_tag","embeddable":true,"href":"https:\/\/www.unirufa.it\/es\/wp-json\/wp\/v2\/tags?post=24629"}],"curies":[{"name":"wp","href":"https:\/\/api.w.org\/{rel}","templated":true}]}}