


{"id":25428,"date":"2020-01-20T16:55:07","date_gmt":"2020-01-20T15:55:07","guid":{"rendered":"https:\/\/www.unirufa.it\/?p=25428"},"modified":"2020-01-21T10:20:32","modified_gmt":"2020-01-21T09:20:32","slug":"al-maxxi-la-quinta-edizione-del-progetto-the-independent-summit","status":"publish","type":"post","link":"https:\/\/www.unirufa.it\/es\/2020\/01\/20\/al-maxxi-la-quinta-edizione-del-progetto-the-independent-summit\/","title":{"rendered":"Al MAXXI la quinta edizione del progetto \u201cThe Independent summit\u201d"},"content":{"rendered":"<p class=\"qtranxs-available-languages-message qtranxs-available-languages-message-es\">Disculpa, pero esta entrada est\u00e1 disponible s\u00f3lo en <a href=\"https:\/\/www.unirufa.it\/it\/wp-json\/wp\/v2\/posts\/25428\" class=\"qtranxs-available-language-link qtranxs-available-language-link-it\" title=\"IT\">IT<\/a> y <a href=\"https:\/\/www.unirufa.it\/en\/wp-json\/wp\/v2\/posts\/25428\" class=\"qtranxs-available-language-link qtranxs-available-language-link-en\" title=\"EN\">EN<\/a>.<\/p>Nel corso di questo anno il <strong>MAXXI<\/strong> festeggia il quinto anniversario del progetto di ricerca <strong>\u201cThe Independent\u201d<\/strong>, dedicato all\u2019individuazione e alla promozione degli spazi sociali volti al pensiero indipendente. Per l\u2019occasione, che coincide con il decimo anniversario del Museo, \u00e8 stato organizzato un summit che esplora il potere di amicizia, solidariet\u00e0 e alleanze.<\/p>\n<p>Riunendo esponenti del mondo dell\u2019arte e non solo, l\u2019incontro intende analizzare i motivi e i mezzi per cui e con cui i progetti artistici e gli spazi indipendenti creano strutture di sostegno, incoraggiano forme di solidariet\u00e0 e promuovono alleanze per contestare le convenzioni della legittimit\u00e0 culturale.<\/p>\n<p>Si tratta di un\u2019opportunit\u00e0 in programma al Maxxi tra il 24 e il 25 gennaio, aperta anche all\u2019intera comunit\u00e0 RUFA, con particolare riguardo agli studenti, che potranno cos\u00ec coniugare l\u2019aspetto formativo con quello sociale.<\/p>\n<p>L\u2019iniziativa \u00e8 suddivisa in quattro differenti capitoli, contraddistinti da contenuti e durata diversi: <strong>\u201cSolidarity\u201d<\/strong> e <strong>\u201cInterdependent Transformation\u201d<\/strong> si basano sul dibattito, <strong>\u201cMovements\u201d<\/strong> propone interventi performativi e <strong>\u201cTrasformarsi in un corpo collettivo\u00bb<\/strong> \u00e8 una rassegna cinematografica.","protected":false},"excerpt":{"rendered":"<p>Disculpa, pero esta entrada est\u00e1 disponible s\u00f3lo en IT y EN.Nel corso di questo anno il MAXXI festeggia il quinto anniversario del progetto di ricerca \u201cThe Independent\u201d, dedicato all\u2019individuazione e alla promozione degli spazi sociali volti al pensiero indipendente. Per l\u2019occasione, che coincide con il decimo anniversario del Museo, \u00e8 stato organizzato un summit che&#8230;  <a class=\"excerpt-read-more\" href=\"https:\/\/www.unirufa.it\/es\/2020\/01\/20\/al-maxxi-la-quinta-edizione-del-progetto-the-independent-summit\/\" title=\"Read Al MAXXI la quinta edizione del progetto \u201cThe Independent summit\u201d\">Find out more<\/a><\/p>\n","protected":false},"author":28,"featured_media":25435,"comment_status":"closed","ping_status":"closed","sticky":false,"template":"","format":"standard","meta":{"content-type":"","footnotes":""},"categories":[934],"tags":[],"class_list":["post-25428","post","type-post","status-publish","format-standard","has-post-thumbnail","hentry","category-didactics"],"yoast_head":"<!-- This site is optimized with the Yoast SEO plugin v24.2 - https:\/\/yoast.com\/wordpress\/plugins\/seo\/ -->\n<title>Al MAXXI la quinta edizione del progetto \u201cThe Independent summit\u201d - RUFA - Rome University of Fine Arts<\/title>\n<meta name=\"robots\" content=\"index, follow, max-snippet:-1, max-image-preview:large, max-video-preview:-1\" \/>\n<link rel=\"canonical\" href=\"https:\/\/www.unirufa.it\/es\/2020\/01\/20\/al-maxxi-la-quinta-edizione-del-progetto-the-independent-summit\/\" \/>\n<meta property=\"og:locale\" content=\"es_ES\" \/>\n<meta property=\"og:type\" content=\"article\" \/>\n<meta property=\"og:title\" content=\"Al MAXXI la quinta edizione del progetto \u201cThe Independent summit\u201d - RUFA - Rome University of Fine Arts\" \/>\n<meta property=\"og:description\" content=\"Disculpa, pero esta entrada est\u00e1 disponible s\u00f3lo en IT y EN.Nel corso di questo anno il MAXXI festeggia il quinto anniversario del progetto di ricerca \u201cThe Independent\u201d, dedicato all\u2019individuazione e alla promozione degli spazi sociali volti al pensiero indipendente. Per l\u2019occasione, che coincide con il decimo anniversario del Museo, \u00e8 stato organizzato un summit che... Find out more\" \/>\n<meta property=\"og:url\" content=\"https:\/\/www.unirufa.it\/es\/2020\/01\/20\/al-maxxi-la-quinta-edizione-del-progetto-the-independent-summit\/\" \/>\n<meta property=\"og:site_name\" content=\"RUFA - Rome University of Fine Arts\" \/>\n<meta property=\"article:published_time\" content=\"2020-01-20T15:55:07+00:00\" \/>\n<meta property=\"article:modified_time\" content=\"2020-01-21T09:20:32+00:00\" \/>\n<meta property=\"og:image\" content=\"https:\/\/www.unirufa.it\/wp-content\/uploads\/2020\/01\/MAXXI_Independent_Summit.jpg\" \/>\n\t<meta property=\"og:image:width\" content=\"1050\" \/>\n\t<meta property=\"og:image:height\" content=\"600\" \/>\n\t<meta property=\"og:image:type\" content=\"image\/jpeg\" \/>\n<meta name=\"author\" content=\"Claudia Vitali\" \/>\n<meta name=\"twitter:label1\" content=\"Escrito por\" \/>\n\t<meta name=\"twitter:data1\" content=\"Claudia Vitali\" \/>\n\t<meta name=\"twitter:label2\" content=\"Tiempo de lectura\" \/>\n\t<meta name=\"twitter:data2\" content=\"2 minutos\" \/>\n<script type=\"application\/ld+json\" class=\"yoast-schema-graph\">{\"@context\":\"https:\/\/schema.org\",\"@graph\":[{\"@type\":\"WebPage\",\"@id\":\"https:\/\/www.unirufa.it\/es\/2020\/01\/20\/al-maxxi-la-quinta-edizione-del-progetto-the-independent-summit\/\",\"url\":\"https:\/\/www.unirufa.it\/es\/2020\/01\/20\/al-maxxi-la-quinta-edizione-del-progetto-the-independent-summit\/\",\"name\":\"Al MAXXI la quinta edizione del progetto \u201cThe Independent summit\u201d - RUFA - Rome University of Fine Arts\",\"isPartOf\":{\"@id\":\"https:\/\/www.unirufa.it\/#website\"},\"primaryImageOfPage\":{\"@id\":\"https:\/\/www.unirufa.it\/es\/2020\/01\/20\/al-maxxi-la-quinta-edizione-del-progetto-the-independent-summit\/#primaryimage\"},\"image\":{\"@id\":\"https:\/\/www.unirufa.it\/es\/2020\/01\/20\/al-maxxi-la-quinta-edizione-del-progetto-the-independent-summit\/#primaryimage\"},\"thumbnailUrl\":\"https:\/\/www.unirufa.it\/wp-content\/uploads\/2020\/01\/MAXXI_Independent_Summit.jpg\",\"datePublished\":\"2020-01-20T15:55:07+00:00\",\"dateModified\":\"2020-01-21T09:20:32+00:00\",\"author\":{\"@id\":\"https:\/\/www.unirufa.it\/#\/schema\/person\/d5c03e37606740dff84050c97a46c80e\"},\"breadcrumb\":{\"@id\":\"https:\/\/www.unirufa.it\/es\/2020\/01\/20\/al-maxxi-la-quinta-edizione-del-progetto-the-independent-summit\/#breadcrumb\"},\"inLanguage\":\"es\",\"potentialAction\":[{\"@type\":\"ReadAction\",\"target\":[\"https:\/\/www.unirufa.it\/es\/2020\/01\/20\/al-maxxi-la-quinta-edizione-del-progetto-the-independent-summit\/\"]}]},{\"@type\":\"ImageObject\",\"inLanguage\":\"es\",\"@id\":\"https:\/\/www.unirufa.it\/es\/2020\/01\/20\/al-maxxi-la-quinta-edizione-del-progetto-the-independent-summit\/#primaryimage\",\"url\":\"https:\/\/www.unirufa.it\/wp-content\/uploads\/2020\/01\/MAXXI_Independent_Summit.jpg\",\"contentUrl\":\"https:\/\/www.unirufa.it\/wp-content\/uploads\/2020\/01\/MAXXI_Independent_Summit.jpg\",\"width\":1050,\"height\":600},{\"@type\":\"BreadcrumbList\",\"@id\":\"https:\/\/www.unirufa.it\/es\/2020\/01\/20\/al-maxxi-la-quinta-edizione-del-progetto-the-independent-summit\/#breadcrumb\",\"itemListElement\":[{\"@type\":\"ListItem\",\"position\":1,\"name\":\"Home\",\"item\":\"https:\/\/www.unirufa.it\/\"},{\"@type\":\"ListItem\",\"position\":2,\"name\":\"Al MAXXI la quinta edizione del progetto \u201cThe Independent summit\u201d\"}]},{\"@type\":\"WebSite\",\"@id\":\"https:\/\/www.unirufa.it\/#website\",\"url\":\"https:\/\/www.unirufa.it\/\",\"name\":\"RUFA - Rome University of Fine Arts\",\"description\":\"\",\"potentialAction\":[{\"@type\":\"SearchAction\",\"target\":{\"@type\":\"EntryPoint\",\"urlTemplate\":\"https:\/\/www.unirufa.it\/?s={search_term_string}\"},\"query-input\":{\"@type\":\"PropertyValueSpecification\",\"valueRequired\":true,\"valueName\":\"search_term_string\"}}],\"inLanguage\":\"es\"},{\"@type\":\"Person\",\"@id\":\"https:\/\/www.unirufa.it\/#\/schema\/person\/d5c03e37606740dff84050c97a46c80e\",\"name\":\"Claudia Vitali\",\"image\":{\"@type\":\"ImageObject\",\"inLanguage\":\"es\",\"@id\":\"https:\/\/www.unirufa.it\/#\/schema\/person\/image\/\",\"url\":\"https:\/\/secure.gravatar.com\/avatar\/9bd058a2b55efbe5f9e6b68b196c59f4?s=96&d=mm&r=g\",\"contentUrl\":\"https:\/\/secure.gravatar.com\/avatar\/9bd058a2b55efbe5f9e6b68b196c59f4?s=96&d=mm&r=g\",\"caption\":\"Claudia Vitali\"},\"url\":\"https:\/\/www.unirufa.it\/es\/author\/claudia\/\"}]}<\/script>\n<!-- \/ Yoast SEO plugin. -->","yoast_head_json":{"title":"Al MAXXI la quinta edizione del progetto \u201cThe Independent summit\u201d - RUFA - Rome University of Fine Arts","robots":{"index":"index","follow":"follow","max-snippet":"max-snippet:-1","max-image-preview":"max-image-preview:large","max-video-preview":"max-video-preview:-1"},"canonical":"https:\/\/www.unirufa.it\/es\/2020\/01\/20\/al-maxxi-la-quinta-edizione-del-progetto-the-independent-summit\/","og_locale":"es_ES","og_type":"article","og_title":"Al MAXXI la quinta edizione del progetto \u201cThe Independent summit\u201d - RUFA - Rome University of Fine Arts","og_description":"Disculpa, pero esta entrada est\u00e1 disponible s\u00f3lo en IT y EN.Nel corso di questo anno il MAXXI festeggia il quinto anniversario del progetto di ricerca \u201cThe Independent\u201d, dedicato all\u2019individuazione e alla promozione degli spazi sociali volti al pensiero indipendente. Per l\u2019occasione, che coincide con il decimo anniversario del Museo, \u00e8 stato organizzato un summit che... Find out more","og_url":"https:\/\/www.unirufa.it\/es\/2020\/01\/20\/al-maxxi-la-quinta-edizione-del-progetto-the-independent-summit\/","og_site_name":"RUFA - Rome University of Fine Arts","article_published_time":"2020-01-20T15:55:07+00:00","article_modified_time":"2020-01-21T09:20:32+00:00","og_image":[{"width":1050,"height":600,"url":"https:\/\/www.unirufa.it\/wp-content\/uploads\/2020\/01\/MAXXI_Independent_Summit.jpg","type":"image\/jpeg"}],"author":"Claudia Vitali","twitter_misc":{"Escrito por":"Claudia Vitali","Tiempo de lectura":"2 minutos"},"schema":{"@context":"https:\/\/schema.org","@graph":[{"@type":"WebPage","@id":"https:\/\/www.unirufa.it\/es\/2020\/01\/20\/al-maxxi-la-quinta-edizione-del-progetto-the-independent-summit\/","url":"https:\/\/www.unirufa.it\/es\/2020\/01\/20\/al-maxxi-la-quinta-edizione-del-progetto-the-independent-summit\/","name":"Al MAXXI la quinta edizione del progetto \u201cThe Independent summit\u201d - RUFA - Rome University of Fine Arts","isPartOf":{"@id":"https:\/\/www.unirufa.it\/#website"},"primaryImageOfPage":{"@id":"https:\/\/www.unirufa.it\/es\/2020\/01\/20\/al-maxxi-la-quinta-edizione-del-progetto-the-independent-summit\/#primaryimage"},"image":{"@id":"https:\/\/www.unirufa.it\/es\/2020\/01\/20\/al-maxxi-la-quinta-edizione-del-progetto-the-independent-summit\/#primaryimage"},"thumbnailUrl":"https:\/\/www.unirufa.it\/wp-content\/uploads\/2020\/01\/MAXXI_Independent_Summit.jpg","datePublished":"2020-01-20T15:55:07+00:00","dateModified":"2020-01-21T09:20:32+00:00","author":{"@id":"https:\/\/www.unirufa.it\/#\/schema\/person\/d5c03e37606740dff84050c97a46c80e"},"breadcrumb":{"@id":"https:\/\/www.unirufa.it\/es\/2020\/01\/20\/al-maxxi-la-quinta-edizione-del-progetto-the-independent-summit\/#breadcrumb"},"inLanguage":"es","potentialAction":[{"@type":"ReadAction","target":["https:\/\/www.unirufa.it\/es\/2020\/01\/20\/al-maxxi-la-quinta-edizione-del-progetto-the-independent-summit\/"]}]},{"@type":"ImageObject","inLanguage":"es","@id":"https:\/\/www.unirufa.it\/es\/2020\/01\/20\/al-maxxi-la-quinta-edizione-del-progetto-the-independent-summit\/#primaryimage","url":"https:\/\/www.unirufa.it\/wp-content\/uploads\/2020\/01\/MAXXI_Independent_Summit.jpg","contentUrl":"https:\/\/www.unirufa.it\/wp-content\/uploads\/2020\/01\/MAXXI_Independent_Summit.jpg","width":1050,"height":600},{"@type":"BreadcrumbList","@id":"https:\/\/www.unirufa.it\/es\/2020\/01\/20\/al-maxxi-la-quinta-edizione-del-progetto-the-independent-summit\/#breadcrumb","itemListElement":[{"@type":"ListItem","position":1,"name":"Home","item":"https:\/\/www.unirufa.it\/"},{"@type":"ListItem","position":2,"name":"Al MAXXI la quinta edizione del progetto \u201cThe Independent summit\u201d"}]},{"@type":"WebSite","@id":"https:\/\/www.unirufa.it\/#website","url":"https:\/\/www.unirufa.it\/","name":"RUFA - Rome University of Fine Arts","description":"","potentialAction":[{"@type":"SearchAction","target":{"@type":"EntryPoint","urlTemplate":"https:\/\/www.unirufa.it\/?s={search_term_string}"},"query-input":{"@type":"PropertyValueSpecification","valueRequired":true,"valueName":"search_term_string"}}],"inLanguage":"es"},{"@type":"Person","@id":"https:\/\/www.unirufa.it\/#\/schema\/person\/d5c03e37606740dff84050c97a46c80e","name":"Claudia Vitali","image":{"@type":"ImageObject","inLanguage":"es","@id":"https:\/\/www.unirufa.it\/#\/schema\/person\/image\/","url":"https:\/\/secure.gravatar.com\/avatar\/9bd058a2b55efbe5f9e6b68b196c59f4?s=96&d=mm&r=g","contentUrl":"https:\/\/secure.gravatar.com\/avatar\/9bd058a2b55efbe5f9e6b68b196c59f4?s=96&d=mm&r=g","caption":"Claudia Vitali"},"url":"https:\/\/www.unirufa.it\/es\/author\/claudia\/"}]}},"_links":{"self":[{"href":"https:\/\/www.unirufa.it\/es\/wp-json\/wp\/v2\/posts\/25428","targetHints":{"allow":["GET"]}}],"collection":[{"href":"https:\/\/www.unirufa.it\/es\/wp-json\/wp\/v2\/posts"}],"about":[{"href":"https:\/\/www.unirufa.it\/es\/wp-json\/wp\/v2\/types\/post"}],"author":[{"embeddable":true,"href":"https:\/\/www.unirufa.it\/es\/wp-json\/wp\/v2\/users\/28"}],"replies":[{"embeddable":true,"href":"https:\/\/www.unirufa.it\/es\/wp-json\/wp\/v2\/comments?post=25428"}],"version-history":[{"count":7,"href":"https:\/\/www.unirufa.it\/es\/wp-json\/wp\/v2\/posts\/25428\/revisions"}],"predecessor-version":[{"id":25436,"href":"https:\/\/www.unirufa.it\/es\/wp-json\/wp\/v2\/posts\/25428\/revisions\/25436"}],"wp:featuredmedia":[{"embeddable":true,"href":"https:\/\/www.unirufa.it\/es\/wp-json\/wp\/v2\/media\/25435"}],"wp:attachment":[{"href":"https:\/\/www.unirufa.it\/es\/wp-json\/wp\/v2\/media?parent=25428"}],"wp:term":[{"taxonomy":"category","embeddable":true,"href":"https:\/\/www.unirufa.it\/es\/wp-json\/wp\/v2\/categories?post=25428"},{"taxonomy":"post_tag","embeddable":true,"href":"https:\/\/www.unirufa.it\/es\/wp-json\/wp\/v2\/tags?post=25428"}],"curies":[{"name":"wp","href":"https:\/\/api.w.org\/{rel}","templated":true}]}}