


{"id":29795,"date":"2020-06-19T14:47:59","date_gmt":"2020-06-19T12:47:59","guid":{"rendered":"https:\/\/www.unirufa.it\/?p=29795"},"modified":"2020-06-22T09:51:22","modified_gmt":"2020-06-22T07:51:22","slug":"rufa-la-scuola-di-cinema-protagonista-su-rai-5","status":"publish","type":"post","link":"https:\/\/www.unirufa.it\/es\/2020\/06\/19\/rufa-la-scuola-di-cinema-protagonista-su-rai-5\/","title":{"rendered":"RUFA, la Scuola di Cinema protagonista su Rai 5"},"content":{"rendered":"<p class=\"qtranxs-available-languages-message qtranxs-available-languages-message-es\">Disculpa, pero esta entrada est\u00e1 disponible s\u00f3lo en <a href=\"https:\/\/www.unirufa.it\/it\/wp-json\/wp\/v2\/posts\/29795\" class=\"qtranxs-available-language-link qtranxs-available-language-link-it\" title=\"IT\">IT<\/a> y <a href=\"https:\/\/www.unirufa.it\/en\/wp-json\/wp\/v2\/posts\/29795\" class=\"qtranxs-available-language-link qtranxs-available-language-link-en\" title=\"EN\">EN<\/a>.<\/p>La creativit\u00e0 non si ferma. \u00c8 stato un messaggio, semplice e chiaro, che RUFA ha lanciato con forza durante il periodo di quarantena e che adesso si sprigiona nitidamente grazie al lavoro di tanti studenti e diplomati dell\u2019Accademia che hanno ripreso ad esprimersi e a \u00abvolare alto\u00bb.<\/p>\n<p>Nell\u2019ambito della trasmissione \u201cSave the date\u201d, in onda su Rai 5, \u00e8 stato dedicato un ampio servizio al documentario \u201cDialoghi dietro le quinte\u201d, curato dalla regista Giulia Zumpano. Il progetto, co \u2013 prodotto da RUFA, \u00e8 la prima e unica esperienza italiana volta a valorizzare la produzione cinematografica come forma di espressione delle potenzialit\u00e0 delle persone sorde. Si tratta, nello specifico, di un\u2019opera che ha avuto origine dalla tesi che la stessa Zumpano ha svolto con il coordinamento del docente Christian Angeli. \u201cDialoghi dietro le quinte\u201d racconta la storia di di Dario Pasquarella, regista e attore teatrale sordo, e della sua compagnia, alla ricerca di un\u2019iterazione costante tra udenti e non udenti, tra la lingua dei segni e quella parlata.<\/p>\n<p><strong><em>Dialoghi da dietro le quinte<\/em><\/strong><br \/>\n<div id=\"su_slider_69f080e392ac2\" class=\"su-slider su-slider-centered su-slider-pages-yes su-slider-responsive-yes\" style=\"width:100%\" data-autoplay=\"3000\" data-speed=\"600\" data-mousewheel=\"true\"><div class=\"su-slider-slides\"><div class=\"su-slider-slide\"><a><img decoding=\"async\" src=\"https:\/\/www.unirufa.it\/wp-content\/uploads\/2020\/06\/Zumpano-600x300.png\" alt=\"Zumpano\" \/><span class=\"su-slider-slide-title\">Zumpano<\/span><\/a><\/div><div class=\"su-slider-slide\"><a><img decoding=\"async\" src=\"https:\/\/www.unirufa.it\/wp-content\/uploads\/2020\/06\/Schermata-2020-06-19-alle-09.38.41-600x300.png\" alt=\"Schermata 2020-06-19 alle 09.38.41\" \/><span class=\"su-slider-slide-title\">Schermata 2020-06-19 alle 09.38.41<\/span><\/a><\/div><div class=\"su-slider-slide\"><a><img decoding=\"async\" src=\"https:\/\/www.unirufa.it\/wp-content\/uploads\/2020\/06\/Schermata-2020-06-19-alle-09.40.10-600x300.png\" alt=\"Schermata 2020-06-19 alle 09.40.10\" \/><span class=\"su-slider-slide-title\">Schermata 2020-06-19 alle 09.40.10<\/span><\/a><\/div><div class=\"su-slider-slide\"><a><img decoding=\"async\" src=\"https:\/\/www.unirufa.it\/wp-content\/uploads\/2020\/06\/Schermata-2020-06-19-alle-09.38.03-600x300.png\" alt=\"Schermata 2020-06-19 alle 09.38.03\" \/><span class=\"su-slider-slide-title\">Schermata 2020-06-19 alle 09.38.03<\/span><\/a><\/div><\/div><div class=\"su-slider-nav\"><div class=\"su-slider-direction\"><span class=\"su-slider-prev\"><\/span><span class=\"su-slider-next\"><\/span><\/div><div class=\"su-slider-pagination\"><\/div><\/div><\/div>\n<p>La Scuola di Cinema \u00e8 al centro del format Rai anche per il documentario \u201cAlice Pasquini &#8211; Figlia del mondo\u201d. Questa sera alle 23, sempre su Rai 5 durante \u00abSave the Date\u00bb, ci sar\u00e0 uno spazio dedicato al lavoro realizzato dagli studenti Martina Bonfiglio, Nicola Giamp\u00e0, Francesco Castellaneta, Nicola Cera e Gianlorenzo Grassi, che hanno seguito la nota street artist italiana. Anche in questo caso i ragazzi sono stati guidati da Christian Angeli. <\/p>\n<p>Non resta dunque che sintonizzarsi.<\/p>\n<p><strong><em>Alice Pasquini &#8211; Figlia del mondo<\/em><\/strong><br \/>\n<div id=\"su_slider_69f080e39340e\" class=\"su-slider su-slider-centered su-slider-pages-yes su-slider-responsive-yes\" style=\"width:100%\" data-autoplay=\"3000\" data-speed=\"600\" data-mousewheel=\"true\"><div class=\"su-slider-slides\"><div class=\"su-slider-slide\"><a><img decoding=\"async\" src=\"https:\/\/www.unirufa.it\/wp-content\/uploads\/2020\/06\/Bonfiglio-600x300.jpeg\" alt=\"Bonfiglio\" \/><span class=\"su-slider-slide-title\">Bonfiglio<\/span><\/a><\/div><div class=\"su-slider-slide\"><a><img decoding=\"async\" src=\"https:\/\/www.unirufa.it\/wp-content\/uploads\/2020\/06\/WhatsApp-Image-2020-06-19-at-09.21.57-600x300.jpeg\" alt=\"WhatsApp Image 2020-06-19 at 09.21.57\" \/><span class=\"su-slider-slide-title\">WhatsApp Image 2020-06-19 at 09.21.57<\/span><\/a><\/div><div class=\"su-slider-slide\"><a><img decoding=\"async\" src=\"https:\/\/www.unirufa.it\/wp-content\/uploads\/2020\/06\/WhatsApp-Image-2020-06-19-at-09.21.58-600x300.jpeg\" alt=\"WhatsApp Image 2020-06-19 at 09.21.58\" \/><span class=\"su-slider-slide-title\">WhatsApp Image 2020-06-19 at 09.21.58<\/span><\/a><\/div><div class=\"su-slider-slide\"><a><img decoding=\"async\" src=\"https:\/\/www.unirufa.it\/wp-content\/uploads\/2020\/06\/WhatsApp-Image-2020-06-19-at-09.21.59-600x300.jpeg\" alt=\"WhatsApp Image 2020-06-19 at 09.21.59\" \/><span class=\"su-slider-slide-title\">WhatsApp Image 2020-06-19 at 09.21.59<\/span><\/a><\/div><\/div><div class=\"su-slider-nav\"><div class=\"su-slider-direction\"><span class=\"su-slider-prev\"><\/span><span class=\"su-slider-next\"><\/span><\/div><div class=\"su-slider-pagination\"><\/div><\/div><\/div>","protected":false},"excerpt":{"rendered":"<p>Disculpa, pero esta entrada est\u00e1 disponible s\u00f3lo en IT y EN.La creativit\u00e0 non si ferma. \u00c8 stato un messaggio, semplice e chiaro, che RUFA ha lanciato con forza durante il periodo di quarantena e che adesso si sprigiona nitidamente grazie al lavoro di tanti studenti e diplomati dell\u2019Accademia che hanno ripreso ad esprimersi e a&#8230;  <a class=\"excerpt-read-more\" href=\"https:\/\/www.unirufa.it\/es\/2020\/06\/19\/rufa-la-scuola-di-cinema-protagonista-su-rai-5\/\" title=\"Read RUFA, la Scuola di Cinema protagonista su Rai 5\">Find out more<\/a><\/p>\n","protected":false},"author":12,"featured_media":29787,"comment_status":"closed","ping_status":"closed","sticky":false,"template":"","format":"standard","meta":{"content-type":"","footnotes":""},"categories":[940],"tags":[945],"class_list":["post-29795","post","type-post","status-publish","format-standard","has-post-thumbnail","hentry","category-cinema-photography","tag-riconoscimenti"],"yoast_head":"<!-- This site is optimized with the Yoast SEO plugin v24.2 - https:\/\/yoast.com\/wordpress\/plugins\/seo\/ -->\n<title>RUFA, la Scuola di Cinema protagonista su Rai 5 - RUFA - Rome University of Fine Arts<\/title>\n<meta name=\"robots\" content=\"index, follow, max-snippet:-1, max-image-preview:large, max-video-preview:-1\" \/>\n<link rel=\"canonical\" href=\"https:\/\/www.unirufa.it\/en\/2020\/06\/19\/rufa-la-scuola-di-cinema-protagonista-su-rai-5\/\" \/>\n<meta property=\"og:locale\" content=\"es_ES\" \/>\n<meta property=\"og:type\" content=\"article\" \/>\n<meta property=\"og:title\" content=\"RUFA, la Scuola di Cinema protagonista su Rai 5 - RUFA - Rome University of Fine Arts\" \/>\n<meta property=\"og:description\" content=\"Disculpa, pero esta entrada est\u00e1 disponible s\u00f3lo en IT y EN.La creativit\u00e0 non si ferma. \u00c8 stato un messaggio, semplice e chiaro, che RUFA ha lanciato con forza durante il periodo di quarantena e che adesso si sprigiona nitidamente grazie al lavoro di tanti studenti e diplomati dell\u2019Accademia che hanno ripreso ad esprimersi e a... Find out more\" \/>\n<meta property=\"og:url\" content=\"https:\/\/www.unirufa.it\/en\/2020\/06\/19\/rufa-la-scuola-di-cinema-protagonista-su-rai-5\/\" \/>\n<meta property=\"og:site_name\" content=\"RUFA - Rome University of Fine Arts\" \/>\n<meta property=\"article:published_time\" content=\"2020-06-19T12:47:59+00:00\" \/>\n<meta property=\"article:modified_time\" content=\"2020-06-22T07:51:22+00:00\" \/>\n<meta property=\"og:image\" content=\"https:\/\/www.unirufa.it\/wp-content\/uploads\/2020\/06\/Alice_zumpano.jpg\" \/>\n\t<meta property=\"og:image:width\" content=\"1050\" \/>\n\t<meta property=\"og:image:height\" content=\"600\" \/>\n\t<meta property=\"og:image:type\" content=\"image\/jpeg\" \/>\n<meta name=\"author\" content=\"Cristiana Pagnottelli\" \/>\n<meta name=\"twitter:label1\" content=\"Escrito por\" \/>\n\t<meta name=\"twitter:data1\" content=\"Cristiana Pagnottelli\" \/>\n\t<meta name=\"twitter:label2\" content=\"Tiempo de lectura\" \/>\n\t<meta name=\"twitter:data2\" content=\"3 minutos\" \/>\n<script type=\"application\/ld+json\" class=\"yoast-schema-graph\">{\"@context\":\"https:\/\/schema.org\",\"@graph\":[{\"@type\":\"WebPage\",\"@id\":\"https:\/\/www.unirufa.it\/en\/2020\/06\/19\/rufa-la-scuola-di-cinema-protagonista-su-rai-5\/\",\"url\":\"https:\/\/www.unirufa.it\/en\/2020\/06\/19\/rufa-la-scuola-di-cinema-protagonista-su-rai-5\/\",\"name\":\"RUFA, la Scuola di Cinema protagonista su Rai 5 - RUFA - Rome University of Fine Arts\",\"isPartOf\":{\"@id\":\"https:\/\/www.unirufa.it\/#website\"},\"primaryImageOfPage\":{\"@id\":\"https:\/\/www.unirufa.it\/en\/2020\/06\/19\/rufa-la-scuola-di-cinema-protagonista-su-rai-5\/#primaryimage\"},\"image\":{\"@id\":\"https:\/\/www.unirufa.it\/en\/2020\/06\/19\/rufa-la-scuola-di-cinema-protagonista-su-rai-5\/#primaryimage\"},\"thumbnailUrl\":\"https:\/\/www.unirufa.it\/wp-content\/uploads\/2020\/06\/Alice_zumpano.jpg\",\"datePublished\":\"2020-06-19T12:47:59+00:00\",\"dateModified\":\"2020-06-22T07:51:22+00:00\",\"author\":{\"@id\":\"https:\/\/www.unirufa.it\/#\/schema\/person\/fe58526afdf39ac27dc0d6ac68ef594c\"},\"breadcrumb\":{\"@id\":\"https:\/\/www.unirufa.it\/en\/2020\/06\/19\/rufa-la-scuola-di-cinema-protagonista-su-rai-5\/#breadcrumb\"},\"inLanguage\":\"es\",\"potentialAction\":[{\"@type\":\"ReadAction\",\"target\":[\"https:\/\/www.unirufa.it\/en\/2020\/06\/19\/rufa-la-scuola-di-cinema-protagonista-su-rai-5\/\"]}]},{\"@type\":\"ImageObject\",\"inLanguage\":\"es\",\"@id\":\"https:\/\/www.unirufa.it\/en\/2020\/06\/19\/rufa-la-scuola-di-cinema-protagonista-su-rai-5\/#primaryimage\",\"url\":\"https:\/\/www.unirufa.it\/wp-content\/uploads\/2020\/06\/Alice_zumpano.jpg\",\"contentUrl\":\"https:\/\/www.unirufa.it\/wp-content\/uploads\/2020\/06\/Alice_zumpano.jpg\",\"width\":1050,\"height\":600},{\"@type\":\"BreadcrumbList\",\"@id\":\"https:\/\/www.unirufa.it\/en\/2020\/06\/19\/rufa-la-scuola-di-cinema-protagonista-su-rai-5\/#breadcrumb\",\"itemListElement\":[{\"@type\":\"ListItem\",\"position\":1,\"name\":\"Home\",\"item\":\"https:\/\/www.unirufa.it\/\"},{\"@type\":\"ListItem\",\"position\":2,\"name\":\"RUFA, the School of Cinema protagonist on Rai 5\"}]},{\"@type\":\"WebSite\",\"@id\":\"https:\/\/www.unirufa.it\/#website\",\"url\":\"https:\/\/www.unirufa.it\/\",\"name\":\"RUFA - Rome University of Fine Arts\",\"description\":\"\",\"potentialAction\":[{\"@type\":\"SearchAction\",\"target\":{\"@type\":\"EntryPoint\",\"urlTemplate\":\"https:\/\/www.unirufa.it\/?s={search_term_string}\"},\"query-input\":{\"@type\":\"PropertyValueSpecification\",\"valueRequired\":true,\"valueName\":\"search_term_string\"}}],\"inLanguage\":\"es\"},{\"@type\":\"Person\",\"@id\":\"https:\/\/www.unirufa.it\/#\/schema\/person\/fe58526afdf39ac27dc0d6ac68ef594c\",\"name\":\"Cristiana Pagnottelli\",\"image\":{\"@type\":\"ImageObject\",\"inLanguage\":\"es\",\"@id\":\"https:\/\/www.unirufa.it\/#\/schema\/person\/image\/\",\"url\":\"https:\/\/secure.gravatar.com\/avatar\/72550d45d2d782e9f7ca590c8e6e1211?s=96&d=mm&r=g\",\"contentUrl\":\"https:\/\/secure.gravatar.com\/avatar\/72550d45d2d782e9f7ca590c8e6e1211?s=96&d=mm&r=g\",\"caption\":\"Cristiana Pagnottelli\"},\"url\":\"https:\/\/www.unirufa.it\/es\/author\/cristiana\/\"}]}<\/script>\n<!-- \/ Yoast SEO plugin. -->","yoast_head_json":{"title":"RUFA, la Scuola di Cinema protagonista su Rai 5 - RUFA - Rome University of Fine Arts","robots":{"index":"index","follow":"follow","max-snippet":"max-snippet:-1","max-image-preview":"max-image-preview:large","max-video-preview":"max-video-preview:-1"},"canonical":"https:\/\/www.unirufa.it\/en\/2020\/06\/19\/rufa-la-scuola-di-cinema-protagonista-su-rai-5\/","og_locale":"es_ES","og_type":"article","og_title":"RUFA, la Scuola di Cinema protagonista su Rai 5 - RUFA - Rome University of Fine Arts","og_description":"Disculpa, pero esta entrada est\u00e1 disponible s\u00f3lo en IT y EN.La creativit\u00e0 non si ferma. \u00c8 stato un messaggio, semplice e chiaro, che RUFA ha lanciato con forza durante il periodo di quarantena e che adesso si sprigiona nitidamente grazie al lavoro di tanti studenti e diplomati dell\u2019Accademia che hanno ripreso ad esprimersi e a... Find out more","og_url":"https:\/\/www.unirufa.it\/en\/2020\/06\/19\/rufa-la-scuola-di-cinema-protagonista-su-rai-5\/","og_site_name":"RUFA - Rome University of Fine Arts","article_published_time":"2020-06-19T12:47:59+00:00","article_modified_time":"2020-06-22T07:51:22+00:00","og_image":[{"width":1050,"height":600,"url":"https:\/\/www.unirufa.it\/wp-content\/uploads\/2020\/06\/Alice_zumpano.jpg","type":"image\/jpeg"}],"author":"Cristiana Pagnottelli","twitter_misc":{"Escrito por":"Cristiana Pagnottelli","Tiempo de lectura":"3 minutos"},"schema":{"@context":"https:\/\/schema.org","@graph":[{"@type":"WebPage","@id":"https:\/\/www.unirufa.it\/en\/2020\/06\/19\/rufa-la-scuola-di-cinema-protagonista-su-rai-5\/","url":"https:\/\/www.unirufa.it\/en\/2020\/06\/19\/rufa-la-scuola-di-cinema-protagonista-su-rai-5\/","name":"RUFA, la Scuola di Cinema protagonista su Rai 5 - RUFA - Rome University of Fine Arts","isPartOf":{"@id":"https:\/\/www.unirufa.it\/#website"},"primaryImageOfPage":{"@id":"https:\/\/www.unirufa.it\/en\/2020\/06\/19\/rufa-la-scuola-di-cinema-protagonista-su-rai-5\/#primaryimage"},"image":{"@id":"https:\/\/www.unirufa.it\/en\/2020\/06\/19\/rufa-la-scuola-di-cinema-protagonista-su-rai-5\/#primaryimage"},"thumbnailUrl":"https:\/\/www.unirufa.it\/wp-content\/uploads\/2020\/06\/Alice_zumpano.jpg","datePublished":"2020-06-19T12:47:59+00:00","dateModified":"2020-06-22T07:51:22+00:00","author":{"@id":"https:\/\/www.unirufa.it\/#\/schema\/person\/fe58526afdf39ac27dc0d6ac68ef594c"},"breadcrumb":{"@id":"https:\/\/www.unirufa.it\/en\/2020\/06\/19\/rufa-la-scuola-di-cinema-protagonista-su-rai-5\/#breadcrumb"},"inLanguage":"es","potentialAction":[{"@type":"ReadAction","target":["https:\/\/www.unirufa.it\/en\/2020\/06\/19\/rufa-la-scuola-di-cinema-protagonista-su-rai-5\/"]}]},{"@type":"ImageObject","inLanguage":"es","@id":"https:\/\/www.unirufa.it\/en\/2020\/06\/19\/rufa-la-scuola-di-cinema-protagonista-su-rai-5\/#primaryimage","url":"https:\/\/www.unirufa.it\/wp-content\/uploads\/2020\/06\/Alice_zumpano.jpg","contentUrl":"https:\/\/www.unirufa.it\/wp-content\/uploads\/2020\/06\/Alice_zumpano.jpg","width":1050,"height":600},{"@type":"BreadcrumbList","@id":"https:\/\/www.unirufa.it\/en\/2020\/06\/19\/rufa-la-scuola-di-cinema-protagonista-su-rai-5\/#breadcrumb","itemListElement":[{"@type":"ListItem","position":1,"name":"Home","item":"https:\/\/www.unirufa.it\/"},{"@type":"ListItem","position":2,"name":"RUFA, the School of Cinema protagonist on Rai 5"}]},{"@type":"WebSite","@id":"https:\/\/www.unirufa.it\/#website","url":"https:\/\/www.unirufa.it\/","name":"RUFA - Rome University of Fine Arts","description":"","potentialAction":[{"@type":"SearchAction","target":{"@type":"EntryPoint","urlTemplate":"https:\/\/www.unirufa.it\/?s={search_term_string}"},"query-input":{"@type":"PropertyValueSpecification","valueRequired":true,"valueName":"search_term_string"}}],"inLanguage":"es"},{"@type":"Person","@id":"https:\/\/www.unirufa.it\/#\/schema\/person\/fe58526afdf39ac27dc0d6ac68ef594c","name":"Cristiana Pagnottelli","image":{"@type":"ImageObject","inLanguage":"es","@id":"https:\/\/www.unirufa.it\/#\/schema\/person\/image\/","url":"https:\/\/secure.gravatar.com\/avatar\/72550d45d2d782e9f7ca590c8e6e1211?s=96&d=mm&r=g","contentUrl":"https:\/\/secure.gravatar.com\/avatar\/72550d45d2d782e9f7ca590c8e6e1211?s=96&d=mm&r=g","caption":"Cristiana Pagnottelli"},"url":"https:\/\/www.unirufa.it\/es\/author\/cristiana\/"}]}},"_links":{"self":[{"href":"https:\/\/www.unirufa.it\/es\/wp-json\/wp\/v2\/posts\/29795","targetHints":{"allow":["GET"]}}],"collection":[{"href":"https:\/\/www.unirufa.it\/es\/wp-json\/wp\/v2\/posts"}],"about":[{"href":"https:\/\/www.unirufa.it\/es\/wp-json\/wp\/v2\/types\/post"}],"author":[{"embeddable":true,"href":"https:\/\/www.unirufa.it\/es\/wp-json\/wp\/v2\/users\/12"}],"replies":[{"embeddable":true,"href":"https:\/\/www.unirufa.it\/es\/wp-json\/wp\/v2\/comments?post=29795"}],"version-history":[{"count":4,"href":"https:\/\/www.unirufa.it\/es\/wp-json\/wp\/v2\/posts\/29795\/revisions"}],"predecessor-version":[{"id":29849,"href":"https:\/\/www.unirufa.it\/es\/wp-json\/wp\/v2\/posts\/29795\/revisions\/29849"}],"wp:featuredmedia":[{"embeddable":true,"href":"https:\/\/www.unirufa.it\/es\/wp-json\/wp\/v2\/media\/29787"}],"wp:attachment":[{"href":"https:\/\/www.unirufa.it\/es\/wp-json\/wp\/v2\/media?parent=29795"}],"wp:term":[{"taxonomy":"category","embeddable":true,"href":"https:\/\/www.unirufa.it\/es\/wp-json\/wp\/v2\/categories?post=29795"},{"taxonomy":"post_tag","embeddable":true,"href":"https:\/\/www.unirufa.it\/es\/wp-json\/wp\/v2\/tags?post=29795"}],"curies":[{"name":"wp","href":"https:\/\/api.w.org\/{rel}","templated":true}]}}