


{"id":30739,"date":"2020-07-24T13:45:38","date_gmt":"2020-07-24T11:45:38","guid":{"rendered":"https:\/\/www.unirufa.it\/?p=30739"},"modified":"2020-07-27T12:25:18","modified_gmt":"2020-07-27T10:25:18","slug":"in-gara-il-corto-di-chiara-guglia-ed-elena-viggiano","status":"publish","type":"post","link":"https:\/\/www.unirufa.it\/es\/2020\/07\/24\/in-gara-il-corto-di-chiara-guglia-ed-elena-viggiano\/","title":{"rendered":"In gara il corto di Chiara Guglia ed Elena Viggiano"},"content":{"rendered":"<p class=\"qtranxs-available-languages-message qtranxs-available-languages-message-es\">Disculpa, pero esta entrada est\u00e1 disponible s\u00f3lo en <a href=\"https:\/\/www.unirufa.it\/it\/wp-json\/wp\/v2\/posts\/30739\" class=\"qtranxs-available-language-link qtranxs-available-language-link-it\" title=\"IT\">IT<\/a> y <a href=\"https:\/\/www.unirufa.it\/en\/wp-json\/wp\/v2\/posts\/30739\" class=\"qtranxs-available-language-link qtranxs-available-language-link-en\" title=\"EN\">EN<\/a>.<\/p>Sette secondi per descrivere un mondo. Le studentesse RUFA del primo anno del triennio di <strong>Cinema<\/strong>, <strong>Chiara Guglia<\/strong> ed <strong>Elena Viggiano<\/strong>, hanno realizzato in maniera indipendente un cortometraggio che \u00e8 stato selezionato al <strong>7SIFF &#8211; 7 Second International Film Festival di Buenos Aires<\/strong>.<\/p>\n<p>Il progetto, <strong>unico corto italiano che ha passato la selezione<\/strong>, intende creare nuove forme di comunicazione e di confronto. La piattaforma <a href=\"http:\/\/www.7siff.com\/\"><strong>7siff<\/strong><\/a> vuole essere, infatti, una sorta di interscambio digitale, per sperimentare, per percorrere strade diverse, per immaginare il cinema in maniera differente rispetto a come \u00e8 stato ipotizzato fino adesso. <\/p>\n<p>Un vero e proprio laboratorio sempre aperto e senza confini, in considerazione del fatto che i corti provenienti dagli angoli pi\u00f9 remoti del pianeta vengono poi suddivisi in categorie e sottoposti alla valutazione degli esperti e ovviamente del pubblico.<\/p>\n<p>L\u2019opera realizzata dalla due studentesse <strong>RUFA<\/strong>, visionabile <a href=\"https:\/\/youtu.be\/7jXTpJY1Rxc\">qui<\/a>,  compete in varie categorie, tra cui quella rivolta ai soli studenti. Oltre alla giuria vera e propria, composta da professionisti, c\u2019\u00e8 il voto popolare: chiunque pu\u00f2 navigare sul sito del festival e lasciare il proprio voto cliccando <a href=\"http:\/\/7siff.com\/page-3\/\">qui<\/a>, poi su start, poi sulla locandina di CHELE aggiungendo una propria e-mail. Un invito rivolto anche alla comunit\u00e0 RUFA!","protected":false},"excerpt":{"rendered":"<p>Disculpa, pero esta entrada est\u00e1 disponible s\u00f3lo en IT y EN.Sette secondi per descrivere un mondo. Le studentesse RUFA del primo anno del triennio di Cinema, Chiara Guglia ed Elena Viggiano, hanno realizzato in maniera indipendente un cortometraggio che \u00e8 stato selezionato al 7SIFF &#8211; 7 Second International Film Festival di Buenos Aires. Il progetto,&#8230;  <a class=\"excerpt-read-more\" href=\"https:\/\/www.unirufa.it\/es\/2020\/07\/24\/in-gara-il-corto-di-chiara-guglia-ed-elena-viggiano\/\" title=\"Read In gara il corto di Chiara Guglia ed Elena Viggiano\">Find out more<\/a><\/p>\n","protected":false},"author":28,"featured_media":30746,"comment_status":"closed","ping_status":"closed","sticky":false,"template":"","format":"standard","meta":{"content-type":"","footnotes":""},"categories":[940],"tags":[],"class_list":["post-30739","post","type-post","status-publish","format-standard","has-post-thumbnail","hentry","category-cinema-photography"],"yoast_head":"<!-- This site is optimized with the Yoast SEO plugin v24.2 - https:\/\/yoast.com\/wordpress\/plugins\/seo\/ -->\n<title>In gara il corto di Chiara Guglia ed Elena Viggiano - RUFA - Rome University of Fine Arts<\/title>\n<meta name=\"robots\" content=\"index, follow, max-snippet:-1, max-image-preview:large, max-video-preview:-1\" \/>\n<link rel=\"canonical\" href=\"https:\/\/www.unirufa.it\/2020\/07\/24\/in-gara-il-corto-di-chiara-guglia-ed-elena-viggiano\/\" \/>\n<meta property=\"og:locale\" content=\"es_ES\" \/>\n<meta property=\"og:type\" content=\"article\" \/>\n<meta property=\"og:title\" content=\"In gara il corto di Chiara Guglia ed Elena Viggiano - RUFA - Rome University of Fine Arts\" \/>\n<meta property=\"og:description\" content=\"Disculpa, pero esta entrada est\u00e1 disponible s\u00f3lo en IT y EN.Sette secondi per descrivere un mondo. Le studentesse RUFA del primo anno del triennio di Cinema, Chiara Guglia ed Elena Viggiano, hanno realizzato in maniera indipendente un cortometraggio che \u00e8 stato selezionato al 7SIFF &#8211; 7 Second International Film Festival di Buenos Aires. Il progetto,... Find out more\" \/>\n<meta property=\"og:url\" content=\"https:\/\/www.unirufa.it\/2020\/07\/24\/in-gara-il-corto-di-chiara-guglia-ed-elena-viggiano\/\" \/>\n<meta property=\"og:site_name\" content=\"RUFA - Rome University of Fine Arts\" \/>\n<meta property=\"article:published_time\" content=\"2020-07-24T11:45:38+00:00\" \/>\n<meta property=\"article:modified_time\" content=\"2020-07-27T10:25:18+00:00\" \/>\n<meta property=\"og:image\" content=\"https:\/\/www.unirufa.it\/wp-content\/uploads\/2020\/07\/CHELE.web_.jpg\" \/>\n\t<meta property=\"og:image:width\" content=\"1050\" \/>\n\t<meta property=\"og:image:height\" content=\"600\" \/>\n\t<meta property=\"og:image:type\" content=\"image\/jpeg\" \/>\n<meta name=\"author\" content=\"Claudia Vitali\" \/>\n<meta name=\"twitter:label1\" content=\"Escrito por\" \/>\n\t<meta name=\"twitter:data1\" content=\"Claudia Vitali\" \/>\n\t<meta name=\"twitter:label2\" content=\"Tiempo de lectura\" \/>\n\t<meta name=\"twitter:data2\" content=\"2 minutos\" \/>\n<script type=\"application\/ld+json\" class=\"yoast-schema-graph\">{\"@context\":\"https:\/\/schema.org\",\"@graph\":[{\"@type\":\"WebPage\",\"@id\":\"https:\/\/www.unirufa.it\/2020\/07\/24\/in-gara-il-corto-di-chiara-guglia-ed-elena-viggiano\/\",\"url\":\"https:\/\/www.unirufa.it\/2020\/07\/24\/in-gara-il-corto-di-chiara-guglia-ed-elena-viggiano\/\",\"name\":\"In gara il corto di Chiara Guglia ed Elena Viggiano - RUFA - Rome University of Fine Arts\",\"isPartOf\":{\"@id\":\"https:\/\/www.unirufa.it\/#website\"},\"primaryImageOfPage\":{\"@id\":\"https:\/\/www.unirufa.it\/2020\/07\/24\/in-gara-il-corto-di-chiara-guglia-ed-elena-viggiano\/#primaryimage\"},\"image\":{\"@id\":\"https:\/\/www.unirufa.it\/2020\/07\/24\/in-gara-il-corto-di-chiara-guglia-ed-elena-viggiano\/#primaryimage\"},\"thumbnailUrl\":\"https:\/\/www.unirufa.it\/wp-content\/uploads\/2020\/07\/CHELE.web_.jpg\",\"datePublished\":\"2020-07-24T11:45:38+00:00\",\"dateModified\":\"2020-07-27T10:25:18+00:00\",\"author\":{\"@id\":\"https:\/\/www.unirufa.it\/#\/schema\/person\/d5c03e37606740dff84050c97a46c80e\"},\"breadcrumb\":{\"@id\":\"https:\/\/www.unirufa.it\/2020\/07\/24\/in-gara-il-corto-di-chiara-guglia-ed-elena-viggiano\/#breadcrumb\"},\"inLanguage\":\"es\",\"potentialAction\":[{\"@type\":\"ReadAction\",\"target\":[\"https:\/\/www.unirufa.it\/2020\/07\/24\/in-gara-il-corto-di-chiara-guglia-ed-elena-viggiano\/\"]}]},{\"@type\":\"ImageObject\",\"inLanguage\":\"es\",\"@id\":\"https:\/\/www.unirufa.it\/2020\/07\/24\/in-gara-il-corto-di-chiara-guglia-ed-elena-viggiano\/#primaryimage\",\"url\":\"https:\/\/www.unirufa.it\/wp-content\/uploads\/2020\/07\/CHELE.web_.jpg\",\"contentUrl\":\"https:\/\/www.unirufa.it\/wp-content\/uploads\/2020\/07\/CHELE.web_.jpg\",\"width\":1050,\"height\":600},{\"@type\":\"BreadcrumbList\",\"@id\":\"https:\/\/www.unirufa.it\/2020\/07\/24\/in-gara-il-corto-di-chiara-guglia-ed-elena-viggiano\/#breadcrumb\",\"itemListElement\":[{\"@type\":\"ListItem\",\"position\":1,\"name\":\"Home\",\"item\":\"https:\/\/www.unirufa.it\/\"},{\"@type\":\"ListItem\",\"position\":2,\"name\":\"In gara il corto di Chiara Guglia ed Elena Viggiano\"}]},{\"@type\":\"WebSite\",\"@id\":\"https:\/\/www.unirufa.it\/#website\",\"url\":\"https:\/\/www.unirufa.it\/\",\"name\":\"RUFA - Rome University of Fine Arts\",\"description\":\"\",\"potentialAction\":[{\"@type\":\"SearchAction\",\"target\":{\"@type\":\"EntryPoint\",\"urlTemplate\":\"https:\/\/www.unirufa.it\/?s={search_term_string}\"},\"query-input\":{\"@type\":\"PropertyValueSpecification\",\"valueRequired\":true,\"valueName\":\"search_term_string\"}}],\"inLanguage\":\"es\"},{\"@type\":\"Person\",\"@id\":\"https:\/\/www.unirufa.it\/#\/schema\/person\/d5c03e37606740dff84050c97a46c80e\",\"name\":\"Claudia Vitali\",\"image\":{\"@type\":\"ImageObject\",\"inLanguage\":\"es\",\"@id\":\"https:\/\/www.unirufa.it\/#\/schema\/person\/image\/\",\"url\":\"https:\/\/secure.gravatar.com\/avatar\/9bd058a2b55efbe5f9e6b68b196c59f4?s=96&d=mm&r=g\",\"contentUrl\":\"https:\/\/secure.gravatar.com\/avatar\/9bd058a2b55efbe5f9e6b68b196c59f4?s=96&d=mm&r=g\",\"caption\":\"Claudia Vitali\"},\"url\":\"https:\/\/www.unirufa.it\/es\/author\/claudia\/\"}]}<\/script>\n<!-- \/ Yoast SEO plugin. -->","yoast_head_json":{"title":"In gara il corto di Chiara Guglia ed Elena Viggiano - RUFA - Rome University of Fine Arts","robots":{"index":"index","follow":"follow","max-snippet":"max-snippet:-1","max-image-preview":"max-image-preview:large","max-video-preview":"max-video-preview:-1"},"canonical":"https:\/\/www.unirufa.it\/2020\/07\/24\/in-gara-il-corto-di-chiara-guglia-ed-elena-viggiano\/","og_locale":"es_ES","og_type":"article","og_title":"In gara il corto di Chiara Guglia ed Elena Viggiano - RUFA - Rome University of Fine Arts","og_description":"Disculpa, pero esta entrada est\u00e1 disponible s\u00f3lo en IT y EN.Sette secondi per descrivere un mondo. Le studentesse RUFA del primo anno del triennio di Cinema, Chiara Guglia ed Elena Viggiano, hanno realizzato in maniera indipendente un cortometraggio che \u00e8 stato selezionato al 7SIFF &#8211; 7 Second International Film Festival di Buenos Aires. Il progetto,... Find out more","og_url":"https:\/\/www.unirufa.it\/2020\/07\/24\/in-gara-il-corto-di-chiara-guglia-ed-elena-viggiano\/","og_site_name":"RUFA - Rome University of Fine Arts","article_published_time":"2020-07-24T11:45:38+00:00","article_modified_time":"2020-07-27T10:25:18+00:00","og_image":[{"width":1050,"height":600,"url":"https:\/\/www.unirufa.it\/wp-content\/uploads\/2020\/07\/CHELE.web_.jpg","type":"image\/jpeg"}],"author":"Claudia Vitali","twitter_misc":{"Escrito por":"Claudia Vitali","Tiempo de lectura":"2 minutos"},"schema":{"@context":"https:\/\/schema.org","@graph":[{"@type":"WebPage","@id":"https:\/\/www.unirufa.it\/2020\/07\/24\/in-gara-il-corto-di-chiara-guglia-ed-elena-viggiano\/","url":"https:\/\/www.unirufa.it\/2020\/07\/24\/in-gara-il-corto-di-chiara-guglia-ed-elena-viggiano\/","name":"In gara il corto di Chiara Guglia ed Elena Viggiano - RUFA - Rome University of Fine Arts","isPartOf":{"@id":"https:\/\/www.unirufa.it\/#website"},"primaryImageOfPage":{"@id":"https:\/\/www.unirufa.it\/2020\/07\/24\/in-gara-il-corto-di-chiara-guglia-ed-elena-viggiano\/#primaryimage"},"image":{"@id":"https:\/\/www.unirufa.it\/2020\/07\/24\/in-gara-il-corto-di-chiara-guglia-ed-elena-viggiano\/#primaryimage"},"thumbnailUrl":"https:\/\/www.unirufa.it\/wp-content\/uploads\/2020\/07\/CHELE.web_.jpg","datePublished":"2020-07-24T11:45:38+00:00","dateModified":"2020-07-27T10:25:18+00:00","author":{"@id":"https:\/\/www.unirufa.it\/#\/schema\/person\/d5c03e37606740dff84050c97a46c80e"},"breadcrumb":{"@id":"https:\/\/www.unirufa.it\/2020\/07\/24\/in-gara-il-corto-di-chiara-guglia-ed-elena-viggiano\/#breadcrumb"},"inLanguage":"es","potentialAction":[{"@type":"ReadAction","target":["https:\/\/www.unirufa.it\/2020\/07\/24\/in-gara-il-corto-di-chiara-guglia-ed-elena-viggiano\/"]}]},{"@type":"ImageObject","inLanguage":"es","@id":"https:\/\/www.unirufa.it\/2020\/07\/24\/in-gara-il-corto-di-chiara-guglia-ed-elena-viggiano\/#primaryimage","url":"https:\/\/www.unirufa.it\/wp-content\/uploads\/2020\/07\/CHELE.web_.jpg","contentUrl":"https:\/\/www.unirufa.it\/wp-content\/uploads\/2020\/07\/CHELE.web_.jpg","width":1050,"height":600},{"@type":"BreadcrumbList","@id":"https:\/\/www.unirufa.it\/2020\/07\/24\/in-gara-il-corto-di-chiara-guglia-ed-elena-viggiano\/#breadcrumb","itemListElement":[{"@type":"ListItem","position":1,"name":"Home","item":"https:\/\/www.unirufa.it\/"},{"@type":"ListItem","position":2,"name":"In gara il corto di Chiara Guglia ed Elena Viggiano"}]},{"@type":"WebSite","@id":"https:\/\/www.unirufa.it\/#website","url":"https:\/\/www.unirufa.it\/","name":"RUFA - Rome University of Fine Arts","description":"","potentialAction":[{"@type":"SearchAction","target":{"@type":"EntryPoint","urlTemplate":"https:\/\/www.unirufa.it\/?s={search_term_string}"},"query-input":{"@type":"PropertyValueSpecification","valueRequired":true,"valueName":"search_term_string"}}],"inLanguage":"es"},{"@type":"Person","@id":"https:\/\/www.unirufa.it\/#\/schema\/person\/d5c03e37606740dff84050c97a46c80e","name":"Claudia Vitali","image":{"@type":"ImageObject","inLanguage":"es","@id":"https:\/\/www.unirufa.it\/#\/schema\/person\/image\/","url":"https:\/\/secure.gravatar.com\/avatar\/9bd058a2b55efbe5f9e6b68b196c59f4?s=96&d=mm&r=g","contentUrl":"https:\/\/secure.gravatar.com\/avatar\/9bd058a2b55efbe5f9e6b68b196c59f4?s=96&d=mm&r=g","caption":"Claudia Vitali"},"url":"https:\/\/www.unirufa.it\/es\/author\/claudia\/"}]}},"_links":{"self":[{"href":"https:\/\/www.unirufa.it\/es\/wp-json\/wp\/v2\/posts\/30739","targetHints":{"allow":["GET"]}}],"collection":[{"href":"https:\/\/www.unirufa.it\/es\/wp-json\/wp\/v2\/posts"}],"about":[{"href":"https:\/\/www.unirufa.it\/es\/wp-json\/wp\/v2\/types\/post"}],"author":[{"embeddable":true,"href":"https:\/\/www.unirufa.it\/es\/wp-json\/wp\/v2\/users\/28"}],"replies":[{"embeddable":true,"href":"https:\/\/www.unirufa.it\/es\/wp-json\/wp\/v2\/comments?post=30739"}],"version-history":[{"count":7,"href":"https:\/\/www.unirufa.it\/es\/wp-json\/wp\/v2\/posts\/30739\/revisions"}],"predecessor-version":[{"id":30775,"href":"https:\/\/www.unirufa.it\/es\/wp-json\/wp\/v2\/posts\/30739\/revisions\/30775"}],"wp:featuredmedia":[{"embeddable":true,"href":"https:\/\/www.unirufa.it\/es\/wp-json\/wp\/v2\/media\/30746"}],"wp:attachment":[{"href":"https:\/\/www.unirufa.it\/es\/wp-json\/wp\/v2\/media?parent=30739"}],"wp:term":[{"taxonomy":"category","embeddable":true,"href":"https:\/\/www.unirufa.it\/es\/wp-json\/wp\/v2\/categories?post=30739"},{"taxonomy":"post_tag","embeddable":true,"href":"https:\/\/www.unirufa.it\/es\/wp-json\/wp\/v2\/tags?post=30739"}],"curies":[{"name":"wp","href":"https:\/\/api.w.org\/{rel}","templated":true}]}}