


{"id":32605,"date":"2020-09-29T10:42:01","date_gmt":"2020-09-29T08:42:01","guid":{"rendered":"https:\/\/www.unirufa.it\/?p=32605"},"modified":"2020-09-29T11:59:27","modified_gmt":"2020-09-29T09:59:27","slug":"gli-studenti-di-multimedia-in-mostra-a-testaccio","status":"publish","type":"post","link":"https:\/\/www.unirufa.it\/es\/2020\/09\/29\/gli-studenti-di-multimedia-in-mostra-a-testaccio\/","title":{"rendered":"Gli studenti di Multimedia in mostra a Testaccio"},"content":{"rendered":"<p class=\"qtranxs-available-languages-message qtranxs-available-languages-message-es\">Disculpa, pero esta entrada est\u00e1 disponible s\u00f3lo en <a href=\"https:\/\/www.unirufa.it\/it\/wp-json\/wp\/v2\/posts\/32605\" class=\"qtranxs-available-language-link qtranxs-available-language-link-it\" title=\"IT\">IT<\/a> y <a href=\"https:\/\/www.unirufa.it\/en\/wp-json\/wp\/v2\/posts\/32605\" class=\"qtranxs-available-language-link qtranxs-available-language-link-en\" title=\"EN\">EN<\/a>.<\/p><strong>RUFA &#8211; Rome University of Fine Arts<\/strong> e <strong>REF &#8211; Roma Europa Festival<\/strong> continuano a camminare all&#8217;unisono sul sentiero della creativit\u00e0. <\/p>\n<p>L&#8217;intento \u00e8 sempre lo stesso: esplorare nuove forme d&#8217;espressione e immaginare ci\u00f2 che ancora non \u00e8. Anche per il 2020 l\u2019Accademia di Belle Arti legalmente riconosciuta dal Ministero per l\u2019universit\u00e0 e la ricerca \u00e8 parte integrante della kermesse che da qui a qualche settimana entrer\u00e0 nel vivo, segnando il passaggio tra l&#8217;estate e l&#8217;autunno.<\/p>\n<p>In questo scenario il contributo ideativo generato dal <strong>corso di Multimedia arts and design<\/strong>, coordinato dalla docente Caterina Tomeo, \u00e8 di altissimo livello. Gli studenti del primo e del secondo anno del biennio di specializzazione, guidati da Massimo Zomparelli e Ivan Paduano, hanno dato forma \u00e8 sostanza a un&#8217;esperienza dal titolo <strong>\u00abTHE POST-FUTURIST CAVE\u201d<\/strong>, la cui visione al pubblico, nel rispetto delle norme di prevenzione da Covid-19, avr\u00e0 luogo tra <strong>il 2 e il 3 di ottobre presso l\u2019area \u201cCellette\u201d del Mattatoio di Testaccio<\/strong>.<\/p>\n<p><strong>\u201cTHE POST-FUTURIST CAVE\u201d indaga il complesso rapporto tra le testimonianze digitali e il reperimento di esse da parte della societ\u00e0<\/strong>. Simboli e segni inediti prendono vita attraverso l\u2019uso dell\u2019intelligenza artificiale rispondendo alla partecipazione virtuale degli spettatori che interagiranno con la presenza fisica di altri fruitori, messi per la prima volta a contatto con queste nuove forme di espressione. Del resto gli esseri umani si sono sempre rapportati con i sistemi di scrittura, sia allo scopo di comunicare con gli altri, sia per lasciare una propria testimonianza. <\/p>\n<p><strong>Il team RUFA che ha lavorato sul progetto \u00e8 stato composto da Consuelo Donati, Daniele Falchi, Elisa Pelliccioni, Elisa Quadrini, Gianmatteo Buttiglione, Maria Gavrilova, Mirko Pelliccia, Sabrina Coppola, Silvia Parolini, Simone Tecchia, Tijana Gavric, Antonio Reda, Bogdan Melinte, Carmine De Vita, Edoardo Filippone, Giorgia Pelagalli e Michal Zemel.<\/strong><\/p>\n<p><strong>L&#8217;opera verr\u00e0 inaugurata il 2 ottobre alle 17.00 presso l&#8217;ex Mattatoio.<\/strong>","protected":false},"excerpt":{"rendered":"<p>Disculpa, pero esta entrada est\u00e1 disponible s\u00f3lo en IT y EN.RUFA &#8211; Rome University of Fine Arts e REF &#8211; Roma Europa Festival continuano a camminare all&#8217;unisono sul sentiero della creativit\u00e0. L&#8217;intento \u00e8 sempre lo stesso: esplorare nuove forme d&#8217;espressione e immaginare ci\u00f2 che ancora non \u00e8. Anche per il 2020 l\u2019Accademia di Belle Arti&#8230;  <a class=\"excerpt-read-more\" href=\"https:\/\/www.unirufa.it\/es\/2020\/09\/29\/gli-studenti-di-multimedia-in-mostra-a-testaccio\/\" title=\"Read Gli studenti di Multimedia in mostra a Testaccio\">Find out more<\/a><\/p>\n","protected":false},"author":28,"featured_media":32611,"comment_status":"closed","ping_status":"closed","sticky":false,"template":"","format":"standard","meta":{"content-type":"","footnotes":""},"categories":[1641],"tags":[],"class_list":["post-32605","post","type-post","status-publish","format-standard","has-post-thumbnail","hentry","category-multimedia-arts-and-design"],"yoast_head":"<!-- This site is optimized with the Yoast SEO plugin v24.2 - https:\/\/yoast.com\/wordpress\/plugins\/seo\/ -->\n<title>Gli studenti di Multimedia in mostra a Testaccio - RUFA - Rome University of Fine Arts<\/title>\n<meta name=\"robots\" content=\"index, follow, max-snippet:-1, max-image-preview:large, max-video-preview:-1\" \/>\n<link rel=\"canonical\" href=\"https:\/\/www.unirufa.it\/2020\/09\/29\/gli-studenti-di-multimedia-in-mostra-a-testaccio\/\" \/>\n<meta property=\"og:locale\" content=\"es_ES\" \/>\n<meta property=\"og:type\" content=\"article\" \/>\n<meta property=\"og:title\" content=\"Gli studenti di Multimedia in mostra a Testaccio - RUFA - Rome University of Fine Arts\" \/>\n<meta property=\"og:description\" content=\"Disculpa, pero esta entrada est\u00e1 disponible s\u00f3lo en IT y EN.RUFA &#8211; Rome University of Fine Arts e REF &#8211; Roma Europa Festival continuano a camminare all&#8217;unisono sul sentiero della creativit\u00e0. L&#8217;intento \u00e8 sempre lo stesso: esplorare nuove forme d&#8217;espressione e immaginare ci\u00f2 che ancora non \u00e8. Anche per il 2020 l\u2019Accademia di Belle Arti... Find out more\" \/>\n<meta property=\"og:url\" content=\"https:\/\/www.unirufa.it\/2020\/09\/29\/gli-studenti-di-multimedia-in-mostra-a-testaccio\/\" \/>\n<meta property=\"og:site_name\" content=\"RUFA - Rome University of Fine Arts\" \/>\n<meta property=\"article:published_time\" content=\"2020-09-29T08:42:01+00:00\" \/>\n<meta property=\"article:modified_time\" content=\"2020-09-29T09:59:27+00:00\" \/>\n<meta property=\"og:image\" content=\"https:\/\/www.unirufa.it\/wp-content\/uploads\/2020\/09\/News_Multimedia_REF.jpg\" \/>\n\t<meta property=\"og:image:width\" content=\"1050\" \/>\n\t<meta property=\"og:image:height\" content=\"600\" \/>\n\t<meta property=\"og:image:type\" content=\"image\/jpeg\" \/>\n<meta name=\"author\" content=\"Claudia Vitali\" \/>\n<meta name=\"twitter:label1\" content=\"Escrito por\" \/>\n\t<meta name=\"twitter:data1\" content=\"Claudia Vitali\" \/>\n\t<meta name=\"twitter:label2\" content=\"Tiempo de lectura\" \/>\n\t<meta name=\"twitter:data2\" content=\"3 minutos\" \/>\n<script type=\"application\/ld+json\" class=\"yoast-schema-graph\">{\"@context\":\"https:\/\/schema.org\",\"@graph\":[{\"@type\":\"WebPage\",\"@id\":\"https:\/\/www.unirufa.it\/2020\/09\/29\/gli-studenti-di-multimedia-in-mostra-a-testaccio\/\",\"url\":\"https:\/\/www.unirufa.it\/2020\/09\/29\/gli-studenti-di-multimedia-in-mostra-a-testaccio\/\",\"name\":\"Gli studenti di Multimedia in mostra a Testaccio - RUFA - Rome University of Fine Arts\",\"isPartOf\":{\"@id\":\"https:\/\/www.unirufa.it\/#website\"},\"primaryImageOfPage\":{\"@id\":\"https:\/\/www.unirufa.it\/2020\/09\/29\/gli-studenti-di-multimedia-in-mostra-a-testaccio\/#primaryimage\"},\"image\":{\"@id\":\"https:\/\/www.unirufa.it\/2020\/09\/29\/gli-studenti-di-multimedia-in-mostra-a-testaccio\/#primaryimage\"},\"thumbnailUrl\":\"https:\/\/www.unirufa.it\/wp-content\/uploads\/2020\/09\/News_Multimedia_REF.jpg\",\"datePublished\":\"2020-09-29T08:42:01+00:00\",\"dateModified\":\"2020-09-29T09:59:27+00:00\",\"author\":{\"@id\":\"https:\/\/www.unirufa.it\/#\/schema\/person\/d5c03e37606740dff84050c97a46c80e\"},\"breadcrumb\":{\"@id\":\"https:\/\/www.unirufa.it\/2020\/09\/29\/gli-studenti-di-multimedia-in-mostra-a-testaccio\/#breadcrumb\"},\"inLanguage\":\"es\",\"potentialAction\":[{\"@type\":\"ReadAction\",\"target\":[\"https:\/\/www.unirufa.it\/2020\/09\/29\/gli-studenti-di-multimedia-in-mostra-a-testaccio\/\"]}]},{\"@type\":\"ImageObject\",\"inLanguage\":\"es\",\"@id\":\"https:\/\/www.unirufa.it\/2020\/09\/29\/gli-studenti-di-multimedia-in-mostra-a-testaccio\/#primaryimage\",\"url\":\"https:\/\/www.unirufa.it\/wp-content\/uploads\/2020\/09\/News_Multimedia_REF.jpg\",\"contentUrl\":\"https:\/\/www.unirufa.it\/wp-content\/uploads\/2020\/09\/News_Multimedia_REF.jpg\",\"width\":1050,\"height\":600},{\"@type\":\"BreadcrumbList\",\"@id\":\"https:\/\/www.unirufa.it\/2020\/09\/29\/gli-studenti-di-multimedia-in-mostra-a-testaccio\/#breadcrumb\",\"itemListElement\":[{\"@type\":\"ListItem\",\"position\":1,\"name\":\"Home\",\"item\":\"https:\/\/www.unirufa.it\/\"},{\"@type\":\"ListItem\",\"position\":2,\"name\":\"Gli studenti di Multimedia in mostra a Testaccio\"}]},{\"@type\":\"WebSite\",\"@id\":\"https:\/\/www.unirufa.it\/#website\",\"url\":\"https:\/\/www.unirufa.it\/\",\"name\":\"RUFA - Rome University of Fine Arts\",\"description\":\"\",\"potentialAction\":[{\"@type\":\"SearchAction\",\"target\":{\"@type\":\"EntryPoint\",\"urlTemplate\":\"https:\/\/www.unirufa.it\/?s={search_term_string}\"},\"query-input\":{\"@type\":\"PropertyValueSpecification\",\"valueRequired\":true,\"valueName\":\"search_term_string\"}}],\"inLanguage\":\"es\"},{\"@type\":\"Person\",\"@id\":\"https:\/\/www.unirufa.it\/#\/schema\/person\/d5c03e37606740dff84050c97a46c80e\",\"name\":\"Claudia Vitali\",\"image\":{\"@type\":\"ImageObject\",\"inLanguage\":\"es\",\"@id\":\"https:\/\/www.unirufa.it\/#\/schema\/person\/image\/\",\"url\":\"https:\/\/secure.gravatar.com\/avatar\/9bd058a2b55efbe5f9e6b68b196c59f4?s=96&d=mm&r=g\",\"contentUrl\":\"https:\/\/secure.gravatar.com\/avatar\/9bd058a2b55efbe5f9e6b68b196c59f4?s=96&d=mm&r=g\",\"caption\":\"Claudia Vitali\"},\"url\":\"https:\/\/www.unirufa.it\/es\/author\/claudia\/\"}]}<\/script>\n<!-- \/ Yoast SEO plugin. -->","yoast_head_json":{"title":"Gli studenti di Multimedia in mostra a Testaccio - RUFA - Rome University of Fine Arts","robots":{"index":"index","follow":"follow","max-snippet":"max-snippet:-1","max-image-preview":"max-image-preview:large","max-video-preview":"max-video-preview:-1"},"canonical":"https:\/\/www.unirufa.it\/2020\/09\/29\/gli-studenti-di-multimedia-in-mostra-a-testaccio\/","og_locale":"es_ES","og_type":"article","og_title":"Gli studenti di Multimedia in mostra a Testaccio - RUFA - Rome University of Fine Arts","og_description":"Disculpa, pero esta entrada est\u00e1 disponible s\u00f3lo en IT y EN.RUFA &#8211; Rome University of Fine Arts e REF &#8211; Roma Europa Festival continuano a camminare all&#8217;unisono sul sentiero della creativit\u00e0. L&#8217;intento \u00e8 sempre lo stesso: esplorare nuove forme d&#8217;espressione e immaginare ci\u00f2 che ancora non \u00e8. Anche per il 2020 l\u2019Accademia di Belle Arti... Find out more","og_url":"https:\/\/www.unirufa.it\/2020\/09\/29\/gli-studenti-di-multimedia-in-mostra-a-testaccio\/","og_site_name":"RUFA - Rome University of Fine Arts","article_published_time":"2020-09-29T08:42:01+00:00","article_modified_time":"2020-09-29T09:59:27+00:00","og_image":[{"width":1050,"height":600,"url":"https:\/\/www.unirufa.it\/wp-content\/uploads\/2020\/09\/News_Multimedia_REF.jpg","type":"image\/jpeg"}],"author":"Claudia Vitali","twitter_misc":{"Escrito por":"Claudia Vitali","Tiempo de lectura":"3 minutos"},"schema":{"@context":"https:\/\/schema.org","@graph":[{"@type":"WebPage","@id":"https:\/\/www.unirufa.it\/2020\/09\/29\/gli-studenti-di-multimedia-in-mostra-a-testaccio\/","url":"https:\/\/www.unirufa.it\/2020\/09\/29\/gli-studenti-di-multimedia-in-mostra-a-testaccio\/","name":"Gli studenti di Multimedia in mostra a Testaccio - RUFA - Rome University of Fine Arts","isPartOf":{"@id":"https:\/\/www.unirufa.it\/#website"},"primaryImageOfPage":{"@id":"https:\/\/www.unirufa.it\/2020\/09\/29\/gli-studenti-di-multimedia-in-mostra-a-testaccio\/#primaryimage"},"image":{"@id":"https:\/\/www.unirufa.it\/2020\/09\/29\/gli-studenti-di-multimedia-in-mostra-a-testaccio\/#primaryimage"},"thumbnailUrl":"https:\/\/www.unirufa.it\/wp-content\/uploads\/2020\/09\/News_Multimedia_REF.jpg","datePublished":"2020-09-29T08:42:01+00:00","dateModified":"2020-09-29T09:59:27+00:00","author":{"@id":"https:\/\/www.unirufa.it\/#\/schema\/person\/d5c03e37606740dff84050c97a46c80e"},"breadcrumb":{"@id":"https:\/\/www.unirufa.it\/2020\/09\/29\/gli-studenti-di-multimedia-in-mostra-a-testaccio\/#breadcrumb"},"inLanguage":"es","potentialAction":[{"@type":"ReadAction","target":["https:\/\/www.unirufa.it\/2020\/09\/29\/gli-studenti-di-multimedia-in-mostra-a-testaccio\/"]}]},{"@type":"ImageObject","inLanguage":"es","@id":"https:\/\/www.unirufa.it\/2020\/09\/29\/gli-studenti-di-multimedia-in-mostra-a-testaccio\/#primaryimage","url":"https:\/\/www.unirufa.it\/wp-content\/uploads\/2020\/09\/News_Multimedia_REF.jpg","contentUrl":"https:\/\/www.unirufa.it\/wp-content\/uploads\/2020\/09\/News_Multimedia_REF.jpg","width":1050,"height":600},{"@type":"BreadcrumbList","@id":"https:\/\/www.unirufa.it\/2020\/09\/29\/gli-studenti-di-multimedia-in-mostra-a-testaccio\/#breadcrumb","itemListElement":[{"@type":"ListItem","position":1,"name":"Home","item":"https:\/\/www.unirufa.it\/"},{"@type":"ListItem","position":2,"name":"Gli studenti di Multimedia in mostra a Testaccio"}]},{"@type":"WebSite","@id":"https:\/\/www.unirufa.it\/#website","url":"https:\/\/www.unirufa.it\/","name":"RUFA - Rome University of Fine Arts","description":"","potentialAction":[{"@type":"SearchAction","target":{"@type":"EntryPoint","urlTemplate":"https:\/\/www.unirufa.it\/?s={search_term_string}"},"query-input":{"@type":"PropertyValueSpecification","valueRequired":true,"valueName":"search_term_string"}}],"inLanguage":"es"},{"@type":"Person","@id":"https:\/\/www.unirufa.it\/#\/schema\/person\/d5c03e37606740dff84050c97a46c80e","name":"Claudia Vitali","image":{"@type":"ImageObject","inLanguage":"es","@id":"https:\/\/www.unirufa.it\/#\/schema\/person\/image\/","url":"https:\/\/secure.gravatar.com\/avatar\/9bd058a2b55efbe5f9e6b68b196c59f4?s=96&d=mm&r=g","contentUrl":"https:\/\/secure.gravatar.com\/avatar\/9bd058a2b55efbe5f9e6b68b196c59f4?s=96&d=mm&r=g","caption":"Claudia Vitali"},"url":"https:\/\/www.unirufa.it\/es\/author\/claudia\/"}]}},"_links":{"self":[{"href":"https:\/\/www.unirufa.it\/es\/wp-json\/wp\/v2\/posts\/32605","targetHints":{"allow":["GET"]}}],"collection":[{"href":"https:\/\/www.unirufa.it\/es\/wp-json\/wp\/v2\/posts"}],"about":[{"href":"https:\/\/www.unirufa.it\/es\/wp-json\/wp\/v2\/types\/post"}],"author":[{"embeddable":true,"href":"https:\/\/www.unirufa.it\/es\/wp-json\/wp\/v2\/users\/28"}],"replies":[{"embeddable":true,"href":"https:\/\/www.unirufa.it\/es\/wp-json\/wp\/v2\/comments?post=32605"}],"version-history":[{"count":10,"href":"https:\/\/www.unirufa.it\/es\/wp-json\/wp\/v2\/posts\/32605\/revisions"}],"predecessor-version":[{"id":33150,"href":"https:\/\/www.unirufa.it\/es\/wp-json\/wp\/v2\/posts\/32605\/revisions\/33150"}],"wp:featuredmedia":[{"embeddable":true,"href":"https:\/\/www.unirufa.it\/es\/wp-json\/wp\/v2\/media\/32611"}],"wp:attachment":[{"href":"https:\/\/www.unirufa.it\/es\/wp-json\/wp\/v2\/media?parent=32605"}],"wp:term":[{"taxonomy":"category","embeddable":true,"href":"https:\/\/www.unirufa.it\/es\/wp-json\/wp\/v2\/categories?post=32605"},{"taxonomy":"post_tag","embeddable":true,"href":"https:\/\/www.unirufa.it\/es\/wp-json\/wp\/v2\/tags?post=32605"}],"curies":[{"name":"wp","href":"https:\/\/api.w.org\/{rel}","templated":true}]}}