


{"id":34709,"date":"2020-11-23T10:26:39","date_gmt":"2020-11-23T09:26:39","guid":{"rendered":"https:\/\/www.unirufa.it\/?p=34709"},"modified":"2020-11-23T10:26:39","modified_gmt":"2020-11-23T09:26:39","slug":"fabio-mongelli-presidente-del-cians-al-tavolo-permanente-del-ministero-delluniversita-e-della-ricerca","status":"publish","type":"post","link":"https:\/\/www.unirufa.it\/es\/2020\/11\/23\/fabio-mongelli-presidente-del-cians-al-tavolo-permanente-del-ministero-delluniversita-e-della-ricerca\/","title":{"rendered":"Fabio Mongelli presidente del Cians al Tavolo permanente del Ministero dell&#8217;universit\u00e0 e della ricerca"},"content":{"rendered":"<p class=\"qtranxs-available-languages-message qtranxs-available-languages-message-es\">Disculpa, pero esta entrada est\u00e1 disponible s\u00f3lo en <a href=\"https:\/\/www.unirufa.it\/it\/wp-json\/wp\/v2\/posts\/34709\" class=\"qtranxs-available-language-link qtranxs-available-language-link-it\" title=\"IT\">IT<\/a> y <a href=\"https:\/\/www.unirufa.it\/en\/wp-json\/wp\/v2\/posts\/34709\" class=\"qtranxs-available-language-link qtranxs-available-language-link-en\" title=\"EN\">EN<\/a>.<\/p>Il direttore <strong>RUFA<\/strong>, arch. <strong>Fabio Mongelli<\/strong>, nella duplice veste di presidente del <strong>Cians<\/strong> (Coordinamento istituzioni Afam non statali), \u00e8 stato invitato a partecipare al <strong>Tavolo permanente del Ministero dell&#8217;universit\u00e0 e della ricerca<\/strong> convocato dal <strong>Ministro Gianfranco Manfredi<\/strong> per favorire il raccordo con le istituzioni del settore dell&#8217;Alta formazione artistica e musicale, cos\u00ec come evidenziato dal DM 851\/2020. La riunione di insediamento, in modalit\u00e0 a distanza, \u00e8 stata pianificata per <strong>mercoled\u00ec 25 novembre alle ore 11:00<\/strong>.<\/p>\n<p><em>\u00abLa partecipazione a questo importante organo consultivo \u2013 spiega lo stesso presidente Fabio Mongelli \u2013 conferma tutte le aperture che il Ministro Gianfranco Manfredi ha rivolto al comparto privato dell\u2019Afam in questi ultimi mesi. Il percorso compiuto dalle istituzioni non statali dell\u2019Afam, da sempre, \u00e8 stato indirizzato all\u2019erogazione di una didattica di altissima qualit\u00e0 che declina in egual misura teoria e pratica e che, per tale ragioni, rende attraente lo studio dell&#8217;arte in Italia anche dall\u2019estero. Si tratta di una vocazione che va rafforzata e potenziata: un obiettivo che \u00e8 possibile raggiungere solo con il supporto degli organi di governo che interagiscono in questo processo. In questa prima fase, anche in virt\u00f9 del momento storico incentrato su un&#8217;emergenza sanitaria che ha certamente condizionato l\u2019apprendimento dell\u2019arte, concentrer\u00f2 l&#8217;attenzione su due aspetti che ritengo fondamentali: da un lato le best practice messe in campo gi\u00e0 dallo scorso mese di marzo con un indice di gradimento da parte degli studenti decisamente alto, che hanno consentito al settore privato dell\u2019Afam di erogare la totalit\u00e0 dei corsi programmati; dall&#8217;altro lo sviluppo della didattica a distanza e delle attivit\u00e0 laboratoriali in presenza. Si tratta di punti che consentono alle realt\u00e0 pubbliche e private di confrontarsi e colloquiare, nella consapevolezza di rendere il comparto Afam ancora pi\u00f9 performante\u00bb.<\/em>","protected":false},"excerpt":{"rendered":"<p>Disculpa, pero esta entrada est\u00e1 disponible s\u00f3lo en IT y EN.Il direttore RUFA, arch. Fabio Mongelli, nella duplice veste di presidente del Cians (Coordinamento istituzioni Afam non statali), \u00e8 stato invitato a partecipare al Tavolo permanente del Ministero dell&#8217;universit\u00e0 e della ricerca convocato dal Ministro Gianfranco Manfredi per favorire il raccordo con le istituzioni del&#8230;  <a class=\"excerpt-read-more\" href=\"https:\/\/www.unirufa.it\/es\/2020\/11\/23\/fabio-mongelli-presidente-del-cians-al-tavolo-permanente-del-ministero-delluniversita-e-della-ricerca\/\" title=\"Read Fabio Mongelli presidente del Cians al Tavolo permanente del Ministero dell&#8217;universit\u00e0 e della ricerca\">Find out more<\/a><\/p>\n","protected":false},"author":28,"featured_media":34714,"comment_status":"closed","ping_status":"closed","sticky":false,"template":"","format":"standard","meta":{"content-type":"","footnotes":""},"categories":[1629],"tags":[],"class_list":["post-34709","post","type-post","status-publish","format-standard","has-post-thumbnail","hentry","category-accademia"],"yoast_head":"<!-- This site is optimized with the Yoast SEO plugin v24.2 - https:\/\/yoast.com\/wordpress\/plugins\/seo\/ -->\n<title>Fabio Mongelli presidente del Cians al Tavolo permanente del Ministero dell&#039;universit\u00e0 e della ricerca - RUFA - Rome University of Fine Arts<\/title>\n<meta name=\"robots\" content=\"index, follow, max-snippet:-1, max-image-preview:large, max-video-preview:-1\" \/>\n<link rel=\"canonical\" href=\"https:\/\/www.unirufa.it\/2020\/11\/23\/fabio-mongelli-presidente-del-cians-al-tavolo-permanente-del-ministero-delluniversita-e-della-ricerca\/\" \/>\n<meta property=\"og:locale\" content=\"es_ES\" \/>\n<meta property=\"og:type\" content=\"article\" \/>\n<meta property=\"og:title\" content=\"Fabio Mongelli presidente del Cians al Tavolo permanente del Ministero dell&#039;universit\u00e0 e della ricerca - RUFA - Rome University of Fine Arts\" \/>\n<meta property=\"og:description\" content=\"Disculpa, pero esta entrada est\u00e1 disponible s\u00f3lo en IT y EN.Il direttore RUFA, arch. Fabio Mongelli, nella duplice veste di presidente del Cians (Coordinamento istituzioni Afam non statali), \u00e8 stato invitato a partecipare al Tavolo permanente del Ministero dell&#8217;universit\u00e0 e della ricerca convocato dal Ministro Gianfranco Manfredi per favorire il raccordo con le istituzioni del... Find out more\" \/>\n<meta property=\"og:url\" content=\"https:\/\/www.unirufa.it\/2020\/11\/23\/fabio-mongelli-presidente-del-cians-al-tavolo-permanente-del-ministero-delluniversita-e-della-ricerca\/\" \/>\n<meta property=\"og:site_name\" content=\"RUFA - Rome University of Fine Arts\" \/>\n<meta property=\"article:published_time\" content=\"2020-11-23T09:26:39+00:00\" \/>\n<meta property=\"og:image\" content=\"https:\/\/www.unirufa.it\/wp-content\/uploads\/2020\/11\/Fabio-Mongelli-Tavolo-Permanente-MUR.jpg\" \/>\n\t<meta property=\"og:image:width\" content=\"1050\" \/>\n\t<meta property=\"og:image:height\" content=\"600\" \/>\n\t<meta property=\"og:image:type\" content=\"image\/jpeg\" \/>\n<meta name=\"author\" content=\"Claudia Vitali\" \/>\n<meta name=\"twitter:label1\" content=\"Escrito por\" \/>\n\t<meta name=\"twitter:data1\" content=\"Claudia Vitali\" \/>\n\t<meta name=\"twitter:label2\" content=\"Tiempo de lectura\" \/>\n\t<meta name=\"twitter:data2\" content=\"3 minutos\" \/>\n<script type=\"application\/ld+json\" class=\"yoast-schema-graph\">{\"@context\":\"https:\/\/schema.org\",\"@graph\":[{\"@type\":\"WebPage\",\"@id\":\"https:\/\/www.unirufa.it\/2020\/11\/23\/fabio-mongelli-presidente-del-cians-al-tavolo-permanente-del-ministero-delluniversita-e-della-ricerca\/\",\"url\":\"https:\/\/www.unirufa.it\/2020\/11\/23\/fabio-mongelli-presidente-del-cians-al-tavolo-permanente-del-ministero-delluniversita-e-della-ricerca\/\",\"name\":\"Fabio Mongelli presidente del Cians al Tavolo permanente del Ministero dell'universit\u00e0 e della ricerca - RUFA - Rome University of Fine Arts\",\"isPartOf\":{\"@id\":\"https:\/\/www.unirufa.it\/#website\"},\"primaryImageOfPage\":{\"@id\":\"https:\/\/www.unirufa.it\/2020\/11\/23\/fabio-mongelli-presidente-del-cians-al-tavolo-permanente-del-ministero-delluniversita-e-della-ricerca\/#primaryimage\"},\"image\":{\"@id\":\"https:\/\/www.unirufa.it\/2020\/11\/23\/fabio-mongelli-presidente-del-cians-al-tavolo-permanente-del-ministero-delluniversita-e-della-ricerca\/#primaryimage\"},\"thumbnailUrl\":\"https:\/\/www.unirufa.it\/wp-content\/uploads\/2020\/11\/Fabio-Mongelli-Tavolo-Permanente-MUR.jpg\",\"datePublished\":\"2020-11-23T09:26:39+00:00\",\"dateModified\":\"2020-11-23T09:26:39+00:00\",\"author\":{\"@id\":\"https:\/\/www.unirufa.it\/#\/schema\/person\/d5c03e37606740dff84050c97a46c80e\"},\"breadcrumb\":{\"@id\":\"https:\/\/www.unirufa.it\/2020\/11\/23\/fabio-mongelli-presidente-del-cians-al-tavolo-permanente-del-ministero-delluniversita-e-della-ricerca\/#breadcrumb\"},\"inLanguage\":\"es\",\"potentialAction\":[{\"@type\":\"ReadAction\",\"target\":[\"https:\/\/www.unirufa.it\/2020\/11\/23\/fabio-mongelli-presidente-del-cians-al-tavolo-permanente-del-ministero-delluniversita-e-della-ricerca\/\"]}]},{\"@type\":\"ImageObject\",\"inLanguage\":\"es\",\"@id\":\"https:\/\/www.unirufa.it\/2020\/11\/23\/fabio-mongelli-presidente-del-cians-al-tavolo-permanente-del-ministero-delluniversita-e-della-ricerca\/#primaryimage\",\"url\":\"https:\/\/www.unirufa.it\/wp-content\/uploads\/2020\/11\/Fabio-Mongelli-Tavolo-Permanente-MUR.jpg\",\"contentUrl\":\"https:\/\/www.unirufa.it\/wp-content\/uploads\/2020\/11\/Fabio-Mongelli-Tavolo-Permanente-MUR.jpg\",\"width\":1050,\"height\":600},{\"@type\":\"BreadcrumbList\",\"@id\":\"https:\/\/www.unirufa.it\/2020\/11\/23\/fabio-mongelli-presidente-del-cians-al-tavolo-permanente-del-ministero-delluniversita-e-della-ricerca\/#breadcrumb\",\"itemListElement\":[{\"@type\":\"ListItem\",\"position\":1,\"name\":\"Home\",\"item\":\"https:\/\/www.unirufa.it\/\"},{\"@type\":\"ListItem\",\"position\":2,\"name\":\"Fabio Mongelli presidente del Cians al Tavolo permanente del Ministero dell&#8217;universit\u00e0 e della ricerca\"}]},{\"@type\":\"WebSite\",\"@id\":\"https:\/\/www.unirufa.it\/#website\",\"url\":\"https:\/\/www.unirufa.it\/\",\"name\":\"RUFA - Rome University of Fine Arts\",\"description\":\"\",\"potentialAction\":[{\"@type\":\"SearchAction\",\"target\":{\"@type\":\"EntryPoint\",\"urlTemplate\":\"https:\/\/www.unirufa.it\/?s={search_term_string}\"},\"query-input\":{\"@type\":\"PropertyValueSpecification\",\"valueRequired\":true,\"valueName\":\"search_term_string\"}}],\"inLanguage\":\"es\"},{\"@type\":\"Person\",\"@id\":\"https:\/\/www.unirufa.it\/#\/schema\/person\/d5c03e37606740dff84050c97a46c80e\",\"name\":\"Claudia Vitali\",\"image\":{\"@type\":\"ImageObject\",\"inLanguage\":\"es\",\"@id\":\"https:\/\/www.unirufa.it\/#\/schema\/person\/image\/\",\"url\":\"https:\/\/secure.gravatar.com\/avatar\/9bd058a2b55efbe5f9e6b68b196c59f4?s=96&d=mm&r=g\",\"contentUrl\":\"https:\/\/secure.gravatar.com\/avatar\/9bd058a2b55efbe5f9e6b68b196c59f4?s=96&d=mm&r=g\",\"caption\":\"Claudia Vitali\"},\"url\":\"https:\/\/www.unirufa.it\/es\/author\/claudia\/\"}]}<\/script>\n<!-- \/ Yoast SEO plugin. -->","yoast_head_json":{"title":"Fabio Mongelli presidente del Cians al Tavolo permanente del Ministero dell'universit\u00e0 e della ricerca - RUFA - Rome University of Fine Arts","robots":{"index":"index","follow":"follow","max-snippet":"max-snippet:-1","max-image-preview":"max-image-preview:large","max-video-preview":"max-video-preview:-1"},"canonical":"https:\/\/www.unirufa.it\/2020\/11\/23\/fabio-mongelli-presidente-del-cians-al-tavolo-permanente-del-ministero-delluniversita-e-della-ricerca\/","og_locale":"es_ES","og_type":"article","og_title":"Fabio Mongelli presidente del Cians al Tavolo permanente del Ministero dell'universit\u00e0 e della ricerca - RUFA - Rome University of Fine Arts","og_description":"Disculpa, pero esta entrada est\u00e1 disponible s\u00f3lo en IT y EN.Il direttore RUFA, arch. Fabio Mongelli, nella duplice veste di presidente del Cians (Coordinamento istituzioni Afam non statali), \u00e8 stato invitato a partecipare al Tavolo permanente del Ministero dell&#8217;universit\u00e0 e della ricerca convocato dal Ministro Gianfranco Manfredi per favorire il raccordo con le istituzioni del... Find out more","og_url":"https:\/\/www.unirufa.it\/2020\/11\/23\/fabio-mongelli-presidente-del-cians-al-tavolo-permanente-del-ministero-delluniversita-e-della-ricerca\/","og_site_name":"RUFA - Rome University of Fine Arts","article_published_time":"2020-11-23T09:26:39+00:00","og_image":[{"width":1050,"height":600,"url":"https:\/\/www.unirufa.it\/wp-content\/uploads\/2020\/11\/Fabio-Mongelli-Tavolo-Permanente-MUR.jpg","type":"image\/jpeg"}],"author":"Claudia Vitali","twitter_misc":{"Escrito por":"Claudia Vitali","Tiempo de lectura":"3 minutos"},"schema":{"@context":"https:\/\/schema.org","@graph":[{"@type":"WebPage","@id":"https:\/\/www.unirufa.it\/2020\/11\/23\/fabio-mongelli-presidente-del-cians-al-tavolo-permanente-del-ministero-delluniversita-e-della-ricerca\/","url":"https:\/\/www.unirufa.it\/2020\/11\/23\/fabio-mongelli-presidente-del-cians-al-tavolo-permanente-del-ministero-delluniversita-e-della-ricerca\/","name":"Fabio Mongelli presidente del Cians al Tavolo permanente del Ministero dell'universit\u00e0 e della ricerca - RUFA - Rome University of Fine Arts","isPartOf":{"@id":"https:\/\/www.unirufa.it\/#website"},"primaryImageOfPage":{"@id":"https:\/\/www.unirufa.it\/2020\/11\/23\/fabio-mongelli-presidente-del-cians-al-tavolo-permanente-del-ministero-delluniversita-e-della-ricerca\/#primaryimage"},"image":{"@id":"https:\/\/www.unirufa.it\/2020\/11\/23\/fabio-mongelli-presidente-del-cians-al-tavolo-permanente-del-ministero-delluniversita-e-della-ricerca\/#primaryimage"},"thumbnailUrl":"https:\/\/www.unirufa.it\/wp-content\/uploads\/2020\/11\/Fabio-Mongelli-Tavolo-Permanente-MUR.jpg","datePublished":"2020-11-23T09:26:39+00:00","dateModified":"2020-11-23T09:26:39+00:00","author":{"@id":"https:\/\/www.unirufa.it\/#\/schema\/person\/d5c03e37606740dff84050c97a46c80e"},"breadcrumb":{"@id":"https:\/\/www.unirufa.it\/2020\/11\/23\/fabio-mongelli-presidente-del-cians-al-tavolo-permanente-del-ministero-delluniversita-e-della-ricerca\/#breadcrumb"},"inLanguage":"es","potentialAction":[{"@type":"ReadAction","target":["https:\/\/www.unirufa.it\/2020\/11\/23\/fabio-mongelli-presidente-del-cians-al-tavolo-permanente-del-ministero-delluniversita-e-della-ricerca\/"]}]},{"@type":"ImageObject","inLanguage":"es","@id":"https:\/\/www.unirufa.it\/2020\/11\/23\/fabio-mongelli-presidente-del-cians-al-tavolo-permanente-del-ministero-delluniversita-e-della-ricerca\/#primaryimage","url":"https:\/\/www.unirufa.it\/wp-content\/uploads\/2020\/11\/Fabio-Mongelli-Tavolo-Permanente-MUR.jpg","contentUrl":"https:\/\/www.unirufa.it\/wp-content\/uploads\/2020\/11\/Fabio-Mongelli-Tavolo-Permanente-MUR.jpg","width":1050,"height":600},{"@type":"BreadcrumbList","@id":"https:\/\/www.unirufa.it\/2020\/11\/23\/fabio-mongelli-presidente-del-cians-al-tavolo-permanente-del-ministero-delluniversita-e-della-ricerca\/#breadcrumb","itemListElement":[{"@type":"ListItem","position":1,"name":"Home","item":"https:\/\/www.unirufa.it\/"},{"@type":"ListItem","position":2,"name":"Fabio Mongelli presidente del Cians al Tavolo permanente del Ministero dell&#8217;universit\u00e0 e della ricerca"}]},{"@type":"WebSite","@id":"https:\/\/www.unirufa.it\/#website","url":"https:\/\/www.unirufa.it\/","name":"RUFA - Rome University of Fine Arts","description":"","potentialAction":[{"@type":"SearchAction","target":{"@type":"EntryPoint","urlTemplate":"https:\/\/www.unirufa.it\/?s={search_term_string}"},"query-input":{"@type":"PropertyValueSpecification","valueRequired":true,"valueName":"search_term_string"}}],"inLanguage":"es"},{"@type":"Person","@id":"https:\/\/www.unirufa.it\/#\/schema\/person\/d5c03e37606740dff84050c97a46c80e","name":"Claudia Vitali","image":{"@type":"ImageObject","inLanguage":"es","@id":"https:\/\/www.unirufa.it\/#\/schema\/person\/image\/","url":"https:\/\/secure.gravatar.com\/avatar\/9bd058a2b55efbe5f9e6b68b196c59f4?s=96&d=mm&r=g","contentUrl":"https:\/\/secure.gravatar.com\/avatar\/9bd058a2b55efbe5f9e6b68b196c59f4?s=96&d=mm&r=g","caption":"Claudia Vitali"},"url":"https:\/\/www.unirufa.it\/es\/author\/claudia\/"}]}},"_links":{"self":[{"href":"https:\/\/www.unirufa.it\/es\/wp-json\/wp\/v2\/posts\/34709","targetHints":{"allow":["GET"]}}],"collection":[{"href":"https:\/\/www.unirufa.it\/es\/wp-json\/wp\/v2\/posts"}],"about":[{"href":"https:\/\/www.unirufa.it\/es\/wp-json\/wp\/v2\/types\/post"}],"author":[{"embeddable":true,"href":"https:\/\/www.unirufa.it\/es\/wp-json\/wp\/v2\/users\/28"}],"replies":[{"embeddable":true,"href":"https:\/\/www.unirufa.it\/es\/wp-json\/wp\/v2\/comments?post=34709"}],"version-history":[{"count":4,"href":"https:\/\/www.unirufa.it\/es\/wp-json\/wp\/v2\/posts\/34709\/revisions"}],"predecessor-version":[{"id":34713,"href":"https:\/\/www.unirufa.it\/es\/wp-json\/wp\/v2\/posts\/34709\/revisions\/34713"}],"wp:featuredmedia":[{"embeddable":true,"href":"https:\/\/www.unirufa.it\/es\/wp-json\/wp\/v2\/media\/34714"}],"wp:attachment":[{"href":"https:\/\/www.unirufa.it\/es\/wp-json\/wp\/v2\/media?parent=34709"}],"wp:term":[{"taxonomy":"category","embeddable":true,"href":"https:\/\/www.unirufa.it\/es\/wp-json\/wp\/v2\/categories?post=34709"},{"taxonomy":"post_tag","embeddable":true,"href":"https:\/\/www.unirufa.it\/es\/wp-json\/wp\/v2\/tags?post=34709"}],"curies":[{"name":"wp","href":"https:\/\/api.w.org\/{rel}","templated":true}]}}