


{"id":34858,"date":"2020-12-03T14:34:57","date_gmt":"2020-12-03T13:34:57","guid":{"rendered":"https:\/\/www.unirufa.it\/?p=34858"},"modified":"2020-12-03T14:34:57","modified_gmt":"2020-12-03T13:34:57","slug":"premio-refocus-2-tra-i-vincitori-due-studenti-della-scuola-di-fotografia-rufa","status":"publish","type":"post","link":"https:\/\/www.unirufa.it\/es\/2020\/12\/03\/premio-refocus-2-tra-i-vincitori-due-studenti-della-scuola-di-fotografia-rufa\/","title":{"rendered":"Premio REFOCUS\/2, tra i vincitori due studenti della Scuola di Fotografia RUFA"},"content":{"rendered":"<p class=\"qtranxs-available-languages-message qtranxs-available-languages-message-es\">Disculpa, pero esta entrada est\u00e1 disponible s\u00f3lo en <a href=\"https:\/\/www.unirufa.it\/it\/wp-json\/wp\/v2\/posts\/34858\" class=\"qtranxs-available-language-link qtranxs-available-language-link-it\" title=\"IT\">IT<\/a> y <a href=\"https:\/\/www.unirufa.it\/en\/wp-json\/wp\/v2\/posts\/34858\" class=\"qtranxs-available-language-link qtranxs-available-language-link-en\" title=\"EN\">EN<\/a>.<\/p>Gli studenti della <strong>Scuola di Fotografia RUFA Daniele Cimaglia<\/strong> e <strong>Giuseppe Odore<\/strong> sono tra i vincitori del premio <strong><a href=\"http:\/\/www.aap.beniculturali.it\/refocus_new_2020.html\"><strong>REFOCUS\/2<\/strong><\/a><\/strong>, curato direttamente dal <strong>Ministero per i beni e le attivit\u00e0 culturali e per il turismo<\/strong>. REFOCUS\/2 ha inteso sollevare\u00a0l&#8217;attenzione sulla <strong>\u201crimessa a fuoco\u201d<\/strong> della realt\u00e0, in seguito agli effetti che il confinamento ha avuto sulle coordinate spazio-temporali del vivere quotidiano e su come questo abbia indirettamente trasformato la percezione della realt\u00e0 stessa. <\/p>\n<p>Il bando, rivolto soprattutto a fotografi, artisti e operatori visivi under 40, ha consentito di \u201craccogliere\u201d spazi urbani, piazze, monumenti, palazzi, musei e altri luoghi allo scopo di sostenere la produzione culturale e l&#8217;attivit\u00e0 degli artisti, sottolineandone il ruolo fondamentale all&#8217;interno della societ\u00e0, e costituendo un archivio visivo legato alla memoria pubblica e collettiva connessa a questo irripetibile momento storico.\u00a0<\/p>\n<p><strong>REFOCUS\/2, realizzato durante il lockdown, ha impresso nelle foto la sospensione nelle citt\u00e0, nei paesaggi naturali e antropici, nonch\u00e9 la modalit\u00e0 di vita e di riorganizzazione di spazi, societ\u00e0, lavoro e tempo libero.<\/strong><br \/>\n\u00a0<br \/>\nDaniele Cimaglia e Giuseppe Odore hanno presentato un progetto intitolato <strong>\u201cStorie dell&#8217;abitare\u201d<\/strong>. <em>\u00abGuardando i nostri vicini<\/em> \u2013 spiegano i due giovani artisti &#8211; <em>cantare e suonare fuori dal balcone durante la quarantena ci siamo resi conto di non conoscere nessuno. Per farlo abbiamo invitato i condomini a farsi scattare un ritratto di famiglia. L\u2019intimit\u00e0 che viviamo nelle nostre case \u00e8 solitamente celata dalle tende, lo scopo \u00e8 stato di ricrearla ponendo le persone davanti a esse. Il cortile \u00e8 lo spazio collettivo in cui tutti avrebbero potuto creare condivisione e socializzazione, raccontandosi ed esprimendo i propri pensieri in prima persona su un foglio bianco. Durante le fasi di scatto abbiamo capito che non siamo i soli a esserci sentiti degli estranei nel vicinato. La frenesia della quotidianit\u00e0 ci aveva portati a ignorare la presenza di altri che vivevano in prossimit\u00e0. L&#8217;utilizzo del mezzo fotografico come strumento per conoscerci ci ha fatto scoprire l&#8217;importanza di vivere in una comunit\u00e0, di associare dei nomi ai volti delle persone che ci circondano, per sentirci meno soli e mostrarci pi\u00f9 umani. Il distanziamento sociale non implica vedere il proprio vicino come un portatore di un virus, ma come qualcuno su cui possiamo contare e affidarci\u00bb.<\/em><br \/>\n&nbsp;<\/p>\n<div class=\"su-image-carousel  su-image-carousel-has-spacing su-image-carousel-has-outline su-image-carousel-adaptive su-image-carousel-slides-style-minimal su-image-carousel-controls-style-light su-image-carousel-align-none\" style=\"\" data-flickity-options='{\"groupCells\":true,\"cellSelector\":\".su-image-carousel-item\",\"adaptiveHeight\":true,\"cellAlign\":\"left\",\"prevNextButtons\":true,\"pageDots\":false,\"autoPlay\":false,\"imagesLoaded\":true,\"contain\":false,\"selectedAttraction\":0.025,\"friction\":0.28}' id=\"su_image_carousel_69edcb4f70281\"><div class=\"su-image-carousel-item\"><div class=\"su-image-carousel-item-content\"><img loading=\"lazy\" decoding=\"async\" width=\"1050\" height=\"600\" src=\"https:\/\/www.unirufa.it\/wp-content\/uploads\/2020\/12\/PREMIO-REFOCUS2_Slider1.jpg\" class=\"\" alt=\"\" srcset=\"https:\/\/www.unirufa.it\/wp-content\/uploads\/2020\/12\/PREMIO-REFOCUS2_Slider1.jpg 1050w, https:\/\/www.unirufa.it\/wp-content\/uploads\/2020\/12\/PREMIO-REFOCUS2_Slider1-300x171.jpg 300w, https:\/\/www.unirufa.it\/wp-content\/uploads\/2020\/12\/PREMIO-REFOCUS2_Slider1-768x439.jpg 768w, https:\/\/www.unirufa.it\/wp-content\/uploads\/2020\/12\/PREMIO-REFOCUS2_Slider1-1024x585.jpg 1024w\" sizes=\"auto, (max-width: 1050px) 100vw, 1050px\" \/><\/div><\/div><div class=\"su-image-carousel-item\"><div class=\"su-image-carousel-item-content\"><img loading=\"lazy\" decoding=\"async\" width=\"1050\" height=\"600\" src=\"https:\/\/www.unirufa.it\/wp-content\/uploads\/2020\/12\/PREMIO-REFOCUS2_Slider2.jpg\" class=\"\" alt=\"\" srcset=\"https:\/\/www.unirufa.it\/wp-content\/uploads\/2020\/12\/PREMIO-REFOCUS2_Slider2.jpg 1050w, https:\/\/www.unirufa.it\/wp-content\/uploads\/2020\/12\/PREMIO-REFOCUS2_Slider2-300x171.jpg 300w, https:\/\/www.unirufa.it\/wp-content\/uploads\/2020\/12\/PREMIO-REFOCUS2_Slider2-768x439.jpg 768w, https:\/\/www.unirufa.it\/wp-content\/uploads\/2020\/12\/PREMIO-REFOCUS2_Slider2-1024x585.jpg 1024w\" sizes=\"auto, (max-width: 1050px) 100vw, 1050px\" \/><\/div><\/div><div class=\"su-image-carousel-item\"><div class=\"su-image-carousel-item-content\"><img loading=\"lazy\" decoding=\"async\" width=\"1050\" height=\"600\" src=\"https:\/\/www.unirufa.it\/wp-content\/uploads\/2020\/12\/PREMIO-REFOCUS2_Slider3.jpg\" class=\"\" alt=\"\" srcset=\"https:\/\/www.unirufa.it\/wp-content\/uploads\/2020\/12\/PREMIO-REFOCUS2_Slider3.jpg 1050w, https:\/\/www.unirufa.it\/wp-content\/uploads\/2020\/12\/PREMIO-REFOCUS2_Slider3-300x171.jpg 300w, https:\/\/www.unirufa.it\/wp-content\/uploads\/2020\/12\/PREMIO-REFOCUS2_Slider3-768x439.jpg 768w, https:\/\/www.unirufa.it\/wp-content\/uploads\/2020\/12\/PREMIO-REFOCUS2_Slider3-1024x585.jpg 1024w\" sizes=\"auto, (max-width: 1050px) 100vw, 1050px\" \/><\/div><\/div><\/div><script id=\"su_image_carousel_69edcb4f70281_script\">if(window.SUImageCarousel){setTimeout(function() {window.SUImageCarousel.initGallery(document.getElementById(\"su_image_carousel_69edcb4f70281\"))}, 0);}var su_image_carousel_69edcb4f70281_script=document.getElementById(\"su_image_carousel_69edcb4f70281_script\");if(su_image_carousel_69edcb4f70281_script){su_image_carousel_69edcb4f70281_script.parentNode.removeChild(su_image_carousel_69edcb4f70281_script);}<\/script>\n&nbsp;<br \/>","protected":false},"excerpt":{"rendered":"<p>Disculpa, pero esta entrada est\u00e1 disponible s\u00f3lo en IT y EN.Gli studenti della Scuola di Fotografia RUFA Daniele Cimaglia e Giuseppe Odore sono tra i vincitori del premio REFOCUS\/2, curato direttamente dal Ministero per i beni e le attivit\u00e0 culturali e per il turismo. REFOCUS\/2 ha inteso sollevare\u00a0l&#8217;attenzione sulla \u201crimessa a fuoco\u201d della realt\u00e0, in&#8230;  <a class=\"excerpt-read-more\" href=\"https:\/\/www.unirufa.it\/es\/2020\/12\/03\/premio-refocus-2-tra-i-vincitori-due-studenti-della-scuola-di-fotografia-rufa\/\" title=\"Read Premio REFOCUS\/2, tra i vincitori due studenti della Scuola di Fotografia RUFA\">Find out more<\/a><\/p>\n","protected":false},"author":28,"featured_media":34864,"comment_status":"closed","ping_status":"closed","sticky":false,"template":"","format":"standard","meta":{"content-type":"","footnotes":""},"categories":[1634],"tags":[952,945],"class_list":["post-34858","post","type-post","status-publish","format-standard","has-post-thumbnail","hentry","category-fotografia","tag-premi-e-riconoscimenti","tag-riconoscimenti"],"yoast_head":"<!-- This site is optimized with the Yoast SEO plugin v24.2 - https:\/\/yoast.com\/wordpress\/plugins\/seo\/ -->\n<title>Premio REFOCUS\/2, tra i vincitori due studenti della Scuola di Fotografia RUFA - RUFA - Rome University of Fine Arts<\/title>\n<meta name=\"robots\" content=\"index, follow, max-snippet:-1, max-image-preview:large, max-video-preview:-1\" \/>\n<link rel=\"canonical\" href=\"https:\/\/www.unirufa.it\/en\/2020\/12\/03\/premio-refocus-2-tra-i-vincitori-due-studenti-della-scuola-di-fotografia-rufa\/\" \/>\n<meta property=\"og:locale\" content=\"es_ES\" \/>\n<meta property=\"og:type\" content=\"article\" \/>\n<meta property=\"og:title\" content=\"Premio REFOCUS\/2, tra i vincitori due studenti della Scuola di Fotografia RUFA - RUFA - Rome University of Fine Arts\" \/>\n<meta property=\"og:description\" content=\"Disculpa, pero esta entrada est\u00e1 disponible s\u00f3lo en IT y EN.Gli studenti della Scuola di Fotografia RUFA Daniele Cimaglia e Giuseppe Odore sono tra i vincitori del premio REFOCUS\/2, curato direttamente dal Ministero per i beni e le attivit\u00e0 culturali e per il turismo. REFOCUS\/2 ha inteso sollevare\u00a0l&#8217;attenzione sulla \u201crimessa a fuoco\u201d della realt\u00e0, in... Find out more\" \/>\n<meta property=\"og:url\" content=\"https:\/\/www.unirufa.it\/en\/2020\/12\/03\/premio-refocus-2-tra-i-vincitori-due-studenti-della-scuola-di-fotografia-rufa\/\" \/>\n<meta property=\"og:site_name\" content=\"RUFA - Rome University of Fine Arts\" \/>\n<meta property=\"article:published_time\" content=\"2020-12-03T13:34:57+00:00\" \/>\n<meta property=\"og:image\" content=\"https:\/\/www.unirufa.it\/wp-content\/uploads\/2020\/12\/PREMIO-REFOCUS2.jpg\" \/>\n\t<meta property=\"og:image:width\" content=\"1050\" \/>\n\t<meta property=\"og:image:height\" content=\"600\" \/>\n\t<meta property=\"og:image:type\" content=\"image\/jpeg\" \/>\n<meta name=\"author\" content=\"Claudia Vitali\" \/>\n<meta name=\"twitter:label1\" content=\"Escrito por\" \/>\n\t<meta name=\"twitter:data1\" content=\"Claudia Vitali\" \/>\n\t<meta name=\"twitter:label2\" content=\"Tiempo de lectura\" \/>\n\t<meta name=\"twitter:data2\" content=\"4 minutos\" \/>\n<script type=\"application\/ld+json\" class=\"yoast-schema-graph\">{\"@context\":\"https:\/\/schema.org\",\"@graph\":[{\"@type\":\"WebPage\",\"@id\":\"https:\/\/www.unirufa.it\/en\/2020\/12\/03\/premio-refocus-2-tra-i-vincitori-due-studenti-della-scuola-di-fotografia-rufa\/\",\"url\":\"https:\/\/www.unirufa.it\/en\/2020\/12\/03\/premio-refocus-2-tra-i-vincitori-due-studenti-della-scuola-di-fotografia-rufa\/\",\"name\":\"Premio REFOCUS\/2, tra i vincitori due studenti della Scuola di Fotografia RUFA - RUFA - Rome University of Fine Arts\",\"isPartOf\":{\"@id\":\"https:\/\/www.unirufa.it\/#website\"},\"primaryImageOfPage\":{\"@id\":\"https:\/\/www.unirufa.it\/en\/2020\/12\/03\/premio-refocus-2-tra-i-vincitori-due-studenti-della-scuola-di-fotografia-rufa\/#primaryimage\"},\"image\":{\"@id\":\"https:\/\/www.unirufa.it\/en\/2020\/12\/03\/premio-refocus-2-tra-i-vincitori-due-studenti-della-scuola-di-fotografia-rufa\/#primaryimage\"},\"thumbnailUrl\":\"https:\/\/www.unirufa.it\/wp-content\/uploads\/2020\/12\/PREMIO-REFOCUS2.jpg\",\"datePublished\":\"2020-12-03T13:34:57+00:00\",\"dateModified\":\"2020-12-03T13:34:57+00:00\",\"author\":{\"@id\":\"https:\/\/www.unirufa.it\/#\/schema\/person\/d5c03e37606740dff84050c97a46c80e\"},\"breadcrumb\":{\"@id\":\"https:\/\/www.unirufa.it\/en\/2020\/12\/03\/premio-refocus-2-tra-i-vincitori-due-studenti-della-scuola-di-fotografia-rufa\/#breadcrumb\"},\"inLanguage\":\"es\",\"potentialAction\":[{\"@type\":\"ReadAction\",\"target\":[\"https:\/\/www.unirufa.it\/en\/2020\/12\/03\/premio-refocus-2-tra-i-vincitori-due-studenti-della-scuola-di-fotografia-rufa\/\"]}]},{\"@type\":\"ImageObject\",\"inLanguage\":\"es\",\"@id\":\"https:\/\/www.unirufa.it\/en\/2020\/12\/03\/premio-refocus-2-tra-i-vincitori-due-studenti-della-scuola-di-fotografia-rufa\/#primaryimage\",\"url\":\"https:\/\/www.unirufa.it\/wp-content\/uploads\/2020\/12\/PREMIO-REFOCUS2.jpg\",\"contentUrl\":\"https:\/\/www.unirufa.it\/wp-content\/uploads\/2020\/12\/PREMIO-REFOCUS2.jpg\",\"width\":1050,\"height\":600},{\"@type\":\"BreadcrumbList\",\"@id\":\"https:\/\/www.unirufa.it\/en\/2020\/12\/03\/premio-refocus-2-tra-i-vincitori-due-studenti-della-scuola-di-fotografia-rufa\/#breadcrumb\",\"itemListElement\":[{\"@type\":\"ListItem\",\"position\":1,\"name\":\"Home\",\"item\":\"https:\/\/www.unirufa.it\/\"},{\"@type\":\"ListItem\",\"position\":2,\"name\":\"Premio REFOCUS\/2, tra i vincitori due studenti della Scuola di Fotografia RUFA\"}]},{\"@type\":\"WebSite\",\"@id\":\"https:\/\/www.unirufa.it\/#website\",\"url\":\"https:\/\/www.unirufa.it\/\",\"name\":\"RUFA - Rome University of Fine Arts\",\"description\":\"\",\"potentialAction\":[{\"@type\":\"SearchAction\",\"target\":{\"@type\":\"EntryPoint\",\"urlTemplate\":\"https:\/\/www.unirufa.it\/?s={search_term_string}\"},\"query-input\":{\"@type\":\"PropertyValueSpecification\",\"valueRequired\":true,\"valueName\":\"search_term_string\"}}],\"inLanguage\":\"es\"},{\"@type\":\"Person\",\"@id\":\"https:\/\/www.unirufa.it\/#\/schema\/person\/d5c03e37606740dff84050c97a46c80e\",\"name\":\"Claudia Vitali\",\"image\":{\"@type\":\"ImageObject\",\"inLanguage\":\"es\",\"@id\":\"https:\/\/www.unirufa.it\/#\/schema\/person\/image\/\",\"url\":\"https:\/\/secure.gravatar.com\/avatar\/9bd058a2b55efbe5f9e6b68b196c59f4?s=96&d=mm&r=g\",\"contentUrl\":\"https:\/\/secure.gravatar.com\/avatar\/9bd058a2b55efbe5f9e6b68b196c59f4?s=96&d=mm&r=g\",\"caption\":\"Claudia Vitali\"},\"url\":\"https:\/\/www.unirufa.it\/es\/author\/claudia\/\"}]}<\/script>\n<!-- \/ Yoast SEO plugin. -->","yoast_head_json":{"title":"Premio REFOCUS\/2, tra i vincitori due studenti della Scuola di Fotografia RUFA - RUFA - Rome University of Fine Arts","robots":{"index":"index","follow":"follow","max-snippet":"max-snippet:-1","max-image-preview":"max-image-preview:large","max-video-preview":"max-video-preview:-1"},"canonical":"https:\/\/www.unirufa.it\/en\/2020\/12\/03\/premio-refocus-2-tra-i-vincitori-due-studenti-della-scuola-di-fotografia-rufa\/","og_locale":"es_ES","og_type":"article","og_title":"Premio REFOCUS\/2, tra i vincitori due studenti della Scuola di Fotografia RUFA - RUFA - Rome University of Fine Arts","og_description":"Disculpa, pero esta entrada est\u00e1 disponible s\u00f3lo en IT y EN.Gli studenti della Scuola di Fotografia RUFA Daniele Cimaglia e Giuseppe Odore sono tra i vincitori del premio REFOCUS\/2, curato direttamente dal Ministero per i beni e le attivit\u00e0 culturali e per il turismo. REFOCUS\/2 ha inteso sollevare\u00a0l&#8217;attenzione sulla \u201crimessa a fuoco\u201d della realt\u00e0, in... Find out more","og_url":"https:\/\/www.unirufa.it\/en\/2020\/12\/03\/premio-refocus-2-tra-i-vincitori-due-studenti-della-scuola-di-fotografia-rufa\/","og_site_name":"RUFA - Rome University of Fine Arts","article_published_time":"2020-12-03T13:34:57+00:00","og_image":[{"width":1050,"height":600,"url":"https:\/\/www.unirufa.it\/wp-content\/uploads\/2020\/12\/PREMIO-REFOCUS2.jpg","type":"image\/jpeg"}],"author":"Claudia Vitali","twitter_misc":{"Escrito por":"Claudia Vitali","Tiempo de lectura":"4 minutos"},"schema":{"@context":"https:\/\/schema.org","@graph":[{"@type":"WebPage","@id":"https:\/\/www.unirufa.it\/en\/2020\/12\/03\/premio-refocus-2-tra-i-vincitori-due-studenti-della-scuola-di-fotografia-rufa\/","url":"https:\/\/www.unirufa.it\/en\/2020\/12\/03\/premio-refocus-2-tra-i-vincitori-due-studenti-della-scuola-di-fotografia-rufa\/","name":"Premio REFOCUS\/2, tra i vincitori due studenti della Scuola di Fotografia RUFA - RUFA - Rome University of Fine Arts","isPartOf":{"@id":"https:\/\/www.unirufa.it\/#website"},"primaryImageOfPage":{"@id":"https:\/\/www.unirufa.it\/en\/2020\/12\/03\/premio-refocus-2-tra-i-vincitori-due-studenti-della-scuola-di-fotografia-rufa\/#primaryimage"},"image":{"@id":"https:\/\/www.unirufa.it\/en\/2020\/12\/03\/premio-refocus-2-tra-i-vincitori-due-studenti-della-scuola-di-fotografia-rufa\/#primaryimage"},"thumbnailUrl":"https:\/\/www.unirufa.it\/wp-content\/uploads\/2020\/12\/PREMIO-REFOCUS2.jpg","datePublished":"2020-12-03T13:34:57+00:00","dateModified":"2020-12-03T13:34:57+00:00","author":{"@id":"https:\/\/www.unirufa.it\/#\/schema\/person\/d5c03e37606740dff84050c97a46c80e"},"breadcrumb":{"@id":"https:\/\/www.unirufa.it\/en\/2020\/12\/03\/premio-refocus-2-tra-i-vincitori-due-studenti-della-scuola-di-fotografia-rufa\/#breadcrumb"},"inLanguage":"es","potentialAction":[{"@type":"ReadAction","target":["https:\/\/www.unirufa.it\/en\/2020\/12\/03\/premio-refocus-2-tra-i-vincitori-due-studenti-della-scuola-di-fotografia-rufa\/"]}]},{"@type":"ImageObject","inLanguage":"es","@id":"https:\/\/www.unirufa.it\/en\/2020\/12\/03\/premio-refocus-2-tra-i-vincitori-due-studenti-della-scuola-di-fotografia-rufa\/#primaryimage","url":"https:\/\/www.unirufa.it\/wp-content\/uploads\/2020\/12\/PREMIO-REFOCUS2.jpg","contentUrl":"https:\/\/www.unirufa.it\/wp-content\/uploads\/2020\/12\/PREMIO-REFOCUS2.jpg","width":1050,"height":600},{"@type":"BreadcrumbList","@id":"https:\/\/www.unirufa.it\/en\/2020\/12\/03\/premio-refocus-2-tra-i-vincitori-due-studenti-della-scuola-di-fotografia-rufa\/#breadcrumb","itemListElement":[{"@type":"ListItem","position":1,"name":"Home","item":"https:\/\/www.unirufa.it\/"},{"@type":"ListItem","position":2,"name":"Premio REFOCUS\/2, tra i vincitori due studenti della Scuola di Fotografia RUFA"}]},{"@type":"WebSite","@id":"https:\/\/www.unirufa.it\/#website","url":"https:\/\/www.unirufa.it\/","name":"RUFA - Rome University of Fine Arts","description":"","potentialAction":[{"@type":"SearchAction","target":{"@type":"EntryPoint","urlTemplate":"https:\/\/www.unirufa.it\/?s={search_term_string}"},"query-input":{"@type":"PropertyValueSpecification","valueRequired":true,"valueName":"search_term_string"}}],"inLanguage":"es"},{"@type":"Person","@id":"https:\/\/www.unirufa.it\/#\/schema\/person\/d5c03e37606740dff84050c97a46c80e","name":"Claudia Vitali","image":{"@type":"ImageObject","inLanguage":"es","@id":"https:\/\/www.unirufa.it\/#\/schema\/person\/image\/","url":"https:\/\/secure.gravatar.com\/avatar\/9bd058a2b55efbe5f9e6b68b196c59f4?s=96&d=mm&r=g","contentUrl":"https:\/\/secure.gravatar.com\/avatar\/9bd058a2b55efbe5f9e6b68b196c59f4?s=96&d=mm&r=g","caption":"Claudia Vitali"},"url":"https:\/\/www.unirufa.it\/es\/author\/claudia\/"}]}},"_links":{"self":[{"href":"https:\/\/www.unirufa.it\/es\/wp-json\/wp\/v2\/posts\/34858","targetHints":{"allow":["GET"]}}],"collection":[{"href":"https:\/\/www.unirufa.it\/es\/wp-json\/wp\/v2\/posts"}],"about":[{"href":"https:\/\/www.unirufa.it\/es\/wp-json\/wp\/v2\/types\/post"}],"author":[{"embeddable":true,"href":"https:\/\/www.unirufa.it\/es\/wp-json\/wp\/v2\/users\/28"}],"replies":[{"embeddable":true,"href":"https:\/\/www.unirufa.it\/es\/wp-json\/wp\/v2\/comments?post=34858"}],"version-history":[{"count":9,"href":"https:\/\/www.unirufa.it\/es\/wp-json\/wp\/v2\/posts\/34858\/revisions"}],"predecessor-version":[{"id":34871,"href":"https:\/\/www.unirufa.it\/es\/wp-json\/wp\/v2\/posts\/34858\/revisions\/34871"}],"wp:featuredmedia":[{"embeddable":true,"href":"https:\/\/www.unirufa.it\/es\/wp-json\/wp\/v2\/media\/34864"}],"wp:attachment":[{"href":"https:\/\/www.unirufa.it\/es\/wp-json\/wp\/v2\/media?parent=34858"}],"wp:term":[{"taxonomy":"category","embeddable":true,"href":"https:\/\/www.unirufa.it\/es\/wp-json\/wp\/v2\/categories?post=34858"},{"taxonomy":"post_tag","embeddable":true,"href":"https:\/\/www.unirufa.it\/es\/wp-json\/wp\/v2\/tags?post=34858"}],"curies":[{"name":"wp","href":"https:\/\/api.w.org\/{rel}","templated":true}]}}