


{"id":39066,"date":"2021-03-03T10:38:28","date_gmt":"2021-03-03T09:38:28","guid":{"rendered":"https:\/\/www.unirufa.it\/?p=39066"},"modified":"2021-03-03T10:38:28","modified_gmt":"2021-03-03T09:38:28","slug":"un-bando-dedicato-alla-video-danza","status":"publish","type":"post","link":"https:\/\/www.unirufa.it\/es\/2021\/03\/03\/un-bando-dedicato-alla-video-danza\/","title":{"rendered":"Un bando dedicato alla video-danza"},"content":{"rendered":"<p class=\"qtranxs-available-languages-message qtranxs-available-languages-message-es\">Disculpa, pero esta entrada est\u00e1 disponible s\u00f3lo en <a href=\"https:\/\/www.unirufa.it\/it\/wp-json\/wp\/v2\/posts\/39066\" class=\"qtranxs-available-language-link qtranxs-available-language-link-it\" title=\"IT\">IT<\/a> y <a href=\"https:\/\/www.unirufa.it\/en\/wp-json\/wp\/v2\/posts\/39066\" class=\"qtranxs-available-language-link qtranxs-available-language-link-en\" title=\"EN\">EN<\/a>.<\/p>\u00c8 online il bando per partecipare al <strong>\u201cPremio Roma Danza\u201d<\/strong> che, dal 2018, prevede anche lo svolgimento di una sezione riservata alla cosiddetta <strong>\u201cvideo-danza\u201d<\/strong>. Il \u201cPremio Roma Danza\u00bb \u00e8 un concorso internazionale che nasce nel 2001 sotto l&#8217;Alto Patronato del Presidente della Repubblica e si svolge <strong>dall&#8217;8 al 12 luglio<\/strong>. Tre anni fa \u00e8 stato istituito anche un premio per la video-danza con l&#8217;intenzione di dare visibilit\u00e0 ai nuovi talenti, provenienti da tutto il mondo, impegnati nell&#8217;ambito della coreografia digitale.<\/p>\n<p>I lavori in gara saranno giudicati da una <strong>giuria internazionale<\/strong>, composta da figure di alto profilo artistico del panorama della danza internazionale, della critica, della produzione coreografica e dell\u2019audiovisivo. A causa dell&#8217;emergenza Covid-19 il \u201cPremio Roma Danza\u201d edizione 2021 si concentrer\u00e0 particolarmente sulla video-danza, con particolare attenzione all&#8217;interpretazione e sar\u00e0 articolato nelle sue diverse forme di comunicazione: <strong>Dance Movie<\/strong>, <strong>Published Dance Production<\/strong>, <strong>SmARTphone Dance<\/strong>.<br \/>\n\u00a0<br \/>\nPer la categoria <strong>Dance Movie<\/strong> il video presentato deve essere originale e inedito e deve avere come soggetto la danza in tutte le sue forme e pu\u00f2 essere realizzato con qualsiasi hardware o software per editing. Durata max 3\u2019 \u2013 titoli esclusi.<\/p>\n<p>Per la <strong>Published Dance Production<\/strong> il video presentato deve essere gi\u00e0 prodotto e pubblicato negli ultimi tre anni. Sono inclusi: dance movie, animazioni di danza e documentari finalizzati alla diffusione della conoscenza dei diversi aspetti della societ\u00e0 che utilizzino la danza come mezzo espressivo. Sono esclusi i videoclip musicali. Durata max 4\u2019 \u2013 titoli esclusi.<\/p>\n<p>Per la <strong>SmARTphone Dance<\/strong> l&#8217;opera presentata deve essere un breve video originale e inedito, realizzato esclusivamente con lo smartphone ed elaborato tramite le applicazioni per l\u2019editing video per smartphone. Durata max 1\u201930\u201d- titoli inclusi.\u00a0<\/p>\n<p>Ampi e diversificati i premi indirizzati non solo agli autori, ma ovviamente anche agli interpreti. Per maggiori informazioni visita il sito dell&#8217;<a href=\"https:\/\/www.accademianazionaledanza.it\/premio-roma-danza\/\"><strong>Accademia Nazionale di Danza<\/strong><\/a>.<br \/>\n&nbsp;<\/p>\n<p><a class=\"download-btn\" href=\"https:\/\/www.unirufa.it\/wp-content\/uploads\/2021\/03\/Bando-dedicato-alla-video-danza_Regolamento_Ita.pdf\">LEGGI IL REGOLAMENTO<\/a>","protected":false},"excerpt":{"rendered":"<p>Disculpa, pero esta entrada est\u00e1 disponible s\u00f3lo en IT y EN.\u00c8 online il bando per partecipare al \u201cPremio Roma Danza\u201d che, dal 2018, prevede anche lo svolgimento di una sezione riservata alla cosiddetta \u201cvideo-danza\u201d. Il \u201cPremio Roma Danza\u00bb \u00e8 un concorso internazionale che nasce nel 2001 sotto l&#8217;Alto Patronato del Presidente della Repubblica e si&#8230;  <a class=\"excerpt-read-more\" href=\"https:\/\/www.unirufa.it\/es\/2021\/03\/03\/un-bando-dedicato-alla-video-danza\/\" title=\"Read Un bando dedicato alla video-danza\">Find out more<\/a><\/p>\n","protected":false},"author":28,"featured_media":0,"comment_status":"closed","ping_status":"closed","sticky":false,"template":"","format":"standard","meta":{"content-type":"","footnotes":""},"categories":[1629,951],"tags":[],"class_list":["post-39066","post","type-post","status-publish","format-standard","hentry","category-accademia","category-bandi"],"yoast_head":"<!-- This site is optimized with the Yoast SEO plugin v24.2 - https:\/\/yoast.com\/wordpress\/plugins\/seo\/ -->\n<title>Un bando dedicato alla video-danza - RUFA - Rome University of Fine Arts<\/title>\n<meta name=\"robots\" content=\"index, follow, max-snippet:-1, max-image-preview:large, max-video-preview:-1\" \/>\n<link rel=\"canonical\" href=\"https:\/\/www.unirufa.it\/es\/2021\/03\/03\/un-bando-dedicato-alla-video-danza\/\" \/>\n<meta property=\"og:locale\" content=\"es_ES\" \/>\n<meta property=\"og:type\" content=\"article\" \/>\n<meta property=\"og:title\" content=\"Un bando dedicato alla video-danza - RUFA - Rome University of Fine Arts\" \/>\n<meta property=\"og:description\" content=\"Disculpa, pero esta entrada est\u00e1 disponible s\u00f3lo en IT y EN.\u00c8 online il bando per partecipare al \u201cPremio Roma Danza\u201d che, dal 2018, prevede anche lo svolgimento di una sezione riservata alla cosiddetta \u201cvideo-danza\u201d. Il \u201cPremio Roma Danza\u00bb \u00e8 un concorso internazionale che nasce nel 2001 sotto l&#8217;Alto Patronato del Presidente della Repubblica e si... Find out more\" \/>\n<meta property=\"og:url\" content=\"https:\/\/www.unirufa.it\/es\/2021\/03\/03\/un-bando-dedicato-alla-video-danza\/\" \/>\n<meta property=\"og:site_name\" content=\"RUFA - Rome University of Fine Arts\" \/>\n<meta property=\"article:published_time\" content=\"2021-03-03T09:38:28+00:00\" \/>\n<meta property=\"og:image\" content=\"https:\/\/www.unirufa.it\/wp-content\/uploads\/2017\/11\/logo-rufa-2016.png\" \/>\n\t<meta property=\"og:image:width\" content=\"230\" \/>\n\t<meta property=\"og:image:height\" content=\"149\" \/>\n\t<meta property=\"og:image:type\" content=\"image\/png\" \/>\n<meta name=\"author\" content=\"Claudia Vitali\" \/>\n<meta name=\"twitter:label1\" content=\"Escrito por\" \/>\n\t<meta name=\"twitter:data1\" content=\"Claudia Vitali\" \/>\n\t<meta name=\"twitter:label2\" content=\"Tiempo de lectura\" \/>\n\t<meta name=\"twitter:data2\" content=\"3 minutos\" \/>\n<script type=\"application\/ld+json\" class=\"yoast-schema-graph\">{\"@context\":\"https:\/\/schema.org\",\"@graph\":[{\"@type\":\"WebPage\",\"@id\":\"https:\/\/www.unirufa.it\/es\/2021\/03\/03\/un-bando-dedicato-alla-video-danza\/\",\"url\":\"https:\/\/www.unirufa.it\/es\/2021\/03\/03\/un-bando-dedicato-alla-video-danza\/\",\"name\":\"Un bando dedicato alla video-danza - RUFA - Rome University of Fine Arts\",\"isPartOf\":{\"@id\":\"https:\/\/www.unirufa.it\/#website\"},\"datePublished\":\"2021-03-03T09:38:28+00:00\",\"dateModified\":\"2021-03-03T09:38:28+00:00\",\"author\":{\"@id\":\"https:\/\/www.unirufa.it\/#\/schema\/person\/d5c03e37606740dff84050c97a46c80e\"},\"breadcrumb\":{\"@id\":\"https:\/\/www.unirufa.it\/es\/2021\/03\/03\/un-bando-dedicato-alla-video-danza\/#breadcrumb\"},\"inLanguage\":\"es\",\"potentialAction\":[{\"@type\":\"ReadAction\",\"target\":[\"https:\/\/www.unirufa.it\/es\/2021\/03\/03\/un-bando-dedicato-alla-video-danza\/\"]}]},{\"@type\":\"BreadcrumbList\",\"@id\":\"https:\/\/www.unirufa.it\/es\/2021\/03\/03\/un-bando-dedicato-alla-video-danza\/#breadcrumb\",\"itemListElement\":[{\"@type\":\"ListItem\",\"position\":1,\"name\":\"Home\",\"item\":\"https:\/\/www.unirufa.it\/\"},{\"@type\":\"ListItem\",\"position\":2,\"name\":\"Un bando dedicato alla video-danza\"}]},{\"@type\":\"WebSite\",\"@id\":\"https:\/\/www.unirufa.it\/#website\",\"url\":\"https:\/\/www.unirufa.it\/\",\"name\":\"RUFA - Rome University of Fine Arts\",\"description\":\"\",\"potentialAction\":[{\"@type\":\"SearchAction\",\"target\":{\"@type\":\"EntryPoint\",\"urlTemplate\":\"https:\/\/www.unirufa.it\/?s={search_term_string}\"},\"query-input\":{\"@type\":\"PropertyValueSpecification\",\"valueRequired\":true,\"valueName\":\"search_term_string\"}}],\"inLanguage\":\"es\"},{\"@type\":\"Person\",\"@id\":\"https:\/\/www.unirufa.it\/#\/schema\/person\/d5c03e37606740dff84050c97a46c80e\",\"name\":\"Claudia Vitali\",\"image\":{\"@type\":\"ImageObject\",\"inLanguage\":\"es\",\"@id\":\"https:\/\/www.unirufa.it\/#\/schema\/person\/image\/\",\"url\":\"https:\/\/secure.gravatar.com\/avatar\/9bd058a2b55efbe5f9e6b68b196c59f4?s=96&d=mm&r=g\",\"contentUrl\":\"https:\/\/secure.gravatar.com\/avatar\/9bd058a2b55efbe5f9e6b68b196c59f4?s=96&d=mm&r=g\",\"caption\":\"Claudia Vitali\"},\"url\":\"https:\/\/www.unirufa.it\/es\/author\/claudia\/\"}]}<\/script>\n<!-- \/ Yoast SEO plugin. -->","yoast_head_json":{"title":"Un bando dedicato alla video-danza - RUFA - Rome University of Fine Arts","robots":{"index":"index","follow":"follow","max-snippet":"max-snippet:-1","max-image-preview":"max-image-preview:large","max-video-preview":"max-video-preview:-1"},"canonical":"https:\/\/www.unirufa.it\/es\/2021\/03\/03\/un-bando-dedicato-alla-video-danza\/","og_locale":"es_ES","og_type":"article","og_title":"Un bando dedicato alla video-danza - RUFA - Rome University of Fine Arts","og_description":"Disculpa, pero esta entrada est\u00e1 disponible s\u00f3lo en IT y EN.\u00c8 online il bando per partecipare al \u201cPremio Roma Danza\u201d che, dal 2018, prevede anche lo svolgimento di una sezione riservata alla cosiddetta \u201cvideo-danza\u201d. Il \u201cPremio Roma Danza\u00bb \u00e8 un concorso internazionale che nasce nel 2001 sotto l&#8217;Alto Patronato del Presidente della Repubblica e si... Find out more","og_url":"https:\/\/www.unirufa.it\/es\/2021\/03\/03\/un-bando-dedicato-alla-video-danza\/","og_site_name":"RUFA - Rome University of Fine Arts","article_published_time":"2021-03-03T09:38:28+00:00","og_image":[{"width":230,"height":149,"url":"https:\/\/www.unirufa.it\/wp-content\/uploads\/2017\/11\/logo-rufa-2016.png","type":"image\/png"}],"author":"Claudia Vitali","twitter_misc":{"Escrito por":"Claudia Vitali","Tiempo de lectura":"3 minutos"},"schema":{"@context":"https:\/\/schema.org","@graph":[{"@type":"WebPage","@id":"https:\/\/www.unirufa.it\/es\/2021\/03\/03\/un-bando-dedicato-alla-video-danza\/","url":"https:\/\/www.unirufa.it\/es\/2021\/03\/03\/un-bando-dedicato-alla-video-danza\/","name":"Un bando dedicato alla video-danza - RUFA - Rome University of Fine Arts","isPartOf":{"@id":"https:\/\/www.unirufa.it\/#website"},"datePublished":"2021-03-03T09:38:28+00:00","dateModified":"2021-03-03T09:38:28+00:00","author":{"@id":"https:\/\/www.unirufa.it\/#\/schema\/person\/d5c03e37606740dff84050c97a46c80e"},"breadcrumb":{"@id":"https:\/\/www.unirufa.it\/es\/2021\/03\/03\/un-bando-dedicato-alla-video-danza\/#breadcrumb"},"inLanguage":"es","potentialAction":[{"@type":"ReadAction","target":["https:\/\/www.unirufa.it\/es\/2021\/03\/03\/un-bando-dedicato-alla-video-danza\/"]}]},{"@type":"BreadcrumbList","@id":"https:\/\/www.unirufa.it\/es\/2021\/03\/03\/un-bando-dedicato-alla-video-danza\/#breadcrumb","itemListElement":[{"@type":"ListItem","position":1,"name":"Home","item":"https:\/\/www.unirufa.it\/"},{"@type":"ListItem","position":2,"name":"Un bando dedicato alla video-danza"}]},{"@type":"WebSite","@id":"https:\/\/www.unirufa.it\/#website","url":"https:\/\/www.unirufa.it\/","name":"RUFA - Rome University of Fine Arts","description":"","potentialAction":[{"@type":"SearchAction","target":{"@type":"EntryPoint","urlTemplate":"https:\/\/www.unirufa.it\/?s={search_term_string}"},"query-input":{"@type":"PropertyValueSpecification","valueRequired":true,"valueName":"search_term_string"}}],"inLanguage":"es"},{"@type":"Person","@id":"https:\/\/www.unirufa.it\/#\/schema\/person\/d5c03e37606740dff84050c97a46c80e","name":"Claudia Vitali","image":{"@type":"ImageObject","inLanguage":"es","@id":"https:\/\/www.unirufa.it\/#\/schema\/person\/image\/","url":"https:\/\/secure.gravatar.com\/avatar\/9bd058a2b55efbe5f9e6b68b196c59f4?s=96&d=mm&r=g","contentUrl":"https:\/\/secure.gravatar.com\/avatar\/9bd058a2b55efbe5f9e6b68b196c59f4?s=96&d=mm&r=g","caption":"Claudia Vitali"},"url":"https:\/\/www.unirufa.it\/es\/author\/claudia\/"}]}},"_links":{"self":[{"href":"https:\/\/www.unirufa.it\/es\/wp-json\/wp\/v2\/posts\/39066","targetHints":{"allow":["GET"]}}],"collection":[{"href":"https:\/\/www.unirufa.it\/es\/wp-json\/wp\/v2\/posts"}],"about":[{"href":"https:\/\/www.unirufa.it\/es\/wp-json\/wp\/v2\/types\/post"}],"author":[{"embeddable":true,"href":"https:\/\/www.unirufa.it\/es\/wp-json\/wp\/v2\/users\/28"}],"replies":[{"embeddable":true,"href":"https:\/\/www.unirufa.it\/es\/wp-json\/wp\/v2\/comments?post=39066"}],"version-history":[{"count":4,"href":"https:\/\/www.unirufa.it\/es\/wp-json\/wp\/v2\/posts\/39066\/revisions"}],"predecessor-version":[{"id":39105,"href":"https:\/\/www.unirufa.it\/es\/wp-json\/wp\/v2\/posts\/39066\/revisions\/39105"}],"wp:attachment":[{"href":"https:\/\/www.unirufa.it\/es\/wp-json\/wp\/v2\/media?parent=39066"}],"wp:term":[{"taxonomy":"category","embeddable":true,"href":"https:\/\/www.unirufa.it\/es\/wp-json\/wp\/v2\/categories?post=39066"},{"taxonomy":"post_tag","embeddable":true,"href":"https:\/\/www.unirufa.it\/es\/wp-json\/wp\/v2\/tags?post=39066"}],"curies":[{"name":"wp","href":"https:\/\/api.w.org\/{rel}","templated":true}]}}