


{"id":41707,"date":"2021-04-09T10:12:22","date_gmt":"2021-04-09T08:12:22","guid":{"rendered":"https:\/\/www.unirufa.it\/?p=41707"},"modified":"2021-04-09T10:12:22","modified_gmt":"2021-04-09T08:12:22","slug":"la-ricerca-artistica-in-mostra-al-rufa-space","status":"publish","type":"post","link":"https:\/\/www.unirufa.it\/es\/2021\/04\/09\/la-ricerca-artistica-in-mostra-al-rufa-space\/","title":{"rendered":"La ricerca artistica in mostra al RUFA Space"},"content":{"rendered":"<p class=\"qtranxs-available-languages-message qtranxs-available-languages-message-es\">Disculpa, pero esta entrada est\u00e1 disponible s\u00f3lo en <a href=\"https:\/\/www.unirufa.it\/it\/wp-json\/wp\/v2\/posts\/41707\" class=\"qtranxs-available-language-link qtranxs-available-language-link-it\" title=\"IT\">IT<\/a> y <a href=\"https:\/\/www.unirufa.it\/en\/wp-json\/wp\/v2\/posts\/41707\" class=\"qtranxs-available-language-link qtranxs-available-language-link-en\" title=\"EN\">EN<\/a>.<\/p><strong>\u201c620 secondi\u201d<\/strong> \u00e8 il nome del progetto artistico che la studentessa <strong>Miriana D\u2019Alessandro<\/strong> terr\u00e0 tra il <strong>14<\/strong> e il <strong>15 aprile<\/strong> presso il <strong>RUFA Space<\/strong> alle ore 17, in via degli Ausoni 7, nella cornice storica e culturale del <strong>Pastificio Cerere<\/strong>.<\/p>\n<p>L\u2019esperienza, nelle intenzioni del docente <strong>Simone Cametti<\/strong>, si inserisce nell\u2019ambito del programma <strong>\u201cAusoni occupato\u201d<\/strong>. Incentrato sulla multimedialit\u00e0 quale chiave concettuale, \u00e8 da intendere come un\u2019apertura dello sguardo a un diverso approccio e relazione tra le diverse discipline artistiche. <strong>L\u2019obiettivo \u00e8 maturare una consapevolezza maggiore delle varie possibilit\u00e0 tecniche\/mediatiche nel percorso artistico di ogni singolo studente. <\/strong><\/p>\n<p>Da aprile a giugno si svilupperanno azioni volte a \u201coccupare\u201d il RUFA Space per mezzo di <strong>fotografie<\/strong>, <strong>pittura<\/strong>, <strong>installazioni multimediali<\/strong> e <strong>performance<\/strong> con azioni della <strong>durata limite di 24 ore<\/strong>. Prendendo in esame i processi di occupazione dell&#8217;arte in questo ultimo secolo, dalle pratiche Fluxus, con Fluxhouse, alla Kunsthaus Tacheles di Berlino, al 59 Rue de Rivoli di Parigi, occupare oggi pi\u00f9 che mai \u00e8 un atto di necessit\u00e0.<\/p>\n<p>\u201c620 secondi\u201d nasce da una riflessione fatta durante una sessione di cammino. <strong>L&#8217;attenzione \u00e8 rivolta all\u2019elemento acqua e a quanto essa renda percepibile la fugacit\u00e0 del generale passaggio da parte dell\u2019individuo. \u00c8 un&#8217;impronta bagnata a dare prova della breve permanenza dei passi.<\/strong><\/p>\n<p>Il punto di partenza \u00e8 rappresentato da <strong>\u201c32 metri quadrati di mare circa\u201d (1967) di Gino Pascali<\/strong>: l\u2019autrice ha ricostruito una delle vasche presenti nell\u2019installazione, riempiendola in egual modo di acqua di mare. <em>\u00abL\u2019acqua salata<\/em> \u2013 spiega Miriana D\u2019Alessandro &#8211; <em>interviene sulla vasca e successivamente, entrandovi ed uscendovi, porter\u00f2 con me l&#8217;acqua che i miei passi raccoglieranno, disegnando con il camminare il perimetro della stanza. Mi preme restituire alla natura il ruolo di variabile indipendente. Portare fuori l&#8217;acqua dal metro quadro \u00e8 sottrarla all\u2019artificio e contemporaneamente rendermi testimonianza di una riflessione riguardo un ulteriore, limitativo, inscatolamento\u00bb.<\/em><br \/>\n&nbsp;<\/p>\n<p><a id=\"btn-prenota\" class=\"download-btn\" href=\"https:\/\/www.cognitoforms.com\/RUFA1\/PrenotaLaVisitaAllaMostra620SecondiDiMirianaDAlessandroBookYourVisitToTheExhibition620SecondsByMir\">PRENOTA LA VISITA<\/a><br \/>\n&nbsp;","protected":false},"excerpt":{"rendered":"<p>Disculpa, pero esta entrada est\u00e1 disponible s\u00f3lo en IT y EN.\u201c620 secondi\u201d \u00e8 il nome del progetto artistico che la studentessa Miriana D\u2019Alessandro terr\u00e0 tra il 14 e il 15 aprile presso il RUFA Space alle ore 17, in via degli Ausoni 7, nella cornice storica e culturale del Pastificio Cerere. L\u2019esperienza, nelle intenzioni del&#8230;  <a class=\"excerpt-read-more\" href=\"https:\/\/www.unirufa.it\/es\/2021\/04\/09\/la-ricerca-artistica-in-mostra-al-rufa-space\/\" title=\"Read La ricerca artistica in mostra al RUFA Space\">Find out more<\/a><\/p>\n","protected":false},"author":28,"featured_media":41714,"comment_status":"closed","ping_status":"closed","sticky":false,"template":"","format":"standard","meta":{"content-type":"","footnotes":""},"categories":[1638,937,1637],"tags":[],"class_list":["post-41707","post","type-post","status-publish","format-standard","has-post-thumbnail","hentry","category-fine-arts","category-pittura-scultura","category-scultura-e-installazione"],"yoast_head":"<!-- This site is optimized with the Yoast SEO plugin v24.2 - https:\/\/yoast.com\/wordpress\/plugins\/seo\/ -->\n<title>La ricerca artistica in mostra al RUFA Space - RUFA - Rome University of Fine Arts<\/title>\n<meta name=\"description\" content=\"\u201c620 secondi\u201d \u00e8 il progetto artistico che la studentessa Miriana D\u2019Alessandro terr\u00e0 tra il 14 e il 15 aprile al RUFA Space dalle 17 alle 20.\" \/>\n<meta name=\"robots\" content=\"index, follow, max-snippet:-1, max-image-preview:large, max-video-preview:-1\" \/>\n<link rel=\"canonical\" href=\"https:\/\/www.unirufa.it\/es\/2021\/04\/09\/la-ricerca-artistica-in-mostra-al-rufa-space\/\" \/>\n<meta property=\"og:locale\" content=\"es_ES\" \/>\n<meta property=\"og:type\" content=\"article\" \/>\n<meta property=\"og:title\" content=\"La ricerca artistica in mostra al RUFA Space - RUFA - Rome University of Fine Arts\" \/>\n<meta property=\"og:description\" content=\"\u201c620 secondi\u201d \u00e8 il progetto artistico che la studentessa Miriana D\u2019Alessandro terr\u00e0 tra il 14 e il 15 aprile al RUFA Space dalle 17 alle 20.\" \/>\n<meta property=\"og:url\" content=\"https:\/\/www.unirufa.it\/es\/2021\/04\/09\/la-ricerca-artistica-in-mostra-al-rufa-space\/\" \/>\n<meta property=\"og:site_name\" content=\"RUFA - Rome University of Fine Arts\" \/>\n<meta property=\"article:published_time\" content=\"2021-04-09T08:12:22+00:00\" \/>\n<meta property=\"og:image\" content=\"https:\/\/www.unirufa.it\/wp-content\/uploads\/2021\/04\/620-secondi-Miriana-DAlessandro_Immagine_1050x600.jpg\" \/>\n\t<meta property=\"og:image:width\" content=\"1050\" \/>\n\t<meta property=\"og:image:height\" content=\"600\" \/>\n\t<meta property=\"og:image:type\" content=\"image\/jpeg\" \/>\n<meta name=\"author\" content=\"Claudia Vitali\" \/>\n<meta name=\"twitter:label1\" content=\"Escrito por\" \/>\n\t<meta name=\"twitter:data1\" content=\"Claudia Vitali\" \/>\n\t<meta name=\"twitter:label2\" content=\"Tiempo de lectura\" \/>\n\t<meta name=\"twitter:data2\" content=\"3 minutos\" \/>\n<script type=\"application\/ld+json\" class=\"yoast-schema-graph\">{\"@context\":\"https:\/\/schema.org\",\"@graph\":[{\"@type\":\"WebPage\",\"@id\":\"https:\/\/www.unirufa.it\/es\/2021\/04\/09\/la-ricerca-artistica-in-mostra-al-rufa-space\/\",\"url\":\"https:\/\/www.unirufa.it\/es\/2021\/04\/09\/la-ricerca-artistica-in-mostra-al-rufa-space\/\",\"name\":\"La ricerca artistica in mostra al RUFA Space - RUFA - Rome University of Fine Arts\",\"isPartOf\":{\"@id\":\"https:\/\/www.unirufa.it\/#website\"},\"primaryImageOfPage\":{\"@id\":\"https:\/\/www.unirufa.it\/es\/2021\/04\/09\/la-ricerca-artistica-in-mostra-al-rufa-space\/#primaryimage\"},\"image\":{\"@id\":\"https:\/\/www.unirufa.it\/es\/2021\/04\/09\/la-ricerca-artistica-in-mostra-al-rufa-space\/#primaryimage\"},\"thumbnailUrl\":\"https:\/\/www.unirufa.it\/wp-content\/uploads\/2021\/04\/620-secondi-Miriana-DAlessandro_Immagine_1050x600.jpg\",\"datePublished\":\"2021-04-09T08:12:22+00:00\",\"dateModified\":\"2021-04-09T08:12:22+00:00\",\"author\":{\"@id\":\"https:\/\/www.unirufa.it\/#\/schema\/person\/d5c03e37606740dff84050c97a46c80e\"},\"description\":\"\u201c620 secondi\u201d \u00e8 il progetto artistico che la studentessa Miriana D\u2019Alessandro terr\u00e0 tra il 14 e il 15 aprile al RUFA Space dalle 17 alle 20.\",\"breadcrumb\":{\"@id\":\"https:\/\/www.unirufa.it\/es\/2021\/04\/09\/la-ricerca-artistica-in-mostra-al-rufa-space\/#breadcrumb\"},\"inLanguage\":\"es\",\"potentialAction\":[{\"@type\":\"ReadAction\",\"target\":[\"https:\/\/www.unirufa.it\/es\/2021\/04\/09\/la-ricerca-artistica-in-mostra-al-rufa-space\/\"]}]},{\"@type\":\"ImageObject\",\"inLanguage\":\"es\",\"@id\":\"https:\/\/www.unirufa.it\/es\/2021\/04\/09\/la-ricerca-artistica-in-mostra-al-rufa-space\/#primaryimage\",\"url\":\"https:\/\/www.unirufa.it\/wp-content\/uploads\/2021\/04\/620-secondi-Miriana-DAlessandro_Immagine_1050x600.jpg\",\"contentUrl\":\"https:\/\/www.unirufa.it\/wp-content\/uploads\/2021\/04\/620-secondi-Miriana-DAlessandro_Immagine_1050x600.jpg\",\"width\":1050,\"height\":600},{\"@type\":\"BreadcrumbList\",\"@id\":\"https:\/\/www.unirufa.it\/es\/2021\/04\/09\/la-ricerca-artistica-in-mostra-al-rufa-space\/#breadcrumb\",\"itemListElement\":[{\"@type\":\"ListItem\",\"position\":1,\"name\":\"Home\",\"item\":\"https:\/\/www.unirufa.it\/\"},{\"@type\":\"ListItem\",\"position\":2,\"name\":\"Artistic research on show at RUFA Space\"}]},{\"@type\":\"WebSite\",\"@id\":\"https:\/\/www.unirufa.it\/#website\",\"url\":\"https:\/\/www.unirufa.it\/\",\"name\":\"RUFA - Rome University of Fine Arts\",\"description\":\"\",\"potentialAction\":[{\"@type\":\"SearchAction\",\"target\":{\"@type\":\"EntryPoint\",\"urlTemplate\":\"https:\/\/www.unirufa.it\/?s={search_term_string}\"},\"query-input\":{\"@type\":\"PropertyValueSpecification\",\"valueRequired\":true,\"valueName\":\"search_term_string\"}}],\"inLanguage\":\"es\"},{\"@type\":\"Person\",\"@id\":\"https:\/\/www.unirufa.it\/#\/schema\/person\/d5c03e37606740dff84050c97a46c80e\",\"name\":\"Claudia Vitali\",\"image\":{\"@type\":\"ImageObject\",\"inLanguage\":\"es\",\"@id\":\"https:\/\/www.unirufa.it\/#\/schema\/person\/image\/\",\"url\":\"https:\/\/secure.gravatar.com\/avatar\/9bd058a2b55efbe5f9e6b68b196c59f4?s=96&d=mm&r=g\",\"contentUrl\":\"https:\/\/secure.gravatar.com\/avatar\/9bd058a2b55efbe5f9e6b68b196c59f4?s=96&d=mm&r=g\",\"caption\":\"Claudia Vitali\"},\"url\":\"https:\/\/www.unirufa.it\/es\/author\/claudia\/\"}]}<\/script>\n<!-- \/ Yoast SEO plugin. -->","yoast_head_json":{"title":"La ricerca artistica in mostra al RUFA Space - RUFA - Rome University of Fine Arts","description":"\u201c620 secondi\u201d \u00e8 il progetto artistico che la studentessa Miriana D\u2019Alessandro terr\u00e0 tra il 14 e il 15 aprile al RUFA Space dalle 17 alle 20.","robots":{"index":"index","follow":"follow","max-snippet":"max-snippet:-1","max-image-preview":"max-image-preview:large","max-video-preview":"max-video-preview:-1"},"canonical":"https:\/\/www.unirufa.it\/es\/2021\/04\/09\/la-ricerca-artistica-in-mostra-al-rufa-space\/","og_locale":"es_ES","og_type":"article","og_title":"La ricerca artistica in mostra al RUFA Space - RUFA - Rome University of Fine Arts","og_description":"\u201c620 secondi\u201d \u00e8 il progetto artistico che la studentessa Miriana D\u2019Alessandro terr\u00e0 tra il 14 e il 15 aprile al RUFA Space dalle 17 alle 20.","og_url":"https:\/\/www.unirufa.it\/es\/2021\/04\/09\/la-ricerca-artistica-in-mostra-al-rufa-space\/","og_site_name":"RUFA - Rome University of Fine Arts","article_published_time":"2021-04-09T08:12:22+00:00","og_image":[{"width":1050,"height":600,"url":"https:\/\/www.unirufa.it\/wp-content\/uploads\/2021\/04\/620-secondi-Miriana-DAlessandro_Immagine_1050x600.jpg","type":"image\/jpeg"}],"author":"Claudia Vitali","twitter_misc":{"Escrito por":"Claudia Vitali","Tiempo de lectura":"3 minutos"},"schema":{"@context":"https:\/\/schema.org","@graph":[{"@type":"WebPage","@id":"https:\/\/www.unirufa.it\/es\/2021\/04\/09\/la-ricerca-artistica-in-mostra-al-rufa-space\/","url":"https:\/\/www.unirufa.it\/es\/2021\/04\/09\/la-ricerca-artistica-in-mostra-al-rufa-space\/","name":"La ricerca artistica in mostra al RUFA Space - RUFA - Rome University of Fine Arts","isPartOf":{"@id":"https:\/\/www.unirufa.it\/#website"},"primaryImageOfPage":{"@id":"https:\/\/www.unirufa.it\/es\/2021\/04\/09\/la-ricerca-artistica-in-mostra-al-rufa-space\/#primaryimage"},"image":{"@id":"https:\/\/www.unirufa.it\/es\/2021\/04\/09\/la-ricerca-artistica-in-mostra-al-rufa-space\/#primaryimage"},"thumbnailUrl":"https:\/\/www.unirufa.it\/wp-content\/uploads\/2021\/04\/620-secondi-Miriana-DAlessandro_Immagine_1050x600.jpg","datePublished":"2021-04-09T08:12:22+00:00","dateModified":"2021-04-09T08:12:22+00:00","author":{"@id":"https:\/\/www.unirufa.it\/#\/schema\/person\/d5c03e37606740dff84050c97a46c80e"},"description":"\u201c620 secondi\u201d \u00e8 il progetto artistico che la studentessa Miriana D\u2019Alessandro terr\u00e0 tra il 14 e il 15 aprile al RUFA Space dalle 17 alle 20.","breadcrumb":{"@id":"https:\/\/www.unirufa.it\/es\/2021\/04\/09\/la-ricerca-artistica-in-mostra-al-rufa-space\/#breadcrumb"},"inLanguage":"es","potentialAction":[{"@type":"ReadAction","target":["https:\/\/www.unirufa.it\/es\/2021\/04\/09\/la-ricerca-artistica-in-mostra-al-rufa-space\/"]}]},{"@type":"ImageObject","inLanguage":"es","@id":"https:\/\/www.unirufa.it\/es\/2021\/04\/09\/la-ricerca-artistica-in-mostra-al-rufa-space\/#primaryimage","url":"https:\/\/www.unirufa.it\/wp-content\/uploads\/2021\/04\/620-secondi-Miriana-DAlessandro_Immagine_1050x600.jpg","contentUrl":"https:\/\/www.unirufa.it\/wp-content\/uploads\/2021\/04\/620-secondi-Miriana-DAlessandro_Immagine_1050x600.jpg","width":1050,"height":600},{"@type":"BreadcrumbList","@id":"https:\/\/www.unirufa.it\/es\/2021\/04\/09\/la-ricerca-artistica-in-mostra-al-rufa-space\/#breadcrumb","itemListElement":[{"@type":"ListItem","position":1,"name":"Home","item":"https:\/\/www.unirufa.it\/"},{"@type":"ListItem","position":2,"name":"Artistic research on show at RUFA Space"}]},{"@type":"WebSite","@id":"https:\/\/www.unirufa.it\/#website","url":"https:\/\/www.unirufa.it\/","name":"RUFA - Rome University of Fine Arts","description":"","potentialAction":[{"@type":"SearchAction","target":{"@type":"EntryPoint","urlTemplate":"https:\/\/www.unirufa.it\/?s={search_term_string}"},"query-input":{"@type":"PropertyValueSpecification","valueRequired":true,"valueName":"search_term_string"}}],"inLanguage":"es"},{"@type":"Person","@id":"https:\/\/www.unirufa.it\/#\/schema\/person\/d5c03e37606740dff84050c97a46c80e","name":"Claudia Vitali","image":{"@type":"ImageObject","inLanguage":"es","@id":"https:\/\/www.unirufa.it\/#\/schema\/person\/image\/","url":"https:\/\/secure.gravatar.com\/avatar\/9bd058a2b55efbe5f9e6b68b196c59f4?s=96&d=mm&r=g","contentUrl":"https:\/\/secure.gravatar.com\/avatar\/9bd058a2b55efbe5f9e6b68b196c59f4?s=96&d=mm&r=g","caption":"Claudia Vitali"},"url":"https:\/\/www.unirufa.it\/es\/author\/claudia\/"}]}},"_links":{"self":[{"href":"https:\/\/www.unirufa.it\/es\/wp-json\/wp\/v2\/posts\/41707","targetHints":{"allow":["GET"]}}],"collection":[{"href":"https:\/\/www.unirufa.it\/es\/wp-json\/wp\/v2\/posts"}],"about":[{"href":"https:\/\/www.unirufa.it\/es\/wp-json\/wp\/v2\/types\/post"}],"author":[{"embeddable":true,"href":"https:\/\/www.unirufa.it\/es\/wp-json\/wp\/v2\/users\/28"}],"replies":[{"embeddable":true,"href":"https:\/\/www.unirufa.it\/es\/wp-json\/wp\/v2\/comments?post=41707"}],"version-history":[{"count":6,"href":"https:\/\/www.unirufa.it\/es\/wp-json\/wp\/v2\/posts\/41707\/revisions"}],"predecessor-version":[{"id":41713,"href":"https:\/\/www.unirufa.it\/es\/wp-json\/wp\/v2\/posts\/41707\/revisions\/41713"}],"wp:featuredmedia":[{"embeddable":true,"href":"https:\/\/www.unirufa.it\/es\/wp-json\/wp\/v2\/media\/41714"}],"wp:attachment":[{"href":"https:\/\/www.unirufa.it\/es\/wp-json\/wp\/v2\/media?parent=41707"}],"wp:term":[{"taxonomy":"category","embeddable":true,"href":"https:\/\/www.unirufa.it\/es\/wp-json\/wp\/v2\/categories?post=41707"},{"taxonomy":"post_tag","embeddable":true,"href":"https:\/\/www.unirufa.it\/es\/wp-json\/wp\/v2\/tags?post=41707"}],"curies":[{"name":"wp","href":"https:\/\/api.w.org\/{rel}","templated":true}]}}