


{"id":44862,"date":"2021-05-20T11:30:37","date_gmt":"2021-05-20T09:30:37","guid":{"rendered":"https:\/\/www.unirufa.it\/?p=44862"},"modified":"2021-05-25T18:08:35","modified_gmt":"2021-05-25T16:08:35","slug":"dal-municipio-roma-i-centro-la-rigenerazione-del-centro-storico-attraverso-larte-contemporanea","status":"publish","type":"post","link":"https:\/\/www.unirufa.it\/es\/2021\/05\/20\/dal-municipio-roma-i-centro-la-rigenerazione-del-centro-storico-attraverso-larte-contemporanea\/","title":{"rendered":"Dal Municipio Roma I Centro, la rigenerazione del centro storico attraverso l&#8217;arte contemporanea"},"content":{"rendered":"<p class=\"qtranxs-available-languages-message qtranxs-available-languages-message-es\">Disculpa, pero esta entrada est\u00e1 disponible s\u00f3lo en <a href=\"https:\/\/www.unirufa.it\/it\/wp-json\/wp\/v2\/posts\/44862\" class=\"qtranxs-available-language-link qtranxs-available-language-link-it\" title=\"IT\">IT<\/a> y <a href=\"https:\/\/www.unirufa.it\/en\/wp-json\/wp\/v2\/posts\/44862\" class=\"qtranxs-available-language-link qtranxs-available-language-link-en\" title=\"EN\">EN<\/a>.<\/p>Il <strong>Municipio Roma I Centro<\/strong> tra il 2014 ed il 2020 si \u00e8 adoperato per sostenere la realizzazione di rilevanti interventi di riqualificazione e manutenzione di spazi urbani pubblici nel centro storico della Capitale. \u00c8 in questo contesto che \u00e8 nata l\u2019esperienza <strong>\u201cRoma sei mia\u201d<\/strong>: un ampio e diversificato progetto che ha favorito processi partecipativi della cittadinanza nella cura del territorio. In continuit\u00e0 con quanto fino ad ora fatto, la presidente Sabina Alfonsi e l\u2019assessore alla rigenerazione urbana e alle attivit\u00e0 produttive Giulia Urso hanno pensato di affidare all\u2019arte contemporanea il prosieguo di tale esperienza, potenziando l\u2019attrattivit\u00e0 di otto differenti luoghi, che ricadono nella giurisdizione del Municipio I Roma Centro. <\/p>\n<p>Per l\u2019intero periodo estivo <strong>piazza Poli<\/strong>, <strong>piazza Giuseppe Gioacchino Belli<\/strong>, <strong>piazza Cardelli<\/strong>, <strong>piazza San Giovanni della Malva<\/strong>, <strong>piazza di Pasquino<\/strong>, <strong>piazza Borghese<\/strong>, <strong>piazza del Teatro di Pompeo<\/strong> e <strong>via della Frezza<\/strong> non racconteranno soltanto la storia e le stratificazioni di una citt\u00e0 che non si conosce mai fino in fondo, ma accoglieranno anche <strong>le opere originali ed innovative della \u201cnext generation\u201d di artisti<\/strong>.<\/p>\n<p>Gli studenti <strong>RUFA \u2013 Rome University of Fine Arts<\/strong>, Accademia di Belle Arti legalmente riconosciuta dal Ministero dell\u2019universit\u00e0 e della ricerca, hanno sviluppato un progetto <strong>\u201csite \u2013 specific\u201d<\/strong>, da intendersi quale esperienza collettiva e contemporanea, ideando opere e installazioni da collocare temporaneamente in questi luoghi deputati del centro storico di Roma, per poi essere ricollocate in periferia, in siti non usuali, dando seguito a una modalit\u00e0 di fruizione culturale differente, puntando sul dinamismo che le nuove generazioni di artisti sanno generare. Si \u00e8 cos\u00ec strutturata la proposta <strong>\u201cLeggerezza, ossigeno, respiro, vita, energia\u201d<\/strong>, sulle tracce dell\u2019<strong>Agenda 2030 delle Nazioni Unite<\/strong>. Un\u2019esperienza che invita al dialogo, per costruire una comunit\u00e0 di persone, desiderosa di ampliare la propria rete di relazioni e di riprendere il cammino. E da questa scrupolosa attivit\u00e0 di ricerca, che gli allievi hanno portato avanti con caparbiet\u00e0 e passione per l\u2019intero arco dell\u2019anno, che si \u00e8 originato il progetto <strong>\u201cPiazze romane\u201d<\/strong> , in abbinamento a quanto di buono fatto da <strong>\u201cRoma sei mia\u201d<\/strong>.<\/p>\n<p><strong>\u201cPiazze romane\u201d<\/strong> si propone quale ambientazione ideale per un viaggio di riflessione, tra storia, memoria, identit\u00e0 e innovazione: 4,2 chilometri nel cuore del centro storico di Roma; <strong>53 minuti di cammino per apprezzare le unicit\u00e0 della citt\u00e0 eterna<\/strong> ed entrare in contatto con i tanti luoghi di interesse e densi di significato accolti in 4 dei 22 rioni che caratterizzano la toponomastica della Capitale (<strong>Trastevere<\/strong>, <strong>Parione<\/strong>, <strong>Campo Marzio<\/strong>, <strong>Trevi<\/strong>). Un progetto che vede interagire in maniera convergente il settore pubblico e quello privato, grazie alla presenza di aziende leader impegnate nel contestualizzare il concetto di responsabilit\u00e0 sociale, come >Enel (main sponsor), Alessandro Vitiello Home Gallery, Enershare ed Hotel Canada di Roma. Nelle rinnovate sale dell\u2019hotel, infatti, si svolger\u00e0 anche la mostra dei modelli del progetto, generata con l\u2019obiettivo di riprendere la vocazione turistica di Roma, interrotta a causa della pandemia. Oltre a RUFA, va rilevata la preziosa presenza di due tra le pi\u00f9 importanti istituzioni culturale e formative del <strong>comparto Afam nazionale<\/strong>: l\u2019<strong>Accademia nazionale di danza<\/strong> e il <strong>Conservatorio di Santa Cecilia<\/strong> che supporteranno la fase inaugurale del progetto.<\/p>\n<p>Il percorso inizia da <strong>piazza Giuseppe Gioacchino Belli<\/strong>. <strong>\u201cRoma Tales\u201d (Racconti romani)<\/strong> intende restituire la narrazione di una citt\u00e0 da scoprire, per stupire il passante, per permettergli di fermarsi a osservare con pi\u00f9 attenzione la bellezza che lo circonda. Per fare ci\u00f2 le voci di Roma saranno diffuse da tre diversi punti di ascolto, in cui isolarsi, osservando.<\/p>\n<p>Da qui si raggiunge <strong>piazza San Giovanni della Malva<\/strong> dove si celebra uno degli esempi della romanit\u00e0: l\u2019atto aggregativo e itinerante del consumare il cibo all\u2019aperto. L\u2019opera <strong>\u201cDal panino si va in piazza\u201d<\/strong>, realizzata in travertino romano, a riprendere la raffigurazione degli animali tipica dell\u2019arte romana classica, celebra questa tradizione.<\/p>\n<p>Attraversando ponte Sisto, a pochissimi metri da Campo de\u2019 Fiori, si apre la <strong>piazza dedicata al Teatro di Pompeo<\/strong>: il grande edificio in muratura voluto dal console Pompeo nel 61 a.C.. Il progetto <strong>\u201cCitt\u00e0 effimera: arte, scienza, follia\u201d<\/strong> \u00e8 una memoria di ci\u00f2 che l\u2019imperatore Nerone ordin\u00f2, in occasione della visita del re armeno Tiridate a Roma, con la doratura di tutto l\u2019edificio in un sol giorno. L\u2019opera riprende quella pagina storica, riflettendo il segnale di un satellite in transito e inviando un segno immateriale visibile solo nell\u2019immagine satellitare. Il progetto \u00e8 realizzato in collaborazione con l\u2019Agenzia spaziale europea (ESA).<\/p>\n<p>Nel rione Parione, <strong>piazza di Pasquino<\/strong> si offre con la pi\u00f9 nota delle statue parlanti di Roma. L\u2019opera <strong>\u201cLaic prayers\u201d<\/strong> \u00e8 un moderno biglietto digitale che intende mantenere viva la tradizione romana di una tribuna pubblica e popolare.<\/p>\n<p>Il centro storico di Roma \u00e8 costellato di storie che parlano di Resistenza e Liberazione. L\u2019opera <strong>\u201cDo you have a light?\u201d<\/strong>, collocata in <strong>piazza Cardelli<\/strong>, ricorda l\u2019arresto di Guglielmo Gullace, avvenuto a via Tomacelli. La moglie Teresa, incinta del loro sesto figlio, fu uccisa a causa del tentativo di portargli una sigaretta. \u00c8 una Fiat 600 del 1961, simbolo della rinascita italiana, ad essere usata come tela.<\/p>\n<p>Nell\u2019intreccio delle vie che si aprono lungo le sponde del Tevere, maestosa, si apre <strong>piazza Borghese<\/strong>. In questo luogo cos\u00ec altisonante si celebra uno dei simboli della cultura di Roma: <strong>\u201cEr nasone\u201d<\/strong>, infatti, \u00e8 il soprannome con cui i romani chiamano le famose fontanelle in ghisa che arricchiscono le strade.<\/p>\n<p>Da qui a <strong>via della Frezza<\/strong> il passo \u00e8 breve. In corrispondenza del vicolo delle Colonnette, si apre uno slargo detto lo <strong>\u201cspiazzetto\u201d<\/strong> in cui si eseguiva il supplizio della corda per chi vi veniva condannato. L\u2019opera <strong>\u201cHedgehog\u201d<\/strong> che prende spunto da un cavallo di Frisia ingabbiato, \u00e8 un inno alla vita e alla libert\u00e0, ma \u00e8 anche un richiamo alla resistenza, contro l\u2019indifferenza.<\/p>\n<p>La conclusione dell\u2019itinerario \u00e8 in <strong>piazza Poli<\/strong>. L\u2019opera <strong>\u201cDoor Stop\u201d<\/strong> richiama alla mente l\u2019appellativo di <strong>Roma Citt\u00e0 Aperta<\/strong>: un fermaporta fuori scala in legno, per fare in modo che questa porta immaginaria non venga mai chiusa. Posizionata davanti l\u2019Oratorio del Santissimo Sacramento, per evocare la ricerca della pace e dell\u2019accoglienza.<br \/>\n&nbsp;","protected":false},"excerpt":{"rendered":"<p>Disculpa, pero esta entrada est\u00e1 disponible s\u00f3lo en IT y EN.Il Municipio Roma I Centro tra il 2014 ed il 2020 si \u00e8 adoperato per sostenere la realizzazione di rilevanti interventi di riqualificazione e manutenzione di spazi urbani pubblici nel centro storico della Capitale. \u00c8 in questo contesto che \u00e8 nata l\u2019esperienza \u201cRoma sei mia\u201d:&#8230;  <a class=\"excerpt-read-more\" href=\"https:\/\/www.unirufa.it\/es\/2021\/05\/20\/dal-municipio-roma-i-centro-la-rigenerazione-del-centro-storico-attraverso-larte-contemporanea\/\" title=\"Read Dal Municipio Roma I Centro, la rigenerazione del centro storico attraverso l&#8217;arte contemporanea\">Find out more<\/a><\/p>\n","protected":false},"author":12,"featured_media":45468,"comment_status":"closed","ping_status":"closed","sticky":false,"template":"","format":"standard","meta":{"content-type":"","footnotes":""},"categories":[1629],"tags":[],"class_list":["post-44862","post","type-post","status-publish","format-standard","has-post-thumbnail","hentry","category-accademia"],"yoast_head":"<!-- This site is optimized with the Yoast SEO plugin v24.2 - https:\/\/yoast.com\/wordpress\/plugins\/seo\/ -->\n<title>Dal Municipio Roma I Centro, la rigenerazione del centro storico attraverso l&#039;arte contemporanea - RUFA - Rome University of Fine Arts<\/title>\n<meta name=\"robots\" content=\"index, follow, max-snippet:-1, max-image-preview:large, max-video-preview:-1\" \/>\n<link rel=\"canonical\" href=\"https:\/\/www.unirufa.it\/2021\/05\/20\/dal-municipio-roma-i-centro-la-rigenerazione-del-centro-storico-attraverso-larte-contemporanea\/\" \/>\n<meta property=\"og:locale\" content=\"es_ES\" \/>\n<meta property=\"og:type\" content=\"article\" \/>\n<meta property=\"og:title\" content=\"Dal Municipio Roma I Centro, la rigenerazione del centro storico attraverso l&#039;arte contemporanea - RUFA - Rome University of Fine Arts\" \/>\n<meta property=\"og:description\" content=\"Disculpa, pero esta entrada est\u00e1 disponible s\u00f3lo en IT y EN.Il Municipio Roma I Centro tra il 2014 ed il 2020 si \u00e8 adoperato per sostenere la realizzazione di rilevanti interventi di riqualificazione e manutenzione di spazi urbani pubblici nel centro storico della Capitale. \u00c8 in questo contesto che \u00e8 nata l\u2019esperienza \u201cRoma sei mia\u201d:... Find out more\" \/>\n<meta property=\"og:url\" content=\"https:\/\/www.unirufa.it\/2021\/05\/20\/dal-municipio-roma-i-centro-la-rigenerazione-del-centro-storico-attraverso-larte-contemporanea\/\" \/>\n<meta property=\"og:site_name\" content=\"RUFA - Rome University of Fine Arts\" \/>\n<meta property=\"article:published_time\" content=\"2021-05-20T09:30:37+00:00\" \/>\n<meta property=\"article:modified_time\" content=\"2021-05-25T16:08:35+00:00\" \/>\n<meta property=\"og:image\" content=\"https:\/\/www.unirufa.it\/wp-content\/uploads\/2021\/05\/1050X600_COMM.png\" \/>\n\t<meta property=\"og:image:width\" content=\"1050\" \/>\n\t<meta property=\"og:image:height\" content=\"600\" \/>\n\t<meta property=\"og:image:type\" content=\"image\/png\" \/>\n<meta name=\"author\" content=\"Cristiana Pagnottelli\" \/>\n<meta name=\"twitter:label1\" content=\"Escrito por\" \/>\n\t<meta name=\"twitter:data1\" content=\"Cristiana Pagnottelli\" \/>\n\t<meta name=\"twitter:label2\" content=\"Tiempo de lectura\" \/>\n\t<meta name=\"twitter:data2\" content=\"10 minutos\" \/>\n<script type=\"application\/ld+json\" class=\"yoast-schema-graph\">{\"@context\":\"https:\/\/schema.org\",\"@graph\":[{\"@type\":\"WebPage\",\"@id\":\"https:\/\/www.unirufa.it\/2021\/05\/20\/dal-municipio-roma-i-centro-la-rigenerazione-del-centro-storico-attraverso-larte-contemporanea\/\",\"url\":\"https:\/\/www.unirufa.it\/2021\/05\/20\/dal-municipio-roma-i-centro-la-rigenerazione-del-centro-storico-attraverso-larte-contemporanea\/\",\"name\":\"Dal Municipio Roma I Centro, la rigenerazione del centro storico attraverso l'arte contemporanea - RUFA - Rome University of Fine Arts\",\"isPartOf\":{\"@id\":\"https:\/\/www.unirufa.it\/#website\"},\"primaryImageOfPage\":{\"@id\":\"https:\/\/www.unirufa.it\/2021\/05\/20\/dal-municipio-roma-i-centro-la-rigenerazione-del-centro-storico-attraverso-larte-contemporanea\/#primaryimage\"},\"image\":{\"@id\":\"https:\/\/www.unirufa.it\/2021\/05\/20\/dal-municipio-roma-i-centro-la-rigenerazione-del-centro-storico-attraverso-larte-contemporanea\/#primaryimage\"},\"thumbnailUrl\":\"https:\/\/www.unirufa.it\/wp-content\/uploads\/2021\/05\/1050X600_COMM.png\",\"datePublished\":\"2021-05-20T09:30:37+00:00\",\"dateModified\":\"2021-05-25T16:08:35+00:00\",\"author\":{\"@id\":\"https:\/\/www.unirufa.it\/#\/schema\/person\/fe58526afdf39ac27dc0d6ac68ef594c\"},\"breadcrumb\":{\"@id\":\"https:\/\/www.unirufa.it\/2021\/05\/20\/dal-municipio-roma-i-centro-la-rigenerazione-del-centro-storico-attraverso-larte-contemporanea\/#breadcrumb\"},\"inLanguage\":\"es\",\"potentialAction\":[{\"@type\":\"ReadAction\",\"target\":[\"https:\/\/www.unirufa.it\/2021\/05\/20\/dal-municipio-roma-i-centro-la-rigenerazione-del-centro-storico-attraverso-larte-contemporanea\/\"]}]},{\"@type\":\"ImageObject\",\"inLanguage\":\"es\",\"@id\":\"https:\/\/www.unirufa.it\/2021\/05\/20\/dal-municipio-roma-i-centro-la-rigenerazione-del-centro-storico-attraverso-larte-contemporanea\/#primaryimage\",\"url\":\"https:\/\/www.unirufa.it\/wp-content\/uploads\/2021\/05\/1050X600_COMM.png\",\"contentUrl\":\"https:\/\/www.unirufa.it\/wp-content\/uploads\/2021\/05\/1050X600_COMM.png\",\"width\":1050,\"height\":600},{\"@type\":\"BreadcrumbList\",\"@id\":\"https:\/\/www.unirufa.it\/2021\/05\/20\/dal-municipio-roma-i-centro-la-rigenerazione-del-centro-storico-attraverso-larte-contemporanea\/#breadcrumb\",\"itemListElement\":[{\"@type\":\"ListItem\",\"position\":1,\"name\":\"Home\",\"item\":\"https:\/\/www.unirufa.it\/\"},{\"@type\":\"ListItem\",\"position\":2,\"name\":\"Dal Municipio Roma I Centro, la rigenerazione del centro storico attraverso l&#8217;arte contemporanea\"}]},{\"@type\":\"WebSite\",\"@id\":\"https:\/\/www.unirufa.it\/#website\",\"url\":\"https:\/\/www.unirufa.it\/\",\"name\":\"RUFA - Rome University of Fine Arts\",\"description\":\"\",\"potentialAction\":[{\"@type\":\"SearchAction\",\"target\":{\"@type\":\"EntryPoint\",\"urlTemplate\":\"https:\/\/www.unirufa.it\/?s={search_term_string}\"},\"query-input\":{\"@type\":\"PropertyValueSpecification\",\"valueRequired\":true,\"valueName\":\"search_term_string\"}}],\"inLanguage\":\"es\"},{\"@type\":\"Person\",\"@id\":\"https:\/\/www.unirufa.it\/#\/schema\/person\/fe58526afdf39ac27dc0d6ac68ef594c\",\"name\":\"Cristiana Pagnottelli\",\"image\":{\"@type\":\"ImageObject\",\"inLanguage\":\"es\",\"@id\":\"https:\/\/www.unirufa.it\/#\/schema\/person\/image\/\",\"url\":\"https:\/\/secure.gravatar.com\/avatar\/72550d45d2d782e9f7ca590c8e6e1211?s=96&d=mm&r=g\",\"contentUrl\":\"https:\/\/secure.gravatar.com\/avatar\/72550d45d2d782e9f7ca590c8e6e1211?s=96&d=mm&r=g\",\"caption\":\"Cristiana Pagnottelli\"},\"url\":\"https:\/\/www.unirufa.it\/es\/author\/cristiana\/\"}]}<\/script>\n<!-- \/ Yoast SEO plugin. -->","yoast_head_json":{"title":"Dal Municipio Roma I Centro, la rigenerazione del centro storico attraverso l'arte contemporanea - RUFA - Rome University of Fine Arts","robots":{"index":"index","follow":"follow","max-snippet":"max-snippet:-1","max-image-preview":"max-image-preview:large","max-video-preview":"max-video-preview:-1"},"canonical":"https:\/\/www.unirufa.it\/2021\/05\/20\/dal-municipio-roma-i-centro-la-rigenerazione-del-centro-storico-attraverso-larte-contemporanea\/","og_locale":"es_ES","og_type":"article","og_title":"Dal Municipio Roma I Centro, la rigenerazione del centro storico attraverso l'arte contemporanea - RUFA - Rome University of Fine Arts","og_description":"Disculpa, pero esta entrada est\u00e1 disponible s\u00f3lo en IT y EN.Il Municipio Roma I Centro tra il 2014 ed il 2020 si \u00e8 adoperato per sostenere la realizzazione di rilevanti interventi di riqualificazione e manutenzione di spazi urbani pubblici nel centro storico della Capitale. \u00c8 in questo contesto che \u00e8 nata l\u2019esperienza \u201cRoma sei mia\u201d:... Find out more","og_url":"https:\/\/www.unirufa.it\/2021\/05\/20\/dal-municipio-roma-i-centro-la-rigenerazione-del-centro-storico-attraverso-larte-contemporanea\/","og_site_name":"RUFA - Rome University of Fine Arts","article_published_time":"2021-05-20T09:30:37+00:00","article_modified_time":"2021-05-25T16:08:35+00:00","og_image":[{"width":1050,"height":600,"url":"https:\/\/www.unirufa.it\/wp-content\/uploads\/2021\/05\/1050X600_COMM.png","type":"image\/png"}],"author":"Cristiana Pagnottelli","twitter_misc":{"Escrito por":"Cristiana Pagnottelli","Tiempo de lectura":"10 minutos"},"schema":{"@context":"https:\/\/schema.org","@graph":[{"@type":"WebPage","@id":"https:\/\/www.unirufa.it\/2021\/05\/20\/dal-municipio-roma-i-centro-la-rigenerazione-del-centro-storico-attraverso-larte-contemporanea\/","url":"https:\/\/www.unirufa.it\/2021\/05\/20\/dal-municipio-roma-i-centro-la-rigenerazione-del-centro-storico-attraverso-larte-contemporanea\/","name":"Dal Municipio Roma I Centro, la rigenerazione del centro storico attraverso l'arte contemporanea - RUFA - Rome University of Fine Arts","isPartOf":{"@id":"https:\/\/www.unirufa.it\/#website"},"primaryImageOfPage":{"@id":"https:\/\/www.unirufa.it\/2021\/05\/20\/dal-municipio-roma-i-centro-la-rigenerazione-del-centro-storico-attraverso-larte-contemporanea\/#primaryimage"},"image":{"@id":"https:\/\/www.unirufa.it\/2021\/05\/20\/dal-municipio-roma-i-centro-la-rigenerazione-del-centro-storico-attraverso-larte-contemporanea\/#primaryimage"},"thumbnailUrl":"https:\/\/www.unirufa.it\/wp-content\/uploads\/2021\/05\/1050X600_COMM.png","datePublished":"2021-05-20T09:30:37+00:00","dateModified":"2021-05-25T16:08:35+00:00","author":{"@id":"https:\/\/www.unirufa.it\/#\/schema\/person\/fe58526afdf39ac27dc0d6ac68ef594c"},"breadcrumb":{"@id":"https:\/\/www.unirufa.it\/2021\/05\/20\/dal-municipio-roma-i-centro-la-rigenerazione-del-centro-storico-attraverso-larte-contemporanea\/#breadcrumb"},"inLanguage":"es","potentialAction":[{"@type":"ReadAction","target":["https:\/\/www.unirufa.it\/2021\/05\/20\/dal-municipio-roma-i-centro-la-rigenerazione-del-centro-storico-attraverso-larte-contemporanea\/"]}]},{"@type":"ImageObject","inLanguage":"es","@id":"https:\/\/www.unirufa.it\/2021\/05\/20\/dal-municipio-roma-i-centro-la-rigenerazione-del-centro-storico-attraverso-larte-contemporanea\/#primaryimage","url":"https:\/\/www.unirufa.it\/wp-content\/uploads\/2021\/05\/1050X600_COMM.png","contentUrl":"https:\/\/www.unirufa.it\/wp-content\/uploads\/2021\/05\/1050X600_COMM.png","width":1050,"height":600},{"@type":"BreadcrumbList","@id":"https:\/\/www.unirufa.it\/2021\/05\/20\/dal-municipio-roma-i-centro-la-rigenerazione-del-centro-storico-attraverso-larte-contemporanea\/#breadcrumb","itemListElement":[{"@type":"ListItem","position":1,"name":"Home","item":"https:\/\/www.unirufa.it\/"},{"@type":"ListItem","position":2,"name":"Dal Municipio Roma I Centro, la rigenerazione del centro storico attraverso l&#8217;arte contemporanea"}]},{"@type":"WebSite","@id":"https:\/\/www.unirufa.it\/#website","url":"https:\/\/www.unirufa.it\/","name":"RUFA - Rome University of Fine Arts","description":"","potentialAction":[{"@type":"SearchAction","target":{"@type":"EntryPoint","urlTemplate":"https:\/\/www.unirufa.it\/?s={search_term_string}"},"query-input":{"@type":"PropertyValueSpecification","valueRequired":true,"valueName":"search_term_string"}}],"inLanguage":"es"},{"@type":"Person","@id":"https:\/\/www.unirufa.it\/#\/schema\/person\/fe58526afdf39ac27dc0d6ac68ef594c","name":"Cristiana Pagnottelli","image":{"@type":"ImageObject","inLanguage":"es","@id":"https:\/\/www.unirufa.it\/#\/schema\/person\/image\/","url":"https:\/\/secure.gravatar.com\/avatar\/72550d45d2d782e9f7ca590c8e6e1211?s=96&d=mm&r=g","contentUrl":"https:\/\/secure.gravatar.com\/avatar\/72550d45d2d782e9f7ca590c8e6e1211?s=96&d=mm&r=g","caption":"Cristiana Pagnottelli"},"url":"https:\/\/www.unirufa.it\/es\/author\/cristiana\/"}]}},"_links":{"self":[{"href":"https:\/\/www.unirufa.it\/es\/wp-json\/wp\/v2\/posts\/44862","targetHints":{"allow":["GET"]}}],"collection":[{"href":"https:\/\/www.unirufa.it\/es\/wp-json\/wp\/v2\/posts"}],"about":[{"href":"https:\/\/www.unirufa.it\/es\/wp-json\/wp\/v2\/types\/post"}],"author":[{"embeddable":true,"href":"https:\/\/www.unirufa.it\/es\/wp-json\/wp\/v2\/users\/12"}],"replies":[{"embeddable":true,"href":"https:\/\/www.unirufa.it\/es\/wp-json\/wp\/v2\/comments?post=44862"}],"version-history":[{"count":8,"href":"https:\/\/www.unirufa.it\/es\/wp-json\/wp\/v2\/posts\/44862\/revisions"}],"predecessor-version":[{"id":45115,"href":"https:\/\/www.unirufa.it\/es\/wp-json\/wp\/v2\/posts\/44862\/revisions\/45115"}],"wp:featuredmedia":[{"embeddable":true,"href":"https:\/\/www.unirufa.it\/es\/wp-json\/wp\/v2\/media\/45468"}],"wp:attachment":[{"href":"https:\/\/www.unirufa.it\/es\/wp-json\/wp\/v2\/media?parent=44862"}],"wp:term":[{"taxonomy":"category","embeddable":true,"href":"https:\/\/www.unirufa.it\/es\/wp-json\/wp\/v2\/categories?post=44862"},{"taxonomy":"post_tag","embeddable":true,"href":"https:\/\/www.unirufa.it\/es\/wp-json\/wp\/v2\/tags?post=44862"}],"curies":[{"name":"wp","href":"https:\/\/api.w.org\/{rel}","templated":true}]}}