


{"id":45909,"date":"2021-06-08T14:01:20","date_gmt":"2021-06-08T12:01:20","guid":{"rendered":"https:\/\/www.unirufa.it\/?p=45909"},"modified":"2024-05-06T09:45:46","modified_gmt":"2024-05-06T07:45:46","slug":"la-community-rufa-entra-in-campo","status":"publish","type":"post","link":"https:\/\/www.unirufa.it\/es\/2021\/06\/08\/la-community-rufa-entra-in-campo\/","title":{"rendered":"La community RUFA entra in campo"},"content":{"rendered":"<p class=\"qtranxs-available-languages-message qtranxs-available-languages-message-es\">Disculpa, pero esta entrada est\u00e1 disponible s\u00f3lo en <a href=\"https:\/\/www.unirufa.it\/it\/wp-json\/wp\/v2\/posts\/45909\" class=\"qtranxs-available-language-link qtranxs-available-language-link-it\" title=\"IT\">IT<\/a> y <a href=\"https:\/\/www.unirufa.it\/en\/wp-json\/wp\/v2\/posts\/45909\" class=\"qtranxs-available-language-link qtranxs-available-language-link-en\" title=\"EN\">EN<\/a>.<\/p>In questo caso <strong>vincere non \u00e8 l\u2019unica cosa che conta<\/strong>, ma a giudicare dall&#8217;impegno e dall\u2019abnegazione profusa in campo, nella <strong>sfida di calcetto tra docenti e studenti RUFA<\/strong> il risultato non \u00e8 stato certamente un fatto secondario. La partecipazione alla gara, questa volta, ha assunto un significato del tutto particolare: <strong>le attivit\u00e0 extra didattiche programmate per cementare il rapporto tra i membri della community sono finalmente riprese<\/strong>. Un segnale di ottimismo in vista della fine dell&#8217;anno accademico, ma soprattutto una rinnovata attesa per quello che riserva il futuro.<\/p>\n<p>Per gli amanti della cronaca la partita \u00e8 stata combattuta da entrambe le squadre, splendidamente sostenute da un pubblico caldo e caloroso che ha praticamente fatto registrare il tutto esaurito.<br \/>\nOttimo il fair play messo in campo, in un gioco a tratti all\u2019inglese, maschio, ma sempre corretto. Da migliorare la condizione atletica, complice una pandemia che ha fatto lievitare non solo le pizze. Alla fine del match un terzo tempo di stampo rugbistico, in vista della prossima resa dei conti.<\/p>\n<div class=\"embed-responsive embed-responsive-16by9\"><iframe loading=\"lazy\" width=\"560\" height=\"315\" src=\"https:\/\/www.youtube-nocookie.com\/embed\/j32CYMlqvIw\" frameborder=\"0\" gesture=\"media\" allow=\"encrypted-media\" allowfullscreen><\/iframe><\/div>\n<p><\/br><\/p>\n<div class=\"embed-responsive embed-responsive-4by3\"><a title=\"Partita di calcetto studenti e docenti RUFA - giugno 2021\" href=\"https:\/\/www.flickr.com\/photos\/unirufa\/albums\/72157719432034685\" data-flickr-embed=\"true\"><img decoding=\"async\" class=\"embed-responsive-item\" src=\"https:\/\/live.staticflickr.com\/65535\/51234581750_58ba5f2863_z.jpg\" alt=\"Partita di calcetto studenti e docenti RUFA - giugno 2021\" \/><\/a><script async src=\"\/\/embedr.flickr.com\/assets\/client-code.js\" charset=\"utf-8\"><\/script><\/div>\n<p>&nbsp;","protected":false},"excerpt":{"rendered":"<p>Disculpa, pero esta entrada est\u00e1 disponible s\u00f3lo en IT y EN.In questo caso vincere non \u00e8 l\u2019unica cosa che conta, ma a giudicare dall&#8217;impegno e dall\u2019abnegazione profusa in campo, nella sfida di calcetto tra docenti e studenti RUFA il risultato non \u00e8 stato certamente un fatto secondario. La partecipazione alla gara, questa volta, ha assunto&#8230;  <a class=\"excerpt-read-more\" href=\"https:\/\/www.unirufa.it\/es\/2021\/06\/08\/la-community-rufa-entra-in-campo\/\" title=\"Read La community RUFA entra in campo\">Find out more<\/a><\/p>\n","protected":false},"author":12,"featured_media":45911,"comment_status":"closed","ping_status":"closed","sticky":false,"template":"","format":"standard","meta":{"content-type":"","footnotes":""},"categories":[1629],"tags":[],"class_list":["post-45909","post","type-post","status-publish","format-standard","has-post-thumbnail","hentry","category-accademia"],"yoast_head":"<!-- This site is optimized with the Yoast SEO plugin v24.2 - https:\/\/yoast.com\/wordpress\/plugins\/seo\/ -->\n<title>La community RUFA entra in campo - RUFA - Rome University of Fine Arts<\/title>\n<meta name=\"description\" content=\"Sfida di calcetto tra docenti e studenti RUFA in vista della fine dell&#039;anno accademico.\" \/>\n<meta name=\"robots\" content=\"index, follow, max-snippet:-1, max-image-preview:large, max-video-preview:-1\" \/>\n<link rel=\"canonical\" href=\"https:\/\/www.unirufa.it\/2021\/06\/08\/la-community-rufa-entra-in-campo\/\" \/>\n<meta property=\"og:locale\" content=\"es_ES\" \/>\n<meta property=\"og:type\" content=\"article\" \/>\n<meta property=\"og:title\" content=\"La community RUFA entra in campo - RUFA - Rome University of Fine Arts\" \/>\n<meta property=\"og:description\" content=\"{:it}Sfida di calcetto tra docenti e studenti RUFA in vista della fine dell&#039;anno accademico.{:}\" \/>\n<meta property=\"og:url\" content=\"https:\/\/www.unirufa.it\/2021\/06\/08\/la-community-rufa-entra-in-campo\/\" \/>\n<meta property=\"og:site_name\" content=\"RUFA - Rome University of Fine Arts\" \/>\n<meta property=\"article:published_time\" content=\"2021-06-08T12:01:20+00:00\" \/>\n<meta property=\"article:modified_time\" content=\"2024-05-06T07:45:46+00:00\" \/>\n<meta property=\"og:image\" content=\"https:\/\/www.unirufa.it\/wp-content\/uploads\/2021\/06\/Calcetto_studenti_docenti.jpg\" \/>\n\t<meta property=\"og:image:width\" content=\"1050\" \/>\n\t<meta property=\"og:image:height\" content=\"600\" \/>\n\t<meta property=\"og:image:type\" content=\"image\/jpeg\" \/>\n<meta name=\"author\" content=\"Cristiana Pagnottelli\" \/>\n<meta name=\"twitter:label1\" content=\"Escrito por\" \/>\n\t<meta name=\"twitter:data1\" content=\"Cristiana Pagnottelli\" \/>\n\t<meta name=\"twitter:label2\" content=\"Tiempo de lectura\" \/>\n\t<meta name=\"twitter:data2\" content=\"2 minutos\" \/>\n<script type=\"application\/ld+json\" class=\"yoast-schema-graph\">{\"@context\":\"https:\/\/schema.org\",\"@graph\":[{\"@type\":\"WebPage\",\"@id\":\"https:\/\/www.unirufa.it\/2021\/06\/08\/la-community-rufa-entra-in-campo\/\",\"url\":\"https:\/\/www.unirufa.it\/2021\/06\/08\/la-community-rufa-entra-in-campo\/\",\"name\":\"La community RUFA entra in campo - RUFA - Rome University of Fine Arts\",\"isPartOf\":{\"@id\":\"https:\/\/www.unirufa.it\/#website\"},\"primaryImageOfPage\":{\"@id\":\"https:\/\/www.unirufa.it\/2021\/06\/08\/la-community-rufa-entra-in-campo\/#primaryimage\"},\"image\":{\"@id\":\"https:\/\/www.unirufa.it\/2021\/06\/08\/la-community-rufa-entra-in-campo\/#primaryimage\"},\"thumbnailUrl\":\"https:\/\/www.unirufa.it\/wp-content\/uploads\/2021\/06\/Calcetto_studenti_docenti.jpg\",\"datePublished\":\"2021-06-08T12:01:20+00:00\",\"dateModified\":\"2024-05-06T07:45:46+00:00\",\"author\":{\"@id\":\"https:\/\/www.unirufa.it\/#\/schema\/person\/fe58526afdf39ac27dc0d6ac68ef594c\"},\"description\":\"{:it}Sfida di calcetto tra docenti e studenti RUFA in vista della fine dell'anno accademico.{:}\",\"breadcrumb\":{\"@id\":\"https:\/\/www.unirufa.it\/2021\/06\/08\/la-community-rufa-entra-in-campo\/#breadcrumb\"},\"inLanguage\":\"es\",\"potentialAction\":[{\"@type\":\"ReadAction\",\"target\":[\"https:\/\/www.unirufa.it\/2021\/06\/08\/la-community-rufa-entra-in-campo\/\"]}]},{\"@type\":\"ImageObject\",\"inLanguage\":\"es\",\"@id\":\"https:\/\/www.unirufa.it\/2021\/06\/08\/la-community-rufa-entra-in-campo\/#primaryimage\",\"url\":\"https:\/\/www.unirufa.it\/wp-content\/uploads\/2021\/06\/Calcetto_studenti_docenti.jpg\",\"contentUrl\":\"https:\/\/www.unirufa.it\/wp-content\/uploads\/2021\/06\/Calcetto_studenti_docenti.jpg\",\"width\":1050,\"height\":600},{\"@type\":\"BreadcrumbList\",\"@id\":\"https:\/\/www.unirufa.it\/2021\/06\/08\/la-community-rufa-entra-in-campo\/#breadcrumb\",\"itemListElement\":[{\"@type\":\"ListItem\",\"position\":1,\"name\":\"Home\",\"item\":\"https:\/\/www.unirufa.it\/\"},{\"@type\":\"ListItem\",\"position\":2,\"name\":\"La community RUFA entra in campo\"}]},{\"@type\":\"WebSite\",\"@id\":\"https:\/\/www.unirufa.it\/#website\",\"url\":\"https:\/\/www.unirufa.it\/\",\"name\":\"RUFA - Rome University of Fine Arts\",\"description\":\"\",\"potentialAction\":[{\"@type\":\"SearchAction\",\"target\":{\"@type\":\"EntryPoint\",\"urlTemplate\":\"https:\/\/www.unirufa.it\/?s={search_term_string}\"},\"query-input\":{\"@type\":\"PropertyValueSpecification\",\"valueRequired\":true,\"valueName\":\"search_term_string\"}}],\"inLanguage\":\"es\"},{\"@type\":\"Person\",\"@id\":\"https:\/\/www.unirufa.it\/#\/schema\/person\/fe58526afdf39ac27dc0d6ac68ef594c\",\"name\":\"Cristiana Pagnottelli\",\"image\":{\"@type\":\"ImageObject\",\"inLanguage\":\"es\",\"@id\":\"https:\/\/www.unirufa.it\/#\/schema\/person\/image\/\",\"url\":\"https:\/\/secure.gravatar.com\/avatar\/72550d45d2d782e9f7ca590c8e6e1211?s=96&d=mm&r=g\",\"contentUrl\":\"https:\/\/secure.gravatar.com\/avatar\/72550d45d2d782e9f7ca590c8e6e1211?s=96&d=mm&r=g\",\"caption\":\"Cristiana Pagnottelli\"},\"url\":\"https:\/\/www.unirufa.it\/es\/author\/cristiana\/\"}]}<\/script>\n<!-- \/ Yoast SEO plugin. -->","yoast_head_json":{"title":"La community RUFA entra in campo - RUFA - Rome University of Fine Arts","description":"Sfida di calcetto tra docenti e studenti RUFA in vista della fine dell'anno accademico.","robots":{"index":"index","follow":"follow","max-snippet":"max-snippet:-1","max-image-preview":"max-image-preview:large","max-video-preview":"max-video-preview:-1"},"canonical":"https:\/\/www.unirufa.it\/2021\/06\/08\/la-community-rufa-entra-in-campo\/","og_locale":"es_ES","og_type":"article","og_title":"La community RUFA entra in campo - RUFA - Rome University of Fine Arts","og_description":"{:it}Sfida di calcetto tra docenti e studenti RUFA in vista della fine dell'anno accademico.{:}","og_url":"https:\/\/www.unirufa.it\/2021\/06\/08\/la-community-rufa-entra-in-campo\/","og_site_name":"RUFA - Rome University of Fine Arts","article_published_time":"2021-06-08T12:01:20+00:00","article_modified_time":"2024-05-06T07:45:46+00:00","og_image":[{"width":1050,"height":600,"url":"https:\/\/www.unirufa.it\/wp-content\/uploads\/2021\/06\/Calcetto_studenti_docenti.jpg","type":"image\/jpeg"}],"author":"Cristiana Pagnottelli","twitter_misc":{"Escrito por":"Cristiana Pagnottelli","Tiempo de lectura":"2 minutos"},"schema":{"@context":"https:\/\/schema.org","@graph":[{"@type":"WebPage","@id":"https:\/\/www.unirufa.it\/2021\/06\/08\/la-community-rufa-entra-in-campo\/","url":"https:\/\/www.unirufa.it\/2021\/06\/08\/la-community-rufa-entra-in-campo\/","name":"La community RUFA entra in campo - RUFA - Rome University of Fine Arts","isPartOf":{"@id":"https:\/\/www.unirufa.it\/#website"},"primaryImageOfPage":{"@id":"https:\/\/www.unirufa.it\/2021\/06\/08\/la-community-rufa-entra-in-campo\/#primaryimage"},"image":{"@id":"https:\/\/www.unirufa.it\/2021\/06\/08\/la-community-rufa-entra-in-campo\/#primaryimage"},"thumbnailUrl":"https:\/\/www.unirufa.it\/wp-content\/uploads\/2021\/06\/Calcetto_studenti_docenti.jpg","datePublished":"2021-06-08T12:01:20+00:00","dateModified":"2024-05-06T07:45:46+00:00","author":{"@id":"https:\/\/www.unirufa.it\/#\/schema\/person\/fe58526afdf39ac27dc0d6ac68ef594c"},"description":"{:it}Sfida di calcetto tra docenti e studenti RUFA in vista della fine dell'anno accademico.{:}","breadcrumb":{"@id":"https:\/\/www.unirufa.it\/2021\/06\/08\/la-community-rufa-entra-in-campo\/#breadcrumb"},"inLanguage":"es","potentialAction":[{"@type":"ReadAction","target":["https:\/\/www.unirufa.it\/2021\/06\/08\/la-community-rufa-entra-in-campo\/"]}]},{"@type":"ImageObject","inLanguage":"es","@id":"https:\/\/www.unirufa.it\/2021\/06\/08\/la-community-rufa-entra-in-campo\/#primaryimage","url":"https:\/\/www.unirufa.it\/wp-content\/uploads\/2021\/06\/Calcetto_studenti_docenti.jpg","contentUrl":"https:\/\/www.unirufa.it\/wp-content\/uploads\/2021\/06\/Calcetto_studenti_docenti.jpg","width":1050,"height":600},{"@type":"BreadcrumbList","@id":"https:\/\/www.unirufa.it\/2021\/06\/08\/la-community-rufa-entra-in-campo\/#breadcrumb","itemListElement":[{"@type":"ListItem","position":1,"name":"Home","item":"https:\/\/www.unirufa.it\/"},{"@type":"ListItem","position":2,"name":"La community RUFA entra in campo"}]},{"@type":"WebSite","@id":"https:\/\/www.unirufa.it\/#website","url":"https:\/\/www.unirufa.it\/","name":"RUFA - Rome University of Fine Arts","description":"","potentialAction":[{"@type":"SearchAction","target":{"@type":"EntryPoint","urlTemplate":"https:\/\/www.unirufa.it\/?s={search_term_string}"},"query-input":{"@type":"PropertyValueSpecification","valueRequired":true,"valueName":"search_term_string"}}],"inLanguage":"es"},{"@type":"Person","@id":"https:\/\/www.unirufa.it\/#\/schema\/person\/fe58526afdf39ac27dc0d6ac68ef594c","name":"Cristiana Pagnottelli","image":{"@type":"ImageObject","inLanguage":"es","@id":"https:\/\/www.unirufa.it\/#\/schema\/person\/image\/","url":"https:\/\/secure.gravatar.com\/avatar\/72550d45d2d782e9f7ca590c8e6e1211?s=96&d=mm&r=g","contentUrl":"https:\/\/secure.gravatar.com\/avatar\/72550d45d2d782e9f7ca590c8e6e1211?s=96&d=mm&r=g","caption":"Cristiana Pagnottelli"},"url":"https:\/\/www.unirufa.it\/es\/author\/cristiana\/"}]}},"_links":{"self":[{"href":"https:\/\/www.unirufa.it\/es\/wp-json\/wp\/v2\/posts\/45909","targetHints":{"allow":["GET"]}}],"collection":[{"href":"https:\/\/www.unirufa.it\/es\/wp-json\/wp\/v2\/posts"}],"about":[{"href":"https:\/\/www.unirufa.it\/es\/wp-json\/wp\/v2\/types\/post"}],"author":[{"embeddable":true,"href":"https:\/\/www.unirufa.it\/es\/wp-json\/wp\/v2\/users\/12"}],"replies":[{"embeddable":true,"href":"https:\/\/www.unirufa.it\/es\/wp-json\/wp\/v2\/comments?post=45909"}],"version-history":[{"count":4,"href":"https:\/\/www.unirufa.it\/es\/wp-json\/wp\/v2\/posts\/45909\/revisions"}],"predecessor-version":[{"id":130972,"href":"https:\/\/www.unirufa.it\/es\/wp-json\/wp\/v2\/posts\/45909\/revisions\/130972"}],"wp:featuredmedia":[{"embeddable":true,"href":"https:\/\/www.unirufa.it\/es\/wp-json\/wp\/v2\/media\/45911"}],"wp:attachment":[{"href":"https:\/\/www.unirufa.it\/es\/wp-json\/wp\/v2\/media?parent=45909"}],"wp:term":[{"taxonomy":"category","embeddable":true,"href":"https:\/\/www.unirufa.it\/es\/wp-json\/wp\/v2\/categories?post=45909"},{"taxonomy":"post_tag","embeddable":true,"href":"https:\/\/www.unirufa.it\/es\/wp-json\/wp\/v2\/tags?post=45909"}],"curies":[{"name":"wp","href":"https:\/\/api.w.org\/{rel}","templated":true}]}}