


{"id":49485,"date":"2021-09-10T09:00:09","date_gmt":"2021-09-10T07:00:09","guid":{"rendered":"https:\/\/www.unirufa.it\/?p=49485"},"modified":"2024-05-06T09:38:15","modified_gmt":"2024-05-06T07:38:15","slug":"exxtra-al-superdesign-show","status":"publish","type":"post","link":"https:\/\/www.unirufa.it\/es\/2021\/09\/10\/exxtra-al-superdesign-show\/","title":{"rendered":"EXXTRA al Superdesign Show"},"content":{"rendered":"<p class=\"qtranxs-available-languages-message qtranxs-available-languages-message-es\">Disculpa, pero esta entrada est\u00e1 disponible s\u00f3lo en <a href=\"https:\/\/www.unirufa.it\/it\/wp-json\/wp\/v2\/posts\/49485\" class=\"qtranxs-available-language-link qtranxs-available-language-link-it\" title=\"IT\">IT<\/a> y <a href=\"https:\/\/www.unirufa.it\/en\/wp-json\/wp\/v2\/posts\/49485\" class=\"qtranxs-available-language-link qtranxs-available-language-link-en\" title=\"EN\">EN<\/a>.<\/p>Dopo l&#8217;inaugurazione al RUFA Space, EXXTRA, <strong>il progetto espositivo della scuola di Multimedia Arts and Design, si sposta a Milano per la Milano Design Week che si terr\u00e0 a settembre.<\/strong> In particolare la <strong>mostra<\/strong>, <strong>visitabile dal 4 al 10 settembre<\/strong>, \u00e8 inserita all&#8217;interno del <strong>Superdesign Show<\/strong>, nella <strong>sezione Discovering \u2013 sperimentazioni e nuove tecnologie<\/strong>: un programma dedicato al design contemporaneo saggio, riflessivo e che guarda al futuro, a cura di Fulvia Ramogida. <\/p>\n<p>EXXTRA \u00e8 un progetto a cura di Daniele Falchi, coordinato da Giulio Pernice, che vede protagonisti in particolare gli studenti del secondo anno del Biennio in Multimedia arts and design. Presso lo spazio del Fuorisalone, <strong>verr\u00e0 presentato un estratto dell\u2019esposizione contenente tre opere che riflettono \u2013 ognuna a modo proprio \u2013 sulle criticit\u00e0 derivate dalla attuale situazione pandemica<\/strong>. <\/p>\n<p>La progressiva perdita della dimensione umana a favore della condizione digitale ha creato un paradosso relazionale difficile da esplicare.<br \/>\nEXXTRA vuole raccoglie questi stimoli per ragionare su altri mondi, altre sessualit\u00e0, altre specie viventi, che siano extra rispetto al mondo in cui viviamo. Lo spettatore, mediante l\u2019interattivit\u00e0 preposta dalle opere, \u00e8 per\u00f2 chiamato a partecipare in prima persona all\u2019interno della mostra, riportando il corpo al centro. <\/p>\n<p><strong>I tre progetti coniugano l\u2019aspetto prettamente artistico con quello del design industriale, riuscendo a inglobare elementi formali pi\u00f9 classici, ma anche architetture interamente virtuali. <\/strong> Il fine ultimo della mostra \u00e8 quello di ragionare sul complesso rapporto che intercorre fra reale e virtuale, offrendo un ventaglio di punti di vista differenti.<\/p>\n<h2>OPERE IN MOSTRA<\/h2>\n<p><strong>MUTUAL di Gianmatteo Buttiglione e Mirko Pelliccia<\/strong><br \/>\nL\u2019installazione riproduce il flusso relazionale continuo tra l\u2019individuo e l\u2019ambiente, in cui ogni evento provoca un effetto, sia esso positivo o negativo per entrambe le parti. Lo spettatore \u00e8 chiamato ad interagire con l\u2019opera: un piedistallo su cui \u00e8 incastonato un contenitore pieno di vita propria, visibile gi\u00e0 a distanza.<br \/>\nUna volta vicini, bagnandosi le mani all\u2019interno di questa teca piena d\u2019acqua, ciascuno scopre di influenzare l\u2019ecosistema sottostante in tempo reale, condizionandone gli sviluppi e gli esiti in base alla fluidit\u00e0 dei movimenti, che possono o meno armonizzarsi con esso. Infatti, lo spazio in questione \u00e8 capace non solo di farsi modulare ma anche di rispondere alle sollecitazioni ricevute, proprio come un sistema naturale ma in tempi pi\u00f9 immediati.<br \/>\nCi\u00f2 che Mutual mette in scena attraverso la sinestesia \u00e8 un feedback delicato, in cui sia l\u2019umano che la natura operano delle scelte capaci di influenzare vicendevolmente, attraverso numerose evoluzioni, le loro reciproche esistenze.<\/p>\n<p><strong>HOLOX di Daniele Falchi e Simone Tecchia<\/strong><br \/>\nIl progetto si propone di indagare \u2013 sotto forma di installazione interattiva \u2013 il complesso fenomeno dell\u2019estinzione, focalizzandosi sulla sua matrice comportamentale.<br \/>\nEcosistemi sopravvissuti alle grandi estinzioni di massa ci suggeriscono le peculiarit\u00e0 adattative degli esseri viventi, inclini per\u00f2 alla distruzione qualora intervenissero elementi alieni o modificazioni dell\u2019habitat.<br \/>\nIn questo contesto, il fattore comportamentale gioca un ruolo centrale, determinando l\u2019adattamento e la successiva evoluzione delle specie contenute nell\u2019ecosistema.<br \/>\nL\u2019installazione vede la creazione di una cellula olografica in continua espansione, determinata dalla presenza aliena dello spettatore che \u2013 con i suoi movimenti all\u2019interno dello spazio \u2013 ne influenzer\u00e0 l\u2019evoluzione o ne causer\u00e0 l\u2019estinzione.<\/p>\n<p><strong>FLOW di Consuelo Donati<\/strong><br \/>\nL\u2019ibrido uomo macchina si \u00e8 trasformato in poco pi\u00f9 di trent\u2019anni da una figura puramente fantastica in una esperienza quotidiana.<br \/>\nQuesta esperienza immersiva in realt\u00e0 virtuale, analizza il concetto di corpo espanso all&#8217;interno dello spazio esteso e confuso che \u00e8 la rete.<br \/>\nNon c&#8217;\u00e8 gravit\u00e0 all&#8217;interno delle reti internet che si intrecciano moltiplicandosi all&#8217;infinito come una ragnatela invisibile, sospesa, chi sa dove. Il corpo connesso \u00abriveste\u00bb il corpo che si moltiplica, si frantuma nella rete, manifestando la sua intenzionalit\u00e0 nel mondo e per il mondo altro. Ci\u00f2 che presenta questa nuova condizione \u00e8 proprio questa ri(e)voluzione del corpo o meglio la sua \u00abmutazione fluida\u00bb.<br \/>\nIl corpo fisico si trasforma in corpo fluido viaggiando in altre dimensioni, in generale i fluidi sono considerati i materiali che hanno la capacit\u00e0 di variare con continuit\u00e0 la loro forma adattandosi al contenitore, Flow diventa il contenitore di questo corpo espanso, fluido e sospeso in un caldo e disteso deserto.<\/p>\n<p><a style=\"background-color:#00b450; border-color:#00b450\"  class=\"download-btn full\" href=\"https:\/\/www.unirufa.it\/eventi\/exxtra\/\"><font color=\"#ffffff\">Scopri tutte le opere di EXXTRA<\/a><\/font><br \/>\n <\/p>\n<p><strong>4-10 Settembre 2021<br \/>\nSuperdesign Show &#8211; Discovering<br \/>\nFuori Salone &#8211; Superstudio Pi\u00f9<br \/>\nVia Tortona 27<\/strong><\/p>\n<p>Coordinatore: <a href=\"https:\/\/www.unirufa.it\/docenti\/giulio-pernice\/\">Giulio Pernice<\/a><br \/>\nCuratore: Daniele Falchi<br \/>\nArtisti: Gianmatteo Buttiglione, Consuelo Donati, Daniele Falchi, Mirko Pelliccia, Simone Tecchia.<br \/>\nAllestimento dello spazio: <a href=\"https:\/\/www.unirufa.it\/docenti\/alessandro-ciancio\/\">Alessandro Ciancio<\/a><br \/>\n&nbsp;<\/p>\n<h3>Rivivi l&#8217;evento al Superdesign Show<\/h3>\n<div class=\"embed-responsive embed-responsive-16by9\"><iframe loading=\"lazy\" width=\"560\" height=\"315\" src=\"https:\/\/www.youtube-nocookie.com\/embed\/mJPRArEwjRo\" frameborder=\"0\" gesture=\"media\" allow=\"encrypted-media\" allowfullscreen><\/iframe><\/div>\n<p><\/br><\/p>\n<h3>Guarda le immagini dell\u2019evento al Superdesign Show<\/h3>\n<div class=\"embed-responsive embed-responsive-4by3\"><a title=\"EXXTRA al Superdesign Show\" href=\"https:\/\/www.flickr.com\/photos\/unirufa\/albums\/72157719814647362\" data-flickr-embed=\"true\"><img decoding=\"async\" class=\"embed-responsive-item\" src=\"https:\/\/live.staticflickr.com\/65535\/51442130722_8662852096_z.jpg\" alt=\"EXXTRA al Superdesign Show\" \/><\/a><script async src=\"\/\/embedr.flickr.com\/assets\/client-code.js\" charset=\"utf-8\"><\/script><\/div>\n<p>&nbsp;","protected":false},"excerpt":{"rendered":"<p>Disculpa, pero esta entrada est\u00e1 disponible s\u00f3lo en IT y EN.Dopo l&#8217;inaugurazione al RUFA Space, EXXTRA, il progetto espositivo della scuola di Multimedia Arts and Design, si sposta a Milano per la Milano Design Week che si terr\u00e0 a settembre. In particolare la mostra, visitabile dal 4 al 10 settembre, \u00e8 inserita all&#8217;interno del Superdesign&#8230;  <a class=\"excerpt-read-more\" href=\"https:\/\/www.unirufa.it\/es\/2021\/09\/10\/exxtra-al-superdesign-show\/\" title=\"Read EXXTRA al Superdesign Show\">Find out more<\/a><\/p>\n","protected":false},"author":12,"featured_media":49486,"comment_status":"closed","ping_status":"closed","sticky":false,"template":"","format":"standard","meta":{"content-type":"","footnotes":""},"categories":[1641],"tags":[],"class_list":["post-49485","post","type-post","status-publish","format-standard","has-post-thumbnail","hentry","category-multimedia-arts-and-design"],"yoast_head":"<!-- This site is optimized with the Yoast SEO plugin v24.2 - https:\/\/yoast.com\/wordpress\/plugins\/seo\/ -->\n<title>EXXTRA al Superdesign Show - RUFA - Rome University of Fine Arts<\/title>\n<meta name=\"description\" content=\"EXXTRA, il progetto espositivo della scuola di Multimedia Arts and Design, si sposta a Milano per la Milano Design Week, a settembre.\" \/>\n<meta name=\"robots\" content=\"index, follow, max-snippet:-1, max-image-preview:large, max-video-preview:-1\" \/>\n<link rel=\"canonical\" href=\"https:\/\/www.unirufa.it\/2021\/09\/10\/exxtra-al-superdesign-show\/\" \/>\n<meta property=\"og:locale\" content=\"es_ES\" \/>\n<meta property=\"og:type\" content=\"article\" \/>\n<meta property=\"og:title\" content=\"EXXTRA al Superdesign Show - RUFA - Rome University of Fine Arts\" \/>\n<meta property=\"og:description\" content=\"{:it}EXXTRA, il progetto espositivo della scuola di Multimedia Arts and Design, si sposta a Milano per la Milano Design Week, a settembre.{:}\" \/>\n<meta property=\"og:url\" content=\"https:\/\/www.unirufa.it\/2021\/09\/10\/exxtra-al-superdesign-show\/\" \/>\n<meta property=\"og:site_name\" content=\"RUFA - Rome University of Fine Arts\" \/>\n<meta property=\"article:published_time\" content=\"2021-09-10T07:00:09+00:00\" \/>\n<meta property=\"article:modified_time\" content=\"2024-05-06T07:38:15+00:00\" \/>\n<meta property=\"og:image\" content=\"https:\/\/www.unirufa.it\/wp-content\/uploads\/2021\/07\/RUFA_EXXTRA_visual_evento_1050x600.jpg\" \/>\n\t<meta property=\"og:image:width\" content=\"1050\" \/>\n\t<meta property=\"og:image:height\" content=\"600\" \/>\n\t<meta property=\"og:image:type\" content=\"image\/jpeg\" \/>\n<meta name=\"author\" content=\"Cristiana Pagnottelli\" \/>\n<meta name=\"twitter:label1\" content=\"Escrito por\" \/>\n\t<meta name=\"twitter:data1\" content=\"Cristiana Pagnottelli\" \/>\n\t<meta name=\"twitter:label2\" content=\"Tiempo de lectura\" \/>\n\t<meta name=\"twitter:data2\" content=\"7 minutos\" \/>\n<script type=\"application\/ld+json\" class=\"yoast-schema-graph\">{\"@context\":\"https:\/\/schema.org\",\"@graph\":[{\"@type\":\"WebPage\",\"@id\":\"https:\/\/www.unirufa.it\/2021\/09\/10\/exxtra-al-superdesign-show\/\",\"url\":\"https:\/\/www.unirufa.it\/2021\/09\/10\/exxtra-al-superdesign-show\/\",\"name\":\"EXXTRA al Superdesign Show - RUFA - Rome University of Fine Arts\",\"isPartOf\":{\"@id\":\"https:\/\/www.unirufa.it\/#website\"},\"primaryImageOfPage\":{\"@id\":\"https:\/\/www.unirufa.it\/2021\/09\/10\/exxtra-al-superdesign-show\/#primaryimage\"},\"image\":{\"@id\":\"https:\/\/www.unirufa.it\/2021\/09\/10\/exxtra-al-superdesign-show\/#primaryimage\"},\"thumbnailUrl\":\"https:\/\/www.unirufa.it\/wp-content\/uploads\/2021\/07\/RUFA_EXXTRA_visual_evento_1050x600.jpg\",\"datePublished\":\"2021-09-10T07:00:09+00:00\",\"dateModified\":\"2024-05-06T07:38:15+00:00\",\"author\":{\"@id\":\"https:\/\/www.unirufa.it\/#\/schema\/person\/fe58526afdf39ac27dc0d6ac68ef594c\"},\"description\":\"{:it}EXXTRA, il progetto espositivo della scuola di Multimedia Arts and Design, si sposta a Milano per la Milano Design Week, a settembre.{:}\",\"breadcrumb\":{\"@id\":\"https:\/\/www.unirufa.it\/2021\/09\/10\/exxtra-al-superdesign-show\/#breadcrumb\"},\"inLanguage\":\"es\",\"potentialAction\":[{\"@type\":\"ReadAction\",\"target\":[\"https:\/\/www.unirufa.it\/2021\/09\/10\/exxtra-al-superdesign-show\/\"]}]},{\"@type\":\"ImageObject\",\"inLanguage\":\"es\",\"@id\":\"https:\/\/www.unirufa.it\/2021\/09\/10\/exxtra-al-superdesign-show\/#primaryimage\",\"url\":\"https:\/\/www.unirufa.it\/wp-content\/uploads\/2021\/07\/RUFA_EXXTRA_visual_evento_1050x600.jpg\",\"contentUrl\":\"https:\/\/www.unirufa.it\/wp-content\/uploads\/2021\/07\/RUFA_EXXTRA_visual_evento_1050x600.jpg\",\"width\":1050,\"height\":600},{\"@type\":\"BreadcrumbList\",\"@id\":\"https:\/\/www.unirufa.it\/2021\/09\/10\/exxtra-al-superdesign-show\/#breadcrumb\",\"itemListElement\":[{\"@type\":\"ListItem\",\"position\":1,\"name\":\"Home\",\"item\":\"https:\/\/www.unirufa.it\/\"},{\"@type\":\"ListItem\",\"position\":2,\"name\":\"EXXTRA al Superdesign Show\"}]},{\"@type\":\"WebSite\",\"@id\":\"https:\/\/www.unirufa.it\/#website\",\"url\":\"https:\/\/www.unirufa.it\/\",\"name\":\"RUFA - Rome University of Fine Arts\",\"description\":\"\",\"potentialAction\":[{\"@type\":\"SearchAction\",\"target\":{\"@type\":\"EntryPoint\",\"urlTemplate\":\"https:\/\/www.unirufa.it\/?s={search_term_string}\"},\"query-input\":{\"@type\":\"PropertyValueSpecification\",\"valueRequired\":true,\"valueName\":\"search_term_string\"}}],\"inLanguage\":\"es\"},{\"@type\":\"Person\",\"@id\":\"https:\/\/www.unirufa.it\/#\/schema\/person\/fe58526afdf39ac27dc0d6ac68ef594c\",\"name\":\"Cristiana Pagnottelli\",\"image\":{\"@type\":\"ImageObject\",\"inLanguage\":\"es\",\"@id\":\"https:\/\/www.unirufa.it\/#\/schema\/person\/image\/\",\"url\":\"https:\/\/secure.gravatar.com\/avatar\/72550d45d2d782e9f7ca590c8e6e1211?s=96&d=mm&r=g\",\"contentUrl\":\"https:\/\/secure.gravatar.com\/avatar\/72550d45d2d782e9f7ca590c8e6e1211?s=96&d=mm&r=g\",\"caption\":\"Cristiana Pagnottelli\"},\"url\":\"https:\/\/www.unirufa.it\/es\/author\/cristiana\/\"}]}<\/script>\n<!-- \/ Yoast SEO plugin. -->","yoast_head_json":{"title":"EXXTRA al Superdesign Show - RUFA - Rome University of Fine Arts","description":"EXXTRA, il progetto espositivo della scuola di Multimedia Arts and Design, si sposta a Milano per la Milano Design Week, a settembre.","robots":{"index":"index","follow":"follow","max-snippet":"max-snippet:-1","max-image-preview":"max-image-preview:large","max-video-preview":"max-video-preview:-1"},"canonical":"https:\/\/www.unirufa.it\/2021\/09\/10\/exxtra-al-superdesign-show\/","og_locale":"es_ES","og_type":"article","og_title":"EXXTRA al Superdesign Show - RUFA - Rome University of Fine Arts","og_description":"{:it}EXXTRA, il progetto espositivo della scuola di Multimedia Arts and Design, si sposta a Milano per la Milano Design Week, a settembre.{:}","og_url":"https:\/\/www.unirufa.it\/2021\/09\/10\/exxtra-al-superdesign-show\/","og_site_name":"RUFA - Rome University of Fine Arts","article_published_time":"2021-09-10T07:00:09+00:00","article_modified_time":"2024-05-06T07:38:15+00:00","og_image":[{"width":1050,"height":600,"url":"https:\/\/www.unirufa.it\/wp-content\/uploads\/2021\/07\/RUFA_EXXTRA_visual_evento_1050x600.jpg","type":"image\/jpeg"}],"author":"Cristiana Pagnottelli","twitter_misc":{"Escrito por":"Cristiana Pagnottelli","Tiempo de lectura":"7 minutos"},"schema":{"@context":"https:\/\/schema.org","@graph":[{"@type":"WebPage","@id":"https:\/\/www.unirufa.it\/2021\/09\/10\/exxtra-al-superdesign-show\/","url":"https:\/\/www.unirufa.it\/2021\/09\/10\/exxtra-al-superdesign-show\/","name":"EXXTRA al Superdesign Show - RUFA - Rome University of Fine Arts","isPartOf":{"@id":"https:\/\/www.unirufa.it\/#website"},"primaryImageOfPage":{"@id":"https:\/\/www.unirufa.it\/2021\/09\/10\/exxtra-al-superdesign-show\/#primaryimage"},"image":{"@id":"https:\/\/www.unirufa.it\/2021\/09\/10\/exxtra-al-superdesign-show\/#primaryimage"},"thumbnailUrl":"https:\/\/www.unirufa.it\/wp-content\/uploads\/2021\/07\/RUFA_EXXTRA_visual_evento_1050x600.jpg","datePublished":"2021-09-10T07:00:09+00:00","dateModified":"2024-05-06T07:38:15+00:00","author":{"@id":"https:\/\/www.unirufa.it\/#\/schema\/person\/fe58526afdf39ac27dc0d6ac68ef594c"},"description":"{:it}EXXTRA, il progetto espositivo della scuola di Multimedia Arts and Design, si sposta a Milano per la Milano Design Week, a settembre.{:}","breadcrumb":{"@id":"https:\/\/www.unirufa.it\/2021\/09\/10\/exxtra-al-superdesign-show\/#breadcrumb"},"inLanguage":"es","potentialAction":[{"@type":"ReadAction","target":["https:\/\/www.unirufa.it\/2021\/09\/10\/exxtra-al-superdesign-show\/"]}]},{"@type":"ImageObject","inLanguage":"es","@id":"https:\/\/www.unirufa.it\/2021\/09\/10\/exxtra-al-superdesign-show\/#primaryimage","url":"https:\/\/www.unirufa.it\/wp-content\/uploads\/2021\/07\/RUFA_EXXTRA_visual_evento_1050x600.jpg","contentUrl":"https:\/\/www.unirufa.it\/wp-content\/uploads\/2021\/07\/RUFA_EXXTRA_visual_evento_1050x600.jpg","width":1050,"height":600},{"@type":"BreadcrumbList","@id":"https:\/\/www.unirufa.it\/2021\/09\/10\/exxtra-al-superdesign-show\/#breadcrumb","itemListElement":[{"@type":"ListItem","position":1,"name":"Home","item":"https:\/\/www.unirufa.it\/"},{"@type":"ListItem","position":2,"name":"EXXTRA al Superdesign Show"}]},{"@type":"WebSite","@id":"https:\/\/www.unirufa.it\/#website","url":"https:\/\/www.unirufa.it\/","name":"RUFA - Rome University of Fine Arts","description":"","potentialAction":[{"@type":"SearchAction","target":{"@type":"EntryPoint","urlTemplate":"https:\/\/www.unirufa.it\/?s={search_term_string}"},"query-input":{"@type":"PropertyValueSpecification","valueRequired":true,"valueName":"search_term_string"}}],"inLanguage":"es"},{"@type":"Person","@id":"https:\/\/www.unirufa.it\/#\/schema\/person\/fe58526afdf39ac27dc0d6ac68ef594c","name":"Cristiana Pagnottelli","image":{"@type":"ImageObject","inLanguage":"es","@id":"https:\/\/www.unirufa.it\/#\/schema\/person\/image\/","url":"https:\/\/secure.gravatar.com\/avatar\/72550d45d2d782e9f7ca590c8e6e1211?s=96&d=mm&r=g","contentUrl":"https:\/\/secure.gravatar.com\/avatar\/72550d45d2d782e9f7ca590c8e6e1211?s=96&d=mm&r=g","caption":"Cristiana Pagnottelli"},"url":"https:\/\/www.unirufa.it\/es\/author\/cristiana\/"}]}},"_links":{"self":[{"href":"https:\/\/www.unirufa.it\/es\/wp-json\/wp\/v2\/posts\/49485","targetHints":{"allow":["GET"]}}],"collection":[{"href":"https:\/\/www.unirufa.it\/es\/wp-json\/wp\/v2\/posts"}],"about":[{"href":"https:\/\/www.unirufa.it\/es\/wp-json\/wp\/v2\/types\/post"}],"author":[{"embeddable":true,"href":"https:\/\/www.unirufa.it\/es\/wp-json\/wp\/v2\/users\/12"}],"replies":[{"embeddable":true,"href":"https:\/\/www.unirufa.it\/es\/wp-json\/wp\/v2\/comments?post=49485"}],"version-history":[{"count":7,"href":"https:\/\/www.unirufa.it\/es\/wp-json\/wp\/v2\/posts\/49485\/revisions"}],"predecessor-version":[{"id":130964,"href":"https:\/\/www.unirufa.it\/es\/wp-json\/wp\/v2\/posts\/49485\/revisions\/130964"}],"wp:featuredmedia":[{"embeddable":true,"href":"https:\/\/www.unirufa.it\/es\/wp-json\/wp\/v2\/media\/49486"}],"wp:attachment":[{"href":"https:\/\/www.unirufa.it\/es\/wp-json\/wp\/v2\/media?parent=49485"}],"wp:term":[{"taxonomy":"category","embeddable":true,"href":"https:\/\/www.unirufa.it\/es\/wp-json\/wp\/v2\/categories?post=49485"},{"taxonomy":"post_tag","embeddable":true,"href":"https:\/\/www.unirufa.it\/es\/wp-json\/wp\/v2\/tags?post=49485"}],"curies":[{"name":"wp","href":"https:\/\/api.w.org\/{rel}","templated":true}]}}