


{"id":5064,"date":"2015-03-18T13:02:00","date_gmt":"2015-03-18T13:02:00","guid":{"rendered":"http:\/\/www.unirufa.it\/?p=5064"},"modified":"2021-10-28T11:16:11","modified_gmt":"2021-10-28T09:16:11","slug":"rufa-vola-istanbul","status":"publish","type":"post","link":"https:\/\/www.unirufa.it\/es\/2015\/03\/18\/rufa-vola-istanbul\/","title":{"rendered":"Rufa vola a Istanbul"},"content":{"rendered":"<h3>L\u2019accademia sar\u00e0 presente alla fiera internazionale delle scuole di arte e design Inart<\/p>\n<h3>\n<p>Rufa partecipa alla fiera internazionale delle scuole di arte e design, Inart, a Istanbul. L\u2019appuntamento \u00e8 per il 21 e 22 marzo quando Ren\u00e9 Angeramo, responsabile orientamento Rufa, presenter\u00e0 il progetto didattico dell\u2019accademia romana. Un\u2019occasione non solo per fare conoscere l\u2019universit\u00e0 all\u2019estero e in particolare in una citt\u00e0 che pu\u00f2 vantare un\u2019antica storia in fatto di arte ma anche un\u2019opportunit\u00e0 per tessere legami internazionali con altre scuole, accademie e universit\u00e0. Apertura oltreconfine che da sempre ha permesso alla Rufa di insegnare ai propri studenti uno sguardo il pi\u00f9 largo possibile sull\u2019arte e sul design.<\/p>\n<p>Nel corso di questo evento Rufa incontra gli studenti delle pi\u00f9 prestigiose scuole della citt\u00e0.<\/p>\n<p><a href=\"http:\/\/www.uoml.k12.tr\" target=\"_blank\" rel=\"noopener noreferrer\">Ulus Jewish High School<\/a><br \/>\n<a href=\"http:\/\/www.robcol.k12.tr\" target=\"_blank\" rel=\"noopener noreferrer\">Robert College<\/a><br \/>\n<a href=\"http:\/\/www.eyuboglu.com\/en\" target=\"_blank\" rel=\"noopener noreferrer\">Eyuboglu College<\/a><br \/>\n<a href=\"http:\/\/www.tedistanbul.k12.tr\/ENG-\/index.html\" target=\"_blank\" rel=\"noopener noreferrer\">Ted Istanbul High School<\/a><br \/>\n<a href=\"http:\/\/www.fmvisikokullari.k12.tr\/web\/114-3105-1-1\/home_page\/campuses\/home_page\/home_page\" target=\"_blank\" rel=\"noopener noreferrer\">Erenkoy Is\u0131k High School<\/a><br \/>\n<a href=\"http:\/\/www.galileilisesi.k12.tr\" target=\"_blank\" rel=\"noopener noreferrer\">Galileo Galilei High School<\/a><br \/>\n<a href=\"http:\/\/www.istek.k12.tr\/en\" target=\"_blank\" rel=\"noopener noreferrer\">Istek Acibadem High School<\/a><br \/>\n<a href=\"http:\/\/www.hisarschool.k12.tr\" target=\"_blank\" rel=\"noopener noreferrer\">Hisar Schools<\/a><\/p>\n<p>Potete seguire il fotoracconto di queste giornate dedicate alla promozione della nostra Accademia su Facebook, con un <a href=\"http:\/\/ow.ly\/KtHq8\" target=\"_blank\" rel=\"noopener noreferrer\">album<\/a> dedicato che si arricchisce ogni giorno con nuove fotografie scattate insieme agli studenti di queste importanti scuole: <\/p>\n<div id=\"fb-root\"><\/div>\n<p><script>(function(d, s, id) { \u00a0var js, fjs = d.getElementsByTagName(s)[0]; \u00a0if (d.getElementById(id)) return; \u00a0js = d.createElement(s); js.id = id; \u00a0js.src = \"\/\/connect.facebook.net\/it_IT\/all.js#xfbml=1\"; \u00a0fjs.parentNode.insertBefore(js, fjs);}(document, 'script', 'facebook-jssdk'));<\/script><\/p>\n<div class=\"fb-post\" data-href=\"https:\/\/www.facebook.com\/media\/set\/?set=a.871677732873791.1073741866.178842118824026&amp;type=1\" data-width=\"466\">\n<div class=\"fb-xfbml-parse-ignore\"><a href=\"https:\/\/www.facebook.com\/media\/set\/?set=a.871677732873791.1073741866.178842118824026&amp;type=1\">Pubblicazione<\/a> di <a href=\"https:\/\/www.facebook.com\/pages\/RUFA-Rome-University-Of-Fine-Arts\/178842118824026\">RUFA &#8211; Rome University Of Fine Arts<\/a>.<\/div>\n<\/div>\n<p><a href=\"http:\/\/inartsfairs.com\" target=\"_blank\" rel=\"noopener noreferrer\">Sito Inarts Fairs<\/a>","protected":false},"excerpt":{"rendered":"<p>L\u2019accademia sar\u00e0 presente alla fiera internazionale delle scuole di arte e design Inart Rufa partecipa alla fiera internazionale delle scuole di arte e design, Inart, a Istanbul. L\u2019appuntamento \u00e8 per il 21 e 22 marzo quando Ren\u00e9 Angeramo, responsabile orientamento Rufa, presenter\u00e0 il progetto didattico dell\u2019accademia romana. Un\u2019occasione non solo per fare conoscere l\u2019universit\u00e0 all\u2019estero&#8230;  <a class=\"excerpt-read-more\" href=\"https:\/\/www.unirufa.it\/es\/2015\/03\/18\/rufa-vola-istanbul\/\" title=\"Read Rufa vola a Istanbul\">Find out more<\/a><\/p>\n","protected":false},"author":1,"featured_media":5067,"comment_status":"closed","ping_status":"closed","sticky":false,"template":"","format":"standard","meta":{"content-type":"","footnotes":""},"categories":[1629,31],"tags":[],"class_list":["post-5064","post","type-post","status-publish","format-standard","has-post-thumbnail","hentry","category-accademia","category-app-news"],"yoast_head":"<!-- This site is optimized with the Yoast SEO plugin v24.2 - https:\/\/yoast.com\/wordpress\/plugins\/seo\/ -->\n<title>Rufa vola a Istanbul - RUFA - Rome University of Fine Arts<\/title>\n<meta name=\"robots\" content=\"index, follow, max-snippet:-1, max-image-preview:large, max-video-preview:-1\" \/>\n<link rel=\"canonical\" href=\"https:\/\/www.unirufa.it\/2015\/03\/18\/rufa-vola-istanbul\/\" \/>\n<meta property=\"og:locale\" content=\"es_ES\" \/>\n<meta property=\"og:type\" content=\"article\" \/>\n<meta property=\"og:title\" content=\"Rufa vola a Istanbul - RUFA - Rome University of Fine Arts\" \/>\n<meta property=\"og:description\" content=\"L\u2019accademia sar\u00e0 presente alla fiera internazionale delle scuole di arte e design Inart Rufa partecipa alla fiera internazionale delle scuole di arte e design, Inart, a Istanbul. L\u2019appuntamento \u00e8 per il 21 e 22 marzo quando Ren\u00e9 Angeramo, responsabile orientamento Rufa, presenter\u00e0 il progetto didattico dell\u2019accademia romana. Un\u2019occasione non solo per fare conoscere l\u2019universit\u00e0 all\u2019estero... Find out more\" \/>\n<meta property=\"og:url\" content=\"https:\/\/www.unirufa.it\/2015\/03\/18\/rufa-vola-istanbul\/\" \/>\n<meta property=\"og:site_name\" content=\"RUFA - Rome University of Fine Arts\" \/>\n<meta property=\"article:published_time\" content=\"2015-03-18T13:02:00+00:00\" \/>\n<meta property=\"article:modified_time\" content=\"2021-10-28T09:16:11+00:00\" \/>\n<meta property=\"og:image\" content=\"https:\/\/www.unirufa.it\/wp-content\/uploads\/2015\/03\/istambul_rufa.jpg\" \/>\n\t<meta property=\"og:image:width\" content=\"480\" \/>\n\t<meta property=\"og:image:height\" content=\"300\" \/>\n\t<meta property=\"og:image:type\" content=\"image\/jpeg\" \/>\n<meta name=\"author\" content=\"rufa\" \/>\n<meta name=\"twitter:label1\" content=\"Escrito por\" \/>\n\t<meta name=\"twitter:data1\" content=\"rufa\" \/>\n\t<meta name=\"twitter:label2\" content=\"Tiempo de lectura\" \/>\n\t<meta name=\"twitter:data2\" content=\"3 minutos\" \/>\n<script type=\"application\/ld+json\" class=\"yoast-schema-graph\">{\"@context\":\"https:\/\/schema.org\",\"@graph\":[{\"@type\":\"WebPage\",\"@id\":\"https:\/\/www.unirufa.it\/2015\/03\/18\/rufa-vola-istanbul\/\",\"url\":\"https:\/\/www.unirufa.it\/2015\/03\/18\/rufa-vola-istanbul\/\",\"name\":\"Rufa vola a Istanbul - RUFA - Rome University of Fine Arts\",\"isPartOf\":{\"@id\":\"https:\/\/www.unirufa.it\/#website\"},\"primaryImageOfPage\":{\"@id\":\"https:\/\/www.unirufa.it\/2015\/03\/18\/rufa-vola-istanbul\/#primaryimage\"},\"image\":{\"@id\":\"https:\/\/www.unirufa.it\/2015\/03\/18\/rufa-vola-istanbul\/#primaryimage\"},\"thumbnailUrl\":\"https:\/\/www.unirufa.it\/wp-content\/uploads\/2015\/03\/istambul_rufa.jpg\",\"datePublished\":\"2015-03-18T13:02:00+00:00\",\"dateModified\":\"2021-10-28T09:16:11+00:00\",\"author\":{\"@id\":\"https:\/\/www.unirufa.it\/#\/schema\/person\/df501afc19e72ccaeeaaec268b0c5917\"},\"breadcrumb\":{\"@id\":\"https:\/\/www.unirufa.it\/2015\/03\/18\/rufa-vola-istanbul\/#breadcrumb\"},\"inLanguage\":\"es\",\"potentialAction\":[{\"@type\":\"ReadAction\",\"target\":[\"https:\/\/www.unirufa.it\/2015\/03\/18\/rufa-vola-istanbul\/\"]}]},{\"@type\":\"ImageObject\",\"inLanguage\":\"es\",\"@id\":\"https:\/\/www.unirufa.it\/2015\/03\/18\/rufa-vola-istanbul\/#primaryimage\",\"url\":\"https:\/\/www.unirufa.it\/wp-content\/uploads\/2015\/03\/istambul_rufa.jpg\",\"contentUrl\":\"https:\/\/www.unirufa.it\/wp-content\/uploads\/2015\/03\/istambul_rufa.jpg\",\"width\":480,\"height\":300},{\"@type\":\"BreadcrumbList\",\"@id\":\"https:\/\/www.unirufa.it\/2015\/03\/18\/rufa-vola-istanbul\/#breadcrumb\",\"itemListElement\":[{\"@type\":\"ListItem\",\"position\":1,\"name\":\"Home\",\"item\":\"https:\/\/www.unirufa.it\/\"},{\"@type\":\"ListItem\",\"position\":2,\"name\":\"Rufa vola a Istanbul\"}]},{\"@type\":\"WebSite\",\"@id\":\"https:\/\/www.unirufa.it\/#website\",\"url\":\"https:\/\/www.unirufa.it\/\",\"name\":\"RUFA - Rome University of Fine Arts\",\"description\":\"\",\"potentialAction\":[{\"@type\":\"SearchAction\",\"target\":{\"@type\":\"EntryPoint\",\"urlTemplate\":\"https:\/\/www.unirufa.it\/?s={search_term_string}\"},\"query-input\":{\"@type\":\"PropertyValueSpecification\",\"valueRequired\":true,\"valueName\":\"search_term_string\"}}],\"inLanguage\":\"es\"},{\"@type\":\"Person\",\"@id\":\"https:\/\/www.unirufa.it\/#\/schema\/person\/df501afc19e72ccaeeaaec268b0c5917\",\"name\":\"rufa\",\"image\":{\"@type\":\"ImageObject\",\"inLanguage\":\"es\",\"@id\":\"https:\/\/www.unirufa.it\/#\/schema\/person\/image\/\",\"url\":\"https:\/\/secure.gravatar.com\/avatar\/7f7ea0eea9301536a533fa1d7ea507b9?s=96&d=mm&r=g\",\"contentUrl\":\"https:\/\/secure.gravatar.com\/avatar\/7f7ea0eea9301536a533fa1d7ea507b9?s=96&d=mm&r=g\",\"caption\":\"rufa\"},\"url\":\"https:\/\/www.unirufa.it\/es\/author\/rufa\/\"}]}<\/script>\n<!-- \/ Yoast SEO plugin. -->","yoast_head_json":{"title":"Rufa vola a Istanbul - RUFA - Rome University of Fine Arts","robots":{"index":"index","follow":"follow","max-snippet":"max-snippet:-1","max-image-preview":"max-image-preview:large","max-video-preview":"max-video-preview:-1"},"canonical":"https:\/\/www.unirufa.it\/2015\/03\/18\/rufa-vola-istanbul\/","og_locale":"es_ES","og_type":"article","og_title":"Rufa vola a Istanbul - RUFA - Rome University of Fine Arts","og_description":"L\u2019accademia sar\u00e0 presente alla fiera internazionale delle scuole di arte e design Inart Rufa partecipa alla fiera internazionale delle scuole di arte e design, Inart, a Istanbul. L\u2019appuntamento \u00e8 per il 21 e 22 marzo quando Ren\u00e9 Angeramo, responsabile orientamento Rufa, presenter\u00e0 il progetto didattico dell\u2019accademia romana. Un\u2019occasione non solo per fare conoscere l\u2019universit\u00e0 all\u2019estero... Find out more","og_url":"https:\/\/www.unirufa.it\/2015\/03\/18\/rufa-vola-istanbul\/","og_site_name":"RUFA - Rome University of Fine Arts","article_published_time":"2015-03-18T13:02:00+00:00","article_modified_time":"2021-10-28T09:16:11+00:00","og_image":[{"width":480,"height":300,"url":"https:\/\/www.unirufa.it\/wp-content\/uploads\/2015\/03\/istambul_rufa.jpg","type":"image\/jpeg"}],"author":"rufa","twitter_misc":{"Escrito por":"rufa","Tiempo de lectura":"3 minutos"},"schema":{"@context":"https:\/\/schema.org","@graph":[{"@type":"WebPage","@id":"https:\/\/www.unirufa.it\/2015\/03\/18\/rufa-vola-istanbul\/","url":"https:\/\/www.unirufa.it\/2015\/03\/18\/rufa-vola-istanbul\/","name":"Rufa vola a Istanbul - RUFA - Rome University of Fine Arts","isPartOf":{"@id":"https:\/\/www.unirufa.it\/#website"},"primaryImageOfPage":{"@id":"https:\/\/www.unirufa.it\/2015\/03\/18\/rufa-vola-istanbul\/#primaryimage"},"image":{"@id":"https:\/\/www.unirufa.it\/2015\/03\/18\/rufa-vola-istanbul\/#primaryimage"},"thumbnailUrl":"https:\/\/www.unirufa.it\/wp-content\/uploads\/2015\/03\/istambul_rufa.jpg","datePublished":"2015-03-18T13:02:00+00:00","dateModified":"2021-10-28T09:16:11+00:00","author":{"@id":"https:\/\/www.unirufa.it\/#\/schema\/person\/df501afc19e72ccaeeaaec268b0c5917"},"breadcrumb":{"@id":"https:\/\/www.unirufa.it\/2015\/03\/18\/rufa-vola-istanbul\/#breadcrumb"},"inLanguage":"es","potentialAction":[{"@type":"ReadAction","target":["https:\/\/www.unirufa.it\/2015\/03\/18\/rufa-vola-istanbul\/"]}]},{"@type":"ImageObject","inLanguage":"es","@id":"https:\/\/www.unirufa.it\/2015\/03\/18\/rufa-vola-istanbul\/#primaryimage","url":"https:\/\/www.unirufa.it\/wp-content\/uploads\/2015\/03\/istambul_rufa.jpg","contentUrl":"https:\/\/www.unirufa.it\/wp-content\/uploads\/2015\/03\/istambul_rufa.jpg","width":480,"height":300},{"@type":"BreadcrumbList","@id":"https:\/\/www.unirufa.it\/2015\/03\/18\/rufa-vola-istanbul\/#breadcrumb","itemListElement":[{"@type":"ListItem","position":1,"name":"Home","item":"https:\/\/www.unirufa.it\/"},{"@type":"ListItem","position":2,"name":"Rufa vola a Istanbul"}]},{"@type":"WebSite","@id":"https:\/\/www.unirufa.it\/#website","url":"https:\/\/www.unirufa.it\/","name":"RUFA - Rome University of Fine Arts","description":"","potentialAction":[{"@type":"SearchAction","target":{"@type":"EntryPoint","urlTemplate":"https:\/\/www.unirufa.it\/?s={search_term_string}"},"query-input":{"@type":"PropertyValueSpecification","valueRequired":true,"valueName":"search_term_string"}}],"inLanguage":"es"},{"@type":"Person","@id":"https:\/\/www.unirufa.it\/#\/schema\/person\/df501afc19e72ccaeeaaec268b0c5917","name":"rufa","image":{"@type":"ImageObject","inLanguage":"es","@id":"https:\/\/www.unirufa.it\/#\/schema\/person\/image\/","url":"https:\/\/secure.gravatar.com\/avatar\/7f7ea0eea9301536a533fa1d7ea507b9?s=96&d=mm&r=g","contentUrl":"https:\/\/secure.gravatar.com\/avatar\/7f7ea0eea9301536a533fa1d7ea507b9?s=96&d=mm&r=g","caption":"rufa"},"url":"https:\/\/www.unirufa.it\/es\/author\/rufa\/"}]}},"_links":{"self":[{"href":"https:\/\/www.unirufa.it\/es\/wp-json\/wp\/v2\/posts\/5064","targetHints":{"allow":["GET"]}}],"collection":[{"href":"https:\/\/www.unirufa.it\/es\/wp-json\/wp\/v2\/posts"}],"about":[{"href":"https:\/\/www.unirufa.it\/es\/wp-json\/wp\/v2\/types\/post"}],"author":[{"embeddable":true,"href":"https:\/\/www.unirufa.it\/es\/wp-json\/wp\/v2\/users\/1"}],"replies":[{"embeddable":true,"href":"https:\/\/www.unirufa.it\/es\/wp-json\/wp\/v2\/comments?post=5064"}],"version-history":[{"count":6,"href":"https:\/\/www.unirufa.it\/es\/wp-json\/wp\/v2\/posts\/5064\/revisions"}],"predecessor-version":[{"id":54833,"href":"https:\/\/www.unirufa.it\/es\/wp-json\/wp\/v2\/posts\/5064\/revisions\/54833"}],"wp:featuredmedia":[{"embeddable":true,"href":"https:\/\/www.unirufa.it\/es\/wp-json\/wp\/v2\/media\/5067"}],"wp:attachment":[{"href":"https:\/\/www.unirufa.it\/es\/wp-json\/wp\/v2\/media?parent=5064"}],"wp:term":[{"taxonomy":"category","embeddable":true,"href":"https:\/\/www.unirufa.it\/es\/wp-json\/wp\/v2\/categories?post=5064"},{"taxonomy":"post_tag","embeddable":true,"href":"https:\/\/www.unirufa.it\/es\/wp-json\/wp\/v2\/tags?post=5064"}],"curies":[{"name":"wp","href":"https:\/\/api.w.org\/{rel}","templated":true}]}}