


{"id":51566,"date":"2021-09-11T09:30:44","date_gmt":"2021-09-11T07:30:44","guid":{"rendered":"https:\/\/www.unirufa.it\/?p=51566"},"modified":"2021-09-11T10:18:35","modified_gmt":"2021-09-11T08:18:35","slug":"venti-anni-dall11-settembre","status":"publish","type":"post","link":"https:\/\/www.unirufa.it\/es\/2021\/09\/11\/venti-anni-dall11-settembre\/","title":{"rendered":"Venti anni dall\u201911 settembre"},"content":{"rendered":"<p class=\"qtranxs-available-languages-message qtranxs-available-languages-message-es\">Disculpa, pero esta entrada est\u00e1 disponible s\u00f3lo en <a href=\"https:\/\/www.unirufa.it\/it\/wp-json\/wp\/v2\/posts\/51566\" class=\"qtranxs-available-language-link qtranxs-available-language-link-it\" title=\"IT\">IT<\/a> y <a href=\"https:\/\/www.unirufa.it\/en\/wp-json\/wp\/v2\/posts\/51566\" class=\"qtranxs-available-language-link qtranxs-available-language-link-en\" title=\"EN\">EN<\/a>.<\/p><p>Una <strong>riflessione<\/strong>, per non dimenticare quell\u2019<strong>evento<\/strong> che venti anni addietro <strong>cambi\u00f2 radicalmente il mondo<\/strong> e le cui conseguenze si manifestano ancora oggi.<\/p>\n<p><strong>Genny Di Bert<\/strong>, docente RUFA di <strong>Fenomenologia delle arti contemporanee<\/strong>, nel <strong>settembre del 2001<\/strong> risiedeva a <strong>New York<\/strong> per motivi professionali ed \u00e8 stata <strong>testimone<\/strong> dell&#8217;<strong>attacco alle Torri Gemelle<\/strong>. In particolare si trovava nella Grande Mela per svolgere l&#8217;attivit\u00e0 di critico d&#8217;arte e nel contempo collaborava con alcune testate giornalistiche.<\/p>\n<p><em>\u00abRitengo utile<\/em> \u2013 evidenzia la docente \u2013 <em>riproporre il primo di una serie di servizi che feci allora, per non dimenticare quel tragico evento, per rendere omaggio alle migliaia di vittime che restano ben impresse nella nostra memoria e, al tempo stesso, per dimostrare come la societ\u00e0 sia in grado, pur pagando spesso un alto prezzo, di superare gli ostacoli, anche quelli che al momento potrebbero sembrare insormontabili\u00bb.<\/em><br \/>\n&nbsp;<\/p>\n<h3>THE DAY e THE DAY AFTER &#8211; (New York, 11-12 settembre 2001)<\/h3>\n<p><em>\u00ab\u00c8 impressionante vivere a New York in queste ore, abituati a camminare tra un traffico intenso, a osservare molteplici vetrine colorate di negozi aperti all\u2019insegna del business e a sentire i rumori delle strade affollate, ci si trova immersi in una citt\u00e0 diversa: poche auto, negozi, uffici e scuole chiusi, gran parte dei newyorchesi a casa (rispettando la richiesta del sindaco Giuliani), le linee telefoniche periodicamente interrotte, pattuglie di polizia dislocate in tutta la citt\u00e0.<\/p>\n<p>Ancora pi\u00f9 inverosimile appare la parte di Manhattan colpita dal disastro di ieri. Attraversando Broadway si sovrappongono immagini del \u201cmade in USA del divertimento\u201d con il fumo causato dalle esplosioni e dai crolli, si ascoltano sirene delle ambulanze e della polizia mentre si legge che gli spettacoli serali sono stati cancellati. In questa atmosfera si \u201crespira\u201d l\u2019aria di una sconfitta da parte di uno stato sicuro della sua incolumit\u00e0. Tra i viali vuoti la gente cammina, curiosa e preoccupata. Alcuni venditori di \u201cburger\u201d, situati lungo le strade, ascoltano ad alto volume la radio, che trasmette in diretta le ultime notizie. I mezzi non circolano ma l\u2019ingegno imprenditoriale di alcuni fa s\u00ec che si possa fare dei brevi tragitti tramite un originale piccolo calesse condotto da una bicicletta. Se invece si cerca di prendere un taxi, pochi, la tariffa per circolare in zone attigue all\u2019aerea dei crolli \u00e8 pi\u00f9 alta (circa 40 dollari). Il quadrilatero dove sorgevano le due Torri, cinque anni per costruirle e 90 minuti per distruggerle, \u00e8 una stratificazione di detriti, il fumo continua a diffondersi in tutta l\u2019area circostante. Sicuramente sotto le macerie ci sono molte persone, forse qualche sopravvissuto. <\/p>\n<p>Non \u00e8 ancora stato stimato il numero delle vittime, l\u2019unica certezza \u00e8 che saranno molte e, come ha affermato Rudolph Giuliani in una recente conferenza stampa, \u201cQualsiasi cifra sar\u00e0 maggiore di quella che si potrebbe immaginare\u201d. Neppure gli ospedali diffondono elenchi sulla quantit\u00e0 e le nazionalit\u00e0 dei ricoverati, precisando che il loro lavoro \u00e8 innanzitutto quello di soccorrere prima di richiedere i documenti. \u00c8 certo che le vittime saranno migliaia e che, fortunatamente, al crollo del building no.7 del World Financial Center, verso le 7 di ieri sera, la zona era gi\u00e0 stata evacuata in mattinata (50.000 persone che lavoravano nel Centro).<\/p>\n<p>Si parla di una \u201cseconda Pearl Harbour\u201d in cui gli attacchi di ieri alle torri del World Trade Center (il primo un 747 dell\u2019American Airlines proveniente da Boston e diretto a Los Angeles e il secondo, della stessa compagnia aerea, United 175 da Boston) hanno ucciso un numero elevato di persone. Un\u2019esplosione orribile. Una situazione surreale. Osama bin Laden (con riferimento a un\u2019intercettazione telefonica da parte della U.S.) \u00e8 uno dei sospettati mandanti dei kamikaze che ha distrutto il World Trade Center e parte del Pentagono, che in queste ore stanno ulteriormente evacuando per pericolo di nuovi crolli.<\/p>\n<p>George W.Bush ha confermato un\u2019azione diretta nei confronti dei responsabili, anche in questo caso non ci sono ancora notizie definitive. Il Presidente Bush ha inoltre promesso che scoprir\u00e0 i colpevoli, per il bene dell\u2019America, e ha trovato sostegno in questa affermazione anche da parte dell\u2019opposizione: tutti uniti, anche politici come Freddy Ferrer e Al Sharpton a New York o Tom Daschle e Dick Gephardt a Washington, in una nuova ondata di profondo patriottismo.<\/p>\n<p>Quello che si prospetta \u00e8 sicuramente un nuovo mondo in cui il modo di vivere degli americani non sar\u00e0 pi\u00f9 lo stesso, lo si percepisce gi\u00e0 nella New York di oggi. Cambier\u00e0 la politica americana. I cambiamenti sono gi\u00e0 in atto e con essi la consapevolezza che anche i servizi segreti possono essere scavalcati.\u00bb<\/em><\/p>\n<h4>Genny Di Bert<\/h4>\n<p>&nbsp;<\/p>\n<div class=\"su-image-carousel  su-image-carousel-columns-3 su-image-carousel-has-spacing su-image-carousel-adaptive su-image-carousel-slides-style-minimal su-image-carousel-controls-style-light su-image-carousel-align-left\" style=\"\" data-flickity-options='{\"groupCells\":true,\"cellSelector\":\".su-image-carousel-item\",\"adaptiveHeight\":true,\"cellAlign\":\"left\",\"prevNextButtons\":true,\"pageDots\":false,\"autoPlay\":3000,\"imagesLoaded\":true,\"contain\":false,\"selectedAttraction\":0.025,\"friction\":0.28}' id=\"su_image_carousel_69f464e1b401a\"><div class=\"su-image-carousel-item\"><div class=\"su-image-carousel-item-content\"><img loading=\"lazy\" decoding=\"async\" width=\"1129\" height=\"738\" src=\"https:\/\/www.unirufa.it\/wp-content\/uploads\/2021\/09\/Venti-anni-dall11-settembre-1.jpg\" class=\"\" alt=\"Venti anni dall\u201911 settembre 1\" srcset=\"https:\/\/www.unirufa.it\/wp-content\/uploads\/2021\/09\/Venti-anni-dall11-settembre-1.jpg 1129w, https:\/\/www.unirufa.it\/wp-content\/uploads\/2021\/09\/Venti-anni-dall11-settembre-1-300x196.jpg 300w, https:\/\/www.unirufa.it\/wp-content\/uploads\/2021\/09\/Venti-anni-dall11-settembre-1-1024x669.jpg 1024w, https:\/\/www.unirufa.it\/wp-content\/uploads\/2021\/09\/Venti-anni-dall11-settembre-1-768x502.jpg 768w, https:\/\/www.unirufa.it\/wp-content\/uploads\/2021\/09\/Venti-anni-dall11-settembre-1-1080x706.jpg 1080w\" sizes=\"auto, (max-width: 1129px) 100vw, 1129px\" \/><\/div><\/div><div class=\"su-image-carousel-item\"><div class=\"su-image-carousel-item-content\"><img loading=\"lazy\" decoding=\"async\" width=\"1137\" height=\"776\" src=\"https:\/\/www.unirufa.it\/wp-content\/uploads\/2021\/09\/Venti-anni-dall11-settembre-2.jpg\" class=\"\" alt=\"Venti anni dall\u201911 settembre 2\" srcset=\"https:\/\/www.unirufa.it\/wp-content\/uploads\/2021\/09\/Venti-anni-dall11-settembre-2.jpg 1137w, https:\/\/www.unirufa.it\/wp-content\/uploads\/2021\/09\/Venti-anni-dall11-settembre-2-300x205.jpg 300w, https:\/\/www.unirufa.it\/wp-content\/uploads\/2021\/09\/Venti-anni-dall11-settembre-2-1024x699.jpg 1024w, https:\/\/www.unirufa.it\/wp-content\/uploads\/2021\/09\/Venti-anni-dall11-settembre-2-768x524.jpg 768w, https:\/\/www.unirufa.it\/wp-content\/uploads\/2021\/09\/Venti-anni-dall11-settembre-2-1080x737.jpg 1080w\" sizes=\"auto, (max-width: 1137px) 100vw, 1137px\" \/><\/div><\/div><div class=\"su-image-carousel-item\"><div class=\"su-image-carousel-item-content\"><img loading=\"lazy\" decoding=\"async\" width=\"1129\" height=\"776\" src=\"https:\/\/www.unirufa.it\/wp-content\/uploads\/2021\/09\/Venti-anni-dall11-settembre-3.jpg\" class=\"\" alt=\"Venti anni dall\u201911 settembre 3\" srcset=\"https:\/\/www.unirufa.it\/wp-content\/uploads\/2021\/09\/Venti-anni-dall11-settembre-3.jpg 1129w, https:\/\/www.unirufa.it\/wp-content\/uploads\/2021\/09\/Venti-anni-dall11-settembre-3-300x206.jpg 300w, https:\/\/www.unirufa.it\/wp-content\/uploads\/2021\/09\/Venti-anni-dall11-settembre-3-1024x704.jpg 1024w, https:\/\/www.unirufa.it\/wp-content\/uploads\/2021\/09\/Venti-anni-dall11-settembre-3-768x528.jpg 768w, https:\/\/www.unirufa.it\/wp-content\/uploads\/2021\/09\/Venti-anni-dall11-settembre-3-1080x742.jpg 1080w\" sizes=\"auto, (max-width: 1129px) 100vw, 1129px\" \/><\/div><\/div><div class=\"su-image-carousel-item\"><div class=\"su-image-carousel-item-content\"><img loading=\"lazy\" decoding=\"async\" width=\"1149\" height=\"799\" src=\"https:\/\/www.unirufa.it\/wp-content\/uploads\/2021\/09\/Venti-anni-dall11-settembre-4.jpg\" class=\"\" alt=\"Venti anni dall\u201911 settembre 4\" srcset=\"https:\/\/www.unirufa.it\/wp-content\/uploads\/2021\/09\/Venti-anni-dall11-settembre-4.jpg 1149w, https:\/\/www.unirufa.it\/wp-content\/uploads\/2021\/09\/Venti-anni-dall11-settembre-4-300x209.jpg 300w, https:\/\/www.unirufa.it\/wp-content\/uploads\/2021\/09\/Venti-anni-dall11-settembre-4-1024x712.jpg 1024w, https:\/\/www.unirufa.it\/wp-content\/uploads\/2021\/09\/Venti-anni-dall11-settembre-4-768x534.jpg 768w, https:\/\/www.unirufa.it\/wp-content\/uploads\/2021\/09\/Venti-anni-dall11-settembre-4-1080x751.jpg 1080w\" sizes=\"auto, (max-width: 1149px) 100vw, 1149px\" \/><\/div><\/div><div class=\"su-image-carousel-item\"><div class=\"su-image-carousel-item-content\"><img loading=\"lazy\" decoding=\"async\" width=\"1146\" height=\"756\" src=\"https:\/\/www.unirufa.it\/wp-content\/uploads\/2021\/09\/Venti-anni-dall11-settembre-5.jpg\" class=\"\" alt=\"Venti anni dall\u201911 settembre 5\" srcset=\"https:\/\/www.unirufa.it\/wp-content\/uploads\/2021\/09\/Venti-anni-dall11-settembre-5.jpg 1146w, https:\/\/www.unirufa.it\/wp-content\/uploads\/2021\/09\/Venti-anni-dall11-settembre-5-300x198.jpg 300w, https:\/\/www.unirufa.it\/wp-content\/uploads\/2021\/09\/Venti-anni-dall11-settembre-5-1024x676.jpg 1024w, https:\/\/www.unirufa.it\/wp-content\/uploads\/2021\/09\/Venti-anni-dall11-settembre-5-768x507.jpg 768w, https:\/\/www.unirufa.it\/wp-content\/uploads\/2021\/09\/Venti-anni-dall11-settembre-5-1080x712.jpg 1080w\" sizes=\"auto, (max-width: 1146px) 100vw, 1146px\" \/><\/div><\/div><div class=\"su-image-carousel-item\"><div class=\"su-image-carousel-item-content\"><img loading=\"lazy\" decoding=\"async\" width=\"1169\" height=\"767\" src=\"https:\/\/www.unirufa.it\/wp-content\/uploads\/2021\/09\/Venti-anni-dall11-settembre-6.jpg\" class=\"\" alt=\"Venti anni dall\u201911 settembre 6\" srcset=\"https:\/\/www.unirufa.it\/wp-content\/uploads\/2021\/09\/Venti-anni-dall11-settembre-6.jpg 1169w, https:\/\/www.unirufa.it\/wp-content\/uploads\/2021\/09\/Venti-anni-dall11-settembre-6-300x197.jpg 300w, https:\/\/www.unirufa.it\/wp-content\/uploads\/2021\/09\/Venti-anni-dall11-settembre-6-1024x672.jpg 1024w, https:\/\/www.unirufa.it\/wp-content\/uploads\/2021\/09\/Venti-anni-dall11-settembre-6-768x504.jpg 768w, https:\/\/www.unirufa.it\/wp-content\/uploads\/2021\/09\/Venti-anni-dall11-settembre-6-1080x709.jpg 1080w\" sizes=\"auto, (max-width: 1169px) 100vw, 1169px\" \/><\/div><\/div><div class=\"su-image-carousel-item\"><div class=\"su-image-carousel-item-content\"><img loading=\"lazy\" decoding=\"async\" width=\"1152\" height=\"741\" src=\"https:\/\/www.unirufa.it\/wp-content\/uploads\/2021\/09\/Venti-anni-dall11-settembre-7.jpg\" class=\"\" alt=\"Venti anni dall\u201911 settembre 7\" srcset=\"https:\/\/www.unirufa.it\/wp-content\/uploads\/2021\/09\/Venti-anni-dall11-settembre-7.jpg 1152w, https:\/\/www.unirufa.it\/wp-content\/uploads\/2021\/09\/Venti-anni-dall11-settembre-7-300x193.jpg 300w, https:\/\/www.unirufa.it\/wp-content\/uploads\/2021\/09\/Venti-anni-dall11-settembre-7-1024x659.jpg 1024w, https:\/\/www.unirufa.it\/wp-content\/uploads\/2021\/09\/Venti-anni-dall11-settembre-7-768x494.jpg 768w, https:\/\/www.unirufa.it\/wp-content\/uploads\/2021\/09\/Venti-anni-dall11-settembre-7-1080x695.jpg 1080w\" sizes=\"auto, (max-width: 1152px) 100vw, 1152px\" \/><\/div><\/div><div class=\"su-image-carousel-item\"><div class=\"su-image-carousel-item-content\"><img loading=\"lazy\" decoding=\"async\" width=\"1140\" height=\"761\" src=\"https:\/\/www.unirufa.it\/wp-content\/uploads\/2021\/09\/Venti-anni-dall11-settembre-8.jpg\" class=\"\" alt=\"Venti anni dall\u201911 settembre 8\" srcset=\"https:\/\/www.unirufa.it\/wp-content\/uploads\/2021\/09\/Venti-anni-dall11-settembre-8.jpg 1140w, https:\/\/www.unirufa.it\/wp-content\/uploads\/2021\/09\/Venti-anni-dall11-settembre-8-300x200.jpg 300w, https:\/\/www.unirufa.it\/wp-content\/uploads\/2021\/09\/Venti-anni-dall11-settembre-8-1024x684.jpg 1024w, https:\/\/www.unirufa.it\/wp-content\/uploads\/2021\/09\/Venti-anni-dall11-settembre-8-768x513.jpg 768w, https:\/\/www.unirufa.it\/wp-content\/uploads\/2021\/09\/Venti-anni-dall11-settembre-8-1080x721.jpg 1080w\" sizes=\"auto, (max-width: 1140px) 100vw, 1140px\" \/><\/div><\/div><div class=\"su-image-carousel-item\"><div class=\"su-image-carousel-item-content\"><img loading=\"lazy\" decoding=\"async\" width=\"1161\" height=\"776\" src=\"https:\/\/www.unirufa.it\/wp-content\/uploads\/2021\/09\/Venti-anni-dall11-settembre-9.jpg\" class=\"\" alt=\"Venti anni dall\u201911 settembre 9\" srcset=\"https:\/\/www.unirufa.it\/wp-content\/uploads\/2021\/09\/Venti-anni-dall11-settembre-9.jpg 1161w, https:\/\/www.unirufa.it\/wp-content\/uploads\/2021\/09\/Venti-anni-dall11-settembre-9-300x201.jpg 300w, https:\/\/www.unirufa.it\/wp-content\/uploads\/2021\/09\/Venti-anni-dall11-settembre-9-1024x684.jpg 1024w, https:\/\/www.unirufa.it\/wp-content\/uploads\/2021\/09\/Venti-anni-dall11-settembre-9-768x513.jpg 768w, https:\/\/www.unirufa.it\/wp-content\/uploads\/2021\/09\/Venti-anni-dall11-settembre-9-1080x722.jpg 1080w\" sizes=\"auto, (max-width: 1161px) 100vw, 1161px\" \/><\/div><\/div><div class=\"su-image-carousel-item\"><div class=\"su-image-carousel-item-content\"><img loading=\"lazy\" decoding=\"async\" width=\"984\" height=\"582\" src=\"https:\/\/www.unirufa.it\/wp-content\/uploads\/2021\/09\/Venti-anni-dall11-settembre-10.jpg\" class=\"\" alt=\"Venti anni dall\u201911 settembre 10\" srcset=\"https:\/\/www.unirufa.it\/wp-content\/uploads\/2021\/09\/Venti-anni-dall11-settembre-10.jpg 984w, https:\/\/www.unirufa.it\/wp-content\/uploads\/2021\/09\/Venti-anni-dall11-settembre-10-300x177.jpg 300w, https:\/\/www.unirufa.it\/wp-content\/uploads\/2021\/09\/Venti-anni-dall11-settembre-10-768x454.jpg 768w\" sizes=\"auto, (max-width: 984px) 100vw, 984px\" \/><\/div><\/div><div class=\"su-image-carousel-item\"><div class=\"su-image-carousel-item-content\"><img loading=\"lazy\" decoding=\"async\" width=\"1143\" height=\"756\" src=\"https:\/\/www.unirufa.it\/wp-content\/uploads\/2021\/09\/Venti-anni-dall11-settembre-11.jpg\" class=\"\" alt=\"Venti anni dall\u201911 settembre 11\" srcset=\"https:\/\/www.unirufa.it\/wp-content\/uploads\/2021\/09\/Venti-anni-dall11-settembre-11.jpg 1143w, https:\/\/www.unirufa.it\/wp-content\/uploads\/2021\/09\/Venti-anni-dall11-settembre-11-300x198.jpg 300w, https:\/\/www.unirufa.it\/wp-content\/uploads\/2021\/09\/Venti-anni-dall11-settembre-11-1024x677.jpg 1024w, https:\/\/www.unirufa.it\/wp-content\/uploads\/2021\/09\/Venti-anni-dall11-settembre-11-768x508.jpg 768w, https:\/\/www.unirufa.it\/wp-content\/uploads\/2021\/09\/Venti-anni-dall11-settembre-11-1080x714.jpg 1080w\" sizes=\"auto, (max-width: 1143px) 100vw, 1143px\" \/><\/div><\/div><div class=\"su-image-carousel-item\"><div class=\"su-image-carousel-item-content\"><img loading=\"lazy\" decoding=\"async\" width=\"1140\" height=\"753\" src=\"https:\/\/www.unirufa.it\/wp-content\/uploads\/2021\/09\/Venti-anni-dall11-settembre-12.jpg\" class=\"\" alt=\"Venti anni dall\u201911 settembre 12\" srcset=\"https:\/\/www.unirufa.it\/wp-content\/uploads\/2021\/09\/Venti-anni-dall11-settembre-12.jpg 1140w, https:\/\/www.unirufa.it\/wp-content\/uploads\/2021\/09\/Venti-anni-dall11-settembre-12-300x198.jpg 300w, https:\/\/www.unirufa.it\/wp-content\/uploads\/2021\/09\/Venti-anni-dall11-settembre-12-1024x676.jpg 1024w, https:\/\/www.unirufa.it\/wp-content\/uploads\/2021\/09\/Venti-anni-dall11-settembre-12-768x507.jpg 768w, https:\/\/www.unirufa.it\/wp-content\/uploads\/2021\/09\/Venti-anni-dall11-settembre-12-1080x713.jpg 1080w\" sizes=\"auto, (max-width: 1140px) 100vw, 1140px\" \/><\/div><\/div><div class=\"su-image-carousel-item\"><div class=\"su-image-carousel-item-content\"><img loading=\"lazy\" decoding=\"async\" width=\"1146\" height=\"753\" src=\"https:\/\/www.unirufa.it\/wp-content\/uploads\/2021\/09\/Venti-anni-dall11-settembre-13.jpg\" class=\"\" alt=\"Venti anni dall\u201911 settembre 13\" srcset=\"https:\/\/www.unirufa.it\/wp-content\/uploads\/2021\/09\/Venti-anni-dall11-settembre-13.jpg 1146w, https:\/\/www.unirufa.it\/wp-content\/uploads\/2021\/09\/Venti-anni-dall11-settembre-13-300x197.jpg 300w, https:\/\/www.unirufa.it\/wp-content\/uploads\/2021\/09\/Venti-anni-dall11-settembre-13-1024x673.jpg 1024w, https:\/\/www.unirufa.it\/wp-content\/uploads\/2021\/09\/Venti-anni-dall11-settembre-13-768x505.jpg 768w, https:\/\/www.unirufa.it\/wp-content\/uploads\/2021\/09\/Venti-anni-dall11-settembre-13-1080x710.jpg 1080w\" sizes=\"auto, (max-width: 1146px) 100vw, 1146px\" \/><\/div><\/div><div class=\"su-image-carousel-item\"><div class=\"su-image-carousel-item-content\"><img loading=\"lazy\" decoding=\"async\" width=\"1131\" height=\"750\" src=\"https:\/\/www.unirufa.it\/wp-content\/uploads\/2021\/09\/Venti-anni-dall11-settembre-14.jpg\" class=\"\" alt=\"Venti anni dall\u201911 settembre 14\" srcset=\"https:\/\/www.unirufa.it\/wp-content\/uploads\/2021\/09\/Venti-anni-dall11-settembre-14.jpg 1131w, https:\/\/www.unirufa.it\/wp-content\/uploads\/2021\/09\/Venti-anni-dall11-settembre-14-300x199.jpg 300w, https:\/\/www.unirufa.it\/wp-content\/uploads\/2021\/09\/Venti-anni-dall11-settembre-14-1024x679.jpg 1024w, https:\/\/www.unirufa.it\/wp-content\/uploads\/2021\/09\/Venti-anni-dall11-settembre-14-768x509.jpg 768w, https:\/\/www.unirufa.it\/wp-content\/uploads\/2021\/09\/Venti-anni-dall11-settembre-14-1080x716.jpg 1080w\" sizes=\"auto, (max-width: 1131px) 100vw, 1131px\" \/><\/div><\/div><div class=\"su-image-carousel-item\"><div class=\"su-image-carousel-item-content\"><img loading=\"lazy\" decoding=\"async\" width=\"1149\" height=\"770\" src=\"https:\/\/www.unirufa.it\/wp-content\/uploads\/2021\/09\/Venti-anni-dall11-settembre-15.jpg\" class=\"\" alt=\"Venti anni dall\u201911 settembre 15\" srcset=\"https:\/\/www.unirufa.it\/wp-content\/uploads\/2021\/09\/Venti-anni-dall11-settembre-15.jpg 1149w, https:\/\/www.unirufa.it\/wp-content\/uploads\/2021\/09\/Venti-anni-dall11-settembre-15-300x201.jpg 300w, https:\/\/www.unirufa.it\/wp-content\/uploads\/2021\/09\/Venti-anni-dall11-settembre-15-1024x686.jpg 1024w, https:\/\/www.unirufa.it\/wp-content\/uploads\/2021\/09\/Venti-anni-dall11-settembre-15-768x515.jpg 768w, https:\/\/www.unirufa.it\/wp-content\/uploads\/2021\/09\/Venti-anni-dall11-settembre-15-1080x724.jpg 1080w\" sizes=\"auto, (max-width: 1149px) 100vw, 1149px\" \/><\/div><\/div><div class=\"su-image-carousel-item\"><div class=\"su-image-carousel-item-content\"><img loading=\"lazy\" decoding=\"async\" width=\"1132\" height=\"753\" src=\"https:\/\/www.unirufa.it\/wp-content\/uploads\/2021\/09\/Venti-anni-dall11-settembre-16.jpg\" class=\"\" alt=\"Venti anni dall\u201911 settembre 16\" srcset=\"https:\/\/www.unirufa.it\/wp-content\/uploads\/2021\/09\/Venti-anni-dall11-settembre-16.jpg 1132w, https:\/\/www.unirufa.it\/wp-content\/uploads\/2021\/09\/Venti-anni-dall11-settembre-16-300x200.jpg 300w, https:\/\/www.unirufa.it\/wp-content\/uploads\/2021\/09\/Venti-anni-dall11-settembre-16-1024x681.jpg 1024w, https:\/\/www.unirufa.it\/wp-content\/uploads\/2021\/09\/Venti-anni-dall11-settembre-16-768x511.jpg 768w, https:\/\/www.unirufa.it\/wp-content\/uploads\/2021\/09\/Venti-anni-dall11-settembre-16-1080x718.jpg 1080w\" sizes=\"auto, (max-width: 1132px) 100vw, 1132px\" \/><\/div><\/div><div class=\"su-image-carousel-item\"><div class=\"su-image-carousel-item-content\"><img loading=\"lazy\" decoding=\"async\" width=\"781\" height=\"1161\" src=\"https:\/\/www.unirufa.it\/wp-content\/uploads\/2021\/09\/Venti-anni-dall11-settembre-17.jpg\" class=\"\" alt=\"Venti anni dall\u201911 settembre 17\" srcset=\"https:\/\/www.unirufa.it\/wp-content\/uploads\/2021\/09\/Venti-anni-dall11-settembre-17.jpg 781w, https:\/\/www.unirufa.it\/wp-content\/uploads\/2021\/09\/Venti-anni-dall11-settembre-17-202x300.jpg 202w, https:\/\/www.unirufa.it\/wp-content\/uploads\/2021\/09\/Venti-anni-dall11-settembre-17-689x1024.jpg 689w, https:\/\/www.unirufa.it\/wp-content\/uploads\/2021\/09\/Venti-anni-dall11-settembre-17-768x1142.jpg 768w, https:\/\/www.unirufa.it\/wp-content\/uploads\/2021\/09\/Venti-anni-dall11-settembre-17-727x1080.jpg 727w\" sizes=\"auto, (max-width: 781px) 100vw, 781px\" \/><\/div><\/div><div class=\"su-image-carousel-item\"><div class=\"su-image-carousel-item-content\"><img loading=\"lazy\" decoding=\"async\" width=\"763\" height=\"1080\" src=\"https:\/\/www.unirufa.it\/wp-content\/uploads\/2021\/09\/Venti-anni-dall11-settembre-18.jpg\" class=\"\" alt=\"Venti anni dall\u201911 settembre 18\" srcset=\"https:\/\/www.unirufa.it\/wp-content\/uploads\/2021\/09\/Venti-anni-dall11-settembre-18.jpg 763w, https:\/\/www.unirufa.it\/wp-content\/uploads\/2021\/09\/Venti-anni-dall11-settembre-18-212x300.jpg 212w, https:\/\/www.unirufa.it\/wp-content\/uploads\/2021\/09\/Venti-anni-dall11-settembre-18-723x1024.jpg 723w\" sizes=\"auto, (max-width: 763px) 100vw, 763px\" \/><\/div><\/div><div class=\"su-image-carousel-item\"><div class=\"su-image-carousel-item-content\"><img loading=\"lazy\" decoding=\"async\" width=\"1111\" height=\"784\" src=\"https:\/\/www.unirufa.it\/wp-content\/uploads\/2021\/09\/Venti-anni-dall11-settembre-19.jpg\" class=\"\" alt=\"Venti anni dall\u201911 settembre 19\" srcset=\"https:\/\/www.unirufa.it\/wp-content\/uploads\/2021\/09\/Venti-anni-dall11-settembre-19.jpg 1111w, https:\/\/www.unirufa.it\/wp-content\/uploads\/2021\/09\/Venti-anni-dall11-settembre-19-300x212.jpg 300w, https:\/\/www.unirufa.it\/wp-content\/uploads\/2021\/09\/Venti-anni-dall11-settembre-19-1024x723.jpg 1024w, https:\/\/www.unirufa.it\/wp-content\/uploads\/2021\/09\/Venti-anni-dall11-settembre-19-768x542.jpg 768w, https:\/\/www.unirufa.it\/wp-content\/uploads\/2021\/09\/Venti-anni-dall11-settembre-19-1080x762.jpg 1080w\" sizes=\"auto, (max-width: 1111px) 100vw, 1111px\" \/><\/div><\/div><div class=\"su-image-carousel-item\"><div class=\"su-image-carousel-item-content\"><img loading=\"lazy\" decoding=\"async\" width=\"749\" height=\"1115\" src=\"https:\/\/www.unirufa.it\/wp-content\/uploads\/2021\/09\/Venti-anni-dall11-settembre-20.jpg\" class=\"\" alt=\"Venti anni dall\u201911 settembre 20\" srcset=\"https:\/\/www.unirufa.it\/wp-content\/uploads\/2021\/09\/Venti-anni-dall11-settembre-20.jpg 749w, https:\/\/www.unirufa.it\/wp-content\/uploads\/2021\/09\/Venti-anni-dall11-settembre-20-202x300.jpg 202w, https:\/\/www.unirufa.it\/wp-content\/uploads\/2021\/09\/Venti-anni-dall11-settembre-20-688x1024.jpg 688w, https:\/\/www.unirufa.it\/wp-content\/uploads\/2021\/09\/Venti-anni-dall11-settembre-20-725x1080.jpg 725w\" sizes=\"auto, (max-width: 749px) 100vw, 749px\" \/><\/div><\/div><div class=\"su-image-carousel-item\"><div class=\"su-image-carousel-item-content\"><img loading=\"lazy\" decoding=\"async\" width=\"634\" height=\"741\" src=\"https:\/\/www.unirufa.it\/wp-content\/uploads\/2021\/09\/Venti-anni-dall11-settembre-21.jpg\" class=\"\" alt=\"Venti anni dall\u201911 settembre 21\" srcset=\"https:\/\/www.unirufa.it\/wp-content\/uploads\/2021\/09\/Venti-anni-dall11-settembre-21.jpg 634w, https:\/\/www.unirufa.it\/wp-content\/uploads\/2021\/09\/Venti-anni-dall11-settembre-21-257x300.jpg 257w\" sizes=\"auto, (max-width: 634px) 100vw, 634px\" \/><\/div><\/div><div class=\"su-image-carousel-item\"><div class=\"su-image-carousel-item-content\"><img loading=\"lazy\" decoding=\"async\" width=\"1123\" height=\"747\" src=\"https:\/\/www.unirufa.it\/wp-content\/uploads\/2021\/09\/Venti-anni-dall11-settembre-22.jpg\" class=\"\" alt=\"Venti anni dall\u201911 settembre 22\" srcset=\"https:\/\/www.unirufa.it\/wp-content\/uploads\/2021\/09\/Venti-anni-dall11-settembre-22.jpg 1123w, https:\/\/www.unirufa.it\/wp-content\/uploads\/2021\/09\/Venti-anni-dall11-settembre-22-300x200.jpg 300w, https:\/\/www.unirufa.it\/wp-content\/uploads\/2021\/09\/Venti-anni-dall11-settembre-22-1024x681.jpg 1024w, https:\/\/www.unirufa.it\/wp-content\/uploads\/2021\/09\/Venti-anni-dall11-settembre-22-768x511.jpg 768w, https:\/\/www.unirufa.it\/wp-content\/uploads\/2021\/09\/Venti-anni-dall11-settembre-22-1080x718.jpg 1080w\" sizes=\"auto, (max-width: 1123px) 100vw, 1123px\" \/><\/div><\/div><div class=\"su-image-carousel-item\"><div class=\"su-image-carousel-item-content\"><img loading=\"lazy\" decoding=\"async\" width=\"1134\" height=\"741\" src=\"https:\/\/www.unirufa.it\/wp-content\/uploads\/2021\/09\/Venti-anni-dall11-settembre-23.jpg\" class=\"\" alt=\"Venti anni dall\u201911 settembre 23\" srcset=\"https:\/\/www.unirufa.it\/wp-content\/uploads\/2021\/09\/Venti-anni-dall11-settembre-23.jpg 1134w, https:\/\/www.unirufa.it\/wp-content\/uploads\/2021\/09\/Venti-anni-dall11-settembre-23-300x196.jpg 300w, https:\/\/www.unirufa.it\/wp-content\/uploads\/2021\/09\/Venti-anni-dall11-settembre-23-1024x669.jpg 1024w, https:\/\/www.unirufa.it\/wp-content\/uploads\/2021\/09\/Venti-anni-dall11-settembre-23-768x502.jpg 768w, https:\/\/www.unirufa.it\/wp-content\/uploads\/2021\/09\/Venti-anni-dall11-settembre-23-1080x706.jpg 1080w\" sizes=\"auto, (max-width: 1134px) 100vw, 1134px\" \/><\/div><\/div><div class=\"su-image-carousel-item\"><div class=\"su-image-carousel-item-content\"><img loading=\"lazy\" decoding=\"async\" width=\"576\" height=\"468\" src=\"https:\/\/www.unirufa.it\/wp-content\/uploads\/2021\/09\/Venti-anni-dall11-settembre-24.jpg\" class=\"\" alt=\"Venti anni dall\u201911 settembre 24\" srcset=\"https:\/\/www.unirufa.it\/wp-content\/uploads\/2021\/09\/Venti-anni-dall11-settembre-24.jpg 576w, https:\/\/www.unirufa.it\/wp-content\/uploads\/2021\/09\/Venti-anni-dall11-settembre-24-300x244.jpg 300w\" sizes=\"auto, (max-width: 576px) 100vw, 576px\" \/><\/div><\/div><div class=\"su-image-carousel-item\"><div class=\"su-image-carousel-item-content\"><img loading=\"lazy\" decoding=\"async\" width=\"1171\" height=\"800\" src=\"https:\/\/www.unirufa.it\/wp-content\/uploads\/2021\/09\/Venti-anni-dall11-settembre-25.jpg\" class=\"\" alt=\"Venti anni dall\u201911 settembre 25\" srcset=\"https:\/\/www.unirufa.it\/wp-content\/uploads\/2021\/09\/Venti-anni-dall11-settembre-25.jpg 1171w, https:\/\/www.unirufa.it\/wp-content\/uploads\/2021\/09\/Venti-anni-dall11-settembre-25-300x205.jpg 300w, https:\/\/www.unirufa.it\/wp-content\/uploads\/2021\/09\/Venti-anni-dall11-settembre-25-1024x700.jpg 1024w, https:\/\/www.unirufa.it\/wp-content\/uploads\/2021\/09\/Venti-anni-dall11-settembre-25-768x525.jpg 768w, https:\/\/www.unirufa.it\/wp-content\/uploads\/2021\/09\/Venti-anni-dall11-settembre-25-1080x738.jpg 1080w\" sizes=\"auto, (max-width: 1171px) 100vw, 1171px\" \/><\/div><\/div><div class=\"su-image-carousel-item\"><div class=\"su-image-carousel-item-content\"><img loading=\"lazy\" decoding=\"async\" width=\"1158\" height=\"782\" src=\"https:\/\/www.unirufa.it\/wp-content\/uploads\/2021\/09\/Venti-anni-dall11-settembre-26.jpg\" class=\"\" alt=\"Venti anni dall\u201911 settembre 26\" srcset=\"https:\/\/www.unirufa.it\/wp-content\/uploads\/2021\/09\/Venti-anni-dall11-settembre-26.jpg 1158w, https:\/\/www.unirufa.it\/wp-content\/uploads\/2021\/09\/Venti-anni-dall11-settembre-26-300x203.jpg 300w, https:\/\/www.unirufa.it\/wp-content\/uploads\/2021\/09\/Venti-anni-dall11-settembre-26-1024x692.jpg 1024w, https:\/\/www.unirufa.it\/wp-content\/uploads\/2021\/09\/Venti-anni-dall11-settembre-26-768x519.jpg 768w, https:\/\/www.unirufa.it\/wp-content\/uploads\/2021\/09\/Venti-anni-dall11-settembre-26-1080x729.jpg 1080w\" sizes=\"auto, (max-width: 1158px) 100vw, 1158px\" \/><\/div><\/div><div class=\"su-image-carousel-item\"><div class=\"su-image-carousel-item-content\"><img loading=\"lazy\" decoding=\"async\" width=\"1076\" height=\"694\" src=\"https:\/\/www.unirufa.it\/wp-content\/uploads\/2021\/09\/Venti-anni-dall11-settembre-27.jpg\" class=\"\" alt=\"Venti anni dall\u201911 settembre 27\" srcset=\"https:\/\/www.unirufa.it\/wp-content\/uploads\/2021\/09\/Venti-anni-dall11-settembre-27.jpg 1076w, https:\/\/www.unirufa.it\/wp-content\/uploads\/2021\/09\/Venti-anni-dall11-settembre-27-300x193.jpg 300w, https:\/\/www.unirufa.it\/wp-content\/uploads\/2021\/09\/Venti-anni-dall11-settembre-27-1024x660.jpg 1024w, https:\/\/www.unirufa.it\/wp-content\/uploads\/2021\/09\/Venti-anni-dall11-settembre-27-768x495.jpg 768w\" sizes=\"auto, (max-width: 1076px) 100vw, 1076px\" \/><\/div><\/div><div class=\"su-image-carousel-item\"><div class=\"su-image-carousel-item-content\"><img loading=\"lazy\" decoding=\"async\" width=\"949\" height=\"781\" src=\"https:\/\/www.unirufa.it\/wp-content\/uploads\/2021\/09\/Venti-anni-dall11-settembre-28.jpg\" class=\"\" alt=\"Venti anni dall\u201911 settembre 28\" srcset=\"https:\/\/www.unirufa.it\/wp-content\/uploads\/2021\/09\/Venti-anni-dall11-settembre-28.jpg 949w, https:\/\/www.unirufa.it\/wp-content\/uploads\/2021\/09\/Venti-anni-dall11-settembre-28-300x247.jpg 300w, https:\/\/www.unirufa.it\/wp-content\/uploads\/2021\/09\/Venti-anni-dall11-settembre-28-768x632.jpg 768w\" sizes=\"auto, (max-width: 949px) 100vw, 949px\" \/><\/div><\/div><div class=\"su-image-carousel-item\"><div class=\"su-image-carousel-item-content\"><img loading=\"lazy\" decoding=\"async\" width=\"1129\" height=\"747\" src=\"https:\/\/www.unirufa.it\/wp-content\/uploads\/2021\/09\/Venti-anni-dall11-settembre-29.jpg\" class=\"\" alt=\"Venti anni dall\u201911 settembre 29\" srcset=\"https:\/\/www.unirufa.it\/wp-content\/uploads\/2021\/09\/Venti-anni-dall11-settembre-29.jpg 1129w, https:\/\/www.unirufa.it\/wp-content\/uploads\/2021\/09\/Venti-anni-dall11-settembre-29-300x198.jpg 300w, https:\/\/www.unirufa.it\/wp-content\/uploads\/2021\/09\/Venti-anni-dall11-settembre-29-1024x678.jpg 1024w, https:\/\/www.unirufa.it\/wp-content\/uploads\/2021\/09\/Venti-anni-dall11-settembre-29-768x508.jpg 768w, https:\/\/www.unirufa.it\/wp-content\/uploads\/2021\/09\/Venti-anni-dall11-settembre-29-1080x715.jpg 1080w\" sizes=\"auto, (max-width: 1129px) 100vw, 1129px\" \/><\/div><\/div><div class=\"su-image-carousel-item\"><div class=\"su-image-carousel-item-content\"><img loading=\"lazy\" decoding=\"async\" width=\"825\" height=\"768\" src=\"https:\/\/www.unirufa.it\/wp-content\/uploads\/2021\/09\/Venti-anni-dall11-settembre-30.jpg\" class=\"\" alt=\"Venti anni dall\u201911 settembre 30\" srcset=\"https:\/\/www.unirufa.it\/wp-content\/uploads\/2021\/09\/Venti-anni-dall11-settembre-30.jpg 825w, https:\/\/www.unirufa.it\/wp-content\/uploads\/2021\/09\/Venti-anni-dall11-settembre-30-300x279.jpg 300w, https:\/\/www.unirufa.it\/wp-content\/uploads\/2021\/09\/Venti-anni-dall11-settembre-30-768x715.jpg 768w\" sizes=\"auto, (max-width: 825px) 100vw, 825px\" \/><\/div><\/div><div class=\"su-image-carousel-item\"><div class=\"su-image-carousel-item-content\"><img loading=\"lazy\" decoding=\"async\" width=\"668\" height=\"1134\" src=\"https:\/\/www.unirufa.it\/wp-content\/uploads\/2021\/09\/Venti-anni-dall11-settembre-31.jpg\" class=\"\" alt=\"Venti anni dall\u201911 settembre 31\" srcset=\"https:\/\/www.unirufa.it\/wp-content\/uploads\/2021\/09\/Venti-anni-dall11-settembre-31.jpg 668w, https:\/\/www.unirufa.it\/wp-content\/uploads\/2021\/09\/Venti-anni-dall11-settembre-31-177x300.jpg 177w, https:\/\/www.unirufa.it\/wp-content\/uploads\/2021\/09\/Venti-anni-dall11-settembre-31-603x1024.jpg 603w, https:\/\/www.unirufa.it\/wp-content\/uploads\/2021\/09\/Venti-anni-dall11-settembre-31-636x1080.jpg 636w\" sizes=\"auto, (max-width: 668px) 100vw, 668px\" \/><\/div><\/div><div class=\"su-image-carousel-item\"><div class=\"su-image-carousel-item-content\"><img loading=\"lazy\" decoding=\"async\" width=\"478\" height=\"1104\" src=\"https:\/\/www.unirufa.it\/wp-content\/uploads\/2021\/09\/Venti-anni-dall11-settembre-32.jpg\" class=\"\" alt=\"Venti anni dall\u201911 settembre 32\" srcset=\"https:\/\/www.unirufa.it\/wp-content\/uploads\/2021\/09\/Venti-anni-dall11-settembre-32.jpg 478w, https:\/\/www.unirufa.it\/wp-content\/uploads\/2021\/09\/Venti-anni-dall11-settembre-32-130x300.jpg 130w, https:\/\/www.unirufa.it\/wp-content\/uploads\/2021\/09\/Venti-anni-dall11-settembre-32-443x1024.jpg 443w, https:\/\/www.unirufa.it\/wp-content\/uploads\/2021\/09\/Venti-anni-dall11-settembre-32-468x1080.jpg 468w\" sizes=\"auto, (max-width: 478px) 100vw, 478px\" \/><\/div><\/div><div class=\"su-image-carousel-item\"><div class=\"su-image-carousel-item-content\"><img loading=\"lazy\" decoding=\"async\" width=\"755\" height=\"1164\" src=\"https:\/\/www.unirufa.it\/wp-content\/uploads\/2021\/09\/Venti-anni-dall11-settembre-33.jpg\" class=\"\" alt=\"Venti anni dall\u201911 settembre 33\" srcset=\"https:\/\/www.unirufa.it\/wp-content\/uploads\/2021\/09\/Venti-anni-dall11-settembre-33.jpg 755w, https:\/\/www.unirufa.it\/wp-content\/uploads\/2021\/09\/Venti-anni-dall11-settembre-33-195x300.jpg 195w, https:\/\/www.unirufa.it\/wp-content\/uploads\/2021\/09\/Venti-anni-dall11-settembre-33-664x1024.jpg 664w, https:\/\/www.unirufa.it\/wp-content\/uploads\/2021\/09\/Venti-anni-dall11-settembre-33-701x1080.jpg 701w\" sizes=\"auto, (max-width: 755px) 100vw, 755px\" \/><\/div><\/div><div class=\"su-image-carousel-item\"><div class=\"su-image-carousel-item-content\"><img loading=\"lazy\" decoding=\"async\" width=\"1091\" height=\"761\" src=\"https:\/\/www.unirufa.it\/wp-content\/uploads\/2021\/09\/Venti-anni-dall11-settembre-34.jpg\" class=\"\" alt=\"Venti anni dall\u201911 settembre 34\" srcset=\"https:\/\/www.unirufa.it\/wp-content\/uploads\/2021\/09\/Venti-anni-dall11-settembre-34.jpg 1091w, https:\/\/www.unirufa.it\/wp-content\/uploads\/2021\/09\/Venti-anni-dall11-settembre-34-300x209.jpg 300w, https:\/\/www.unirufa.it\/wp-content\/uploads\/2021\/09\/Venti-anni-dall11-settembre-34-1024x714.jpg 1024w, https:\/\/www.unirufa.it\/wp-content\/uploads\/2021\/09\/Venti-anni-dall11-settembre-34-768x536.jpg 768w, https:\/\/www.unirufa.it\/wp-content\/uploads\/2021\/09\/Venti-anni-dall11-settembre-34-1080x753.jpg 1080w\" sizes=\"auto, (max-width: 1091px) 100vw, 1091px\" \/><\/div><\/div><div class=\"su-image-carousel-item\"><div class=\"su-image-carousel-item-content\"><img loading=\"lazy\" decoding=\"async\" width=\"778\" height=\"1098\" src=\"https:\/\/www.unirufa.it\/wp-content\/uploads\/2021\/09\/Venti-anni-dall11-settembre-35.jpg\" class=\"\" alt=\"Venti anni dall\u201911 settembre 35\" srcset=\"https:\/\/www.unirufa.it\/wp-content\/uploads\/2021\/09\/Venti-anni-dall11-settembre-35.jpg 778w, https:\/\/www.unirufa.it\/wp-content\/uploads\/2021\/09\/Venti-anni-dall11-settembre-35-213x300.jpg 213w, https:\/\/www.unirufa.it\/wp-content\/uploads\/2021\/09\/Venti-anni-dall11-settembre-35-726x1024.jpg 726w, https:\/\/www.unirufa.it\/wp-content\/uploads\/2021\/09\/Venti-anni-dall11-settembre-35-768x1084.jpg 768w, https:\/\/www.unirufa.it\/wp-content\/uploads\/2021\/09\/Venti-anni-dall11-settembre-35-765x1080.jpg 765w\" sizes=\"auto, (max-width: 778px) 100vw, 778px\" \/><\/div><\/div><\/div><script id=\"su_image_carousel_69f464e1b401a_script\">if(window.SUImageCarousel){setTimeout(function() {window.SUImageCarousel.initGallery(document.getElementById(\"su_image_carousel_69f464e1b401a\"))}, 0);}var su_image_carousel_69f464e1b401a_script=document.getElementById(\"su_image_carousel_69f464e1b401a_script\");if(su_image_carousel_69f464e1b401a_script){su_image_carousel_69f464e1b401a_script.parentNode.removeChild(su_image_carousel_69f464e1b401a_script);}<\/script>","protected":false},"excerpt":{"rendered":"<p>Disculpa, pero esta entrada est\u00e1 disponible s\u00f3lo en IT y EN.Una riflessione, per non dimenticare quell\u2019evento che venti anni addietro cambi\u00f2 radicalmente il mondo e le cui conseguenze si manifestano ancora oggi. Genny Di Bert, docente RUFA di Fenomenologia delle arti contemporanee, nel settembre del 2001 risiedeva a New York per motivi professionali ed \u00e8&#8230;  <a class=\"excerpt-read-more\" href=\"https:\/\/www.unirufa.it\/es\/2021\/09\/11\/venti-anni-dall11-settembre\/\" title=\"Read Venti anni dall\u201911 settembre\">Find out more<\/a><\/p>\n","protected":false},"author":28,"featured_media":51668,"comment_status":"closed","ping_status":"closed","sticky":false,"template":"","format":"standard","meta":{"content-type":"","footnotes":""},"categories":[1629],"tags":[],"class_list":["post-51566","post","type-post","status-publish","format-standard","has-post-thumbnail","hentry","category-accademia"],"yoast_head":"<!-- This site is optimized with the Yoast SEO plugin v24.2 - https:\/\/yoast.com\/wordpress\/plugins\/seo\/ -->\n<title>Venti anni dall\u201911 settembre - RUFA - Rome University of Fine Arts<\/title>\n<meta name=\"description\" content=\"Una riflessione, per non dimenticare quell\u2019evento che 20 anni fa cambi\u00f2 radicalmente il mondo e le cui conseguenze si manifestano ancora oggi.\" \/>\n<meta name=\"robots\" content=\"index, follow, max-snippet:-1, max-image-preview:large, max-video-preview:-1\" \/>\n<link rel=\"canonical\" href=\"https:\/\/www.unirufa.it\/2021\/09\/11\/venti-anni-dall11-settembre\/\" \/>\n<meta property=\"og:locale\" content=\"es_ES\" \/>\n<meta property=\"og:type\" content=\"article\" \/>\n<meta property=\"og:title\" content=\"Venti anni dall\u201911 settembre - RUFA - Rome University of Fine Arts\" \/>\n<meta property=\"og:description\" content=\"Una riflessione, per non dimenticare quell\u2019evento che 20 anni fa cambi\u00f2 radicalmente il mondo e le cui conseguenze si manifestano ancora oggi.\" \/>\n<meta property=\"og:url\" content=\"https:\/\/www.unirufa.it\/2021\/09\/11\/venti-anni-dall11-settembre\/\" \/>\n<meta property=\"og:site_name\" content=\"RUFA - Rome University of Fine Arts\" \/>\n<meta property=\"article:published_time\" content=\"2021-09-11T07:30:44+00:00\" \/>\n<meta property=\"article:modified_time\" content=\"2021-09-11T08:18:35+00:00\" \/>\n<meta property=\"og:image\" content=\"https:\/\/www.unirufa.it\/wp-content\/uploads\/2021\/09\/20\u00b0-anniversario-Torri-Gemelle-Immagine-news.jpg\" \/>\n\t<meta property=\"og:image:width\" content=\"1050\" \/>\n\t<meta property=\"og:image:height\" content=\"600\" \/>\n\t<meta property=\"og:image:type\" content=\"image\/jpeg\" \/>\n<meta name=\"author\" content=\"Claudia Vitali\" \/>\n<meta name=\"twitter:label1\" content=\"Escrito por\" \/>\n\t<meta name=\"twitter:data1\" content=\"Claudia Vitali\" \/>\n\t<meta name=\"twitter:label2\" content=\"Tiempo de lectura\" \/>\n\t<meta name=\"twitter:data2\" content=\"8 minutos\" \/>\n<script type=\"application\/ld+json\" class=\"yoast-schema-graph\">{\"@context\":\"https:\/\/schema.org\",\"@graph\":[{\"@type\":\"WebPage\",\"@id\":\"https:\/\/www.unirufa.it\/2021\/09\/11\/venti-anni-dall11-settembre\/\",\"url\":\"https:\/\/www.unirufa.it\/2021\/09\/11\/venti-anni-dall11-settembre\/\",\"name\":\"Venti anni dall\u201911 settembre - RUFA - Rome University of Fine Arts\",\"isPartOf\":{\"@id\":\"https:\/\/www.unirufa.it\/#website\"},\"primaryImageOfPage\":{\"@id\":\"https:\/\/www.unirufa.it\/2021\/09\/11\/venti-anni-dall11-settembre\/#primaryimage\"},\"image\":{\"@id\":\"https:\/\/www.unirufa.it\/2021\/09\/11\/venti-anni-dall11-settembre\/#primaryimage\"},\"thumbnailUrl\":\"https:\/\/www.unirufa.it\/wp-content\/uploads\/2021\/09\/20\u00b0-anniversario-Torri-Gemelle-Immagine-news.jpg\",\"datePublished\":\"2021-09-11T07:30:44+00:00\",\"dateModified\":\"2021-09-11T08:18:35+00:00\",\"author\":{\"@id\":\"https:\/\/www.unirufa.it\/#\/schema\/person\/d5c03e37606740dff84050c97a46c80e\"},\"description\":\"Una riflessione, per non dimenticare quell\u2019evento che 20 anni fa cambi\u00f2 radicalmente il mondo e le cui conseguenze si manifestano ancora oggi.\",\"breadcrumb\":{\"@id\":\"https:\/\/www.unirufa.it\/2021\/09\/11\/venti-anni-dall11-settembre\/#breadcrumb\"},\"inLanguage\":\"es\",\"potentialAction\":[{\"@type\":\"ReadAction\",\"target\":[\"https:\/\/www.unirufa.it\/2021\/09\/11\/venti-anni-dall11-settembre\/\"]}]},{\"@type\":\"ImageObject\",\"inLanguage\":\"es\",\"@id\":\"https:\/\/www.unirufa.it\/2021\/09\/11\/venti-anni-dall11-settembre\/#primaryimage\",\"url\":\"https:\/\/www.unirufa.it\/wp-content\/uploads\/2021\/09\/20\u00b0-anniversario-Torri-Gemelle-Immagine-news.jpg\",\"contentUrl\":\"https:\/\/www.unirufa.it\/wp-content\/uploads\/2021\/09\/20\u00b0-anniversario-Torri-Gemelle-Immagine-news.jpg\",\"width\":1050,\"height\":600,\"caption\":\"20\u00b0 anniversario Torri Gemelle - Immagine news\"},{\"@type\":\"BreadcrumbList\",\"@id\":\"https:\/\/www.unirufa.it\/2021\/09\/11\/venti-anni-dall11-settembre\/#breadcrumb\",\"itemListElement\":[{\"@type\":\"ListItem\",\"position\":1,\"name\":\"Home\",\"item\":\"https:\/\/www.unirufa.it\/\"},{\"@type\":\"ListItem\",\"position\":2,\"name\":\"Venti anni dall\u201911 settembre\"}]},{\"@type\":\"WebSite\",\"@id\":\"https:\/\/www.unirufa.it\/#website\",\"url\":\"https:\/\/www.unirufa.it\/\",\"name\":\"RUFA - Rome University of Fine Arts\",\"description\":\"\",\"potentialAction\":[{\"@type\":\"SearchAction\",\"target\":{\"@type\":\"EntryPoint\",\"urlTemplate\":\"https:\/\/www.unirufa.it\/?s={search_term_string}\"},\"query-input\":{\"@type\":\"PropertyValueSpecification\",\"valueRequired\":true,\"valueName\":\"search_term_string\"}}],\"inLanguage\":\"es\"},{\"@type\":\"Person\",\"@id\":\"https:\/\/www.unirufa.it\/#\/schema\/person\/d5c03e37606740dff84050c97a46c80e\",\"name\":\"Claudia Vitali\",\"image\":{\"@type\":\"ImageObject\",\"inLanguage\":\"es\",\"@id\":\"https:\/\/www.unirufa.it\/#\/schema\/person\/image\/\",\"url\":\"https:\/\/secure.gravatar.com\/avatar\/9bd058a2b55efbe5f9e6b68b196c59f4?s=96&d=mm&r=g\",\"contentUrl\":\"https:\/\/secure.gravatar.com\/avatar\/9bd058a2b55efbe5f9e6b68b196c59f4?s=96&d=mm&r=g\",\"caption\":\"Claudia Vitali\"},\"url\":\"https:\/\/www.unirufa.it\/es\/author\/claudia\/\"}]}<\/script>\n<!-- \/ Yoast SEO plugin. -->","yoast_head_json":{"title":"Venti anni dall\u201911 settembre - RUFA - Rome University of Fine Arts","description":"Una riflessione, per non dimenticare quell\u2019evento che 20 anni fa cambi\u00f2 radicalmente il mondo e le cui conseguenze si manifestano ancora oggi.","robots":{"index":"index","follow":"follow","max-snippet":"max-snippet:-1","max-image-preview":"max-image-preview:large","max-video-preview":"max-video-preview:-1"},"canonical":"https:\/\/www.unirufa.it\/2021\/09\/11\/venti-anni-dall11-settembre\/","og_locale":"es_ES","og_type":"article","og_title":"Venti anni dall\u201911 settembre - RUFA - Rome University of Fine Arts","og_description":"Una riflessione, per non dimenticare quell\u2019evento che 20 anni fa cambi\u00f2 radicalmente il mondo e le cui conseguenze si manifestano ancora oggi.","og_url":"https:\/\/www.unirufa.it\/2021\/09\/11\/venti-anni-dall11-settembre\/","og_site_name":"RUFA - Rome University of Fine Arts","article_published_time":"2021-09-11T07:30:44+00:00","article_modified_time":"2021-09-11T08:18:35+00:00","og_image":[{"width":1050,"height":600,"url":"https:\/\/www.unirufa.it\/wp-content\/uploads\/2021\/09\/20\u00b0-anniversario-Torri-Gemelle-Immagine-news.jpg","type":"image\/jpeg"}],"author":"Claudia Vitali","twitter_misc":{"Escrito por":"Claudia Vitali","Tiempo de lectura":"8 minutos"},"schema":{"@context":"https:\/\/schema.org","@graph":[{"@type":"WebPage","@id":"https:\/\/www.unirufa.it\/2021\/09\/11\/venti-anni-dall11-settembre\/","url":"https:\/\/www.unirufa.it\/2021\/09\/11\/venti-anni-dall11-settembre\/","name":"Venti anni dall\u201911 settembre - RUFA - Rome University of Fine Arts","isPartOf":{"@id":"https:\/\/www.unirufa.it\/#website"},"primaryImageOfPage":{"@id":"https:\/\/www.unirufa.it\/2021\/09\/11\/venti-anni-dall11-settembre\/#primaryimage"},"image":{"@id":"https:\/\/www.unirufa.it\/2021\/09\/11\/venti-anni-dall11-settembre\/#primaryimage"},"thumbnailUrl":"https:\/\/www.unirufa.it\/wp-content\/uploads\/2021\/09\/20\u00b0-anniversario-Torri-Gemelle-Immagine-news.jpg","datePublished":"2021-09-11T07:30:44+00:00","dateModified":"2021-09-11T08:18:35+00:00","author":{"@id":"https:\/\/www.unirufa.it\/#\/schema\/person\/d5c03e37606740dff84050c97a46c80e"},"description":"Una riflessione, per non dimenticare quell\u2019evento che 20 anni fa cambi\u00f2 radicalmente il mondo e le cui conseguenze si manifestano ancora oggi.","breadcrumb":{"@id":"https:\/\/www.unirufa.it\/2021\/09\/11\/venti-anni-dall11-settembre\/#breadcrumb"},"inLanguage":"es","potentialAction":[{"@type":"ReadAction","target":["https:\/\/www.unirufa.it\/2021\/09\/11\/venti-anni-dall11-settembre\/"]}]},{"@type":"ImageObject","inLanguage":"es","@id":"https:\/\/www.unirufa.it\/2021\/09\/11\/venti-anni-dall11-settembre\/#primaryimage","url":"https:\/\/www.unirufa.it\/wp-content\/uploads\/2021\/09\/20\u00b0-anniversario-Torri-Gemelle-Immagine-news.jpg","contentUrl":"https:\/\/www.unirufa.it\/wp-content\/uploads\/2021\/09\/20\u00b0-anniversario-Torri-Gemelle-Immagine-news.jpg","width":1050,"height":600,"caption":"20\u00b0 anniversario Torri Gemelle - Immagine news"},{"@type":"BreadcrumbList","@id":"https:\/\/www.unirufa.it\/2021\/09\/11\/venti-anni-dall11-settembre\/#breadcrumb","itemListElement":[{"@type":"ListItem","position":1,"name":"Home","item":"https:\/\/www.unirufa.it\/"},{"@type":"ListItem","position":2,"name":"Venti anni dall\u201911 settembre"}]},{"@type":"WebSite","@id":"https:\/\/www.unirufa.it\/#website","url":"https:\/\/www.unirufa.it\/","name":"RUFA - Rome University of Fine Arts","description":"","potentialAction":[{"@type":"SearchAction","target":{"@type":"EntryPoint","urlTemplate":"https:\/\/www.unirufa.it\/?s={search_term_string}"},"query-input":{"@type":"PropertyValueSpecification","valueRequired":true,"valueName":"search_term_string"}}],"inLanguage":"es"},{"@type":"Person","@id":"https:\/\/www.unirufa.it\/#\/schema\/person\/d5c03e37606740dff84050c97a46c80e","name":"Claudia Vitali","image":{"@type":"ImageObject","inLanguage":"es","@id":"https:\/\/www.unirufa.it\/#\/schema\/person\/image\/","url":"https:\/\/secure.gravatar.com\/avatar\/9bd058a2b55efbe5f9e6b68b196c59f4?s=96&d=mm&r=g","contentUrl":"https:\/\/secure.gravatar.com\/avatar\/9bd058a2b55efbe5f9e6b68b196c59f4?s=96&d=mm&r=g","caption":"Claudia Vitali"},"url":"https:\/\/www.unirufa.it\/es\/author\/claudia\/"}]}},"_links":{"self":[{"href":"https:\/\/www.unirufa.it\/es\/wp-json\/wp\/v2\/posts\/51566","targetHints":{"allow":["GET"]}}],"collection":[{"href":"https:\/\/www.unirufa.it\/es\/wp-json\/wp\/v2\/posts"}],"about":[{"href":"https:\/\/www.unirufa.it\/es\/wp-json\/wp\/v2\/types\/post"}],"author":[{"embeddable":true,"href":"https:\/\/www.unirufa.it\/es\/wp-json\/wp\/v2\/users\/28"}],"replies":[{"embeddable":true,"href":"https:\/\/www.unirufa.it\/es\/wp-json\/wp\/v2\/comments?post=51566"}],"version-history":[{"count":18,"href":"https:\/\/www.unirufa.it\/es\/wp-json\/wp\/v2\/posts\/51566\/revisions"}],"predecessor-version":[{"id":51798,"href":"https:\/\/www.unirufa.it\/es\/wp-json\/wp\/v2\/posts\/51566\/revisions\/51798"}],"wp:featuredmedia":[{"embeddable":true,"href":"https:\/\/www.unirufa.it\/es\/wp-json\/wp\/v2\/media\/51668"}],"wp:attachment":[{"href":"https:\/\/www.unirufa.it\/es\/wp-json\/wp\/v2\/media?parent=51566"}],"wp:term":[{"taxonomy":"category","embeddable":true,"href":"https:\/\/www.unirufa.it\/es\/wp-json\/wp\/v2\/categories?post=51566"},{"taxonomy":"post_tag","embeddable":true,"href":"https:\/\/www.unirufa.it\/es\/wp-json\/wp\/v2\/tags?post=51566"}],"curies":[{"name":"wp","href":"https:\/\/api.w.org\/{rel}","templated":true}]}}