


{"id":53162,"date":"2021-10-01T15:32:27","date_gmt":"2021-10-01T13:32:27","guid":{"rendered":"https:\/\/www.unirufa.it\/?p=53162"},"modified":"2021-11-02T11:34:37","modified_gmt":"2021-11-02T10:34:37","slug":"ritorna-alternanza-scuola-lavoro","status":"publish","type":"post","link":"https:\/\/www.unirufa.it\/es\/2021\/10\/01\/ritorna-alternanza-scuola-lavoro\/","title":{"rendered":"Ritorna Alternanza Scuola-Lavoro"},"content":{"rendered":"<p class=\"qtranxs-available-languages-message qtranxs-available-languages-message-es\">Disculpa, pero esta entrada est\u00e1 disponible s\u00f3lo en <a href=\"https:\/\/www.unirufa.it\/it\/wp-json\/wp\/v2\/posts\/53162\" class=\"qtranxs-available-language-link qtranxs-available-language-link-it\" title=\"IT\">IT<\/a> y <a href=\"https:\/\/www.unirufa.it\/en\/wp-json\/wp\/v2\/posts\/53162\" class=\"qtranxs-available-language-link qtranxs-available-language-link-en\" title=\"EN\">EN<\/a>.<\/p><p>In continuit\u00e0 con quanto fatto negli anni scorsi, ma con il ritorno in presenza, inizieranno il prossimo 4 ottobre i corsi di studio connessi al <strong>programma di Alternanza Scuola-Lavoro<\/strong>.<\/p>\n<p>\u00c8 una metodologia di insegnamento decisamente innovativa che consente di traslare i concetti teorici nelle nozioni pratiche maturate sul campo e che coinvolge gli studenti delle scuole superiori. <\/p>\n<h3>Il percorso formativo di Alternanza Scuola-Lavoro<\/h3>\n<p>L&#8217;obiettivo consiste nell\u2019accrescere il potenziale cognitivo e umano delle nuove generazioni, ponendo i ragazzi di fronte alle difficolt\u00e0 di quelle che possono figurarsi come delle vere e proprie esperienze professionali. <\/p>\n<p>I protagonisti di questo percorso formativo cos\u00ec avvincente sono gli studenti del Liceo Pacinotti Archimede, che suddivisi in due gruppi seguiranno il corso di Tecniche di ripresa e montaggio con il professore Bruno D&#8217;Annunzio. <\/p>\n<p>Per il primo gruppo la frequenza \u00e8 fissata <strong>dal 4 all&#8217;8 ottobre<\/strong>, mentre il secondo gruppo inizier\u00e0 le lezioni <strong>l&#8217;11 ottobre<\/strong>, con termine il 15. L&#8217;orario, per tutti, \u00e8 <strong>dalle 9:00 alle 14:00<\/strong>.<\/p>\n<p>L&#8217;Alternanza scuola-lavoro \u00e8 obbligatoria per tutte le studentesse e gli studenti degli ultimi tre anni delle superiori, licei compresi, ed \u00e8 una delle innovazioni pi\u00f9 significative della legge 107 del 2015, in linea con il principio di una scuola aperta agli stimoli del territorio. <\/p>\n<p>Per il sistema formativo nazionale che fa capo al Ministero dell\u2019istruzione \u00e8 un vero e proprio cambiamento culturale che riprende le buone prassi gi\u00e0 adottate da tante realt\u00e0 europee, che ben si coniugano con le specificit\u00e0 del tessuto produttivo e il contesto socio-culturale italiano.<br \/>\n&nbsp;<\/p>\n<div class=\"embed-responsive embed-responsive-4by3\"><a title=\"Alternanza Scuola-Lavoro\" href=\"https:\/\/www.flickr.com\/photos\/unirufa\/albums\/72157720098298059\" data-flickr-embed=\"true\"><img decoding=\"async\" class=\"embed-responsive-item\" src=\"https:\/\/live.staticflickr.com\/65535\/51649874730_48845ac3d1_z.jpg\" alt=\"Alternanza Scuola-Lavoro\" \/><\/a><script async src=\"\/\/embedr.flickr.com\/assets\/client-code.js\" charset=\"utf-8\"><\/script><\/div>\n<p>&nbsp;","protected":false},"excerpt":{"rendered":"<p>Disculpa, pero esta entrada est\u00e1 disponible s\u00f3lo en IT y EN.In continuit\u00e0 con quanto fatto negli anni scorsi, ma con il ritorno in presenza, inizieranno il prossimo 4 ottobre i corsi di studio connessi al programma di Alternanza Scuola-Lavoro. \u00c8 una metodologia di insegnamento decisamente innovativa che consente di traslare i concetti teorici nelle nozioni&#8230;  <a class=\"excerpt-read-more\" href=\"https:\/\/www.unirufa.it\/es\/2021\/10\/01\/ritorna-alternanza-scuola-lavoro\/\" title=\"Read Ritorna Alternanza Scuola-Lavoro\">Find out more<\/a><\/p>\n","protected":false},"author":28,"featured_media":53167,"comment_status":"closed","ping_status":"closed","sticky":false,"template":"","format":"standard","meta":{"content-type":"","footnotes":""},"categories":[1629],"tags":[],"class_list":["post-53162","post","type-post","status-publish","format-standard","has-post-thumbnail","hentry","category-accademia"],"yoast_head":"<!-- This site is optimized with the Yoast SEO plugin v24.2 - https:\/\/yoast.com\/wordpress\/plugins\/seo\/ -->\n<title>Ritorna Alternanza Scuola-Lavoro - RUFA - Rome University of Fine Arts<\/title>\n<meta name=\"description\" content=\"Come fatto negli anni scorsi, ma in presenza, il 4 ottobre inizieranno i corsi di studio del programma Alternanza Scuola-Lavoro.\" \/>\n<meta name=\"robots\" content=\"index, follow, max-snippet:-1, max-image-preview:large, max-video-preview:-1\" \/>\n<link rel=\"canonical\" href=\"https:\/\/www.unirufa.it\/2021\/10\/01\/ritorna-alternanza-scuola-lavoro\/\" \/>\n<meta property=\"og:locale\" content=\"es_ES\" \/>\n<meta property=\"og:type\" content=\"article\" \/>\n<meta property=\"og:title\" content=\"Ritorna Alternanza Scuola-Lavoro - RUFA - Rome University of Fine Arts\" \/>\n<meta property=\"og:description\" content=\"Come fatto negli anni scorsi, ma in presenza, il 4 ottobre inizieranno i corsi di studio del programma Alternanza Scuola-Lavoro.\" \/>\n<meta property=\"og:url\" content=\"https:\/\/www.unirufa.it\/2021\/10\/01\/ritorna-alternanza-scuola-lavoro\/\" \/>\n<meta property=\"og:site_name\" content=\"RUFA - Rome University of Fine Arts\" \/>\n<meta property=\"article:published_time\" content=\"2021-10-01T13:32:27+00:00\" \/>\n<meta property=\"article:modified_time\" content=\"2021-11-02T10:34:37+00:00\" \/>\n<meta property=\"og:image\" content=\"https:\/\/www.unirufa.it\/wp-content\/uploads\/2021\/10\/Alternanza-Scuola-Lavoro-2021.jpg\" \/>\n\t<meta property=\"og:image:width\" content=\"1050\" \/>\n\t<meta property=\"og:image:height\" content=\"600\" \/>\n\t<meta property=\"og:image:type\" content=\"image\/jpeg\" \/>\n<meta name=\"author\" content=\"Claudia Vitali\" \/>\n<meta name=\"twitter:label1\" content=\"Escrito por\" \/>\n\t<meta name=\"twitter:data1\" content=\"Claudia Vitali\" \/>\n\t<meta name=\"twitter:label2\" content=\"Tiempo de lectura\" \/>\n\t<meta name=\"twitter:data2\" content=\"2 minutos\" \/>\n<script type=\"application\/ld+json\" class=\"yoast-schema-graph\">{\"@context\":\"https:\/\/schema.org\",\"@graph\":[{\"@type\":\"WebPage\",\"@id\":\"https:\/\/www.unirufa.it\/2021\/10\/01\/ritorna-alternanza-scuola-lavoro\/\",\"url\":\"https:\/\/www.unirufa.it\/2021\/10\/01\/ritorna-alternanza-scuola-lavoro\/\",\"name\":\"Ritorna Alternanza Scuola-Lavoro - RUFA - Rome University of Fine Arts\",\"isPartOf\":{\"@id\":\"https:\/\/www.unirufa.it\/#website\"},\"primaryImageOfPage\":{\"@id\":\"https:\/\/www.unirufa.it\/2021\/10\/01\/ritorna-alternanza-scuola-lavoro\/#primaryimage\"},\"image\":{\"@id\":\"https:\/\/www.unirufa.it\/2021\/10\/01\/ritorna-alternanza-scuola-lavoro\/#primaryimage\"},\"thumbnailUrl\":\"https:\/\/www.unirufa.it\/wp-content\/uploads\/2021\/10\/Alternanza-Scuola-Lavoro-2021.jpg\",\"datePublished\":\"2021-10-01T13:32:27+00:00\",\"dateModified\":\"2021-11-02T10:34:37+00:00\",\"author\":{\"@id\":\"https:\/\/www.unirufa.it\/#\/schema\/person\/d5c03e37606740dff84050c97a46c80e\"},\"description\":\"Come fatto negli anni scorsi, ma in presenza, il 4 ottobre inizieranno i corsi di studio del programma Alternanza Scuola-Lavoro.\",\"breadcrumb\":{\"@id\":\"https:\/\/www.unirufa.it\/2021\/10\/01\/ritorna-alternanza-scuola-lavoro\/#breadcrumb\"},\"inLanguage\":\"es\",\"potentialAction\":[{\"@type\":\"ReadAction\",\"target\":[\"https:\/\/www.unirufa.it\/2021\/10\/01\/ritorna-alternanza-scuola-lavoro\/\"]}]},{\"@type\":\"ImageObject\",\"inLanguage\":\"es\",\"@id\":\"https:\/\/www.unirufa.it\/2021\/10\/01\/ritorna-alternanza-scuola-lavoro\/#primaryimage\",\"url\":\"https:\/\/www.unirufa.it\/wp-content\/uploads\/2021\/10\/Alternanza-Scuola-Lavoro-2021.jpg\",\"contentUrl\":\"https:\/\/www.unirufa.it\/wp-content\/uploads\/2021\/10\/Alternanza-Scuola-Lavoro-2021.jpg\",\"width\":1050,\"height\":600,\"caption\":\"Alternanza Scuola-Lavoro 2021 - Immagine News\"},{\"@type\":\"BreadcrumbList\",\"@id\":\"https:\/\/www.unirufa.it\/2021\/10\/01\/ritorna-alternanza-scuola-lavoro\/#breadcrumb\",\"itemListElement\":[{\"@type\":\"ListItem\",\"position\":1,\"name\":\"Home\",\"item\":\"https:\/\/www.unirufa.it\/\"},{\"@type\":\"ListItem\",\"position\":2,\"name\":\"Ritorna Alternanza Scuola-Lavoro\"}]},{\"@type\":\"WebSite\",\"@id\":\"https:\/\/www.unirufa.it\/#website\",\"url\":\"https:\/\/www.unirufa.it\/\",\"name\":\"RUFA - Rome University of Fine Arts\",\"description\":\"\",\"potentialAction\":[{\"@type\":\"SearchAction\",\"target\":{\"@type\":\"EntryPoint\",\"urlTemplate\":\"https:\/\/www.unirufa.it\/?s={search_term_string}\"},\"query-input\":{\"@type\":\"PropertyValueSpecification\",\"valueRequired\":true,\"valueName\":\"search_term_string\"}}],\"inLanguage\":\"es\"},{\"@type\":\"Person\",\"@id\":\"https:\/\/www.unirufa.it\/#\/schema\/person\/d5c03e37606740dff84050c97a46c80e\",\"name\":\"Claudia Vitali\",\"image\":{\"@type\":\"ImageObject\",\"inLanguage\":\"es\",\"@id\":\"https:\/\/www.unirufa.it\/#\/schema\/person\/image\/\",\"url\":\"https:\/\/secure.gravatar.com\/avatar\/9bd058a2b55efbe5f9e6b68b196c59f4?s=96&d=mm&r=g\",\"contentUrl\":\"https:\/\/secure.gravatar.com\/avatar\/9bd058a2b55efbe5f9e6b68b196c59f4?s=96&d=mm&r=g\",\"caption\":\"Claudia Vitali\"},\"url\":\"https:\/\/www.unirufa.it\/es\/author\/claudia\/\"}]}<\/script>\n<!-- \/ Yoast SEO plugin. -->","yoast_head_json":{"title":"Ritorna Alternanza Scuola-Lavoro - RUFA - Rome University of Fine Arts","description":"Come fatto negli anni scorsi, ma in presenza, il 4 ottobre inizieranno i corsi di studio del programma Alternanza Scuola-Lavoro.","robots":{"index":"index","follow":"follow","max-snippet":"max-snippet:-1","max-image-preview":"max-image-preview:large","max-video-preview":"max-video-preview:-1"},"canonical":"https:\/\/www.unirufa.it\/2021\/10\/01\/ritorna-alternanza-scuola-lavoro\/","og_locale":"es_ES","og_type":"article","og_title":"Ritorna Alternanza Scuola-Lavoro - RUFA - Rome University of Fine Arts","og_description":"Come fatto negli anni scorsi, ma in presenza, il 4 ottobre inizieranno i corsi di studio del programma Alternanza Scuola-Lavoro.","og_url":"https:\/\/www.unirufa.it\/2021\/10\/01\/ritorna-alternanza-scuola-lavoro\/","og_site_name":"RUFA - Rome University of Fine Arts","article_published_time":"2021-10-01T13:32:27+00:00","article_modified_time":"2021-11-02T10:34:37+00:00","og_image":[{"width":1050,"height":600,"url":"https:\/\/www.unirufa.it\/wp-content\/uploads\/2021\/10\/Alternanza-Scuola-Lavoro-2021.jpg","type":"image\/jpeg"}],"author":"Claudia Vitali","twitter_misc":{"Escrito por":"Claudia Vitali","Tiempo de lectura":"2 minutos"},"schema":{"@context":"https:\/\/schema.org","@graph":[{"@type":"WebPage","@id":"https:\/\/www.unirufa.it\/2021\/10\/01\/ritorna-alternanza-scuola-lavoro\/","url":"https:\/\/www.unirufa.it\/2021\/10\/01\/ritorna-alternanza-scuola-lavoro\/","name":"Ritorna Alternanza Scuola-Lavoro - RUFA - Rome University of Fine Arts","isPartOf":{"@id":"https:\/\/www.unirufa.it\/#website"},"primaryImageOfPage":{"@id":"https:\/\/www.unirufa.it\/2021\/10\/01\/ritorna-alternanza-scuola-lavoro\/#primaryimage"},"image":{"@id":"https:\/\/www.unirufa.it\/2021\/10\/01\/ritorna-alternanza-scuola-lavoro\/#primaryimage"},"thumbnailUrl":"https:\/\/www.unirufa.it\/wp-content\/uploads\/2021\/10\/Alternanza-Scuola-Lavoro-2021.jpg","datePublished":"2021-10-01T13:32:27+00:00","dateModified":"2021-11-02T10:34:37+00:00","author":{"@id":"https:\/\/www.unirufa.it\/#\/schema\/person\/d5c03e37606740dff84050c97a46c80e"},"description":"Come fatto negli anni scorsi, ma in presenza, il 4 ottobre inizieranno i corsi di studio del programma Alternanza Scuola-Lavoro.","breadcrumb":{"@id":"https:\/\/www.unirufa.it\/2021\/10\/01\/ritorna-alternanza-scuola-lavoro\/#breadcrumb"},"inLanguage":"es","potentialAction":[{"@type":"ReadAction","target":["https:\/\/www.unirufa.it\/2021\/10\/01\/ritorna-alternanza-scuola-lavoro\/"]}]},{"@type":"ImageObject","inLanguage":"es","@id":"https:\/\/www.unirufa.it\/2021\/10\/01\/ritorna-alternanza-scuola-lavoro\/#primaryimage","url":"https:\/\/www.unirufa.it\/wp-content\/uploads\/2021\/10\/Alternanza-Scuola-Lavoro-2021.jpg","contentUrl":"https:\/\/www.unirufa.it\/wp-content\/uploads\/2021\/10\/Alternanza-Scuola-Lavoro-2021.jpg","width":1050,"height":600,"caption":"Alternanza Scuola-Lavoro 2021 - Immagine News"},{"@type":"BreadcrumbList","@id":"https:\/\/www.unirufa.it\/2021\/10\/01\/ritorna-alternanza-scuola-lavoro\/#breadcrumb","itemListElement":[{"@type":"ListItem","position":1,"name":"Home","item":"https:\/\/www.unirufa.it\/"},{"@type":"ListItem","position":2,"name":"Ritorna Alternanza Scuola-Lavoro"}]},{"@type":"WebSite","@id":"https:\/\/www.unirufa.it\/#website","url":"https:\/\/www.unirufa.it\/","name":"RUFA - Rome University of Fine Arts","description":"","potentialAction":[{"@type":"SearchAction","target":{"@type":"EntryPoint","urlTemplate":"https:\/\/www.unirufa.it\/?s={search_term_string}"},"query-input":{"@type":"PropertyValueSpecification","valueRequired":true,"valueName":"search_term_string"}}],"inLanguage":"es"},{"@type":"Person","@id":"https:\/\/www.unirufa.it\/#\/schema\/person\/d5c03e37606740dff84050c97a46c80e","name":"Claudia Vitali","image":{"@type":"ImageObject","inLanguage":"es","@id":"https:\/\/www.unirufa.it\/#\/schema\/person\/image\/","url":"https:\/\/secure.gravatar.com\/avatar\/9bd058a2b55efbe5f9e6b68b196c59f4?s=96&d=mm&r=g","contentUrl":"https:\/\/secure.gravatar.com\/avatar\/9bd058a2b55efbe5f9e6b68b196c59f4?s=96&d=mm&r=g","caption":"Claudia Vitali"},"url":"https:\/\/www.unirufa.it\/es\/author\/claudia\/"}]}},"_links":{"self":[{"href":"https:\/\/www.unirufa.it\/es\/wp-json\/wp\/v2\/posts\/53162","targetHints":{"allow":["GET"]}}],"collection":[{"href":"https:\/\/www.unirufa.it\/es\/wp-json\/wp\/v2\/posts"}],"about":[{"href":"https:\/\/www.unirufa.it\/es\/wp-json\/wp\/v2\/types\/post"}],"author":[{"embeddable":true,"href":"https:\/\/www.unirufa.it\/es\/wp-json\/wp\/v2\/users\/28"}],"replies":[{"embeddable":true,"href":"https:\/\/www.unirufa.it\/es\/wp-json\/wp\/v2\/comments?post=53162"}],"version-history":[{"count":6,"href":"https:\/\/www.unirufa.it\/es\/wp-json\/wp\/v2\/posts\/53162\/revisions"}],"predecessor-version":[{"id":55079,"href":"https:\/\/www.unirufa.it\/es\/wp-json\/wp\/v2\/posts\/53162\/revisions\/55079"}],"wp:featuredmedia":[{"embeddable":true,"href":"https:\/\/www.unirufa.it\/es\/wp-json\/wp\/v2\/media\/53167"}],"wp:attachment":[{"href":"https:\/\/www.unirufa.it\/es\/wp-json\/wp\/v2\/media?parent=53162"}],"wp:term":[{"taxonomy":"category","embeddable":true,"href":"https:\/\/www.unirufa.it\/es\/wp-json\/wp\/v2\/categories?post=53162"},{"taxonomy":"post_tag","embeddable":true,"href":"https:\/\/www.unirufa.it\/es\/wp-json\/wp\/v2\/tags?post=53162"}],"curies":[{"name":"wp","href":"https:\/\/api.w.org\/{rel}","templated":true}]}}