


{"id":57253,"date":"2021-12-03T13:10:28","date_gmt":"2021-12-03T12:10:28","guid":{"rendered":"https:\/\/www.unirufa.it\/?p=57253"},"modified":"2024-05-06T09:27:53","modified_gmt":"2024-05-06T07:27:53","slug":"in-sala-yari-saccotelli-con-amos-e-zawadi","status":"publish","type":"post","link":"https:\/\/www.unirufa.it\/es\/2021\/12\/03\/in-sala-yari-saccotelli-con-amos-e-zawadi\/","title":{"rendered":"In sala Yari Saccotelli con \u201cAmos \u00e8 Zawadi\u201d"},"content":{"rendered":"<p class=\"qtranxs-available-languages-message qtranxs-available-languages-message-es\">Disculpa, pero esta entrada est\u00e1 disponible s\u00f3lo en <a href=\"https:\/\/www.unirufa.it\/it\/wp-json\/wp\/v2\/posts\/57253\" class=\"qtranxs-available-language-link qtranxs-available-language-link-it\" title=\"IT\">IT<\/a> y <a href=\"https:\/\/www.unirufa.it\/en\/wp-json\/wp\/v2\/posts\/57253\" class=\"qtranxs-available-language-link qtranxs-available-language-link-en\" title=\"EN\">EN<\/a>.<\/p>Dalle aule dell&#8217;Accademia ai grandi Festival del cinema internazionali e adesso, finalmente, nelle sale. \u201c<a href=\"https:\/\/yarisaccotelli.wixsite.com\/amosezawadi\">Amos \u00e8 Zawadi<\/a>\u201d, <strong>il docufilm che il laureato RUFA Yari Saccotelli ha concepito per discutere la propria tesi<\/strong>, si appresta a un nuovo salto in avanti. Da qualche settimana, infatti, \u00e8 iniziato un <strong>tour che consentir\u00e0 alla pellicola di essere apprezzata e soprattutto vista in tutta Italia<\/strong>, portando cos\u00ec alla ribalta nazionale la storia di Amos e Zawadi, due ragazzi, due cugini, che vivono in Tanzania.<\/p>\n<p>Il progetto, avviato nel 2018, ha conseguito diversi riconoscimenti: primo posto come miglior film europeo al \u201cReykjav\u00edk International Film Festival\u201d in Islanda; miglior film emergente al \u201cThe Sabira Cole Film Festival\u201d di Pittsburgh (United States of America); pellicola selezionata nell&#8217;ambito degli \u201cSweden Film Awards\u201d.<\/p>\n<p>Zawadi \u00e8 un ragazzo tanzaniano di 19 anni, nato con una grave disabilit\u00e0 motoria che non gli permette di essere indipendente. E poi c&#8217;\u00e8 suo cugino Amos che si prende cura di lui giorno dopo giorno. L&#8217;unico arto che riesce a controllare \u00e8 il suo piede destro, proprio quello con cui \u00e8 stato capace di scrivere un libro di cinquanta pagine dal titolo \u201cIo sono Zawadi\u201d che racconta della sua situazione e della sua terra. Alla sua indipendenza provvede Amos, cugino e compagno imprescindibile. Nel 2017 Yari Saccotelli vola in Tanzania per trascorrere un mese in un piccolo villaggio nella citt\u00e0 di Iringa, raccontando cos\u00ec, con un approccio quanto mai autentico la realt\u00e0 di Zawadi: un ragazzo di 17 anni che nella sua vita non ha mai conosciuto il concetto di autonomia.<\/p>\n<p><strong>Dopo la \u201cprima\u201d del 3 dicembre a Bologna, presso il cinema Perla, il programma delle proiezioni si sposta a Comacchio (Palazzo Bellini) 11 dicembre alle 18 e a Ferrara (cinema Santo Spirito) alle 21<\/strong>.<\/p>\n<h3>Guarda il trailer<\/h3>\n<div class=\"embed-responsive embed-responsive-16by9\"><iframe loading=\"lazy\" width=\"560\" height=\"315\" src=\"https:\/\/www.youtube-nocookie.com\/embed\/l3Rc6YiJcqY\" frameborder=\"0\" gesture=\"media\" allow=\"encrypted-media\" allowfullscreen><\/iframe><\/div>\n<p>&nbsp;","protected":false},"excerpt":{"rendered":"<p>Disculpa, pero esta entrada est\u00e1 disponible s\u00f3lo en IT y EN.Dalle aule dell&#8217;Accademia ai grandi Festival del cinema internazionali e adesso, finalmente, nelle sale. \u201cAmos \u00e8 Zawadi\u201d, il docufilm che il laureato RUFA Yari Saccotelli ha concepito per discutere la propria tesi, si appresta a un nuovo salto in avanti. Da qualche settimana, infatti, \u00e8&#8230;  <a class=\"excerpt-read-more\" href=\"https:\/\/www.unirufa.it\/es\/2021\/12\/03\/in-sala-yari-saccotelli-con-amos-e-zawadi\/\" title=\"Read In sala Yari Saccotelli con \u201cAmos \u00e8 Zawadi\u201d\">Find out more<\/a><\/p>\n","protected":false},"author":12,"featured_media":34089,"comment_status":"closed","ping_status":"closed","sticky":false,"template":"","format":"standard","meta":{"content-type":"","footnotes":""},"categories":[940],"tags":[952,945],"class_list":["post-57253","post","type-post","status-publish","format-standard","has-post-thumbnail","hentry","category-cinema-photography","tag-premi-e-riconoscimenti","tag-riconoscimenti"],"yoast_head":"<!-- This site is optimized with the Yoast SEO plugin v24.2 - https:\/\/yoast.com\/wordpress\/plugins\/seo\/ -->\n<title>In sala Yari Saccotelli con \u201cAmos \u00e8 Zawadi\u201d - RUFA - Rome University of Fine Arts<\/title>\n<meta name=\"description\" content=\"Il docufilm che il laureato RUFA Yari Saccotelli ha concepito per discutere la propria tesi esce al Cinema.\" \/>\n<meta name=\"robots\" content=\"index, follow, max-snippet:-1, max-image-preview:large, max-video-preview:-1\" \/>\n<link rel=\"canonical\" href=\"https:\/\/www.unirufa.it\/2021\/12\/03\/in-sala-yari-saccotelli-con-amos-e-zawadi\/\" \/>\n<meta property=\"og:locale\" content=\"es_ES\" \/>\n<meta property=\"og:type\" content=\"article\" \/>\n<meta property=\"og:title\" content=\"In sala Yari Saccotelli con \u201cAmos \u00e8 Zawadi\u201d - RUFA - Rome University of Fine Arts\" \/>\n<meta property=\"og:description\" content=\"{:it}Il docufilm che il laureato RUFA Yari Saccotelli ha concepito per discutere la propria tesi esce al Cinema.{:}\" \/>\n<meta property=\"og:url\" content=\"https:\/\/www.unirufa.it\/2021\/12\/03\/in-sala-yari-saccotelli-con-amos-e-zawadi\/\" \/>\n<meta property=\"og:site_name\" content=\"RUFA - Rome University of Fine Arts\" \/>\n<meta property=\"article:published_time\" content=\"2021-12-03T12:10:28+00:00\" \/>\n<meta property=\"article:modified_time\" content=\"2024-05-06T07:27:53+00:00\" \/>\n<meta property=\"og:image\" content=\"https:\/\/www.unirufa.it\/wp-content\/uploads\/2020\/11\/News_Docufilm_Amos_Zawadi.jpg\" \/>\n\t<meta property=\"og:image:width\" content=\"1050\" \/>\n\t<meta property=\"og:image:height\" content=\"600\" \/>\n\t<meta property=\"og:image:type\" content=\"image\/jpeg\" \/>\n<meta name=\"author\" content=\"Cristiana Pagnottelli\" \/>\n<meta name=\"twitter:label1\" content=\"Escrito por\" \/>\n\t<meta name=\"twitter:data1\" content=\"Cristiana Pagnottelli\" \/>\n\t<meta name=\"twitter:label2\" content=\"Tiempo de lectura\" \/>\n\t<meta name=\"twitter:data2\" content=\"3 minutos\" \/>\n<script type=\"application\/ld+json\" class=\"yoast-schema-graph\">{\"@context\":\"https:\/\/schema.org\",\"@graph\":[{\"@type\":\"WebPage\",\"@id\":\"https:\/\/www.unirufa.it\/2021\/12\/03\/in-sala-yari-saccotelli-con-amos-e-zawadi\/\",\"url\":\"https:\/\/www.unirufa.it\/2021\/12\/03\/in-sala-yari-saccotelli-con-amos-e-zawadi\/\",\"name\":\"In sala Yari Saccotelli con \u201cAmos \u00e8 Zawadi\u201d - RUFA - Rome University of Fine Arts\",\"isPartOf\":{\"@id\":\"https:\/\/www.unirufa.it\/#website\"},\"primaryImageOfPage\":{\"@id\":\"https:\/\/www.unirufa.it\/2021\/12\/03\/in-sala-yari-saccotelli-con-amos-e-zawadi\/#primaryimage\"},\"image\":{\"@id\":\"https:\/\/www.unirufa.it\/2021\/12\/03\/in-sala-yari-saccotelli-con-amos-e-zawadi\/#primaryimage\"},\"thumbnailUrl\":\"https:\/\/www.unirufa.it\/wp-content\/uploads\/2020\/11\/News_Docufilm_Amos_Zawadi.jpg\",\"datePublished\":\"2021-12-03T12:10:28+00:00\",\"dateModified\":\"2024-05-06T07:27:53+00:00\",\"author\":{\"@id\":\"https:\/\/www.unirufa.it\/#\/schema\/person\/fe58526afdf39ac27dc0d6ac68ef594c\"},\"description\":\"{:it}Il docufilm che il laureato RUFA Yari Saccotelli ha concepito per discutere la propria tesi esce al Cinema.{:}\",\"breadcrumb\":{\"@id\":\"https:\/\/www.unirufa.it\/2021\/12\/03\/in-sala-yari-saccotelli-con-amos-e-zawadi\/#breadcrumb\"},\"inLanguage\":\"es\",\"potentialAction\":[{\"@type\":\"ReadAction\",\"target\":[\"https:\/\/www.unirufa.it\/2021\/12\/03\/in-sala-yari-saccotelli-con-amos-e-zawadi\/\"]}]},{\"@type\":\"ImageObject\",\"inLanguage\":\"es\",\"@id\":\"https:\/\/www.unirufa.it\/2021\/12\/03\/in-sala-yari-saccotelli-con-amos-e-zawadi\/#primaryimage\",\"url\":\"https:\/\/www.unirufa.it\/wp-content\/uploads\/2020\/11\/News_Docufilm_Amos_Zawadi.jpg\",\"contentUrl\":\"https:\/\/www.unirufa.it\/wp-content\/uploads\/2020\/11\/News_Docufilm_Amos_Zawadi.jpg\",\"width\":1050,\"height\":600},{\"@type\":\"BreadcrumbList\",\"@id\":\"https:\/\/www.unirufa.it\/2021\/12\/03\/in-sala-yari-saccotelli-con-amos-e-zawadi\/#breadcrumb\",\"itemListElement\":[{\"@type\":\"ListItem\",\"position\":1,\"name\":\"Home\",\"item\":\"https:\/\/www.unirufa.it\/\"},{\"@type\":\"ListItem\",\"position\":2,\"name\":\"In sala Yari Saccotelli con \u201cAmos \u00e8 Zawadi\u201d\"}]},{\"@type\":\"WebSite\",\"@id\":\"https:\/\/www.unirufa.it\/#website\",\"url\":\"https:\/\/www.unirufa.it\/\",\"name\":\"RUFA - Rome University of Fine Arts\",\"description\":\"\",\"potentialAction\":[{\"@type\":\"SearchAction\",\"target\":{\"@type\":\"EntryPoint\",\"urlTemplate\":\"https:\/\/www.unirufa.it\/?s={search_term_string}\"},\"query-input\":{\"@type\":\"PropertyValueSpecification\",\"valueRequired\":true,\"valueName\":\"search_term_string\"}}],\"inLanguage\":\"es\"},{\"@type\":\"Person\",\"@id\":\"https:\/\/www.unirufa.it\/#\/schema\/person\/fe58526afdf39ac27dc0d6ac68ef594c\",\"name\":\"Cristiana Pagnottelli\",\"image\":{\"@type\":\"ImageObject\",\"inLanguage\":\"es\",\"@id\":\"https:\/\/www.unirufa.it\/#\/schema\/person\/image\/\",\"url\":\"https:\/\/secure.gravatar.com\/avatar\/72550d45d2d782e9f7ca590c8e6e1211?s=96&d=mm&r=g\",\"contentUrl\":\"https:\/\/secure.gravatar.com\/avatar\/72550d45d2d782e9f7ca590c8e6e1211?s=96&d=mm&r=g\",\"caption\":\"Cristiana Pagnottelli\"},\"url\":\"https:\/\/www.unirufa.it\/es\/author\/cristiana\/\"}]}<\/script>\n<!-- \/ Yoast SEO plugin. -->","yoast_head_json":{"title":"In sala Yari Saccotelli con \u201cAmos \u00e8 Zawadi\u201d - RUFA - Rome University of Fine Arts","description":"Il docufilm che il laureato RUFA Yari Saccotelli ha concepito per discutere la propria tesi esce al Cinema.","robots":{"index":"index","follow":"follow","max-snippet":"max-snippet:-1","max-image-preview":"max-image-preview:large","max-video-preview":"max-video-preview:-1"},"canonical":"https:\/\/www.unirufa.it\/2021\/12\/03\/in-sala-yari-saccotelli-con-amos-e-zawadi\/","og_locale":"es_ES","og_type":"article","og_title":"In sala Yari Saccotelli con \u201cAmos \u00e8 Zawadi\u201d - RUFA - Rome University of Fine Arts","og_description":"{:it}Il docufilm che il laureato RUFA Yari Saccotelli ha concepito per discutere la propria tesi esce al Cinema.{:}","og_url":"https:\/\/www.unirufa.it\/2021\/12\/03\/in-sala-yari-saccotelli-con-amos-e-zawadi\/","og_site_name":"RUFA - Rome University of Fine Arts","article_published_time":"2021-12-03T12:10:28+00:00","article_modified_time":"2024-05-06T07:27:53+00:00","og_image":[{"width":1050,"height":600,"url":"https:\/\/www.unirufa.it\/wp-content\/uploads\/2020\/11\/News_Docufilm_Amos_Zawadi.jpg","type":"image\/jpeg"}],"author":"Cristiana Pagnottelli","twitter_misc":{"Escrito por":"Cristiana Pagnottelli","Tiempo de lectura":"3 minutos"},"schema":{"@context":"https:\/\/schema.org","@graph":[{"@type":"WebPage","@id":"https:\/\/www.unirufa.it\/2021\/12\/03\/in-sala-yari-saccotelli-con-amos-e-zawadi\/","url":"https:\/\/www.unirufa.it\/2021\/12\/03\/in-sala-yari-saccotelli-con-amos-e-zawadi\/","name":"In sala Yari Saccotelli con \u201cAmos \u00e8 Zawadi\u201d - RUFA - Rome University of Fine Arts","isPartOf":{"@id":"https:\/\/www.unirufa.it\/#website"},"primaryImageOfPage":{"@id":"https:\/\/www.unirufa.it\/2021\/12\/03\/in-sala-yari-saccotelli-con-amos-e-zawadi\/#primaryimage"},"image":{"@id":"https:\/\/www.unirufa.it\/2021\/12\/03\/in-sala-yari-saccotelli-con-amos-e-zawadi\/#primaryimage"},"thumbnailUrl":"https:\/\/www.unirufa.it\/wp-content\/uploads\/2020\/11\/News_Docufilm_Amos_Zawadi.jpg","datePublished":"2021-12-03T12:10:28+00:00","dateModified":"2024-05-06T07:27:53+00:00","author":{"@id":"https:\/\/www.unirufa.it\/#\/schema\/person\/fe58526afdf39ac27dc0d6ac68ef594c"},"description":"{:it}Il docufilm che il laureato RUFA Yari Saccotelli ha concepito per discutere la propria tesi esce al Cinema.{:}","breadcrumb":{"@id":"https:\/\/www.unirufa.it\/2021\/12\/03\/in-sala-yari-saccotelli-con-amos-e-zawadi\/#breadcrumb"},"inLanguage":"es","potentialAction":[{"@type":"ReadAction","target":["https:\/\/www.unirufa.it\/2021\/12\/03\/in-sala-yari-saccotelli-con-amos-e-zawadi\/"]}]},{"@type":"ImageObject","inLanguage":"es","@id":"https:\/\/www.unirufa.it\/2021\/12\/03\/in-sala-yari-saccotelli-con-amos-e-zawadi\/#primaryimage","url":"https:\/\/www.unirufa.it\/wp-content\/uploads\/2020\/11\/News_Docufilm_Amos_Zawadi.jpg","contentUrl":"https:\/\/www.unirufa.it\/wp-content\/uploads\/2020\/11\/News_Docufilm_Amos_Zawadi.jpg","width":1050,"height":600},{"@type":"BreadcrumbList","@id":"https:\/\/www.unirufa.it\/2021\/12\/03\/in-sala-yari-saccotelli-con-amos-e-zawadi\/#breadcrumb","itemListElement":[{"@type":"ListItem","position":1,"name":"Home","item":"https:\/\/www.unirufa.it\/"},{"@type":"ListItem","position":2,"name":"In sala Yari Saccotelli con \u201cAmos \u00e8 Zawadi\u201d"}]},{"@type":"WebSite","@id":"https:\/\/www.unirufa.it\/#website","url":"https:\/\/www.unirufa.it\/","name":"RUFA - Rome University of Fine Arts","description":"","potentialAction":[{"@type":"SearchAction","target":{"@type":"EntryPoint","urlTemplate":"https:\/\/www.unirufa.it\/?s={search_term_string}"},"query-input":{"@type":"PropertyValueSpecification","valueRequired":true,"valueName":"search_term_string"}}],"inLanguage":"es"},{"@type":"Person","@id":"https:\/\/www.unirufa.it\/#\/schema\/person\/fe58526afdf39ac27dc0d6ac68ef594c","name":"Cristiana Pagnottelli","image":{"@type":"ImageObject","inLanguage":"es","@id":"https:\/\/www.unirufa.it\/#\/schema\/person\/image\/","url":"https:\/\/secure.gravatar.com\/avatar\/72550d45d2d782e9f7ca590c8e6e1211?s=96&d=mm&r=g","contentUrl":"https:\/\/secure.gravatar.com\/avatar\/72550d45d2d782e9f7ca590c8e6e1211?s=96&d=mm&r=g","caption":"Cristiana Pagnottelli"},"url":"https:\/\/www.unirufa.it\/es\/author\/cristiana\/"}]}},"_links":{"self":[{"href":"https:\/\/www.unirufa.it\/es\/wp-json\/wp\/v2\/posts\/57253","targetHints":{"allow":["GET"]}}],"collection":[{"href":"https:\/\/www.unirufa.it\/es\/wp-json\/wp\/v2\/posts"}],"about":[{"href":"https:\/\/www.unirufa.it\/es\/wp-json\/wp\/v2\/types\/post"}],"author":[{"embeddable":true,"href":"https:\/\/www.unirufa.it\/es\/wp-json\/wp\/v2\/users\/12"}],"replies":[{"embeddable":true,"href":"https:\/\/www.unirufa.it\/es\/wp-json\/wp\/v2\/comments?post=57253"}],"version-history":[{"count":2,"href":"https:\/\/www.unirufa.it\/es\/wp-json\/wp\/v2\/posts\/57253\/revisions"}],"predecessor-version":[{"id":130961,"href":"https:\/\/www.unirufa.it\/es\/wp-json\/wp\/v2\/posts\/57253\/revisions\/130961"}],"wp:featuredmedia":[{"embeddable":true,"href":"https:\/\/www.unirufa.it\/es\/wp-json\/wp\/v2\/media\/34089"}],"wp:attachment":[{"href":"https:\/\/www.unirufa.it\/es\/wp-json\/wp\/v2\/media?parent=57253"}],"wp:term":[{"taxonomy":"category","embeddable":true,"href":"https:\/\/www.unirufa.it\/es\/wp-json\/wp\/v2\/categories?post=57253"},{"taxonomy":"post_tag","embeddable":true,"href":"https:\/\/www.unirufa.it\/es\/wp-json\/wp\/v2\/tags?post=57253"}],"curies":[{"name":"wp","href":"https:\/\/api.w.org\/{rel}","templated":true}]}}