


{"id":57336,"date":"2021-12-07T11:52:00","date_gmt":"2021-12-07T10:52:00","guid":{"rendered":"https:\/\/www.unirufa.it\/?p=57336"},"modified":"2021-12-07T11:52:00","modified_gmt":"2021-12-07T10:52:00","slug":"poetica-del-semplice-moda-e-design-secondo-monica-bolzoni","status":"publish","type":"post","link":"https:\/\/www.unirufa.it\/es\/2021\/12\/07\/poetica-del-semplice-moda-e-design-secondo-monica-bolzoni\/","title":{"rendered":"Poetica del Semplice. Moda e Design secondo Monica Bolzoni"},"content":{"rendered":"<p class=\"qtranxs-available-languages-message qtranxs-available-languages-message-es\">Disculpa, pero esta entrada est\u00e1 disponible s\u00f3lo en <a href=\"https:\/\/www.unirufa.it\/it\/wp-json\/wp\/v2\/posts\/57336\" class=\"qtranxs-available-language-link qtranxs-available-language-link-it\" title=\"IT\">IT<\/a> y <a href=\"https:\/\/www.unirufa.it\/en\/wp-json\/wp\/v2\/posts\/57336\" class=\"qtranxs-available-language-link qtranxs-available-language-link-en\" title=\"EN\">EN<\/a>.<\/p><p><strong>Marted\u00ec 14 dicembre 2021<\/strong>, la <strong>Galleria Nazione di Arte Moderna e Contemporanea<\/strong> inaugura la mostra <strong>\u00abPoetica del Semplice. Moda e Design secondo Monica Bolzoni\u00bb<\/strong> dedicata a <strong>Monica Bolzoni<\/strong> e al suo storico marchio e luogo performativo <strong>Bianca e Blu<\/strong> per raccontare la sua esperienza trentennale di <strong>designer<\/strong>, con l&#8217;intento di esplorare concettualmente il processo che ha animato la sua articolata esperienza creativa.<\/p>\n<h3>Poetica del Semplice<\/h3>\n<p>La <strong>poetica del semplice<\/strong> \u00e8 l&#8217;ingrediente che ha nutrito e animato il lavoro di Monica Bolzoni, protagonista sui generis della storia della moda italiana e internazionale, dando vita a un linguaggio personale raggiunto operando scelte fortemente selettive, coerenti con la sua personalit\u00e0 libera e indipendente. <\/p>\n<p>Oggetto della sua ricerca sono gli <strong>archetipi del femminile<\/strong>, secondo un preciso studio di forme modulari per giungere allo sviluppo di un canone di eleganza contemporaneo, sofisticato e sintetico che esalta il corpo reale della donna.<\/p>\n<h3>La mostra<\/h3>\n<p>La mostra, a cura di Anna Di Cesare, si inserisce nel percorso di valorizzazione degli <strong>archivi<\/strong> avviato da tempo da parte della Galleria Nazionale, nell&#8217;ottica di una trasversalit\u00e0 di interessi che caratterizza l&#8217;offerta culturale. <\/p>\n<p>L\u2019acquisizione del <strong>fashion archive cartaceo<\/strong> di Monica Bolzoni (bozzetti, pubblicazioni, fotografie) da parte di un&#8217;istituzione come la Galleria Nazionale, rappresenta un rilevante riconoscimento del ruolo culturale svolto dal design di moda nonch\u00e9 un tassello importante nel dibattito contemporaneo che di recente si interroga sugli archivi di moda, sempre pi\u00f9 veri e propri dispositivi di archeologia del presente, patrimoni ideali e collettivi condivisi.<\/p>\n<p>Il percorso si articola su due piani, mettendo in rilievo gli abiti pi\u00f9 significativi della sua produzione (Sherazade, Brigitte, Grace per citarne alcuni), gli accessori e bijoux. Senza dimenticare l\u2019ampia ricerca dei tessuti prodotti appositamente sulla base di studi che accanto a disegni originali e fotografie, alcuni selezionati dall\u2019archivio cartaceo Bianca e Blu donato alla Galleria, completano la narrazione. <\/p>\n<p>Verranno esposti anche i capi della collezione permanente della <strong>Pinacoteca Nazionale di Siena<\/strong>. Non mancano i progetti a tema come le divise, <strong>\u00abI like bike\u00bb<\/strong>, capi realizzati come pezzi di insieme che costituiscono un guardaroba completo, o nel caso della collezione prodotta per la mostra <strong>Mai dire Mao! Servire il Pop<\/strong> dove vengono rivisitate le divise e gli accessori indossati dalle interpreti del balletto <strong>\u00abIl distaccamento femminile rosso\u00bb<\/strong>.<br \/>\n&nbsp;<\/p>\n<p><a id=\"btn-scarica\" class=\"download-btn\" href=\"https:\/\/lagallerianazionale.com\/\">PRENOTA LA MOSTRA<\/a><br \/>\n&nbsp;","protected":false},"excerpt":{"rendered":"<p>Disculpa, pero esta entrada est\u00e1 disponible s\u00f3lo en IT y EN.Marted\u00ec 14 dicembre 2021, la Galleria Nazione di Arte Moderna e Contemporanea inaugura la mostra \u00abPoetica del Semplice. Moda e Design secondo Monica Bolzoni\u00bb dedicata a Monica Bolzoni e al suo storico marchio e luogo performativo Bianca e Blu per raccontare la sua esperienza trentennale&#8230;  <a class=\"excerpt-read-more\" href=\"https:\/\/www.unirufa.it\/es\/2021\/12\/07\/poetica-del-semplice-moda-e-design-secondo-monica-bolzoni\/\" title=\"Read Poetica del Semplice. Moda e Design secondo Monica Bolzoni\">Find out more<\/a><\/p>\n","protected":false},"author":28,"featured_media":0,"comment_status":"closed","ping_status":"closed","sticky":false,"template":"","format":"standard","meta":{"content-type":"","footnotes":""},"categories":[1712],"tags":[],"class_list":["post-57336","post","type-post","status-publish","format-standard","hentry","category-fashion-design-sostenibile"],"yoast_head":"<!-- This site is optimized with the Yoast SEO plugin v24.2 - https:\/\/yoast.com\/wordpress\/plugins\/seo\/ -->\n<title>Poetica del Semplice - RUFA - Rome University of Fine Arts<\/title>\n<meta name=\"description\" content=\"Il 14 dicembre, la Galleria Nazione di Arte Moderna e Contemporanea inaugura la mostra Poetica del Semplice. Moda e Design secondo Monica Bolzoni\" \/>\n<meta name=\"robots\" content=\"index, follow, max-snippet:-1, max-image-preview:large, max-video-preview:-1\" \/>\n<link rel=\"canonical\" href=\"https:\/\/www.unirufa.it\/en\/2021\/12\/07\/poetica-del-semplice-moda-e-design-secondo-monica-bolzoni\/\" \/>\n<meta property=\"og:locale\" content=\"es_ES\" \/>\n<meta property=\"og:type\" content=\"article\" \/>\n<meta property=\"og:title\" content=\"Poetica del Semplice - RUFA - Rome University of Fine Arts\" \/>\n<meta property=\"og:description\" content=\"Il 14 dicembre, la Galleria Nazione di Arte Moderna e Contemporanea inaugura la mostra Poetica del Semplice. Moda e Design secondo Monica Bolzoni\" \/>\n<meta property=\"og:url\" content=\"https:\/\/www.unirufa.it\/en\/2021\/12\/07\/poetica-del-semplice-moda-e-design-secondo-monica-bolzoni\/\" \/>\n<meta property=\"og:site_name\" content=\"RUFA - Rome University of Fine Arts\" \/>\n<meta property=\"article:published_time\" content=\"2021-12-07T10:52:00+00:00\" \/>\n<meta property=\"og:image\" content=\"https:\/\/www.unirufa.it\/wp-content\/uploads\/2017\/11\/logo-rufa-2016.png\" \/>\n\t<meta property=\"og:image:width\" content=\"230\" \/>\n\t<meta property=\"og:image:height\" content=\"149\" \/>\n\t<meta property=\"og:image:type\" content=\"image\/png\" \/>\n<meta name=\"author\" content=\"Claudia Vitali\" \/>\n<meta name=\"twitter:label1\" content=\"Escrito por\" \/>\n\t<meta name=\"twitter:data1\" content=\"Claudia Vitali\" \/>\n\t<meta name=\"twitter:label2\" content=\"Tiempo de lectura\" \/>\n\t<meta name=\"twitter:data2\" content=\"4 minutos\" \/>\n<script type=\"application\/ld+json\" class=\"yoast-schema-graph\">{\"@context\":\"https:\/\/schema.org\",\"@graph\":[{\"@type\":\"WebPage\",\"@id\":\"https:\/\/www.unirufa.it\/en\/2021\/12\/07\/poetica-del-semplice-moda-e-design-secondo-monica-bolzoni\/\",\"url\":\"https:\/\/www.unirufa.it\/en\/2021\/12\/07\/poetica-del-semplice-moda-e-design-secondo-monica-bolzoni\/\",\"name\":\"Poetica del Semplice - RUFA - Rome University of Fine Arts\",\"isPartOf\":{\"@id\":\"https:\/\/www.unirufa.it\/#website\"},\"datePublished\":\"2021-12-07T10:52:00+00:00\",\"dateModified\":\"2021-12-07T10:52:00+00:00\",\"author\":{\"@id\":\"https:\/\/www.unirufa.it\/#\/schema\/person\/d5c03e37606740dff84050c97a46c80e\"},\"description\":\"Il 14 dicembre, la Galleria Nazione di Arte Moderna e Contemporanea inaugura la mostra Poetica del Semplice. Moda e Design secondo Monica Bolzoni\",\"breadcrumb\":{\"@id\":\"https:\/\/www.unirufa.it\/en\/2021\/12\/07\/poetica-del-semplice-moda-e-design-secondo-monica-bolzoni\/#breadcrumb\"},\"inLanguage\":\"es\",\"potentialAction\":[{\"@type\":\"ReadAction\",\"target\":[\"https:\/\/www.unirufa.it\/en\/2021\/12\/07\/poetica-del-semplice-moda-e-design-secondo-monica-bolzoni\/\"]}]},{\"@type\":\"BreadcrumbList\",\"@id\":\"https:\/\/www.unirufa.it\/en\/2021\/12\/07\/poetica-del-semplice-moda-e-design-secondo-monica-bolzoni\/#breadcrumb\",\"itemListElement\":[{\"@type\":\"ListItem\",\"position\":1,\"name\":\"Home\",\"item\":\"https:\/\/www.unirufa.it\/\"},{\"@type\":\"ListItem\",\"position\":2,\"name\":\"Poetics of simplicity. Fashion and Design according to Monica Bolzoni\"}]},{\"@type\":\"WebSite\",\"@id\":\"https:\/\/www.unirufa.it\/#website\",\"url\":\"https:\/\/www.unirufa.it\/\",\"name\":\"RUFA - Rome University of Fine Arts\",\"description\":\"\",\"potentialAction\":[{\"@type\":\"SearchAction\",\"target\":{\"@type\":\"EntryPoint\",\"urlTemplate\":\"https:\/\/www.unirufa.it\/?s={search_term_string}\"},\"query-input\":{\"@type\":\"PropertyValueSpecification\",\"valueRequired\":true,\"valueName\":\"search_term_string\"}}],\"inLanguage\":\"es\"},{\"@type\":\"Person\",\"@id\":\"https:\/\/www.unirufa.it\/#\/schema\/person\/d5c03e37606740dff84050c97a46c80e\",\"name\":\"Claudia Vitali\",\"image\":{\"@type\":\"ImageObject\",\"inLanguage\":\"es\",\"@id\":\"https:\/\/www.unirufa.it\/#\/schema\/person\/image\/\",\"url\":\"https:\/\/secure.gravatar.com\/avatar\/9bd058a2b55efbe5f9e6b68b196c59f4?s=96&d=mm&r=g\",\"contentUrl\":\"https:\/\/secure.gravatar.com\/avatar\/9bd058a2b55efbe5f9e6b68b196c59f4?s=96&d=mm&r=g\",\"caption\":\"Claudia Vitali\"},\"url\":\"https:\/\/www.unirufa.it\/es\/author\/claudia\/\"}]}<\/script>\n<!-- \/ Yoast SEO plugin. -->","yoast_head_json":{"title":"Poetica del Semplice - RUFA - Rome University of Fine Arts","description":"Il 14 dicembre, la Galleria Nazione di Arte Moderna e Contemporanea inaugura la mostra Poetica del Semplice. Moda e Design secondo Monica Bolzoni","robots":{"index":"index","follow":"follow","max-snippet":"max-snippet:-1","max-image-preview":"max-image-preview:large","max-video-preview":"max-video-preview:-1"},"canonical":"https:\/\/www.unirufa.it\/en\/2021\/12\/07\/poetica-del-semplice-moda-e-design-secondo-monica-bolzoni\/","og_locale":"es_ES","og_type":"article","og_title":"Poetica del Semplice - RUFA - Rome University of Fine Arts","og_description":"Il 14 dicembre, la Galleria Nazione di Arte Moderna e Contemporanea inaugura la mostra Poetica del Semplice. Moda e Design secondo Monica Bolzoni","og_url":"https:\/\/www.unirufa.it\/en\/2021\/12\/07\/poetica-del-semplice-moda-e-design-secondo-monica-bolzoni\/","og_site_name":"RUFA - Rome University of Fine Arts","article_published_time":"2021-12-07T10:52:00+00:00","og_image":[{"width":230,"height":149,"url":"https:\/\/www.unirufa.it\/wp-content\/uploads\/2017\/11\/logo-rufa-2016.png","type":"image\/png"}],"author":"Claudia Vitali","twitter_misc":{"Escrito por":"Claudia Vitali","Tiempo de lectura":"4 minutos"},"schema":{"@context":"https:\/\/schema.org","@graph":[{"@type":"WebPage","@id":"https:\/\/www.unirufa.it\/en\/2021\/12\/07\/poetica-del-semplice-moda-e-design-secondo-monica-bolzoni\/","url":"https:\/\/www.unirufa.it\/en\/2021\/12\/07\/poetica-del-semplice-moda-e-design-secondo-monica-bolzoni\/","name":"Poetica del Semplice - RUFA - Rome University of Fine Arts","isPartOf":{"@id":"https:\/\/www.unirufa.it\/#website"},"datePublished":"2021-12-07T10:52:00+00:00","dateModified":"2021-12-07T10:52:00+00:00","author":{"@id":"https:\/\/www.unirufa.it\/#\/schema\/person\/d5c03e37606740dff84050c97a46c80e"},"description":"Il 14 dicembre, la Galleria Nazione di Arte Moderna e Contemporanea inaugura la mostra Poetica del Semplice. Moda e Design secondo Monica Bolzoni","breadcrumb":{"@id":"https:\/\/www.unirufa.it\/en\/2021\/12\/07\/poetica-del-semplice-moda-e-design-secondo-monica-bolzoni\/#breadcrumb"},"inLanguage":"es","potentialAction":[{"@type":"ReadAction","target":["https:\/\/www.unirufa.it\/en\/2021\/12\/07\/poetica-del-semplice-moda-e-design-secondo-monica-bolzoni\/"]}]},{"@type":"BreadcrumbList","@id":"https:\/\/www.unirufa.it\/en\/2021\/12\/07\/poetica-del-semplice-moda-e-design-secondo-monica-bolzoni\/#breadcrumb","itemListElement":[{"@type":"ListItem","position":1,"name":"Home","item":"https:\/\/www.unirufa.it\/"},{"@type":"ListItem","position":2,"name":"Poetics of simplicity. Fashion and Design according to Monica Bolzoni"}]},{"@type":"WebSite","@id":"https:\/\/www.unirufa.it\/#website","url":"https:\/\/www.unirufa.it\/","name":"RUFA - Rome University of Fine Arts","description":"","potentialAction":[{"@type":"SearchAction","target":{"@type":"EntryPoint","urlTemplate":"https:\/\/www.unirufa.it\/?s={search_term_string}"},"query-input":{"@type":"PropertyValueSpecification","valueRequired":true,"valueName":"search_term_string"}}],"inLanguage":"es"},{"@type":"Person","@id":"https:\/\/www.unirufa.it\/#\/schema\/person\/d5c03e37606740dff84050c97a46c80e","name":"Claudia Vitali","image":{"@type":"ImageObject","inLanguage":"es","@id":"https:\/\/www.unirufa.it\/#\/schema\/person\/image\/","url":"https:\/\/secure.gravatar.com\/avatar\/9bd058a2b55efbe5f9e6b68b196c59f4?s=96&d=mm&r=g","contentUrl":"https:\/\/secure.gravatar.com\/avatar\/9bd058a2b55efbe5f9e6b68b196c59f4?s=96&d=mm&r=g","caption":"Claudia Vitali"},"url":"https:\/\/www.unirufa.it\/es\/author\/claudia\/"}]}},"_links":{"self":[{"href":"https:\/\/www.unirufa.it\/es\/wp-json\/wp\/v2\/posts\/57336","targetHints":{"allow":["GET"]}}],"collection":[{"href":"https:\/\/www.unirufa.it\/es\/wp-json\/wp\/v2\/posts"}],"about":[{"href":"https:\/\/www.unirufa.it\/es\/wp-json\/wp\/v2\/types\/post"}],"author":[{"embeddable":true,"href":"https:\/\/www.unirufa.it\/es\/wp-json\/wp\/v2\/users\/28"}],"replies":[{"embeddable":true,"href":"https:\/\/www.unirufa.it\/es\/wp-json\/wp\/v2\/comments?post=57336"}],"version-history":[{"count":3,"href":"https:\/\/www.unirufa.it\/es\/wp-json\/wp\/v2\/posts\/57336\/revisions"}],"predecessor-version":[{"id":57341,"href":"https:\/\/www.unirufa.it\/es\/wp-json\/wp\/v2\/posts\/57336\/revisions\/57341"}],"wp:attachment":[{"href":"https:\/\/www.unirufa.it\/es\/wp-json\/wp\/v2\/media?parent=57336"}],"wp:term":[{"taxonomy":"category","embeddable":true,"href":"https:\/\/www.unirufa.it\/es\/wp-json\/wp\/v2\/categories?post=57336"},{"taxonomy":"post_tag","embeddable":true,"href":"https:\/\/www.unirufa.it\/es\/wp-json\/wp\/v2\/tags?post=57336"}],"curies":[{"name":"wp","href":"https:\/\/api.w.org\/{rel}","templated":true}]}}