


{"id":59107,"date":"2022-01-13T12:58:46","date_gmt":"2022-01-13T11:58:46","guid":{"rendered":"https:\/\/www.unirufa.it\/?p=59107"},"modified":"2022-01-14T10:14:05","modified_gmt":"2022-01-14T09:14:05","slug":"call-for-artists-la-visione-di-leonardo","status":"publish","type":"post","link":"https:\/\/www.unirufa.it\/es\/2022\/01\/13\/call-for-artists-la-visione-di-leonardo\/","title":{"rendered":"Call for artists \u201cLa visione di Leonardo\u201d"},"content":{"rendered":"<p class=\"qtranxs-available-languages-message qtranxs-available-languages-message-es\">Disculpa, pero esta entrada est\u00e1 disponible s\u00f3lo en <a href=\"https:\/\/www.unirufa.it\/it\/wp-json\/wp\/v2\/posts\/59107\" class=\"qtranxs-available-language-link qtranxs-available-language-link-it\" title=\"IT\">IT<\/a> y <a href=\"https:\/\/www.unirufa.it\/en\/wp-json\/wp\/v2\/posts\/59107\" class=\"qtranxs-available-language-link qtranxs-available-language-link-en\" title=\"EN\">EN<\/a>.<\/p>Gli studenti RUFA sono invitati a partecipare alla selezione per il progetto di Residenza artistica \u00abLa Visione di Leonardo\u00bb, il cui obiettivo \u00e8 la produzione di una mostra diffusa in <strong>realt\u00e0 aumentata<\/strong>. Un progetto di <a href=\"https:\/\/bepart.net\/\" rel=\"noopener\" target=\"_blank\">Bepart Societ\u00e0 Cooperativa impresa Sociale<\/a>, <a href=\"https:\/\/www.fondazionesocialventuregda.it\/stories\/ears\/\" rel=\"noopener\" target=\"_blank\">eArs<\/a>, <a href=\"https:\/\/aerariumchain.com\/\" rel=\"noopener\" target=\"_blank\">AerariumChain<\/a>, e in collaborazione con <a href=\"https:\/\/www.museoscienza.org\/it\" rel=\"noopener\" target=\"_blank\">Museo Nazionale della Scienza e della Tecnologia Leonardo da Vinci<\/a>.<\/p>\n<h4>La partecipazione \u00e8 gratuita ed \u00e8 previsto un compenso di 2500 euro per ciascuno degli otto artisti selezionati che aderiranno al programma e agli obiettivi della residenza artistica.<\/h4>\n<p>Il progetto prevede la realizzazione di un<strong> itinerario museale<\/strong> che attraversi Milano percorrendo i luoghi di Leonardo da Vinci, concludendosi al Museo Nazionale della Scienza e della Tecnologia Leonardo da Vinci. Ogni tappa mostrer\u00e0 un\u2019installazione digitale d\u2019autore in cui attraverso animazioni tridimensionali e un audioracconto verranno veicolati dei contenuti relativi a Leonardo. L\u2019obiettivo \u00e8 sviluppare una<strong> nuova tecnica espositiva<\/strong> partendo da tecnologie di realt\u00e0 aumentata, in grado di ampliare lo spazio museale, raggiungere nuovi pubblici nazionali ed internazionali e offrire nuove esperienze ai visitatori che il Museo gi\u00e0 intercetta, nonch\u00e9 alla cittadinanza meneghina. L&#8217;obiettivo \u00e8 quello di intercettare e ingaggiare otto artisti con competenze di spicco nell\u2019ambito della <strong>produzione multimediale tridimensionale<\/strong>. Gli artisti selezionati avranno l\u2019opportunit\u00e0 di partecipare a una residenza artistica collaborativa e interdisciplinare. Il percorso di ricerca, ideazione, produzione e implementazione seguir\u00e0 un programma strutturato e prevede la supervisione del curatore del Museo Leonardo Arte &amp; Scienza e storico dell\u2019arte <strong>Claudio Giorgione<\/strong>, la conduzione organizzativa e tecnica di Bepart e la consulenza di due imprese culturali, eArs nell&#8217;ambito della produzione audio e AerariumChain nell\u2019ambito delle scansioni tridimensionali. Nel periodo di residenza ognuno dei partecipanti svilupper\u00e0 di propria mano una nuova opera artistica digitale. <\/p>\n<h4>A chi \u00e8 rivolta<\/h4>\n<p>La call \u00e8 rivolta a <strong>3D artist con competenze interdisciplinari nell\u2019ambito della produzione multimediale<\/strong>. A titolo esemplificativo si ricercano competenze come graphic e game design, modellazione, animazione e programmazione tridimensionale, visual fx, 3D art, technical art. A tal fine \u00e8 necessaria la conoscenza e l&#8217;utilizzo di almeno uno dei principali software di grafica 3D (Maya, Blender, Cinema 4D, etc.) ed \u00e8 consigliata la conoscenza del render engine Unity. Ciascuno degli artisti selezionati eseguir\u00e0 la produzione delle opere con mezzi propri, come ad esempio licenze e hardware. Si ricercano artisti, anche emergenti, che esercitino l\u2019attivit\u00e0 con esperienza pluriennale. La partecipazione \u00e8 aperta a chiunque, senza limiti di et\u00e0, genere, provenienza. La residenza e le sue attivit\u00e0 si svolgeranno in italiano. \u00c8 pertanto richiesta una sufficiente conoscenza della lingua italiana.<\/p>\n<h4>La residenza artistica<\/h4>\n<p>La residenza artistica si svolger\u00e0 sia in presenza che da remoto e nella sua fase di produzione avr\u00e0 durata di tre mesi, a partire dal kick off meeting di tre giorni in presenza, in programma presso il Museo Nazionale della Scienza e della Tecnologia Leonardo da Vinci a Milano il 21, 22 e 23 Febbraio 2022. Ulteriori dettagli sul calendario delle attivit\u00e0 sono esplicitati <a href=\"https:\/\/www.museoscienza.org\/it\/news\/la-visione-di-leonardo-call-for-artists\" target=\"_blank\" rel=\"noopener\">nell&#8217;ART.2 della Call for artists.<\/a><\/p>\n<h4>Come applicare e deadline<\/h4>\n<p>Le candidature devono essere inviate <strong> entro le ore 23:59 di domenica 23 Gennaio 2022<\/strong>, tramite <a href=\"https:\/\/docs.google.com\/forms\/d\/e\/1FAIpQLSeV10qRAByrIDuEeHR0X6rS3C3uYEId2nCANInt3qqvkh2u2w\/viewform\" target=\"_blank\" rel=\"noopener\">il form disponibile al presente link.<\/a><br \/>\nPrima della compilazione \u00e8 consigliato consultare il testo integrale della call for artists <a href=\"https:\/\/www.museoscienza.org\/it\/news\/la-visione-di-leonardo-call-for-artists\" target=\"_blank\" rel=\"noopener\">disponibile a questo link.<\/a> Ulteriori informazioni possono essere richieste inviando una mail a <a href=\"mailto:info@bepart.net\" target=\"_blank\" rel=\"noopener\">info@bepart.net<\/a>","protected":false},"excerpt":{"rendered":"<p>Disculpa, pero esta entrada est\u00e1 disponible s\u00f3lo en IT y EN.Gli studenti RUFA sono invitati a partecipare alla selezione per il progetto di Residenza artistica \u00abLa Visione di Leonardo\u00bb, il cui obiettivo \u00e8 la produzione di una mostra diffusa in realt\u00e0 aumentata. Un progetto di Bepart Societ\u00e0 Cooperativa impresa Sociale, eArs, AerariumChain, e in collaborazione&#8230;  <a class=\"excerpt-read-more\" href=\"https:\/\/www.unirufa.it\/es\/2022\/01\/13\/call-for-artists-la-visione-di-leonardo\/\" title=\"Read Call for artists \u201cLa visione di Leonardo\u201d\">Find out more<\/a><\/p>\n","protected":false},"author":28,"featured_media":59123,"comment_status":"closed","ping_status":"closed","sticky":false,"template":"","format":"standard","meta":{"content-type":"","footnotes":""},"categories":[951,939,938,1641,1639],"tags":[],"class_list":["post-59107","post","type-post","status-publish","format-standard","has-post-thumbnail","hentry","category-bandi","category-product-interior-design","category-graphic-design","category-multimedia-arts-and-design","category-visual-and-innovation-design"],"yoast_head":"<!-- This site is optimized with the Yoast SEO plugin v24.2 - https:\/\/yoast.com\/wordpress\/plugins\/seo\/ -->\n<title>Call for artists \u201cLa visione di Leonardo\u201d - RUFA - Rome University of Fine Arts<\/title>\n<meta name=\"description\" content=\"Aperta la selezione per la Residenza artistica per la produzione di una mostra diffusa in realt\u00e0 aumentata.\" \/>\n<meta name=\"robots\" content=\"index, follow, max-snippet:-1, max-image-preview:large, max-video-preview:-1\" \/>\n<link rel=\"canonical\" href=\"https:\/\/www.unirufa.it\/2022\/01\/13\/call-for-artists-la-visione-di-leonardo\/\" \/>\n<meta property=\"og:locale\" content=\"es_ES\" \/>\n<meta property=\"og:type\" content=\"article\" \/>\n<meta property=\"og:title\" content=\"Call for artists \u201cLa visione di Leonardo\u201d - RUFA - Rome University of Fine Arts\" \/>\n<meta property=\"og:description\" content=\"Aperta la selezione per la Residenza artistica per la produzione di una mostra diffusa in realt\u00e0 aumentata.\" \/>\n<meta property=\"og:url\" content=\"https:\/\/www.unirufa.it\/2022\/01\/13\/call-for-artists-la-visione-di-leonardo\/\" \/>\n<meta property=\"og:site_name\" content=\"RUFA - Rome University of Fine Arts\" \/>\n<meta property=\"article:published_time\" content=\"2022-01-13T11:58:46+00:00\" \/>\n<meta property=\"article:modified_time\" content=\"2022-01-14T09:14:05+00:00\" \/>\n<meta property=\"og:image\" content=\"https:\/\/www.unirufa.it\/wp-content\/uploads\/2022\/01\/call-for-artsts-ADATTATO.jpg\" \/>\n\t<meta property=\"og:image:width\" content=\"1050\" \/>\n\t<meta property=\"og:image:height\" content=\"600\" \/>\n\t<meta property=\"og:image:type\" content=\"image\/jpeg\" \/>\n<meta name=\"author\" content=\"Claudia Vitali\" \/>\n<meta name=\"twitter:label1\" content=\"Escrito por\" \/>\n\t<meta name=\"twitter:data1\" content=\"Claudia Vitali\" \/>\n\t<meta name=\"twitter:label2\" content=\"Tiempo de lectura\" \/>\n\t<meta name=\"twitter:data2\" content=\"3 minutos\" \/>\n<script type=\"application\/ld+json\" class=\"yoast-schema-graph\">{\"@context\":\"https:\/\/schema.org\",\"@graph\":[{\"@type\":\"WebPage\",\"@id\":\"https:\/\/www.unirufa.it\/2022\/01\/13\/call-for-artists-la-visione-di-leonardo\/\",\"url\":\"https:\/\/www.unirufa.it\/2022\/01\/13\/call-for-artists-la-visione-di-leonardo\/\",\"name\":\"Call for artists \u201cLa visione di Leonardo\u201d - RUFA - Rome University of Fine Arts\",\"isPartOf\":{\"@id\":\"https:\/\/www.unirufa.it\/#website\"},\"primaryImageOfPage\":{\"@id\":\"https:\/\/www.unirufa.it\/2022\/01\/13\/call-for-artists-la-visione-di-leonardo\/#primaryimage\"},\"image\":{\"@id\":\"https:\/\/www.unirufa.it\/2022\/01\/13\/call-for-artists-la-visione-di-leonardo\/#primaryimage\"},\"thumbnailUrl\":\"https:\/\/www.unirufa.it\/wp-content\/uploads\/2022\/01\/call-for-artsts-ADATTATO.jpg\",\"datePublished\":\"2022-01-13T11:58:46+00:00\",\"dateModified\":\"2022-01-14T09:14:05+00:00\",\"author\":{\"@id\":\"https:\/\/www.unirufa.it\/#\/schema\/person\/d5c03e37606740dff84050c97a46c80e\"},\"description\":\"Aperta la selezione per la Residenza artistica per la produzione di una mostra diffusa in realt\u00e0 aumentata.\",\"breadcrumb\":{\"@id\":\"https:\/\/www.unirufa.it\/2022\/01\/13\/call-for-artists-la-visione-di-leonardo\/#breadcrumb\"},\"inLanguage\":\"es\",\"potentialAction\":[{\"@type\":\"ReadAction\",\"target\":[\"https:\/\/www.unirufa.it\/2022\/01\/13\/call-for-artists-la-visione-di-leonardo\/\"]}]},{\"@type\":\"ImageObject\",\"inLanguage\":\"es\",\"@id\":\"https:\/\/www.unirufa.it\/2022\/01\/13\/call-for-artists-la-visione-di-leonardo\/#primaryimage\",\"url\":\"https:\/\/www.unirufa.it\/wp-content\/uploads\/2022\/01\/call-for-artsts-ADATTATO.jpg\",\"contentUrl\":\"https:\/\/www.unirufa.it\/wp-content\/uploads\/2022\/01\/call-for-artsts-ADATTATO.jpg\",\"width\":1050,\"height\":600,\"caption\":\"CALL FOR ARTISTS - BANDO - LEONARDO DA VINCI\"},{\"@type\":\"BreadcrumbList\",\"@id\":\"https:\/\/www.unirufa.it\/2022\/01\/13\/call-for-artists-la-visione-di-leonardo\/#breadcrumb\",\"itemListElement\":[{\"@type\":\"ListItem\",\"position\":1,\"name\":\"Home\",\"item\":\"https:\/\/www.unirufa.it\/\"},{\"@type\":\"ListItem\",\"position\":2,\"name\":\"Call for artists \u201cLa visione di Leonardo\u201d\"}]},{\"@type\":\"WebSite\",\"@id\":\"https:\/\/www.unirufa.it\/#website\",\"url\":\"https:\/\/www.unirufa.it\/\",\"name\":\"RUFA - Rome University of Fine Arts\",\"description\":\"\",\"potentialAction\":[{\"@type\":\"SearchAction\",\"target\":{\"@type\":\"EntryPoint\",\"urlTemplate\":\"https:\/\/www.unirufa.it\/?s={search_term_string}\"},\"query-input\":{\"@type\":\"PropertyValueSpecification\",\"valueRequired\":true,\"valueName\":\"search_term_string\"}}],\"inLanguage\":\"es\"},{\"@type\":\"Person\",\"@id\":\"https:\/\/www.unirufa.it\/#\/schema\/person\/d5c03e37606740dff84050c97a46c80e\",\"name\":\"Claudia Vitali\",\"image\":{\"@type\":\"ImageObject\",\"inLanguage\":\"es\",\"@id\":\"https:\/\/www.unirufa.it\/#\/schema\/person\/image\/\",\"url\":\"https:\/\/secure.gravatar.com\/avatar\/9bd058a2b55efbe5f9e6b68b196c59f4?s=96&d=mm&r=g\",\"contentUrl\":\"https:\/\/secure.gravatar.com\/avatar\/9bd058a2b55efbe5f9e6b68b196c59f4?s=96&d=mm&r=g\",\"caption\":\"Claudia Vitali\"},\"url\":\"https:\/\/www.unirufa.it\/es\/author\/claudia\/\"}]}<\/script>\n<!-- \/ Yoast SEO plugin. -->","yoast_head_json":{"title":"Call for artists \u201cLa visione di Leonardo\u201d - RUFA - Rome University of Fine Arts","description":"Aperta la selezione per la Residenza artistica per la produzione di una mostra diffusa in realt\u00e0 aumentata.","robots":{"index":"index","follow":"follow","max-snippet":"max-snippet:-1","max-image-preview":"max-image-preview:large","max-video-preview":"max-video-preview:-1"},"canonical":"https:\/\/www.unirufa.it\/2022\/01\/13\/call-for-artists-la-visione-di-leonardo\/","og_locale":"es_ES","og_type":"article","og_title":"Call for artists \u201cLa visione di Leonardo\u201d - RUFA - Rome University of Fine Arts","og_description":"Aperta la selezione per la Residenza artistica per la produzione di una mostra diffusa in realt\u00e0 aumentata.","og_url":"https:\/\/www.unirufa.it\/2022\/01\/13\/call-for-artists-la-visione-di-leonardo\/","og_site_name":"RUFA - Rome University of Fine Arts","article_published_time":"2022-01-13T11:58:46+00:00","article_modified_time":"2022-01-14T09:14:05+00:00","og_image":[{"width":1050,"height":600,"url":"https:\/\/www.unirufa.it\/wp-content\/uploads\/2022\/01\/call-for-artsts-ADATTATO.jpg","type":"image\/jpeg"}],"author":"Claudia Vitali","twitter_misc":{"Escrito por":"Claudia Vitali","Tiempo de lectura":"3 minutos"},"schema":{"@context":"https:\/\/schema.org","@graph":[{"@type":"WebPage","@id":"https:\/\/www.unirufa.it\/2022\/01\/13\/call-for-artists-la-visione-di-leonardo\/","url":"https:\/\/www.unirufa.it\/2022\/01\/13\/call-for-artists-la-visione-di-leonardo\/","name":"Call for artists \u201cLa visione di Leonardo\u201d - RUFA - Rome University of Fine Arts","isPartOf":{"@id":"https:\/\/www.unirufa.it\/#website"},"primaryImageOfPage":{"@id":"https:\/\/www.unirufa.it\/2022\/01\/13\/call-for-artists-la-visione-di-leonardo\/#primaryimage"},"image":{"@id":"https:\/\/www.unirufa.it\/2022\/01\/13\/call-for-artists-la-visione-di-leonardo\/#primaryimage"},"thumbnailUrl":"https:\/\/www.unirufa.it\/wp-content\/uploads\/2022\/01\/call-for-artsts-ADATTATO.jpg","datePublished":"2022-01-13T11:58:46+00:00","dateModified":"2022-01-14T09:14:05+00:00","author":{"@id":"https:\/\/www.unirufa.it\/#\/schema\/person\/d5c03e37606740dff84050c97a46c80e"},"description":"Aperta la selezione per la Residenza artistica per la produzione di una mostra diffusa in realt\u00e0 aumentata.","breadcrumb":{"@id":"https:\/\/www.unirufa.it\/2022\/01\/13\/call-for-artists-la-visione-di-leonardo\/#breadcrumb"},"inLanguage":"es","potentialAction":[{"@type":"ReadAction","target":["https:\/\/www.unirufa.it\/2022\/01\/13\/call-for-artists-la-visione-di-leonardo\/"]}]},{"@type":"ImageObject","inLanguage":"es","@id":"https:\/\/www.unirufa.it\/2022\/01\/13\/call-for-artists-la-visione-di-leonardo\/#primaryimage","url":"https:\/\/www.unirufa.it\/wp-content\/uploads\/2022\/01\/call-for-artsts-ADATTATO.jpg","contentUrl":"https:\/\/www.unirufa.it\/wp-content\/uploads\/2022\/01\/call-for-artsts-ADATTATO.jpg","width":1050,"height":600,"caption":"CALL FOR ARTISTS - BANDO - LEONARDO DA VINCI"},{"@type":"BreadcrumbList","@id":"https:\/\/www.unirufa.it\/2022\/01\/13\/call-for-artists-la-visione-di-leonardo\/#breadcrumb","itemListElement":[{"@type":"ListItem","position":1,"name":"Home","item":"https:\/\/www.unirufa.it\/"},{"@type":"ListItem","position":2,"name":"Call for artists \u201cLa visione di Leonardo\u201d"}]},{"@type":"WebSite","@id":"https:\/\/www.unirufa.it\/#website","url":"https:\/\/www.unirufa.it\/","name":"RUFA - Rome University of Fine Arts","description":"","potentialAction":[{"@type":"SearchAction","target":{"@type":"EntryPoint","urlTemplate":"https:\/\/www.unirufa.it\/?s={search_term_string}"},"query-input":{"@type":"PropertyValueSpecification","valueRequired":true,"valueName":"search_term_string"}}],"inLanguage":"es"},{"@type":"Person","@id":"https:\/\/www.unirufa.it\/#\/schema\/person\/d5c03e37606740dff84050c97a46c80e","name":"Claudia Vitali","image":{"@type":"ImageObject","inLanguage":"es","@id":"https:\/\/www.unirufa.it\/#\/schema\/person\/image\/","url":"https:\/\/secure.gravatar.com\/avatar\/9bd058a2b55efbe5f9e6b68b196c59f4?s=96&d=mm&r=g","contentUrl":"https:\/\/secure.gravatar.com\/avatar\/9bd058a2b55efbe5f9e6b68b196c59f4?s=96&d=mm&r=g","caption":"Claudia Vitali"},"url":"https:\/\/www.unirufa.it\/es\/author\/claudia\/"}]}},"_links":{"self":[{"href":"https:\/\/www.unirufa.it\/es\/wp-json\/wp\/v2\/posts\/59107","targetHints":{"allow":["GET"]}}],"collection":[{"href":"https:\/\/www.unirufa.it\/es\/wp-json\/wp\/v2\/posts"}],"about":[{"href":"https:\/\/www.unirufa.it\/es\/wp-json\/wp\/v2\/types\/post"}],"author":[{"embeddable":true,"href":"https:\/\/www.unirufa.it\/es\/wp-json\/wp\/v2\/users\/28"}],"replies":[{"embeddable":true,"href":"https:\/\/www.unirufa.it\/es\/wp-json\/wp\/v2\/comments?post=59107"}],"version-history":[{"count":52,"href":"https:\/\/www.unirufa.it\/es\/wp-json\/wp\/v2\/posts\/59107\/revisions"}],"predecessor-version":[{"id":59235,"href":"https:\/\/www.unirufa.it\/es\/wp-json\/wp\/v2\/posts\/59107\/revisions\/59235"}],"wp:featuredmedia":[{"embeddable":true,"href":"https:\/\/www.unirufa.it\/es\/wp-json\/wp\/v2\/media\/59123"}],"wp:attachment":[{"href":"https:\/\/www.unirufa.it\/es\/wp-json\/wp\/v2\/media?parent=59107"}],"wp:term":[{"taxonomy":"category","embeddable":true,"href":"https:\/\/www.unirufa.it\/es\/wp-json\/wp\/v2\/categories?post=59107"},{"taxonomy":"post_tag","embeddable":true,"href":"https:\/\/www.unirufa.it\/es\/wp-json\/wp\/v2\/tags?post=59107"}],"curies":[{"name":"wp","href":"https:\/\/api.w.org\/{rel}","templated":true}]}}