


{"id":60543,"date":"2022-01-31T17:14:30","date_gmt":"2022-01-31T16:14:30","guid":{"rendered":"https:\/\/www.unirufa.it\/?p=60543"},"modified":"2024-04-30T11:42:26","modified_gmt":"2024-04-30T09:42:26","slug":"rufa-e-altaroma","status":"publish","type":"post","link":"https:\/\/www.unirufa.it\/es\/2022\/01\/31\/rufa-e-altaroma\/","title":{"rendered":"RUFA e Altaroma"},"content":{"rendered":"<p class=\"qtranxs-available-languages-message qtranxs-available-languages-message-es\">Disculpa, pero esta entrada est\u00e1 disponible s\u00f3lo en <a href=\"https:\/\/www.unirufa.it\/it\/wp-json\/wp\/v2\/posts\/60543\" class=\"qtranxs-available-language-link qtranxs-available-language-link-it\" title=\"IT\">IT<\/a> y <a href=\"https:\/\/www.unirufa.it\/en\/wp-json\/wp\/v2\/posts\/60543\" class=\"qtranxs-available-language-link qtranxs-available-language-link-en\" title=\"EN\">EN<\/a>.<\/p><h4>RUFA e Altaroma: il 3 febbraio la visione di un documentario sul tema moda e sostenibilit\u00e0.<\/h4>\n<p>Inclusione, sostenibilit\u00e0 ambientale e responsabilit\u00e0 sociale d\u2019impresa. Sono questi i temi che RUFA intende affrontare nel prossimo futuro a sostegno del varo del nuovo corso di studi in Fashion design sostenibile. Ma sono anche le argomentazioni che sono proposte nel documentario proiettato nell\u2019ambito dell\u2019edizione 2022 di <strong><a href=\"https:\/\/www.altaroma.it\/en\/\" target=\"_blank\" rel=\"noopener\">Altaroma<\/a>, dal 2 al 4 febbraio<\/strong>.<\/p>\n<h3>Il progetto \u00e8 intitolato: \u00abWho\u2019s the sustainable fashion designer of the future?\u00bb, ed \u00e8 stato presentato in streaming <strong>gioved\u00ec 3 febbraio<\/strong> alle 15.30.<\/h3>\n<p>A introdurre i lavori Guenda Cermel, coordinatrice del corso di diploma accademico RUFA in Fashion design sostenibile, che ha inteso coinvolgere quattro <strong>protagonisti del settore moda<\/strong> in Italia: Marina Spadafora, Fair Fashion Ambassador con un&#8217;esperienza consolidata come designer grazie a collaborazioni con Prada, Ferragamo, Marni e ora Aspesi; Anna Fiscale, Cavaliere dell&#8217;ordine al merito nel 2021 in quanto Presidente di Progetto Quid, impresa sociale vincitrice del Green Carpet Responsible Disruption Fashion Award nel 2020; Giusy Cannone, CEO del Fashion Technology Accelerator; Fabio Laudicina, digital fashion designer, creator del brand Fabeeo Breen.<\/p>\n<p>Il documentario combina le loro riflessioni, esperienze e criticit\u00e0 sulla necessit\u00e0 di coltivare un <strong>approccio di ecologia integrale<\/strong> al sistema moda. Si parla di creativit\u00e0, valori, competenze, prassi, tecnologia, relazioni e interconnessioni. Elementi che RUFA fonder\u00e0 insieme per generare quelle basi capace di potenziare, dal punto di vista formativo e creativo, la riconoscibilit\u00e0 del \u201cmade in Italy\u201d in ambito nazionale e internazionale, in linea con gli obiettivi dell\u2019Agenda 2030 delle Nazioni Unite.<\/p>\n<p>Il progetto che l\u2019Accademia di Belle Arti legalmente riconosciuta dal Ministero dell\u2019universit\u00e0 e della ricerca ha in mente \u00e8 chiaro e definito: approfondire gli aspetti connessi all\u2019etica che, in forma sempre pi\u00f9 preponderante, intreccia il comparto moda. In questo percorso, avvincente e innovativo, RUFA \u00e8 pronta a <strong>coinvolgere le nuove generazioni<\/strong>, le istituzioni e le aziende che rivolgono lo sguardo allo stesso orizzonte.<\/p>\n<div class=\"embed-responsive embed-responsive-16by9\"><iframe loading=\"lazy\" src=\"https:\/\/www.youtube-nocookie.com\/embed\/8pat_UypB-w\" width=\"560\" height=\"315\" frameborder=\"0\" allowfullscreen=\"allowfullscreen\"><\/iframe><\/div>\n<p>&nbsp;","protected":false},"excerpt":{"rendered":"<p>Disculpa, pero esta entrada est\u00e1 disponible s\u00f3lo en IT y EN.RUFA e Altaroma: il 3 febbraio la visione di un documentario sul tema moda e sostenibilit\u00e0. Inclusione, sostenibilit\u00e0 ambientale e responsabilit\u00e0 sociale d\u2019impresa. Sono questi i temi che RUFA intende affrontare nel prossimo futuro a sostegno del varo del nuovo corso di studi in Fashion&#8230;  <a class=\"excerpt-read-more\" href=\"https:\/\/www.unirufa.it\/es\/2022\/01\/31\/rufa-e-altaroma\/\" title=\"Read RUFA e Altaroma\">Find out more<\/a><\/p>\n","protected":false},"author":28,"featured_media":60544,"comment_status":"closed","ping_status":"closed","sticky":false,"template":"","format":"standard","meta":{"content-type":"","footnotes":""},"categories":[939,1712],"tags":[],"class_list":["post-60543","post","type-post","status-publish","format-standard","has-post-thumbnail","hentry","category-product-interior-design","category-fashion-design-sostenibile"],"yoast_head":"<!-- This site is optimized with the Yoast SEO plugin v24.2 - https:\/\/yoast.com\/wordpress\/plugins\/seo\/ -->\n<title>RUFA e Altaroma - RUFA - Rome University of Fine Arts<\/title>\n<meta name=\"description\" content=\"RUFA e Altaroma: il 3 febbraio la proiezione di un documentario sul tema moda e sostenibilit\u00e0.\" \/>\n<meta name=\"robots\" content=\"index, follow, max-snippet:-1, max-image-preview:large, max-video-preview:-1\" \/>\n<link rel=\"canonical\" href=\"https:\/\/www.unirufa.it\/2022\/01\/31\/rufa-e-altaroma\/\" \/>\n<meta property=\"og:locale\" content=\"es_ES\" \/>\n<meta property=\"og:type\" content=\"article\" \/>\n<meta property=\"og:title\" content=\"RUFA e Altaroma - RUFA - Rome University of Fine Arts\" \/>\n<meta property=\"og:description\" content=\"{:it}RUFA e Altaroma: il 3 febbraio la proiezione di un documentario sul tema moda e sostenibilit\u00e0.{:}\" \/>\n<meta property=\"og:url\" content=\"https:\/\/www.unirufa.it\/2022\/01\/31\/rufa-e-altaroma\/\" \/>\n<meta property=\"og:site_name\" content=\"RUFA - Rome University of Fine Arts\" \/>\n<meta property=\"article:published_time\" content=\"2022-01-31T16:14:30+00:00\" \/>\n<meta property=\"article:modified_time\" content=\"2024-04-30T09:42:26+00:00\" \/>\n<meta property=\"og:image\" content=\"https:\/\/www.unirufa.it\/wp-content\/uploads\/2022\/01\/Visual-Altaroma_1050x600.jpg\" \/>\n\t<meta property=\"og:image:width\" content=\"1050\" \/>\n\t<meta property=\"og:image:height\" content=\"600\" \/>\n\t<meta property=\"og:image:type\" content=\"image\/jpeg\" \/>\n<meta name=\"author\" content=\"Claudia Vitali\" \/>\n<meta name=\"twitter:label1\" content=\"Escrito por\" \/>\n\t<meta name=\"twitter:data1\" content=\"Claudia Vitali\" \/>\n\t<meta name=\"twitter:label2\" content=\"Tiempo de lectura\" \/>\n\t<meta name=\"twitter:data2\" content=\"2 minutos\" \/>\n<script type=\"application\/ld+json\" class=\"yoast-schema-graph\">{\"@context\":\"https:\/\/schema.org\",\"@graph\":[{\"@type\":\"WebPage\",\"@id\":\"https:\/\/www.unirufa.it\/2022\/01\/31\/rufa-e-altaroma\/\",\"url\":\"https:\/\/www.unirufa.it\/2022\/01\/31\/rufa-e-altaroma\/\",\"name\":\"RUFA e Altaroma - RUFA - Rome University of Fine Arts\",\"isPartOf\":{\"@id\":\"https:\/\/www.unirufa.it\/#website\"},\"primaryImageOfPage\":{\"@id\":\"https:\/\/www.unirufa.it\/2022\/01\/31\/rufa-e-altaroma\/#primaryimage\"},\"image\":{\"@id\":\"https:\/\/www.unirufa.it\/2022\/01\/31\/rufa-e-altaroma\/#primaryimage\"},\"thumbnailUrl\":\"https:\/\/www.unirufa.it\/wp-content\/uploads\/2022\/01\/Visual-Altaroma_1050x600.jpg\",\"datePublished\":\"2022-01-31T16:14:30+00:00\",\"dateModified\":\"2024-04-30T09:42:26+00:00\",\"author\":{\"@id\":\"https:\/\/www.unirufa.it\/#\/schema\/person\/d5c03e37606740dff84050c97a46c80e\"},\"description\":\"{:it}RUFA e Altaroma: il 3 febbraio la proiezione di un documentario sul tema moda e sostenibilit\u00e0.{:}\",\"breadcrumb\":{\"@id\":\"https:\/\/www.unirufa.it\/2022\/01\/31\/rufa-e-altaroma\/#breadcrumb\"},\"inLanguage\":\"es\",\"potentialAction\":[{\"@type\":\"ReadAction\",\"target\":[\"https:\/\/www.unirufa.it\/2022\/01\/31\/rufa-e-altaroma\/\"]}]},{\"@type\":\"ImageObject\",\"inLanguage\":\"es\",\"@id\":\"https:\/\/www.unirufa.it\/2022\/01\/31\/rufa-e-altaroma\/#primaryimage\",\"url\":\"https:\/\/www.unirufa.it\/wp-content\/uploads\/2022\/01\/Visual-Altaroma_1050x600.jpg\",\"contentUrl\":\"https:\/\/www.unirufa.it\/wp-content\/uploads\/2022\/01\/Visual-Altaroma_1050x600.jpg\",\"width\":1050,\"height\":600,\"caption\":\"RUFA E ALTAROMA - WHO IS THE SUSTAINABLE DESIGNER OF THE FUTURE?\"},{\"@type\":\"BreadcrumbList\",\"@id\":\"https:\/\/www.unirufa.it\/2022\/01\/31\/rufa-e-altaroma\/#breadcrumb\",\"itemListElement\":[{\"@type\":\"ListItem\",\"position\":1,\"name\":\"Home\",\"item\":\"https:\/\/www.unirufa.it\/\"},{\"@type\":\"ListItem\",\"position\":2,\"name\":\"RUFA e Altaroma\"}]},{\"@type\":\"WebSite\",\"@id\":\"https:\/\/www.unirufa.it\/#website\",\"url\":\"https:\/\/www.unirufa.it\/\",\"name\":\"RUFA - Rome University of Fine Arts\",\"description\":\"\",\"potentialAction\":[{\"@type\":\"SearchAction\",\"target\":{\"@type\":\"EntryPoint\",\"urlTemplate\":\"https:\/\/www.unirufa.it\/?s={search_term_string}\"},\"query-input\":{\"@type\":\"PropertyValueSpecification\",\"valueRequired\":true,\"valueName\":\"search_term_string\"}}],\"inLanguage\":\"es\"},{\"@type\":\"Person\",\"@id\":\"https:\/\/www.unirufa.it\/#\/schema\/person\/d5c03e37606740dff84050c97a46c80e\",\"name\":\"Claudia Vitali\",\"image\":{\"@type\":\"ImageObject\",\"inLanguage\":\"es\",\"@id\":\"https:\/\/www.unirufa.it\/#\/schema\/person\/image\/\",\"url\":\"https:\/\/secure.gravatar.com\/avatar\/9bd058a2b55efbe5f9e6b68b196c59f4?s=96&d=mm&r=g\",\"contentUrl\":\"https:\/\/secure.gravatar.com\/avatar\/9bd058a2b55efbe5f9e6b68b196c59f4?s=96&d=mm&r=g\",\"caption\":\"Claudia Vitali\"},\"url\":\"https:\/\/www.unirufa.it\/es\/author\/claudia\/\"}]}<\/script>\n<!-- \/ Yoast SEO plugin. -->","yoast_head_json":{"title":"RUFA e Altaroma - RUFA - Rome University of Fine Arts","description":"RUFA e Altaroma: il 3 febbraio la proiezione di un documentario sul tema moda e sostenibilit\u00e0.","robots":{"index":"index","follow":"follow","max-snippet":"max-snippet:-1","max-image-preview":"max-image-preview:large","max-video-preview":"max-video-preview:-1"},"canonical":"https:\/\/www.unirufa.it\/2022\/01\/31\/rufa-e-altaroma\/","og_locale":"es_ES","og_type":"article","og_title":"RUFA e Altaroma - RUFA - Rome University of Fine Arts","og_description":"{:it}RUFA e Altaroma: il 3 febbraio la proiezione di un documentario sul tema moda e sostenibilit\u00e0.{:}","og_url":"https:\/\/www.unirufa.it\/2022\/01\/31\/rufa-e-altaroma\/","og_site_name":"RUFA - Rome University of Fine Arts","article_published_time":"2022-01-31T16:14:30+00:00","article_modified_time":"2024-04-30T09:42:26+00:00","og_image":[{"width":1050,"height":600,"url":"https:\/\/www.unirufa.it\/wp-content\/uploads\/2022\/01\/Visual-Altaroma_1050x600.jpg","type":"image\/jpeg"}],"author":"Claudia Vitali","twitter_misc":{"Escrito por":"Claudia Vitali","Tiempo de lectura":"2 minutos"},"schema":{"@context":"https:\/\/schema.org","@graph":[{"@type":"WebPage","@id":"https:\/\/www.unirufa.it\/2022\/01\/31\/rufa-e-altaroma\/","url":"https:\/\/www.unirufa.it\/2022\/01\/31\/rufa-e-altaroma\/","name":"RUFA e Altaroma - RUFA - Rome University of Fine Arts","isPartOf":{"@id":"https:\/\/www.unirufa.it\/#website"},"primaryImageOfPage":{"@id":"https:\/\/www.unirufa.it\/2022\/01\/31\/rufa-e-altaroma\/#primaryimage"},"image":{"@id":"https:\/\/www.unirufa.it\/2022\/01\/31\/rufa-e-altaroma\/#primaryimage"},"thumbnailUrl":"https:\/\/www.unirufa.it\/wp-content\/uploads\/2022\/01\/Visual-Altaroma_1050x600.jpg","datePublished":"2022-01-31T16:14:30+00:00","dateModified":"2024-04-30T09:42:26+00:00","author":{"@id":"https:\/\/www.unirufa.it\/#\/schema\/person\/d5c03e37606740dff84050c97a46c80e"},"description":"{:it}RUFA e Altaroma: il 3 febbraio la proiezione di un documentario sul tema moda e sostenibilit\u00e0.{:}","breadcrumb":{"@id":"https:\/\/www.unirufa.it\/2022\/01\/31\/rufa-e-altaroma\/#breadcrumb"},"inLanguage":"es","potentialAction":[{"@type":"ReadAction","target":["https:\/\/www.unirufa.it\/2022\/01\/31\/rufa-e-altaroma\/"]}]},{"@type":"ImageObject","inLanguage":"es","@id":"https:\/\/www.unirufa.it\/2022\/01\/31\/rufa-e-altaroma\/#primaryimage","url":"https:\/\/www.unirufa.it\/wp-content\/uploads\/2022\/01\/Visual-Altaroma_1050x600.jpg","contentUrl":"https:\/\/www.unirufa.it\/wp-content\/uploads\/2022\/01\/Visual-Altaroma_1050x600.jpg","width":1050,"height":600,"caption":"RUFA E ALTAROMA - WHO IS THE SUSTAINABLE DESIGNER OF THE FUTURE?"},{"@type":"BreadcrumbList","@id":"https:\/\/www.unirufa.it\/2022\/01\/31\/rufa-e-altaroma\/#breadcrumb","itemListElement":[{"@type":"ListItem","position":1,"name":"Home","item":"https:\/\/www.unirufa.it\/"},{"@type":"ListItem","position":2,"name":"RUFA e Altaroma"}]},{"@type":"WebSite","@id":"https:\/\/www.unirufa.it\/#website","url":"https:\/\/www.unirufa.it\/","name":"RUFA - Rome University of Fine Arts","description":"","potentialAction":[{"@type":"SearchAction","target":{"@type":"EntryPoint","urlTemplate":"https:\/\/www.unirufa.it\/?s={search_term_string}"},"query-input":{"@type":"PropertyValueSpecification","valueRequired":true,"valueName":"search_term_string"}}],"inLanguage":"es"},{"@type":"Person","@id":"https:\/\/www.unirufa.it\/#\/schema\/person\/d5c03e37606740dff84050c97a46c80e","name":"Claudia Vitali","image":{"@type":"ImageObject","inLanguage":"es","@id":"https:\/\/www.unirufa.it\/#\/schema\/person\/image\/","url":"https:\/\/secure.gravatar.com\/avatar\/9bd058a2b55efbe5f9e6b68b196c59f4?s=96&d=mm&r=g","contentUrl":"https:\/\/secure.gravatar.com\/avatar\/9bd058a2b55efbe5f9e6b68b196c59f4?s=96&d=mm&r=g","caption":"Claudia Vitali"},"url":"https:\/\/www.unirufa.it\/es\/author\/claudia\/"}]}},"_links":{"self":[{"href":"https:\/\/www.unirufa.it\/es\/wp-json\/wp\/v2\/posts\/60543","targetHints":{"allow":["GET"]}}],"collection":[{"href":"https:\/\/www.unirufa.it\/es\/wp-json\/wp\/v2\/posts"}],"about":[{"href":"https:\/\/www.unirufa.it\/es\/wp-json\/wp\/v2\/types\/post"}],"author":[{"embeddable":true,"href":"https:\/\/www.unirufa.it\/es\/wp-json\/wp\/v2\/users\/28"}],"replies":[{"embeddable":true,"href":"https:\/\/www.unirufa.it\/es\/wp-json\/wp\/v2\/comments?post=60543"}],"version-history":[{"count":28,"href":"https:\/\/www.unirufa.it\/es\/wp-json\/wp\/v2\/posts\/60543\/revisions"}],"predecessor-version":[{"id":130502,"href":"https:\/\/www.unirufa.it\/es\/wp-json\/wp\/v2\/posts\/60543\/revisions\/130502"}],"wp:featuredmedia":[{"embeddable":true,"href":"https:\/\/www.unirufa.it\/es\/wp-json\/wp\/v2\/media\/60544"}],"wp:attachment":[{"href":"https:\/\/www.unirufa.it\/es\/wp-json\/wp\/v2\/media?parent=60543"}],"wp:term":[{"taxonomy":"category","embeddable":true,"href":"https:\/\/www.unirufa.it\/es\/wp-json\/wp\/v2\/categories?post=60543"},{"taxonomy":"post_tag","embeddable":true,"href":"https:\/\/www.unirufa.it\/es\/wp-json\/wp\/v2\/tags?post=60543"}],"curies":[{"name":"wp","href":"https:\/\/api.w.org\/{rel}","templated":true}]}}