


{"id":6958,"date":"2016-01-26T14:13:40","date_gmt":"2016-01-26T14:13:40","guid":{"rendered":"http:\/\/www.unirufa.it\/?p=6958"},"modified":"2020-08-28T13:40:31","modified_gmt":"2020-08-28T11:40:31","slug":"biennale-venezia-2017-suo-curatore-christine-macel","status":"publish","type":"post","link":"https:\/\/www.unirufa.it\/es\/2016\/01\/26\/biennale-venezia-2017-suo-curatore-christine-macel\/","title":{"rendered":"La Biennale di Venezia 2017 ha il suo curatore: \u00e8 Christine Macel"},"content":{"rendered":"<p class=\"qtranxs-available-languages-message qtranxs-available-languages-message-es\">Disculpa, pero esta entrada est\u00e1 disponible s\u00f3lo en <a href=\"https:\/\/www.unirufa.it\/it\/wp-json\/wp\/v2\/posts\/6958\" class=\"qtranxs-available-language-link qtranxs-available-language-link-it\" title=\"IT\">IT<\/a>.<\/p><h3>Baratta: \u00abAvremo una Mostra incentrata sulla vitalit\u00e0 che l&#8217;arte porta nel mondo\u00bb<\/h3>\n<p>La Biennale di Venezia ha scelto il nuovo curatore della mostra internazionale di arte contemporanea del 2017. \u00c8 Christine Macel, che dal 2000 lavora al Centre Pompidou di Parigi come responsabile del dipartimento Cr\u00e9ation contemporaine et prospective. Per Macel non \u00e8 la prima volta a Venezia, avendo curato il Padiglione francese nell\u2019edizione 2013. Il presidente della Biennale Paolo Baratta ha motivato cos\u00ec la scelta: \u00abDopo la Biennale Arte diretta da Okwui Enwezor, incentrata sul tema delle fratture e delle divisioni che pervadono il mondo, e da una constatazione del tempo presente come age of anxiety, la Biennale trova in Christine Macel una curatrice protesa a valorizzare il grande ruolo che gli artisti hanno nell\u2019inventare i loro universi e nel riverberare generosa vitalit\u00e0 nel mondo che viviamo. La sua esperienza al Dipartimento della Cr\u00e9ation contemporaine et prospective del Centre Pompidou di Parigi la trova da tempo in un punto di osservazione quanto mai ricco di potenziale per l\u2019individuazione di nuove energie dalle varie parti del mondo\u00bb. Oltre al curatore, sono state annunciate anche le date della manifestazione: dal 13 maggio al 26 novembre 2017.","protected":false},"excerpt":{"rendered":"<p>Disculpa, pero esta entrada est\u00e1 disponible s\u00f3lo en IT.Baratta: \u00abAvremo una Mostra incentrata sulla vitalit\u00e0 che l&#8217;arte porta nel mondo\u00bb La Biennale di Venezia ha scelto il nuovo curatore della mostra internazionale di arte contemporanea del 2017. \u00c8 Christine Macel, che dal 2000 lavora al Centre Pompidou di Parigi come responsabile del dipartimento Cr\u00e9ation contemporaine&#8230;  <a class=\"excerpt-read-more\" href=\"https:\/\/www.unirufa.it\/es\/2016\/01\/26\/biennale-venezia-2017-suo-curatore-christine-macel\/\" title=\"Read La Biennale di Venezia 2017 ha il suo curatore: \u00e8 Christine Macel\">Find out more<\/a><\/p>\n","protected":false},"author":1,"featured_media":6959,"comment_status":"closed","ping_status":"closed","sticky":false,"template":"","format":"standard","meta":{"content-type":"","footnotes":""},"categories":[1629,31],"tags":[48,209,87,210,53],"class_list":["post-6958","post","type-post","status-publish","format-standard","has-post-thumbnail","hentry","category-accademia","category-app-news","tag-arte-contemporanea","tag-biennale-di-venezia","tag-mostra","tag-paolo-baratta","tag-rufa"],"yoast_head":"<!-- This site is optimized with the Yoast SEO plugin v24.2 - https:\/\/yoast.com\/wordpress\/plugins\/seo\/ -->\n<title>La Biennale di Venezia 2017 ha il suo curatore: \u00e8 Christine Macel - RUFA - Rome University of Fine Arts<\/title>\n<meta name=\"robots\" content=\"index, follow, max-snippet:-1, max-image-preview:large, max-video-preview:-1\" \/>\n<link rel=\"canonical\" href=\"https:\/\/www.unirufa.it\/2016\/01\/26\/biennale-venezia-2017-suo-curatore-christine-macel\/\" \/>\n<meta property=\"og:locale\" content=\"es_ES\" \/>\n<meta property=\"og:type\" content=\"article\" \/>\n<meta property=\"og:title\" content=\"La Biennale di Venezia 2017 ha il suo curatore: \u00e8 Christine Macel - RUFA - Rome University of Fine Arts\" \/>\n<meta property=\"og:description\" content=\"Disculpa, pero esta entrada est\u00e1 disponible s\u00f3lo en IT.Baratta: \u00abAvremo una Mostra incentrata sulla vitalit\u00e0 che l&#8217;arte porta nel mondo\u00bb La Biennale di Venezia ha scelto il nuovo curatore della mostra internazionale di arte contemporanea del 2017. \u00c8 Christine Macel, che dal 2000 lavora al Centre Pompidou di Parigi come responsabile del dipartimento Cr\u00e9ation contemporaine... Find out more\" \/>\n<meta property=\"og:url\" content=\"https:\/\/www.unirufa.it\/2016\/01\/26\/biennale-venezia-2017-suo-curatore-christine-macel\/\" \/>\n<meta property=\"og:site_name\" content=\"RUFA - Rome University of Fine Arts\" \/>\n<meta property=\"article:published_time\" content=\"2016-01-26T14:13:40+00:00\" \/>\n<meta property=\"article:modified_time\" content=\"2020-08-28T11:40:31+00:00\" \/>\n<meta property=\"og:image\" content=\"https:\/\/www.unirufa.it\/wp-content\/uploads\/2016\/01\/M5050_DACA_VIDEO_346_normal.jpg\" \/>\n\t<meta property=\"og:image:width\" content=\"640\" \/>\n\t<meta property=\"og:image:height\" content=\"360\" \/>\n\t<meta property=\"og:image:type\" content=\"image\/jpeg\" \/>\n<meta name=\"author\" content=\"rufa\" \/>\n<meta name=\"twitter:label1\" content=\"Escrito por\" \/>\n\t<meta name=\"twitter:data1\" content=\"rufa\" \/>\n\t<meta name=\"twitter:label2\" content=\"Tiempo de lectura\" \/>\n\t<meta name=\"twitter:data2\" content=\"1 minuto\" \/>\n<script type=\"application\/ld+json\" class=\"yoast-schema-graph\">{\"@context\":\"https:\/\/schema.org\",\"@graph\":[{\"@type\":\"WebPage\",\"@id\":\"https:\/\/www.unirufa.it\/2016\/01\/26\/biennale-venezia-2017-suo-curatore-christine-macel\/\",\"url\":\"https:\/\/www.unirufa.it\/2016\/01\/26\/biennale-venezia-2017-suo-curatore-christine-macel\/\",\"name\":\"La Biennale di Venezia 2017 ha il suo curatore: \u00e8 Christine Macel - RUFA - Rome University of Fine Arts\",\"isPartOf\":{\"@id\":\"https:\/\/www.unirufa.it\/#website\"},\"primaryImageOfPage\":{\"@id\":\"https:\/\/www.unirufa.it\/2016\/01\/26\/biennale-venezia-2017-suo-curatore-christine-macel\/#primaryimage\"},\"image\":{\"@id\":\"https:\/\/www.unirufa.it\/2016\/01\/26\/biennale-venezia-2017-suo-curatore-christine-macel\/#primaryimage\"},\"thumbnailUrl\":\"https:\/\/www.unirufa.it\/wp-content\/uploads\/2016\/01\/M5050_DACA_VIDEO_346_normal.jpg\",\"datePublished\":\"2016-01-26T14:13:40+00:00\",\"dateModified\":\"2020-08-28T11:40:31+00:00\",\"author\":{\"@id\":\"https:\/\/www.unirufa.it\/#\/schema\/person\/df501afc19e72ccaeeaaec268b0c5917\"},\"breadcrumb\":{\"@id\":\"https:\/\/www.unirufa.it\/2016\/01\/26\/biennale-venezia-2017-suo-curatore-christine-macel\/#breadcrumb\"},\"inLanguage\":\"es\",\"potentialAction\":[{\"@type\":\"ReadAction\",\"target\":[\"https:\/\/www.unirufa.it\/2016\/01\/26\/biennale-venezia-2017-suo-curatore-christine-macel\/\"]}]},{\"@type\":\"ImageObject\",\"inLanguage\":\"es\",\"@id\":\"https:\/\/www.unirufa.it\/2016\/01\/26\/biennale-venezia-2017-suo-curatore-christine-macel\/#primaryimage\",\"url\":\"https:\/\/www.unirufa.it\/wp-content\/uploads\/2016\/01\/M5050_DACA_VIDEO_346_normal.jpg\",\"contentUrl\":\"https:\/\/www.unirufa.it\/wp-content\/uploads\/2016\/01\/M5050_DACA_VIDEO_346_normal.jpg\",\"width\":640,\"height\":360},{\"@type\":\"BreadcrumbList\",\"@id\":\"https:\/\/www.unirufa.it\/2016\/01\/26\/biennale-venezia-2017-suo-curatore-christine-macel\/#breadcrumb\",\"itemListElement\":[{\"@type\":\"ListItem\",\"position\":1,\"name\":\"Home\",\"item\":\"https:\/\/www.unirufa.it\/\"},{\"@type\":\"ListItem\",\"position\":2,\"name\":\"La Biennale di Venezia 2017 ha il suo curatore: \u00e8 Christine Macel\"}]},{\"@type\":\"WebSite\",\"@id\":\"https:\/\/www.unirufa.it\/#website\",\"url\":\"https:\/\/www.unirufa.it\/\",\"name\":\"RUFA - Rome University of Fine Arts\",\"description\":\"\",\"potentialAction\":[{\"@type\":\"SearchAction\",\"target\":{\"@type\":\"EntryPoint\",\"urlTemplate\":\"https:\/\/www.unirufa.it\/?s={search_term_string}\"},\"query-input\":{\"@type\":\"PropertyValueSpecification\",\"valueRequired\":true,\"valueName\":\"search_term_string\"}}],\"inLanguage\":\"es\"},{\"@type\":\"Person\",\"@id\":\"https:\/\/www.unirufa.it\/#\/schema\/person\/df501afc19e72ccaeeaaec268b0c5917\",\"name\":\"rufa\",\"image\":{\"@type\":\"ImageObject\",\"inLanguage\":\"es\",\"@id\":\"https:\/\/www.unirufa.it\/#\/schema\/person\/image\/\",\"url\":\"https:\/\/secure.gravatar.com\/avatar\/7f7ea0eea9301536a533fa1d7ea507b9?s=96&d=mm&r=g\",\"contentUrl\":\"https:\/\/secure.gravatar.com\/avatar\/7f7ea0eea9301536a533fa1d7ea507b9?s=96&d=mm&r=g\",\"caption\":\"rufa\"},\"url\":\"https:\/\/www.unirufa.it\/es\/author\/rufa\/\"}]}<\/script>\n<!-- \/ Yoast SEO plugin. -->","yoast_head_json":{"title":"La Biennale di Venezia 2017 ha il suo curatore: \u00e8 Christine Macel - RUFA - Rome University of Fine Arts","robots":{"index":"index","follow":"follow","max-snippet":"max-snippet:-1","max-image-preview":"max-image-preview:large","max-video-preview":"max-video-preview:-1"},"canonical":"https:\/\/www.unirufa.it\/2016\/01\/26\/biennale-venezia-2017-suo-curatore-christine-macel\/","og_locale":"es_ES","og_type":"article","og_title":"La Biennale di Venezia 2017 ha il suo curatore: \u00e8 Christine Macel - RUFA - Rome University of Fine Arts","og_description":"Disculpa, pero esta entrada est\u00e1 disponible s\u00f3lo en IT.Baratta: \u00abAvremo una Mostra incentrata sulla vitalit\u00e0 che l&#8217;arte porta nel mondo\u00bb La Biennale di Venezia ha scelto il nuovo curatore della mostra internazionale di arte contemporanea del 2017. \u00c8 Christine Macel, che dal 2000 lavora al Centre Pompidou di Parigi come responsabile del dipartimento Cr\u00e9ation contemporaine... Find out more","og_url":"https:\/\/www.unirufa.it\/2016\/01\/26\/biennale-venezia-2017-suo-curatore-christine-macel\/","og_site_name":"RUFA - Rome University of Fine Arts","article_published_time":"2016-01-26T14:13:40+00:00","article_modified_time":"2020-08-28T11:40:31+00:00","og_image":[{"width":640,"height":360,"url":"https:\/\/www.unirufa.it\/wp-content\/uploads\/2016\/01\/M5050_DACA_VIDEO_346_normal.jpg","type":"image\/jpeg"}],"author":"rufa","twitter_misc":{"Escrito por":"rufa","Tiempo de lectura":"1 minuto"},"schema":{"@context":"https:\/\/schema.org","@graph":[{"@type":"WebPage","@id":"https:\/\/www.unirufa.it\/2016\/01\/26\/biennale-venezia-2017-suo-curatore-christine-macel\/","url":"https:\/\/www.unirufa.it\/2016\/01\/26\/biennale-venezia-2017-suo-curatore-christine-macel\/","name":"La Biennale di Venezia 2017 ha il suo curatore: \u00e8 Christine Macel - RUFA - Rome University of Fine Arts","isPartOf":{"@id":"https:\/\/www.unirufa.it\/#website"},"primaryImageOfPage":{"@id":"https:\/\/www.unirufa.it\/2016\/01\/26\/biennale-venezia-2017-suo-curatore-christine-macel\/#primaryimage"},"image":{"@id":"https:\/\/www.unirufa.it\/2016\/01\/26\/biennale-venezia-2017-suo-curatore-christine-macel\/#primaryimage"},"thumbnailUrl":"https:\/\/www.unirufa.it\/wp-content\/uploads\/2016\/01\/M5050_DACA_VIDEO_346_normal.jpg","datePublished":"2016-01-26T14:13:40+00:00","dateModified":"2020-08-28T11:40:31+00:00","author":{"@id":"https:\/\/www.unirufa.it\/#\/schema\/person\/df501afc19e72ccaeeaaec268b0c5917"},"breadcrumb":{"@id":"https:\/\/www.unirufa.it\/2016\/01\/26\/biennale-venezia-2017-suo-curatore-christine-macel\/#breadcrumb"},"inLanguage":"es","potentialAction":[{"@type":"ReadAction","target":["https:\/\/www.unirufa.it\/2016\/01\/26\/biennale-venezia-2017-suo-curatore-christine-macel\/"]}]},{"@type":"ImageObject","inLanguage":"es","@id":"https:\/\/www.unirufa.it\/2016\/01\/26\/biennale-venezia-2017-suo-curatore-christine-macel\/#primaryimage","url":"https:\/\/www.unirufa.it\/wp-content\/uploads\/2016\/01\/M5050_DACA_VIDEO_346_normal.jpg","contentUrl":"https:\/\/www.unirufa.it\/wp-content\/uploads\/2016\/01\/M5050_DACA_VIDEO_346_normal.jpg","width":640,"height":360},{"@type":"BreadcrumbList","@id":"https:\/\/www.unirufa.it\/2016\/01\/26\/biennale-venezia-2017-suo-curatore-christine-macel\/#breadcrumb","itemListElement":[{"@type":"ListItem","position":1,"name":"Home","item":"https:\/\/www.unirufa.it\/"},{"@type":"ListItem","position":2,"name":"La Biennale di Venezia 2017 ha il suo curatore: \u00e8 Christine Macel"}]},{"@type":"WebSite","@id":"https:\/\/www.unirufa.it\/#website","url":"https:\/\/www.unirufa.it\/","name":"RUFA - Rome University of Fine Arts","description":"","potentialAction":[{"@type":"SearchAction","target":{"@type":"EntryPoint","urlTemplate":"https:\/\/www.unirufa.it\/?s={search_term_string}"},"query-input":{"@type":"PropertyValueSpecification","valueRequired":true,"valueName":"search_term_string"}}],"inLanguage":"es"},{"@type":"Person","@id":"https:\/\/www.unirufa.it\/#\/schema\/person\/df501afc19e72ccaeeaaec268b0c5917","name":"rufa","image":{"@type":"ImageObject","inLanguage":"es","@id":"https:\/\/www.unirufa.it\/#\/schema\/person\/image\/","url":"https:\/\/secure.gravatar.com\/avatar\/7f7ea0eea9301536a533fa1d7ea507b9?s=96&d=mm&r=g","contentUrl":"https:\/\/secure.gravatar.com\/avatar\/7f7ea0eea9301536a533fa1d7ea507b9?s=96&d=mm&r=g","caption":"rufa"},"url":"https:\/\/www.unirufa.it\/es\/author\/rufa\/"}]}},"_links":{"self":[{"href":"https:\/\/www.unirufa.it\/es\/wp-json\/wp\/v2\/posts\/6958","targetHints":{"allow":["GET"]}}],"collection":[{"href":"https:\/\/www.unirufa.it\/es\/wp-json\/wp\/v2\/posts"}],"about":[{"href":"https:\/\/www.unirufa.it\/es\/wp-json\/wp\/v2\/types\/post"}],"author":[{"embeddable":true,"href":"https:\/\/www.unirufa.it\/es\/wp-json\/wp\/v2\/users\/1"}],"replies":[{"embeddable":true,"href":"https:\/\/www.unirufa.it\/es\/wp-json\/wp\/v2\/comments?post=6958"}],"version-history":[{"count":4,"href":"https:\/\/www.unirufa.it\/es\/wp-json\/wp\/v2\/posts\/6958\/revisions"}],"predecessor-version":[{"id":31492,"href":"https:\/\/www.unirufa.it\/es\/wp-json\/wp\/v2\/posts\/6958\/revisions\/31492"}],"wp:featuredmedia":[{"embeddable":true,"href":"https:\/\/www.unirufa.it\/es\/wp-json\/wp\/v2\/media\/6959"}],"wp:attachment":[{"href":"https:\/\/www.unirufa.it\/es\/wp-json\/wp\/v2\/media?parent=6958"}],"wp:term":[{"taxonomy":"category","embeddable":true,"href":"https:\/\/www.unirufa.it\/es\/wp-json\/wp\/v2\/categories?post=6958"},{"taxonomy":"post_tag","embeddable":true,"href":"https:\/\/www.unirufa.it\/es\/wp-json\/wp\/v2\/tags?post=6958"}],"curies":[{"name":"wp","href":"https:\/\/api.w.org\/{rel}","templated":true}]}}