


{"id":7017,"date":"2016-01-29T13:15:10","date_gmt":"2016-01-29T13:15:10","guid":{"rendered":"http:\/\/www.unirufa.it\/?p=7017"},"modified":"2020-08-28T13:37:56","modified_gmt":"2020-08-28T11:37:56","slug":"lultima-mossa-politica-weiwei-ritira-sue-opere-dalla-fondazione-danese-faurschou","status":"publish","type":"post","link":"https:\/\/www.unirufa.it\/es\/2016\/01\/29\/lultima-mossa-politica-weiwei-ritira-sue-opere-dalla-fondazione-danese-faurschou\/","title":{"rendered":"L&#8217;ultima mossa politica di Ai Weiwei: ritira le sue opere dalla fondazione danese Faurschou"},"content":{"rendered":"<p class=\"qtranxs-available-languages-message qtranxs-available-languages-message-es\">Disculpa, pero esta entrada est\u00e1 disponible s\u00f3lo en <a href=\"https:\/\/www.unirufa.it\/it\/wp-json\/wp\/v2\/posts\/7017\" class=\"qtranxs-available-language-link qtranxs-available-language-link-it\" title=\"IT\">IT<\/a> y <a href=\"https:\/\/www.unirufa.it\/en\/wp-json\/wp\/v2\/posts\/7017\" class=\"qtranxs-available-language-link qtranxs-available-language-link-en\" title=\"EN\">EN<\/a>.<\/p><h3>L&#8217;artista cinese esprime cos\u00ec il suo dissenso verso la politica contro i richiedenti asilo<\/h3>\n<p>Aveva aperto nel marzo scorso la personale \u00abRuptures\u00bb di Ai Weiwei nella fondazione danese Faurschou e avrebbe dovuto chiudere a giugno 2016. L\u2019artista cinese ha invece anticipato il fine mostra e da qualche giorno l&#8217;esposizione non \u00e8 pi\u00f9 visitabile. Una scelta drastica annunciata da Weiwei su Twitter, voluta per esprimere solidariet\u00e0 verso i richiedenti asilo politico arrivati in Danimarca ai quali il governo danese, per via del provvedimento approvato il 25 gennaio dal Parlamento, pu\u00f2 confiscare agli immigrati beni dal valore superiore alle 10 mila corone, pari a 1.340 euro, cos\u00ec da coprirne le spese di vitto e alloggio. Jens Faurschou, proprietario della Fondazione, ha appoggiato la scelta dell\u2019artista, che oltre a far chiudere la mostra anticipatamente ha anche ritirato tutte le sue opere dal museo Aros di Copenaghen.","protected":false},"excerpt":{"rendered":"<p>Disculpa, pero esta entrada est\u00e1 disponible s\u00f3lo en IT y EN.L&#8217;artista cinese esprime cos\u00ec il suo dissenso verso la politica contro i richiedenti asilo Aveva aperto nel marzo scorso la personale \u00abRuptures\u00bb di Ai Weiwei nella fondazione danese Faurschou e avrebbe dovuto chiudere a giugno 2016. L\u2019artista cinese ha invece anticipato il fine mostra e&#8230;  <a class=\"excerpt-read-more\" href=\"https:\/\/www.unirufa.it\/es\/2016\/01\/29\/lultima-mossa-politica-weiwei-ritira-sue-opere-dalla-fondazione-danese-faurschou\/\" title=\"Read L&#8217;ultima mossa politica di Ai Weiwei: ritira le sue opere dalla fondazione danese Faurschou\">Find out more<\/a><\/p>\n","protected":false},"author":1,"featured_media":7018,"comment_status":"closed","ping_status":"closed","sticky":false,"template":"","format":"standard","meta":{"content-type":"","footnotes":""},"categories":[1629,31],"tags":[384,43,459,460,53],"class_list":["post-7017","post","type-post","status-publish","format-standard","has-post-thumbnail","hentry","category-accademia","category-app-news","tag-ai-weiwei","tag-arte","tag-asilo-politico","tag-danimarca","tag-rufa"],"yoast_head":"<!-- This site is optimized with the Yoast SEO plugin v24.2 - https:\/\/yoast.com\/wordpress\/plugins\/seo\/ -->\n<title>L&#039;ultima mossa politica di Ai Weiwei: ritira le sue opere dalla fondazione danese Faurschou - RUFA - Rome University of Fine Arts<\/title>\n<meta name=\"robots\" content=\"index, follow, max-snippet:-1, max-image-preview:large, max-video-preview:-1\" \/>\n<link rel=\"canonical\" href=\"https:\/\/www.unirufa.it\/2016\/01\/29\/lultima-mossa-politica-weiwei-ritira-sue-opere-dalla-fondazione-danese-faurschou\/\" \/>\n<meta property=\"og:locale\" content=\"es_ES\" \/>\n<meta property=\"og:type\" content=\"article\" \/>\n<meta property=\"og:title\" content=\"L&#039;ultima mossa politica di Ai Weiwei: ritira le sue opere dalla fondazione danese Faurschou - RUFA - Rome University of Fine Arts\" \/>\n<meta property=\"og:description\" content=\"Disculpa, pero esta entrada est\u00e1 disponible s\u00f3lo en IT y EN.L&#8217;artista cinese esprime cos\u00ec il suo dissenso verso la politica contro i richiedenti asilo Aveva aperto nel marzo scorso la personale \u00abRuptures\u00bb di Ai Weiwei nella fondazione danese Faurschou e avrebbe dovuto chiudere a giugno 2016. L\u2019artista cinese ha invece anticipato il fine mostra e... Find out more\" \/>\n<meta property=\"og:url\" content=\"https:\/\/www.unirufa.it\/2016\/01\/29\/lultima-mossa-politica-weiwei-ritira-sue-opere-dalla-fondazione-danese-faurschou\/\" \/>\n<meta property=\"og:site_name\" content=\"RUFA - Rome University of Fine Arts\" \/>\n<meta property=\"article:published_time\" content=\"2016-01-29T13:15:10+00:00\" \/>\n<meta property=\"article:modified_time\" content=\"2020-08-28T11:37:56+00:00\" \/>\n<meta property=\"og:image\" content=\"https:\/\/www.unirufa.it\/wp-content\/uploads\/2016\/01\/72ee47ec-804b-4ada-a77d-4f2d2ea6047c_xl.jpg\" \/>\n\t<meta property=\"og:image:width\" content=\"1920\" \/>\n\t<meta property=\"og:image:height\" content=\"1080\" \/>\n\t<meta property=\"og:image:type\" content=\"image\/jpeg\" \/>\n<meta name=\"author\" content=\"rufa\" \/>\n<meta name=\"twitter:label1\" content=\"Escrito por\" \/>\n\t<meta name=\"twitter:data1\" content=\"rufa\" \/>\n\t<meta name=\"twitter:label2\" content=\"Tiempo de lectura\" \/>\n\t<meta name=\"twitter:data2\" content=\"1 minuto\" \/>\n<script type=\"application\/ld+json\" class=\"yoast-schema-graph\">{\"@context\":\"https:\/\/schema.org\",\"@graph\":[{\"@type\":\"WebPage\",\"@id\":\"https:\/\/www.unirufa.it\/2016\/01\/29\/lultima-mossa-politica-weiwei-ritira-sue-opere-dalla-fondazione-danese-faurschou\/\",\"url\":\"https:\/\/www.unirufa.it\/2016\/01\/29\/lultima-mossa-politica-weiwei-ritira-sue-opere-dalla-fondazione-danese-faurschou\/\",\"name\":\"L'ultima mossa politica di Ai Weiwei: ritira le sue opere dalla fondazione danese Faurschou - RUFA - Rome University of Fine Arts\",\"isPartOf\":{\"@id\":\"https:\/\/www.unirufa.it\/#website\"},\"primaryImageOfPage\":{\"@id\":\"https:\/\/www.unirufa.it\/2016\/01\/29\/lultima-mossa-politica-weiwei-ritira-sue-opere-dalla-fondazione-danese-faurschou\/#primaryimage\"},\"image\":{\"@id\":\"https:\/\/www.unirufa.it\/2016\/01\/29\/lultima-mossa-politica-weiwei-ritira-sue-opere-dalla-fondazione-danese-faurschou\/#primaryimage\"},\"thumbnailUrl\":\"https:\/\/www.unirufa.it\/wp-content\/uploads\/2016\/01\/72ee47ec-804b-4ada-a77d-4f2d2ea6047c_xl.jpg\",\"datePublished\":\"2016-01-29T13:15:10+00:00\",\"dateModified\":\"2020-08-28T11:37:56+00:00\",\"author\":{\"@id\":\"https:\/\/www.unirufa.it\/#\/schema\/person\/df501afc19e72ccaeeaaec268b0c5917\"},\"breadcrumb\":{\"@id\":\"https:\/\/www.unirufa.it\/2016\/01\/29\/lultima-mossa-politica-weiwei-ritira-sue-opere-dalla-fondazione-danese-faurschou\/#breadcrumb\"},\"inLanguage\":\"es\",\"potentialAction\":[{\"@type\":\"ReadAction\",\"target\":[\"https:\/\/www.unirufa.it\/2016\/01\/29\/lultima-mossa-politica-weiwei-ritira-sue-opere-dalla-fondazione-danese-faurschou\/\"]}]},{\"@type\":\"ImageObject\",\"inLanguage\":\"es\",\"@id\":\"https:\/\/www.unirufa.it\/2016\/01\/29\/lultima-mossa-politica-weiwei-ritira-sue-opere-dalla-fondazione-danese-faurschou\/#primaryimage\",\"url\":\"https:\/\/www.unirufa.it\/wp-content\/uploads\/2016\/01\/72ee47ec-804b-4ada-a77d-4f2d2ea6047c_xl.jpg\",\"contentUrl\":\"https:\/\/www.unirufa.it\/wp-content\/uploads\/2016\/01\/72ee47ec-804b-4ada-a77d-4f2d2ea6047c_xl.jpg\",\"width\":1920,\"height\":1080},{\"@type\":\"BreadcrumbList\",\"@id\":\"https:\/\/www.unirufa.it\/2016\/01\/29\/lultima-mossa-politica-weiwei-ritira-sue-opere-dalla-fondazione-danese-faurschou\/#breadcrumb\",\"itemListElement\":[{\"@type\":\"ListItem\",\"position\":1,\"name\":\"Home\",\"item\":\"https:\/\/www.unirufa.it\/\"},{\"@type\":\"ListItem\",\"position\":2,\"name\":\"L&#8217;ultima mossa politica di Ai Weiwei: ritira le sue opere dalla fondazione danese Faurschou\"}]},{\"@type\":\"WebSite\",\"@id\":\"https:\/\/www.unirufa.it\/#website\",\"url\":\"https:\/\/www.unirufa.it\/\",\"name\":\"RUFA - Rome University of Fine Arts\",\"description\":\"\",\"potentialAction\":[{\"@type\":\"SearchAction\",\"target\":{\"@type\":\"EntryPoint\",\"urlTemplate\":\"https:\/\/www.unirufa.it\/?s={search_term_string}\"},\"query-input\":{\"@type\":\"PropertyValueSpecification\",\"valueRequired\":true,\"valueName\":\"search_term_string\"}}],\"inLanguage\":\"es\"},{\"@type\":\"Person\",\"@id\":\"https:\/\/www.unirufa.it\/#\/schema\/person\/df501afc19e72ccaeeaaec268b0c5917\",\"name\":\"rufa\",\"image\":{\"@type\":\"ImageObject\",\"inLanguage\":\"es\",\"@id\":\"https:\/\/www.unirufa.it\/#\/schema\/person\/image\/\",\"url\":\"https:\/\/secure.gravatar.com\/avatar\/7f7ea0eea9301536a533fa1d7ea507b9?s=96&d=mm&r=g\",\"contentUrl\":\"https:\/\/secure.gravatar.com\/avatar\/7f7ea0eea9301536a533fa1d7ea507b9?s=96&d=mm&r=g\",\"caption\":\"rufa\"},\"url\":\"https:\/\/www.unirufa.it\/es\/author\/rufa\/\"}]}<\/script>\n<!-- \/ Yoast SEO plugin. -->","yoast_head_json":{"title":"L'ultima mossa politica di Ai Weiwei: ritira le sue opere dalla fondazione danese Faurschou - RUFA - Rome University of Fine Arts","robots":{"index":"index","follow":"follow","max-snippet":"max-snippet:-1","max-image-preview":"max-image-preview:large","max-video-preview":"max-video-preview:-1"},"canonical":"https:\/\/www.unirufa.it\/2016\/01\/29\/lultima-mossa-politica-weiwei-ritira-sue-opere-dalla-fondazione-danese-faurschou\/","og_locale":"es_ES","og_type":"article","og_title":"L'ultima mossa politica di Ai Weiwei: ritira le sue opere dalla fondazione danese Faurschou - RUFA - Rome University of Fine Arts","og_description":"Disculpa, pero esta entrada est\u00e1 disponible s\u00f3lo en IT y EN.L&#8217;artista cinese esprime cos\u00ec il suo dissenso verso la politica contro i richiedenti asilo Aveva aperto nel marzo scorso la personale \u00abRuptures\u00bb di Ai Weiwei nella fondazione danese Faurschou e avrebbe dovuto chiudere a giugno 2016. L\u2019artista cinese ha invece anticipato il fine mostra e... Find out more","og_url":"https:\/\/www.unirufa.it\/2016\/01\/29\/lultima-mossa-politica-weiwei-ritira-sue-opere-dalla-fondazione-danese-faurschou\/","og_site_name":"RUFA - Rome University of Fine Arts","article_published_time":"2016-01-29T13:15:10+00:00","article_modified_time":"2020-08-28T11:37:56+00:00","og_image":[{"width":1920,"height":1080,"url":"https:\/\/www.unirufa.it\/wp-content\/uploads\/2016\/01\/72ee47ec-804b-4ada-a77d-4f2d2ea6047c_xl.jpg","type":"image\/jpeg"}],"author":"rufa","twitter_misc":{"Escrito por":"rufa","Tiempo de lectura":"1 minuto"},"schema":{"@context":"https:\/\/schema.org","@graph":[{"@type":"WebPage","@id":"https:\/\/www.unirufa.it\/2016\/01\/29\/lultima-mossa-politica-weiwei-ritira-sue-opere-dalla-fondazione-danese-faurschou\/","url":"https:\/\/www.unirufa.it\/2016\/01\/29\/lultima-mossa-politica-weiwei-ritira-sue-opere-dalla-fondazione-danese-faurschou\/","name":"L'ultima mossa politica di Ai Weiwei: ritira le sue opere dalla fondazione danese Faurschou - RUFA - Rome University of Fine Arts","isPartOf":{"@id":"https:\/\/www.unirufa.it\/#website"},"primaryImageOfPage":{"@id":"https:\/\/www.unirufa.it\/2016\/01\/29\/lultima-mossa-politica-weiwei-ritira-sue-opere-dalla-fondazione-danese-faurschou\/#primaryimage"},"image":{"@id":"https:\/\/www.unirufa.it\/2016\/01\/29\/lultima-mossa-politica-weiwei-ritira-sue-opere-dalla-fondazione-danese-faurschou\/#primaryimage"},"thumbnailUrl":"https:\/\/www.unirufa.it\/wp-content\/uploads\/2016\/01\/72ee47ec-804b-4ada-a77d-4f2d2ea6047c_xl.jpg","datePublished":"2016-01-29T13:15:10+00:00","dateModified":"2020-08-28T11:37:56+00:00","author":{"@id":"https:\/\/www.unirufa.it\/#\/schema\/person\/df501afc19e72ccaeeaaec268b0c5917"},"breadcrumb":{"@id":"https:\/\/www.unirufa.it\/2016\/01\/29\/lultima-mossa-politica-weiwei-ritira-sue-opere-dalla-fondazione-danese-faurschou\/#breadcrumb"},"inLanguage":"es","potentialAction":[{"@type":"ReadAction","target":["https:\/\/www.unirufa.it\/2016\/01\/29\/lultima-mossa-politica-weiwei-ritira-sue-opere-dalla-fondazione-danese-faurschou\/"]}]},{"@type":"ImageObject","inLanguage":"es","@id":"https:\/\/www.unirufa.it\/2016\/01\/29\/lultima-mossa-politica-weiwei-ritira-sue-opere-dalla-fondazione-danese-faurschou\/#primaryimage","url":"https:\/\/www.unirufa.it\/wp-content\/uploads\/2016\/01\/72ee47ec-804b-4ada-a77d-4f2d2ea6047c_xl.jpg","contentUrl":"https:\/\/www.unirufa.it\/wp-content\/uploads\/2016\/01\/72ee47ec-804b-4ada-a77d-4f2d2ea6047c_xl.jpg","width":1920,"height":1080},{"@type":"BreadcrumbList","@id":"https:\/\/www.unirufa.it\/2016\/01\/29\/lultima-mossa-politica-weiwei-ritira-sue-opere-dalla-fondazione-danese-faurschou\/#breadcrumb","itemListElement":[{"@type":"ListItem","position":1,"name":"Home","item":"https:\/\/www.unirufa.it\/"},{"@type":"ListItem","position":2,"name":"L&#8217;ultima mossa politica di Ai Weiwei: ritira le sue opere dalla fondazione danese Faurschou"}]},{"@type":"WebSite","@id":"https:\/\/www.unirufa.it\/#website","url":"https:\/\/www.unirufa.it\/","name":"RUFA - Rome University of Fine Arts","description":"","potentialAction":[{"@type":"SearchAction","target":{"@type":"EntryPoint","urlTemplate":"https:\/\/www.unirufa.it\/?s={search_term_string}"},"query-input":{"@type":"PropertyValueSpecification","valueRequired":true,"valueName":"search_term_string"}}],"inLanguage":"es"},{"@type":"Person","@id":"https:\/\/www.unirufa.it\/#\/schema\/person\/df501afc19e72ccaeeaaec268b0c5917","name":"rufa","image":{"@type":"ImageObject","inLanguage":"es","@id":"https:\/\/www.unirufa.it\/#\/schema\/person\/image\/","url":"https:\/\/secure.gravatar.com\/avatar\/7f7ea0eea9301536a533fa1d7ea507b9?s=96&d=mm&r=g","contentUrl":"https:\/\/secure.gravatar.com\/avatar\/7f7ea0eea9301536a533fa1d7ea507b9?s=96&d=mm&r=g","caption":"rufa"},"url":"https:\/\/www.unirufa.it\/es\/author\/rufa\/"}]}},"_links":{"self":[{"href":"https:\/\/www.unirufa.it\/es\/wp-json\/wp\/v2\/posts\/7017","targetHints":{"allow":["GET"]}}],"collection":[{"href":"https:\/\/www.unirufa.it\/es\/wp-json\/wp\/v2\/posts"}],"about":[{"href":"https:\/\/www.unirufa.it\/es\/wp-json\/wp\/v2\/types\/post"}],"author":[{"embeddable":true,"href":"https:\/\/www.unirufa.it\/es\/wp-json\/wp\/v2\/users\/1"}],"replies":[{"embeddable":true,"href":"https:\/\/www.unirufa.it\/es\/wp-json\/wp\/v2\/comments?post=7017"}],"version-history":[{"count":2,"href":"https:\/\/www.unirufa.it\/es\/wp-json\/wp\/v2\/posts\/7017\/revisions"}],"predecessor-version":[{"id":31488,"href":"https:\/\/www.unirufa.it\/es\/wp-json\/wp\/v2\/posts\/7017\/revisions\/31488"}],"wp:featuredmedia":[{"embeddable":true,"href":"https:\/\/www.unirufa.it\/es\/wp-json\/wp\/v2\/media\/7018"}],"wp:attachment":[{"href":"https:\/\/www.unirufa.it\/es\/wp-json\/wp\/v2\/media?parent=7017"}],"wp:term":[{"taxonomy":"category","embeddable":true,"href":"https:\/\/www.unirufa.it\/es\/wp-json\/wp\/v2\/categories?post=7017"},{"taxonomy":"post_tag","embeddable":true,"href":"https:\/\/www.unirufa.it\/es\/wp-json\/wp\/v2\/tags?post=7017"}],"curies":[{"name":"wp","href":"https:\/\/api.w.org\/{rel}","templated":true}]}}