


{"id":70850,"date":"2022-05-09T14:36:19","date_gmt":"2022-05-09T12:36:19","guid":{"rendered":"https:\/\/www.unirufa.it\/?p=70850"},"modified":"2022-05-09T14:40:49","modified_gmt":"2022-05-09T12:40:49","slug":"opificio-della-rosa-al-london-craft-week","status":"publish","type":"post","link":"https:\/\/www.unirufa.it\/es\/2022\/05\/09\/opificio-della-rosa-al-london-craft-week\/","title":{"rendered":"Opificio della Rosa al London Craft Week"},"content":{"rendered":"<p class=\"qtranxs-available-languages-message qtranxs-available-languages-message-es\">Disculpa, pero esta entrada est\u00e1 disponible s\u00f3lo en <a href=\"https:\/\/www.unirufa.it\/it\/wp-json\/wp\/v2\/posts\/70850\" class=\"qtranxs-available-language-link qtranxs-available-language-link-it\" title=\"IT\">IT<\/a> y <a href=\"https:\/\/www.unirufa.it\/en\/wp-json\/wp\/v2\/posts\/70850\" class=\"qtranxs-available-language-link qtranxs-available-language-link-en\" title=\"EN\">EN<\/a>.<\/p><h3>Il gruppo artistico Opificio della Rosa sar\u00e0 a Londra dal 9 al 12 maggio per presentare in anteprima il suo ultimo progetto: Torri &amp; Muta for Fabriano Paper Pavilion.<\/h3>\n<p>&nbsp;<br \/>\nDue volumi che raccontano il <strong>Fabriano Paper Pavilion<\/strong>, l&#8217;installazione site-specific realizzata nel 2019 per UNESCO Creative Cities Conference, ed esplorano i punti salienti del progetto, celebrando la maestria dell&#8217;arte di fare la carta e delle sue declinazioni artistiche attraverso i lavori delle docenti RUFA <a href=\"https:\/\/www.unirufa.it\/docenti\/maria-pina-bentivenga\/\" target=\"_blank\" rel=\"noopener\">Maria Pina Bentivenga<\/a> e <a href=\"https:\/\/www.unirufa.it\/docenti\/gianna-bentivenga\/\" target=\"_blank\" rel=\"noopener\">Gianna Bentivenga<\/a>.<\/p>\n<p>Sar\u00e0 una settimana di eventi organizzati dal Fedrigoni Creative Space, all&#8217;interno del <a href=\"https:\/\/www.londoncraftweek.com\/\" target=\"_blank\" rel=\"noopener\">London Craft Week<\/a>, che mirano a ricreare la magia del Fabriano Paper Pavilion partendo dall&#8217;installazione di una selezione di opere su carta: incisioni, filigrane, libri e incontri con gli autori.<\/p>\n<h4><span style=\"color: #007ac9;\">PROGETTO EDITORIALE TORRI &amp; MUTA<\/span><\/h4>\n<p>Torri &amp; Muta \u00e8 una doppia pubblicazione curata da <a href=\"https:\/\/www.unirufa.it\/docenti\/umberto-giovannini\/\" target=\"_blank\" rel=\"noopener\">Umberto Giovannini<\/a>, che documenta il lavoro delle artiste Maria Pina Bentivenga (progetto Torri), Gianna Bentivenga (progetto Muta) per il Fabriano Paper Pavilion.<br \/>\n<strong>Il progetto editoriale Torri &amp; Muta si basa sull&#8217;idea del libro d&#8217;artista in cui \u00e8 il contenuto che plasma il contenitore:<\/strong> l&#8217;artigianalit\u00e0 del lavoro, l&#8217;uso dei materiali e le carte utilizzate, tengono conto di una costruzione narrativa interna che, nei due anni di lavoro di preparazione, ha suggerito approcci sperimentali che hanno contemplato l&#8217;utilizzo di carte non create per l&#8217;editoria. Ci sono sezioni diverse per ogni libro con i progetti, le opere realizzate e la documentazione fotografica delle installazioni di Ilaria Costanzo e Jacopo Nanni Bartolucci.<br \/>\nI libri sono stati stampati in Italia, in 700 copie numerate rilegate artigianalmente.<\/p>\n<h4><span style=\"color: #007ac9;\">FABRIANO PAPER PAVILION<\/span><\/h4>\n<p>Il Fabriano Paper Pavilion \u00e8 nato come installazione temporanea nel Complesso storico delle Cartiere Miliani, pensata come un <strong>viaggio poetico all&#8217;interno del mondo della carta e della cartiera<\/strong>. Il progetto site-specific \u00e8 stato commissionato da Fondazione Fedrigoni Fabriano in occasione della XIII UNESCO Creative Cities Conference tenutasi nel giugno 2019 a Fabriano, ed \u00e8 ora diventato un&#8217;esposizione permanente.<br \/>\nQuello che il visitatore attraversa \u00e8 il frutto di un progetto collaborativo di un gruppo di artisti che ha realizzato, per questo evento, un&#8217;imponente mole di opere su carta in un dialogo denso e costante con il patrimonio storico, con le sue filigrane e le sue forme, con il rame e l&#8217;ottone, scontrandosi con l&#8217;impalpabilit\u00e0 della polpa di cotone e con la pesantezza del bronzo, in una profonda e continua relazione con la luce che permette a questo meraviglioso scambio di manifestarsi.<br \/>\nIl gruppo di artisti ha elaborato <strong>magiche declinazioni della filigrana, della calcografia e del disegno<\/strong> reinventando gli spazi e il loro movimento attraverso le luci e le ombre: un percorso poetico, curato da Umberto Giovannini, che prende corpo grazie alle costruzioni iconografiche delle artiste Gianna Bentivenga e Maria Pina Bentivenga, al progetto di allestimento e ombre di di Anusc Castiglioni e alle luci di Massimo Zanelli.<\/p>\n<h4>Il programma dell&#8217;evento:<\/h4>\n<p>9-13 maggio 2022 (ore 10-16) Mostra. Si pu\u00f2 visitare l&#8217;installazione di incisioni e filigrane realizzate per il Fabriano Paper Pavilion da Maria Pina Bentivenga e Gianna Bentivenga.<\/p>\n<p>12 maggio 2022, (ore 18-20) &#8211; Presentazione dei libri Torri &amp; Muta, con la presenza del curatore Umberto Giovannini, delle artiste Maria Pina Bentivenga e Gianna Bentivenga e di Michela Becchis autrice dei testi critici.<\/p>\n<p>12-13 maggio 2022 (ore 16-18) &#8211; Performance. Realizzazione dal vivo di una doppia scenografia, a cura delle artiste Gianna Bentivenga e Maria Pina Bentivenga.<br \/>\n<div class=\"su-image-carousel  su-image-carousel-has-spacing su-image-carousel-adaptive su-image-carousel-slides-style-minimal su-image-carousel-controls-style-light su-image-carousel-align-left\" style=\"\" data-flickity-options='{\"groupCells\":true,\"cellSelector\":\".su-image-carousel-item\",\"adaptiveHeight\":true,\"cellAlign\":\"left\",\"prevNextButtons\":true,\"pageDots\":false,\"autoPlay\":2000,\"imagesLoaded\":true,\"contain\":false,\"selectedAttraction\":0.025,\"friction\":0.28}' id=\"su_image_carousel_69f257a501f21\"><div class=\"su-image-carousel-item\"><div class=\"su-image-carousel-item-content\"><img loading=\"lazy\" decoding=\"async\" width=\"680\" height=\"388\" src=\"https:\/\/www.unirufa.it\/wp-content\/uploads\/2022\/05\/0_FABER-1024x585.jpg\" class=\"\" alt=\"OPIFICIO DELLA ROSA AL LONDON CRAFT WEEK\" srcset=\"https:\/\/www.unirufa.it\/wp-content\/uploads\/2022\/05\/0_FABER-1024x585.jpg 1024w, https:\/\/www.unirufa.it\/wp-content\/uploads\/2022\/05\/0_FABER-300x171.jpg 300w, https:\/\/www.unirufa.it\/wp-content\/uploads\/2022\/05\/0_FABER-768x439.jpg 768w, https:\/\/www.unirufa.it\/wp-content\/uploads\/2022\/05\/0_FABER.jpg 1050w\" sizes=\"auto, (max-width: 680px) 100vw, 680px\" \/><\/div><\/div><div class=\"su-image-carousel-item\"><div class=\"su-image-carousel-item-content\"><img loading=\"lazy\" decoding=\"async\" width=\"680\" height=\"388\" src=\"https:\/\/www.unirufa.it\/wp-content\/uploads\/2022\/05\/1_FABER-1024x585.jpg\" class=\"\" alt=\"\" srcset=\"https:\/\/www.unirufa.it\/wp-content\/uploads\/2022\/05\/1_FABER-1024x585.jpg 1024w, https:\/\/www.unirufa.it\/wp-content\/uploads\/2022\/05\/1_FABER-300x171.jpg 300w, https:\/\/www.unirufa.it\/wp-content\/uploads\/2022\/05\/1_FABER-768x439.jpg 768w, https:\/\/www.unirufa.it\/wp-content\/uploads\/2022\/05\/1_FABER.jpg 1050w\" sizes=\"auto, (max-width: 680px) 100vw, 680px\" \/><\/div><\/div><div class=\"su-image-carousel-item\"><div class=\"su-image-carousel-item-content\"><img loading=\"lazy\" decoding=\"async\" width=\"680\" height=\"388\" src=\"https:\/\/www.unirufa.it\/wp-content\/uploads\/2022\/05\/2_FABER-1024x585.jpg\" class=\"\" alt=\"\" srcset=\"https:\/\/www.unirufa.it\/wp-content\/uploads\/2022\/05\/2_FABER-1024x585.jpg 1024w, https:\/\/www.unirufa.it\/wp-content\/uploads\/2022\/05\/2_FABER-300x171.jpg 300w, https:\/\/www.unirufa.it\/wp-content\/uploads\/2022\/05\/2_FABER-768x439.jpg 768w, https:\/\/www.unirufa.it\/wp-content\/uploads\/2022\/05\/2_FABER.jpg 1050w\" sizes=\"auto, (max-width: 680px) 100vw, 680px\" \/><\/div><\/div><div class=\"su-image-carousel-item\"><div class=\"su-image-carousel-item-content\"><img loading=\"lazy\" decoding=\"async\" width=\"680\" height=\"388\" src=\"https:\/\/www.unirufa.it\/wp-content\/uploads\/2022\/05\/3_FABER-1024x585.jpg\" class=\"\" alt=\"\" srcset=\"https:\/\/www.unirufa.it\/wp-content\/uploads\/2022\/05\/3_FABER-1024x585.jpg 1024w, https:\/\/www.unirufa.it\/wp-content\/uploads\/2022\/05\/3_FABER-300x171.jpg 300w, https:\/\/www.unirufa.it\/wp-content\/uploads\/2022\/05\/3_FABER-768x439.jpg 768w, https:\/\/www.unirufa.it\/wp-content\/uploads\/2022\/05\/3_FABER.jpg 1050w\" sizes=\"auto, (max-width: 680px) 100vw, 680px\" \/><\/div><\/div><\/div><script id=\"su_image_carousel_69f257a501f21_script\">if(window.SUImageCarousel){setTimeout(function() {window.SUImageCarousel.initGallery(document.getElementById(\"su_image_carousel_69f257a501f21\"))}, 0);}var su_image_carousel_69f257a501f21_script=document.getElementById(\"su_image_carousel_69f257a501f21_script\");if(su_image_carousel_69f257a501f21_script){su_image_carousel_69f257a501f21_script.parentNode.removeChild(su_image_carousel_69f257a501f21_script);}<\/script>","protected":false},"excerpt":{"rendered":"<p>Disculpa, pero esta entrada est\u00e1 disponible s\u00f3lo en IT y EN.Il gruppo artistico Opificio della Rosa sar\u00e0 a Londra dal 9 al 12 maggio per presentare in anteprima il suo ultimo progetto: Torri &amp; Muta for Fabriano Paper Pavilion. &nbsp; Due volumi che raccontano il Fabriano Paper Pavilion, l&#8217;installazione site-specific realizzata nel 2019 per UNESCO&#8230;  <a class=\"excerpt-read-more\" href=\"https:\/\/www.unirufa.it\/es\/2022\/05\/09\/opificio-della-rosa-al-london-craft-week\/\" title=\"Read Opificio della Rosa al London Craft Week\">Find out more<\/a><\/p>\n","protected":false},"author":28,"featured_media":70860,"comment_status":"closed","ping_status":"closed","sticky":false,"template":"","format":"standard","meta":{"content-type":"","footnotes":""},"categories":[938],"tags":[],"class_list":["post-70850","post","type-post","status-publish","format-standard","has-post-thumbnail","hentry","category-graphic-design"],"yoast_head":"<!-- This site is optimized with the Yoast SEO plugin v24.2 - https:\/\/yoast.com\/wordpress\/plugins\/seo\/ -->\n<title>Opificio della Rosa al London Craft Week - RUFA - Rome University of Fine Arts<\/title>\n<meta name=\"description\" content=\"Il gruppo artistico Opificio della Rosa sar\u00e0 a Londra dal 9 al 12 maggio per presentare in anteprima il suo ultimo progetto: Torri &amp; Muta for Fabriano Paper Pavilion.\" \/>\n<meta name=\"robots\" content=\"index, follow, max-snippet:-1, max-image-preview:large, max-video-preview:-1\" \/>\n<link rel=\"canonical\" href=\"https:\/\/www.unirufa.it\/2022\/05\/09\/opificio-della-rosa-al-london-craft-week\/\" \/>\n<meta property=\"og:locale\" content=\"es_ES\" \/>\n<meta property=\"og:type\" content=\"article\" \/>\n<meta property=\"og:title\" content=\"Opificio della Rosa al London Craft Week - RUFA - Rome University of Fine Arts\" \/>\n<meta property=\"og:description\" content=\"{:it}Il gruppo artistico Opificio della Rosa sar\u00e0 a Londra dal 9 al 12 maggio per presentare in anteprima il suo ultimo progetto: Torri &amp; Muta for Fabriano Paper Pavilion.{:}\" \/>\n<meta property=\"og:url\" content=\"https:\/\/www.unirufa.it\/2022\/05\/09\/opificio-della-rosa-al-london-craft-week\/\" \/>\n<meta property=\"og:site_name\" content=\"RUFA - Rome University of Fine Arts\" \/>\n<meta property=\"article:published_time\" content=\"2022-05-09T12:36:19+00:00\" \/>\n<meta property=\"article:modified_time\" content=\"2022-05-09T12:40:49+00:00\" \/>\n<meta property=\"og:image\" content=\"https:\/\/www.unirufa.it\/wp-content\/uploads\/2022\/05\/Opificio-della-Rosa-al-London-Craft-Week.jpg\" \/>\n\t<meta property=\"og:image:width\" content=\"1050\" \/>\n\t<meta property=\"og:image:height\" content=\"600\" \/>\n\t<meta property=\"og:image:type\" content=\"image\/jpeg\" \/>\n<meta name=\"author\" content=\"Claudia Vitali\" \/>\n<meta name=\"twitter:label1\" content=\"Escrito por\" \/>\n\t<meta name=\"twitter:data1\" content=\"Claudia Vitali\" \/>\n\t<meta name=\"twitter:label2\" content=\"Tiempo de lectura\" \/>\n\t<meta name=\"twitter:data2\" content=\"3 minutos\" \/>\n<script type=\"application\/ld+json\" class=\"yoast-schema-graph\">{\"@context\":\"https:\/\/schema.org\",\"@graph\":[{\"@type\":\"WebPage\",\"@id\":\"https:\/\/www.unirufa.it\/2022\/05\/09\/opificio-della-rosa-al-london-craft-week\/\",\"url\":\"https:\/\/www.unirufa.it\/2022\/05\/09\/opificio-della-rosa-al-london-craft-week\/\",\"name\":\"Opificio della Rosa al London Craft Week - RUFA - Rome University of Fine Arts\",\"isPartOf\":{\"@id\":\"https:\/\/www.unirufa.it\/#website\"},\"primaryImageOfPage\":{\"@id\":\"https:\/\/www.unirufa.it\/2022\/05\/09\/opificio-della-rosa-al-london-craft-week\/#primaryimage\"},\"image\":{\"@id\":\"https:\/\/www.unirufa.it\/2022\/05\/09\/opificio-della-rosa-al-london-craft-week\/#primaryimage\"},\"thumbnailUrl\":\"https:\/\/www.unirufa.it\/wp-content\/uploads\/2022\/05\/Opificio-della-Rosa-al-London-Craft-Week.jpg\",\"datePublished\":\"2022-05-09T12:36:19+00:00\",\"dateModified\":\"2022-05-09T12:40:49+00:00\",\"author\":{\"@id\":\"https:\/\/www.unirufa.it\/#\/schema\/person\/d5c03e37606740dff84050c97a46c80e\"},\"description\":\"{:it}Il gruppo artistico Opificio della Rosa sar\u00e0 a Londra dal 9 al 12 maggio per presentare in anteprima il suo ultimo progetto: Torri & Muta for Fabriano Paper Pavilion.{:}\",\"breadcrumb\":{\"@id\":\"https:\/\/www.unirufa.it\/2022\/05\/09\/opificio-della-rosa-al-london-craft-week\/#breadcrumb\"},\"inLanguage\":\"es\",\"potentialAction\":[{\"@type\":\"ReadAction\",\"target\":[\"https:\/\/www.unirufa.it\/2022\/05\/09\/opificio-della-rosa-al-london-craft-week\/\"]}]},{\"@type\":\"ImageObject\",\"inLanguage\":\"es\",\"@id\":\"https:\/\/www.unirufa.it\/2022\/05\/09\/opificio-della-rosa-al-london-craft-week\/#primaryimage\",\"url\":\"https:\/\/www.unirufa.it\/wp-content\/uploads\/2022\/05\/Opificio-della-Rosa-al-London-Craft-Week.jpg\",\"contentUrl\":\"https:\/\/www.unirufa.it\/wp-content\/uploads\/2022\/05\/Opificio-della-Rosa-al-London-Craft-Week.jpg\",\"width\":1050,\"height\":600},{\"@type\":\"BreadcrumbList\",\"@id\":\"https:\/\/www.unirufa.it\/2022\/05\/09\/opificio-della-rosa-al-london-craft-week\/#breadcrumb\",\"itemListElement\":[{\"@type\":\"ListItem\",\"position\":1,\"name\":\"Home\",\"item\":\"https:\/\/www.unirufa.it\/\"},{\"@type\":\"ListItem\",\"position\":2,\"name\":\"Opificio della Rosa al London Craft Week\"}]},{\"@type\":\"WebSite\",\"@id\":\"https:\/\/www.unirufa.it\/#website\",\"url\":\"https:\/\/www.unirufa.it\/\",\"name\":\"RUFA - Rome University of Fine Arts\",\"description\":\"\",\"potentialAction\":[{\"@type\":\"SearchAction\",\"target\":{\"@type\":\"EntryPoint\",\"urlTemplate\":\"https:\/\/www.unirufa.it\/?s={search_term_string}\"},\"query-input\":{\"@type\":\"PropertyValueSpecification\",\"valueRequired\":true,\"valueName\":\"search_term_string\"}}],\"inLanguage\":\"es\"},{\"@type\":\"Person\",\"@id\":\"https:\/\/www.unirufa.it\/#\/schema\/person\/d5c03e37606740dff84050c97a46c80e\",\"name\":\"Claudia Vitali\",\"image\":{\"@type\":\"ImageObject\",\"inLanguage\":\"es\",\"@id\":\"https:\/\/www.unirufa.it\/#\/schema\/person\/image\/\",\"url\":\"https:\/\/secure.gravatar.com\/avatar\/9bd058a2b55efbe5f9e6b68b196c59f4?s=96&d=mm&r=g\",\"contentUrl\":\"https:\/\/secure.gravatar.com\/avatar\/9bd058a2b55efbe5f9e6b68b196c59f4?s=96&d=mm&r=g\",\"caption\":\"Claudia Vitali\"},\"url\":\"https:\/\/www.unirufa.it\/es\/author\/claudia\/\"}]}<\/script>\n<!-- \/ Yoast SEO plugin. -->","yoast_head_json":{"title":"Opificio della Rosa al London Craft Week - RUFA - Rome University of Fine Arts","description":"Il gruppo artistico Opificio della Rosa sar\u00e0 a Londra dal 9 al 12 maggio per presentare in anteprima il suo ultimo progetto: Torri & Muta for Fabriano Paper Pavilion.","robots":{"index":"index","follow":"follow","max-snippet":"max-snippet:-1","max-image-preview":"max-image-preview:large","max-video-preview":"max-video-preview:-1"},"canonical":"https:\/\/www.unirufa.it\/2022\/05\/09\/opificio-della-rosa-al-london-craft-week\/","og_locale":"es_ES","og_type":"article","og_title":"Opificio della Rosa al London Craft Week - RUFA - Rome University of Fine Arts","og_description":"{:it}Il gruppo artistico Opificio della Rosa sar\u00e0 a Londra dal 9 al 12 maggio per presentare in anteprima il suo ultimo progetto: Torri & Muta for Fabriano Paper Pavilion.{:}","og_url":"https:\/\/www.unirufa.it\/2022\/05\/09\/opificio-della-rosa-al-london-craft-week\/","og_site_name":"RUFA - Rome University of Fine Arts","article_published_time":"2022-05-09T12:36:19+00:00","article_modified_time":"2022-05-09T12:40:49+00:00","og_image":[{"width":1050,"height":600,"url":"https:\/\/www.unirufa.it\/wp-content\/uploads\/2022\/05\/Opificio-della-Rosa-al-London-Craft-Week.jpg","type":"image\/jpeg"}],"author":"Claudia Vitali","twitter_misc":{"Escrito por":"Claudia Vitali","Tiempo de lectura":"3 minutos"},"schema":{"@context":"https:\/\/schema.org","@graph":[{"@type":"WebPage","@id":"https:\/\/www.unirufa.it\/2022\/05\/09\/opificio-della-rosa-al-london-craft-week\/","url":"https:\/\/www.unirufa.it\/2022\/05\/09\/opificio-della-rosa-al-london-craft-week\/","name":"Opificio della Rosa al London Craft Week - RUFA - Rome University of Fine Arts","isPartOf":{"@id":"https:\/\/www.unirufa.it\/#website"},"primaryImageOfPage":{"@id":"https:\/\/www.unirufa.it\/2022\/05\/09\/opificio-della-rosa-al-london-craft-week\/#primaryimage"},"image":{"@id":"https:\/\/www.unirufa.it\/2022\/05\/09\/opificio-della-rosa-al-london-craft-week\/#primaryimage"},"thumbnailUrl":"https:\/\/www.unirufa.it\/wp-content\/uploads\/2022\/05\/Opificio-della-Rosa-al-London-Craft-Week.jpg","datePublished":"2022-05-09T12:36:19+00:00","dateModified":"2022-05-09T12:40:49+00:00","author":{"@id":"https:\/\/www.unirufa.it\/#\/schema\/person\/d5c03e37606740dff84050c97a46c80e"},"description":"{:it}Il gruppo artistico Opificio della Rosa sar\u00e0 a Londra dal 9 al 12 maggio per presentare in anteprima il suo ultimo progetto: Torri & Muta for Fabriano Paper Pavilion.{:}","breadcrumb":{"@id":"https:\/\/www.unirufa.it\/2022\/05\/09\/opificio-della-rosa-al-london-craft-week\/#breadcrumb"},"inLanguage":"es","potentialAction":[{"@type":"ReadAction","target":["https:\/\/www.unirufa.it\/2022\/05\/09\/opificio-della-rosa-al-london-craft-week\/"]}]},{"@type":"ImageObject","inLanguage":"es","@id":"https:\/\/www.unirufa.it\/2022\/05\/09\/opificio-della-rosa-al-london-craft-week\/#primaryimage","url":"https:\/\/www.unirufa.it\/wp-content\/uploads\/2022\/05\/Opificio-della-Rosa-al-London-Craft-Week.jpg","contentUrl":"https:\/\/www.unirufa.it\/wp-content\/uploads\/2022\/05\/Opificio-della-Rosa-al-London-Craft-Week.jpg","width":1050,"height":600},{"@type":"BreadcrumbList","@id":"https:\/\/www.unirufa.it\/2022\/05\/09\/opificio-della-rosa-al-london-craft-week\/#breadcrumb","itemListElement":[{"@type":"ListItem","position":1,"name":"Home","item":"https:\/\/www.unirufa.it\/"},{"@type":"ListItem","position":2,"name":"Opificio della Rosa al London Craft Week"}]},{"@type":"WebSite","@id":"https:\/\/www.unirufa.it\/#website","url":"https:\/\/www.unirufa.it\/","name":"RUFA - Rome University of Fine Arts","description":"","potentialAction":[{"@type":"SearchAction","target":{"@type":"EntryPoint","urlTemplate":"https:\/\/www.unirufa.it\/?s={search_term_string}"},"query-input":{"@type":"PropertyValueSpecification","valueRequired":true,"valueName":"search_term_string"}}],"inLanguage":"es"},{"@type":"Person","@id":"https:\/\/www.unirufa.it\/#\/schema\/person\/d5c03e37606740dff84050c97a46c80e","name":"Claudia Vitali","image":{"@type":"ImageObject","inLanguage":"es","@id":"https:\/\/www.unirufa.it\/#\/schema\/person\/image\/","url":"https:\/\/secure.gravatar.com\/avatar\/9bd058a2b55efbe5f9e6b68b196c59f4?s=96&d=mm&r=g","contentUrl":"https:\/\/secure.gravatar.com\/avatar\/9bd058a2b55efbe5f9e6b68b196c59f4?s=96&d=mm&r=g","caption":"Claudia Vitali"},"url":"https:\/\/www.unirufa.it\/es\/author\/claudia\/"}]}},"_links":{"self":[{"href":"https:\/\/www.unirufa.it\/es\/wp-json\/wp\/v2\/posts\/70850","targetHints":{"allow":["GET"]}}],"collection":[{"href":"https:\/\/www.unirufa.it\/es\/wp-json\/wp\/v2\/posts"}],"about":[{"href":"https:\/\/www.unirufa.it\/es\/wp-json\/wp\/v2\/types\/post"}],"author":[{"embeddable":true,"href":"https:\/\/www.unirufa.it\/es\/wp-json\/wp\/v2\/users\/28"}],"replies":[{"embeddable":true,"href":"https:\/\/www.unirufa.it\/es\/wp-json\/wp\/v2\/comments?post=70850"}],"version-history":[{"count":18,"href":"https:\/\/www.unirufa.it\/es\/wp-json\/wp\/v2\/posts\/70850\/revisions"}],"predecessor-version":[{"id":70874,"href":"https:\/\/www.unirufa.it\/es\/wp-json\/wp\/v2\/posts\/70850\/revisions\/70874"}],"wp:featuredmedia":[{"embeddable":true,"href":"https:\/\/www.unirufa.it\/es\/wp-json\/wp\/v2\/media\/70860"}],"wp:attachment":[{"href":"https:\/\/www.unirufa.it\/es\/wp-json\/wp\/v2\/media?parent=70850"}],"wp:term":[{"taxonomy":"category","embeddable":true,"href":"https:\/\/www.unirufa.it\/es\/wp-json\/wp\/v2\/categories?post=70850"},{"taxonomy":"post_tag","embeddable":true,"href":"https:\/\/www.unirufa.it\/es\/wp-json\/wp\/v2\/tags?post=70850"}],"curies":[{"name":"wp","href":"https:\/\/api.w.org\/{rel}","templated":true}]}}