


{"id":71082,"date":"2022-05-17T09:11:34","date_gmt":"2022-05-17T07:11:34","guid":{"rendered":"https:\/\/www.unirufa.it\/?p=71082"},"modified":"2022-05-17T09:12:43","modified_gmt":"2022-05-17T07:12:43","slug":"il-nuovo-campus-rufa","status":"publish","type":"post","link":"https:\/\/www.unirufa.it\/es\/2022\/05\/17\/il-nuovo-campus-rufa\/","title":{"rendered":"Il nuovo Campus RUFA"},"content":{"rendered":"<p class=\"qtranxs-available-languages-message qtranxs-available-languages-message-es\">Disculpa, pero esta entrada est\u00e1 disponible s\u00f3lo en <a href=\"https:\/\/www.unirufa.it\/it\/wp-json\/wp\/v2\/posts\/71082\" class=\"qtranxs-available-language-link qtranxs-available-language-link-it\" title=\"IT\">IT<\/a> y <a href=\"https:\/\/www.unirufa.it\/en\/wp-json\/wp\/v2\/posts\/71082\" class=\"qtranxs-available-language-link qtranxs-available-language-link-en\" title=\"EN\">EN<\/a>.<\/p><h2>Rigenerazione urbana: arriva il nuovo Campus RUFA nel quartiere Ostiense<\/h2>\n<h3>Al via la realizzazione del nuovo Campus RUFA, 6000mq nel cuore del quartiere Ostiense, in uno scenario stimolante e ricco di fascino, dove coesisteranno arte, didattica, laboratori, eventi aperti al territorio.<\/h3>\n<p>&nbsp;<br \/>\nL\u2019ampia zona che sar\u00e0 riqualificata \u00e8 quella dell\u2019<strong>Ex Falegnameria Triestina<\/strong> in via Libetta, che \u00e8 stata fulcro della vita notturna romana, nota per aver ospitato alcuni dei locali pi\u00f9 famosi della Capitale tra cui il Goa Club, gi\u00e0 chiuso durante il periodo pandemico. Una transizione significativa dal settore dell\u2019intrattenimento musicale a quello della formazione nell\u2019industria creativa. L\u2019intervento \u2013 portato avanti in sinergia con il Municipio VIII, guidato dal presidente Amedeo Ciaccheri \u2013 rientra in un progetto di rigenerazione urbana molto pi\u00f9 ampio.<\/p>\n<h4>Un vero e proprio hub culturale che accoglier\u00e0 ambienti per la didattica, laboratori, spazi dedicati a numerosi eventi rivolti al territorio, e a mostre e performance curate dagli studenti RUFA.<\/h4>\n<p>&nbsp;<br \/>\n<em>\u201cIn aggiunta ai laboratori dell\u2019ex-Pastificio Cerere e delle sedi del quartiere Trieste, siamo orgogliosi di annunciare la nascita del nuovo Campus RUFA,<\/em> &#8211; afferma Alessandro Mongelli, Amministratore delegato RUFA &#8211; <em>un progetto unico nel suo genere, che ci permette di offrire alla nostra comunit\u00e0 <strong>10.000 mq di spazi<\/strong> per lasciar esplodere la creativit\u00e0 e contaminare la citt\u00e0.\u201d<\/em><\/p>\n<p><em>\u201cIl quartiere Ostiense \u00e8 al centro di azioni di rigenerazione urbana all\u2019avanguardia per l\u2019intera citt\u00e0<\/em> \u2013 dichiara <strong>Amedeo Ciaccheri, Presidente del Municipio Roma VIII<\/strong> \u2013 <em>e il progetto del nuovo Campus RUFA, oltre a portare a nuova vita uno luogo storico del territorio, apre uno spazio che verr\u00e0 attraversato non solo dagli studenti ma interagir\u00e0 con la cittadinanza e le realt\u00e0 locali. Inoltre<\/em> \u2013 conclude Ciaccheri \u2013 <em>il nostro Municipio arricchisce l\u2019offerta formativa dedicata all\u2019audiovisivo contraddistinguendosi come il Polo cittadino dedicato ad eccellenze impegnate nel campo dell\u2019innovazione.\u201d<\/em><\/p>\n<p><strong>Il tema della sostenibilit\u00e0<\/strong> \u00e8 stato fondamentale nello sviluppo del progetto. Il nuovo Campus sar\u00e0 il primo hub creativo a Roma a essere dotato di <strong>impianti per l\u2019efficientamento energetico<\/strong>, prevedendo un sistema integrato che anche grazie ai fotovoltaici coprir\u00e0 quasi tutto il fabbisogno. Nel piazzale esterno saranno predisposte delle <strong>aree green e colonnine di ricarica per veicoli elettrici<\/strong>, firmate convenzioni per il bike sharing, e installate rastrelliere, per rendere pi\u00f9 semplice a tutta la comunit\u00e0 l\u2019impiego di mezzi alternativi alle automobili. Particolare attenzione sar\u00e0 dedicata alla disposizione di aree verdi e piante negli ambienti interni per ridurre gli effetti dannosi dell\u2019inquinamento indoor. <\/p>\n<h4>Un campus universitario all\u2019avanguardia, portatore di innovazione e sostenibilit\u00e0. Obiettivo: realizzare al meglio le aspettative della prossima generazione di artisti che nel quartiere Ostiense ha trovato una propria casa.<\/h4>\n<p>&nbsp;<br \/>\n<strong>I lavori sono gi\u00e0 partiti:<\/strong> un intervento che non soltanto segna un passaggio fondamentale nella storia dell\u2019Accademia RUFA, ma che genera un cambiamento significativo nel tessuto urbano della capitale, alimentando il fenomeno di trasformazione e rigenerazione urbana che gi\u00e0 caratterizza il quartiere. Un ulteriore passo in avanti per un distretto che \u00e8 riuscito a unire arte contemporanea, ricerca, sperimentazione, aggregazione sociale, futuro.<\/p>\n<p>Il progetto di riqualificazione \u00e8 stato affidato all\u2019architetto <strong>Alessandro Ridolfi<\/strong>, Fondatore dello Studio Z14 ARCHITECTS, da sempre impegnato in un costante lavoro di ricerca sui temi della trasformazione urbana e sull\u2019uso delle pi\u00f9 innovative tecnologie architettoniche e soluzioni sostenibili. Un intervento che ha tenuto conto del carattere industriale risalente alla prima destinazione d\u2019uso dei capannoni, e che mira a valorizzare gli edifici storici e a conservare i caratteri identitari del complesso dell\u2019ex Forestale Triestina: da luogo di commercio e trasformazione del legname a luogo di produzione culturale. Il grande vuoto esterno utilizzato per lo stoccaggio dei legnami si \u00e8 trasformato in piazza, una moderna agor\u00e0 per gli studenti, uno spazio informale che contribuisce a riconnettere i capannoni con il tessuto urbano e a stabilire nuove relazioni, non solo tra gli immobili ma anche con la citt\u00e0.<\/p>\n<p><em>\u201cSiamo particolarmente soddisfatti di aver avuto l\u2019occasione di contribuire alla realizzazione di questo progetto cos\u00ec importante per Roma<\/em> &#8211; ha dichiarato Roberto Fiorini responsabile per il Centro Italia di Unicredit &#8211; <em>e che coniuga l\u2019attenzione al territorio, la rigenerazione urbana, l\u2019investimento sulla cultura e la sostenibilit\u00e0 ambientale. In UniCredit siamo convinti infatti che una banca abbia uno scopo sociale definito e importante: esistiamo non solo per erogare finanziamenti ma per sostenere e rafforzare gli individui e le comunit\u00e0, per aiutarli a vivere la vita che vogliono vivere, contribuendo a costruire una societ\u00e0 pi\u00f9 equa e sostenibile. Ecco perch\u00e9, grazie al \u201cfinanziamento a impatto sociale\u201d concesso da UniCredit, la RUFA potr\u00e0 anche riconoscere \u2013 per gli anni 2023\/2024\/2025 \u2013 <strong>14 borse di studio<\/strong> a studenti meritevoli in condizioni economiche difficili o a studenti in condizioni di fragilit\u00e0 fisica o psichica\u201d<\/em><\/p>\n<p>L&#8217;autorevole quotidiano inglese \u201cThe Guardian\u201d ha definito Ostiense <a href=\"https:\/\/www.theguardian.com\/travel\/2020\/feb\/08\/10-of-the-coolest-neighbourhoods-in-europe-paris-berlin-rome\" target=\"_blank\" rel=\"noopener\">\u201c<strong>uno dei 10 quartieri pi\u00f9 cool d\u2019Europa<\/strong>\u201d<\/a>, meta preferita per coloro che ricercano un\u2019esperienza capace di abbinare la memoria storica di Roma con la contemporaneit\u00e0 che solo l\u2019arte e, pi\u00f9 in generale, la cultura sono in grado di generare. Da Piramide a Marconi, passando per la Garbatella, si scoprono murales che evocano mondi fantastici, locali che si alternano nel genere e nella tipologia, negozi \/ botteghe, con una forte propensione all\u2019arte e al design.<\/p>\n<div class=\"su-image-carousel  su-image-carousel-has-spacing su-image-carousel-adaptive su-image-carousel-slides-style-minimal su-image-carousel-controls-style-light su-image-carousel-align-left\" style=\"\" data-flickity-options='{\"groupCells\":true,\"cellSelector\":\".su-image-carousel-item\",\"adaptiveHeight\":true,\"cellAlign\":\"left\",\"prevNextButtons\":true,\"pageDots\":false,\"autoPlay\":2000,\"imagesLoaded\":true,\"contain\":false,\"selectedAttraction\":0.025,\"friction\":0.28}' id=\"su_image_carousel_69f2579416d94\"><div class=\"su-image-carousel-item\"><div class=\"su-image-carousel-item-content\"><img loading=\"lazy\" decoding=\"async\" width=\"680\" height=\"388\" src=\"https:\/\/www.unirufa.it\/wp-content\/uploads\/2022\/05\/Visual_Ostiense-1024x585.png\" class=\"\" alt=\"Visual_ Campus Ostiense\" srcset=\"https:\/\/www.unirufa.it\/wp-content\/uploads\/2022\/05\/Visual_Ostiense-1024x585.png 1024w, https:\/\/www.unirufa.it\/wp-content\/uploads\/2022\/05\/Visual_Ostiense-300x171.png 300w, https:\/\/www.unirufa.it\/wp-content\/uploads\/2022\/05\/Visual_Ostiense-768x439.png 768w, https:\/\/www.unirufa.it\/wp-content\/uploads\/2022\/05\/Visual_Ostiense.png 1050w\" sizes=\"auto, (max-width: 680px) 100vw, 680px\" \/><\/div><\/div><div class=\"su-image-carousel-item\"><div class=\"su-image-carousel-item-content\"><img loading=\"lazy\" decoding=\"async\" width=\"680\" height=\"388\" src=\"https:\/\/www.unirufa.it\/wp-content\/uploads\/2022\/05\/rufa_sede_ostiense_garbatella_render_1-1024x585.jpg\" class=\"\" alt=\"\" srcset=\"https:\/\/www.unirufa.it\/wp-content\/uploads\/2022\/05\/rufa_sede_ostiense_garbatella_render_1-1024x585.jpg 1024w, https:\/\/www.unirufa.it\/wp-content\/uploads\/2022\/05\/rufa_sede_ostiense_garbatella_render_1-300x171.jpg 300w, https:\/\/www.unirufa.it\/wp-content\/uploads\/2022\/05\/rufa_sede_ostiense_garbatella_render_1-768x439.jpg 768w, https:\/\/www.unirufa.it\/wp-content\/uploads\/2022\/05\/rufa_sede_ostiense_garbatella_render_1.jpg 1050w\" sizes=\"auto, (max-width: 680px) 100vw, 680px\" \/><\/div><\/div><div class=\"su-image-carousel-item\"><div class=\"su-image-carousel-item-content\"><img loading=\"lazy\" decoding=\"async\" width=\"680\" height=\"388\" src=\"https:\/\/www.unirufa.it\/wp-content\/uploads\/2022\/05\/01_libetta_notturno-1024x585.jpg\" class=\"\" alt=\"\" srcset=\"https:\/\/www.unirufa.it\/wp-content\/uploads\/2022\/05\/01_libetta_notturno-1024x585.jpg 1024w, https:\/\/www.unirufa.it\/wp-content\/uploads\/2022\/05\/01_libetta_notturno-300x171.jpg 300w, https:\/\/www.unirufa.it\/wp-content\/uploads\/2022\/05\/01_libetta_notturno-768x439.jpg 768w, https:\/\/www.unirufa.it\/wp-content\/uploads\/2022\/05\/01_libetta_notturno.jpg 1050w\" sizes=\"auto, (max-width: 680px) 100vw, 680px\" \/><\/div><\/div><div class=\"su-image-carousel-item\"><div class=\"su-image-carousel-item-content\"><img loading=\"lazy\" decoding=\"async\" width=\"680\" height=\"388\" src=\"https:\/\/www.unirufa.it\/wp-content\/uploads\/2022\/05\/02_libetta_notturno-1024x585.jpg\" class=\"\" alt=\"\" srcset=\"https:\/\/www.unirufa.it\/wp-content\/uploads\/2022\/05\/02_libetta_notturno-1024x585.jpg 1024w, https:\/\/www.unirufa.it\/wp-content\/uploads\/2022\/05\/02_libetta_notturno-300x171.jpg 300w, https:\/\/www.unirufa.it\/wp-content\/uploads\/2022\/05\/02_libetta_notturno-768x439.jpg 768w, https:\/\/www.unirufa.it\/wp-content\/uploads\/2022\/05\/02_libetta_notturno.jpg 1050w\" sizes=\"auto, (max-width: 680px) 100vw, 680px\" \/><\/div><\/div><div class=\"su-image-carousel-item\"><div class=\"su-image-carousel-item-content\"><img loading=\"lazy\" decoding=\"async\" width=\"680\" height=\"388\" src=\"https:\/\/www.unirufa.it\/wp-content\/uploads\/2022\/05\/rufa_sede_ostiense_garbatella_render_4-1024x585.jpg\" class=\"\" alt=\"\" srcset=\"https:\/\/www.unirufa.it\/wp-content\/uploads\/2022\/05\/rufa_sede_ostiense_garbatella_render_4-1024x585.jpg 1024w, https:\/\/www.unirufa.it\/wp-content\/uploads\/2022\/05\/rufa_sede_ostiense_garbatella_render_4-300x171.jpg 300w, https:\/\/www.unirufa.it\/wp-content\/uploads\/2022\/05\/rufa_sede_ostiense_garbatella_render_4-768x439.jpg 768w, https:\/\/www.unirufa.it\/wp-content\/uploads\/2022\/05\/rufa_sede_ostiense_garbatella_render_4.jpg 1050w\" sizes=\"auto, (max-width: 680px) 100vw, 680px\" \/><\/div><\/div><div class=\"su-image-carousel-item\"><div class=\"su-image-carousel-item-content\"><img loading=\"lazy\" decoding=\"async\" width=\"680\" height=\"388\" src=\"https:\/\/www.unirufa.it\/wp-content\/uploads\/2022\/05\/rufa_sede_ostiense_garbatella_render_5-1024x585.jpg\" class=\"\" alt=\"\" srcset=\"https:\/\/www.unirufa.it\/wp-content\/uploads\/2022\/05\/rufa_sede_ostiense_garbatella_render_5-1024x585.jpg 1024w, https:\/\/www.unirufa.it\/wp-content\/uploads\/2022\/05\/rufa_sede_ostiense_garbatella_render_5-300x171.jpg 300w, https:\/\/www.unirufa.it\/wp-content\/uploads\/2022\/05\/rufa_sede_ostiense_garbatella_render_5-768x439.jpg 768w, https:\/\/www.unirufa.it\/wp-content\/uploads\/2022\/05\/rufa_sede_ostiense_garbatella_render_5.jpg 1050w\" sizes=\"auto, (max-width: 680px) 100vw, 680px\" \/><\/div><\/div><div class=\"su-image-carousel-item\"><div class=\"su-image-carousel-item-content\"><img loading=\"lazy\" decoding=\"async\" width=\"680\" height=\"388\" src=\"https:\/\/www.unirufa.it\/wp-content\/uploads\/2022\/05\/rufa_sede_ostiense_garbatella_render_2-1024x585.jpg\" class=\"\" alt=\"\" srcset=\"https:\/\/www.unirufa.it\/wp-content\/uploads\/2022\/05\/rufa_sede_ostiense_garbatella_render_2-1024x585.jpg 1024w, https:\/\/www.unirufa.it\/wp-content\/uploads\/2022\/05\/rufa_sede_ostiense_garbatella_render_2-300x171.jpg 300w, https:\/\/www.unirufa.it\/wp-content\/uploads\/2022\/05\/rufa_sede_ostiense_garbatella_render_2-768x439.jpg 768w, https:\/\/www.unirufa.it\/wp-content\/uploads\/2022\/05\/rufa_sede_ostiense_garbatella_render_2.jpg 1050w\" sizes=\"auto, (max-width: 680px) 100vw, 680px\" \/><\/div><\/div><\/div><script id=\"su_image_carousel_69f2579416d94_script\">if(window.SUImageCarousel){setTimeout(function() {window.SUImageCarousel.initGallery(document.getElementById(\"su_image_carousel_69f2579416d94\"))}, 0);}var su_image_carousel_69f2579416d94_script=document.getElementById(\"su_image_carousel_69f2579416d94_script\");if(su_image_carousel_69f2579416d94_script){su_image_carousel_69f2579416d94_script.parentNode.removeChild(su_image_carousel_69f2579416d94_script);}<\/script>","protected":false},"excerpt":{"rendered":"<p>Disculpa, pero esta entrada est\u00e1 disponible s\u00f3lo en IT y EN.Rigenerazione urbana: arriva il nuovo Campus RUFA nel quartiere Ostiense Al via la realizzazione del nuovo Campus RUFA, 6000mq nel cuore del quartiere Ostiense, in uno scenario stimolante e ricco di fascino, dove coesisteranno arte, didattica, laboratori, eventi aperti al territorio. &nbsp; L\u2019ampia zona che&#8230;  <a class=\"excerpt-read-more\" href=\"https:\/\/www.unirufa.it\/es\/2022\/05\/17\/il-nuovo-campus-rufa\/\" title=\"Read Il nuovo Campus RUFA\">Find out more<\/a><\/p>\n","protected":false},"author":28,"featured_media":70889,"comment_status":"closed","ping_status":"closed","sticky":false,"template":"","format":"standard","meta":{"content-type":"","footnotes":""},"categories":[1629],"tags":[],"class_list":["post-71082","post","type-post","status-publish","format-standard","has-post-thumbnail","hentry","category-accademia"],"yoast_head":"<!-- This site is optimized with the Yoast SEO plugin v24.2 - https:\/\/yoast.com\/wordpress\/plugins\/seo\/ -->\n<title>Il nuovo Campus RUFA - RUFA - Rome University of Fine Arts<\/title>\n<meta name=\"description\" content=\"Al via la realizzazione del nuovo Campus RUFA, 6000mq nel cuore del quartiere Ostiense, in uno scenario stimolante e ricco di fascino, dove coesisteranno arte, didattica, laboratori, eventi aperti al territorio.\" \/>\n<meta name=\"robots\" content=\"index, follow, max-snippet:-1, max-image-preview:large, max-video-preview:-1\" \/>\n<link rel=\"canonical\" href=\"https:\/\/www.unirufa.it\/2022\/05\/17\/il-nuovo-campus-rufa\/\" \/>\n<meta property=\"og:locale\" content=\"es_ES\" \/>\n<meta property=\"og:type\" content=\"article\" \/>\n<meta property=\"og:title\" content=\"Il nuovo Campus RUFA - RUFA - Rome University of Fine Arts\" \/>\n<meta property=\"og:description\" content=\"{:it}Al via la realizzazione del nuovo Campus RUFA, 6000mq nel cuore del quartiere Ostiense, in uno scenario stimolante e ricco di fascino, dove coesisteranno arte, didattica, laboratori, eventi aperti al territorio.{:}\" \/>\n<meta property=\"og:url\" content=\"https:\/\/www.unirufa.it\/2022\/05\/17\/il-nuovo-campus-rufa\/\" \/>\n<meta property=\"og:site_name\" content=\"RUFA - Rome University of Fine Arts\" \/>\n<meta property=\"article:published_time\" content=\"2022-05-17T07:11:34+00:00\" \/>\n<meta property=\"article:modified_time\" content=\"2022-05-17T07:12:43+00:00\" \/>\n<meta property=\"og:image\" content=\"https:\/\/www.unirufa.it\/wp-content\/uploads\/2022\/05\/Visual_Ostiense.png\" \/>\n\t<meta property=\"og:image:width\" content=\"1050\" \/>\n\t<meta property=\"og:image:height\" content=\"600\" \/>\n\t<meta property=\"og:image:type\" content=\"image\/png\" \/>\n<meta name=\"author\" content=\"Claudia Vitali\" \/>\n<meta name=\"twitter:label1\" content=\"Escrito por\" \/>\n\t<meta name=\"twitter:data1\" content=\"Claudia Vitali\" \/>\n\t<meta name=\"twitter:label2\" content=\"Tiempo de lectura\" \/>\n\t<meta name=\"twitter:data2\" content=\"5 minutos\" \/>\n<script type=\"application\/ld+json\" class=\"yoast-schema-graph\">{\"@context\":\"https:\/\/schema.org\",\"@graph\":[{\"@type\":\"WebPage\",\"@id\":\"https:\/\/www.unirufa.it\/2022\/05\/17\/il-nuovo-campus-rufa\/\",\"url\":\"https:\/\/www.unirufa.it\/2022\/05\/17\/il-nuovo-campus-rufa\/\",\"name\":\"Il nuovo Campus RUFA - RUFA - Rome University of Fine Arts\",\"isPartOf\":{\"@id\":\"https:\/\/www.unirufa.it\/#website\"},\"primaryImageOfPage\":{\"@id\":\"https:\/\/www.unirufa.it\/2022\/05\/17\/il-nuovo-campus-rufa\/#primaryimage\"},\"image\":{\"@id\":\"https:\/\/www.unirufa.it\/2022\/05\/17\/il-nuovo-campus-rufa\/#primaryimage\"},\"thumbnailUrl\":\"https:\/\/www.unirufa.it\/wp-content\/uploads\/2022\/05\/Visual_Ostiense.png\",\"datePublished\":\"2022-05-17T07:11:34+00:00\",\"dateModified\":\"2022-05-17T07:12:43+00:00\",\"author\":{\"@id\":\"https:\/\/www.unirufa.it\/#\/schema\/person\/d5c03e37606740dff84050c97a46c80e\"},\"description\":\"{:it}Al via la realizzazione del nuovo Campus RUFA, 6000mq nel cuore del quartiere Ostiense, in uno scenario stimolante e ricco di fascino, dove coesisteranno arte, didattica, laboratori, eventi aperti al territorio.{:}\",\"breadcrumb\":{\"@id\":\"https:\/\/www.unirufa.it\/2022\/05\/17\/il-nuovo-campus-rufa\/#breadcrumb\"},\"inLanguage\":\"es\",\"potentialAction\":[{\"@type\":\"ReadAction\",\"target\":[\"https:\/\/www.unirufa.it\/2022\/05\/17\/il-nuovo-campus-rufa\/\"]}]},{\"@type\":\"ImageObject\",\"inLanguage\":\"es\",\"@id\":\"https:\/\/www.unirufa.it\/2022\/05\/17\/il-nuovo-campus-rufa\/#primaryimage\",\"url\":\"https:\/\/www.unirufa.it\/wp-content\/uploads\/2022\/05\/Visual_Ostiense.png\",\"contentUrl\":\"https:\/\/www.unirufa.it\/wp-content\/uploads\/2022\/05\/Visual_Ostiense.png\",\"width\":1050,\"height\":600,\"caption\":\"Visual_ Campus Ostiense\"},{\"@type\":\"BreadcrumbList\",\"@id\":\"https:\/\/www.unirufa.it\/2022\/05\/17\/il-nuovo-campus-rufa\/#breadcrumb\",\"itemListElement\":[{\"@type\":\"ListItem\",\"position\":1,\"name\":\"Home\",\"item\":\"https:\/\/www.unirufa.it\/\"},{\"@type\":\"ListItem\",\"position\":2,\"name\":\"Il nuovo Campus RUFA\"}]},{\"@type\":\"WebSite\",\"@id\":\"https:\/\/www.unirufa.it\/#website\",\"url\":\"https:\/\/www.unirufa.it\/\",\"name\":\"RUFA - Rome University of Fine Arts\",\"description\":\"\",\"potentialAction\":[{\"@type\":\"SearchAction\",\"target\":{\"@type\":\"EntryPoint\",\"urlTemplate\":\"https:\/\/www.unirufa.it\/?s={search_term_string}\"},\"query-input\":{\"@type\":\"PropertyValueSpecification\",\"valueRequired\":true,\"valueName\":\"search_term_string\"}}],\"inLanguage\":\"es\"},{\"@type\":\"Person\",\"@id\":\"https:\/\/www.unirufa.it\/#\/schema\/person\/d5c03e37606740dff84050c97a46c80e\",\"name\":\"Claudia Vitali\",\"image\":{\"@type\":\"ImageObject\",\"inLanguage\":\"es\",\"@id\":\"https:\/\/www.unirufa.it\/#\/schema\/person\/image\/\",\"url\":\"https:\/\/secure.gravatar.com\/avatar\/9bd058a2b55efbe5f9e6b68b196c59f4?s=96&d=mm&r=g\",\"contentUrl\":\"https:\/\/secure.gravatar.com\/avatar\/9bd058a2b55efbe5f9e6b68b196c59f4?s=96&d=mm&r=g\",\"caption\":\"Claudia Vitali\"},\"url\":\"https:\/\/www.unirufa.it\/es\/author\/claudia\/\"}]}<\/script>\n<!-- \/ Yoast SEO plugin. -->","yoast_head_json":{"title":"Il nuovo Campus RUFA - RUFA - Rome University of Fine Arts","description":"Al via la realizzazione del nuovo Campus RUFA, 6000mq nel cuore del quartiere Ostiense, in uno scenario stimolante e ricco di fascino, dove coesisteranno arte, didattica, laboratori, eventi aperti al territorio.","robots":{"index":"index","follow":"follow","max-snippet":"max-snippet:-1","max-image-preview":"max-image-preview:large","max-video-preview":"max-video-preview:-1"},"canonical":"https:\/\/www.unirufa.it\/2022\/05\/17\/il-nuovo-campus-rufa\/","og_locale":"es_ES","og_type":"article","og_title":"Il nuovo Campus RUFA - RUFA - Rome University of Fine Arts","og_description":"{:it}Al via la realizzazione del nuovo Campus RUFA, 6000mq nel cuore del quartiere Ostiense, in uno scenario stimolante e ricco di fascino, dove coesisteranno arte, didattica, laboratori, eventi aperti al territorio.{:}","og_url":"https:\/\/www.unirufa.it\/2022\/05\/17\/il-nuovo-campus-rufa\/","og_site_name":"RUFA - Rome University of Fine Arts","article_published_time":"2022-05-17T07:11:34+00:00","article_modified_time":"2022-05-17T07:12:43+00:00","og_image":[{"width":1050,"height":600,"url":"https:\/\/www.unirufa.it\/wp-content\/uploads\/2022\/05\/Visual_Ostiense.png","type":"image\/png"}],"author":"Claudia Vitali","twitter_misc":{"Escrito por":"Claudia Vitali","Tiempo de lectura":"5 minutos"},"schema":{"@context":"https:\/\/schema.org","@graph":[{"@type":"WebPage","@id":"https:\/\/www.unirufa.it\/2022\/05\/17\/il-nuovo-campus-rufa\/","url":"https:\/\/www.unirufa.it\/2022\/05\/17\/il-nuovo-campus-rufa\/","name":"Il nuovo Campus RUFA - RUFA - Rome University of Fine Arts","isPartOf":{"@id":"https:\/\/www.unirufa.it\/#website"},"primaryImageOfPage":{"@id":"https:\/\/www.unirufa.it\/2022\/05\/17\/il-nuovo-campus-rufa\/#primaryimage"},"image":{"@id":"https:\/\/www.unirufa.it\/2022\/05\/17\/il-nuovo-campus-rufa\/#primaryimage"},"thumbnailUrl":"https:\/\/www.unirufa.it\/wp-content\/uploads\/2022\/05\/Visual_Ostiense.png","datePublished":"2022-05-17T07:11:34+00:00","dateModified":"2022-05-17T07:12:43+00:00","author":{"@id":"https:\/\/www.unirufa.it\/#\/schema\/person\/d5c03e37606740dff84050c97a46c80e"},"description":"{:it}Al via la realizzazione del nuovo Campus RUFA, 6000mq nel cuore del quartiere Ostiense, in uno scenario stimolante e ricco di fascino, dove coesisteranno arte, didattica, laboratori, eventi aperti al territorio.{:}","breadcrumb":{"@id":"https:\/\/www.unirufa.it\/2022\/05\/17\/il-nuovo-campus-rufa\/#breadcrumb"},"inLanguage":"es","potentialAction":[{"@type":"ReadAction","target":["https:\/\/www.unirufa.it\/2022\/05\/17\/il-nuovo-campus-rufa\/"]}]},{"@type":"ImageObject","inLanguage":"es","@id":"https:\/\/www.unirufa.it\/2022\/05\/17\/il-nuovo-campus-rufa\/#primaryimage","url":"https:\/\/www.unirufa.it\/wp-content\/uploads\/2022\/05\/Visual_Ostiense.png","contentUrl":"https:\/\/www.unirufa.it\/wp-content\/uploads\/2022\/05\/Visual_Ostiense.png","width":1050,"height":600,"caption":"Visual_ Campus Ostiense"},{"@type":"BreadcrumbList","@id":"https:\/\/www.unirufa.it\/2022\/05\/17\/il-nuovo-campus-rufa\/#breadcrumb","itemListElement":[{"@type":"ListItem","position":1,"name":"Home","item":"https:\/\/www.unirufa.it\/"},{"@type":"ListItem","position":2,"name":"Il nuovo Campus RUFA"}]},{"@type":"WebSite","@id":"https:\/\/www.unirufa.it\/#website","url":"https:\/\/www.unirufa.it\/","name":"RUFA - Rome University of Fine Arts","description":"","potentialAction":[{"@type":"SearchAction","target":{"@type":"EntryPoint","urlTemplate":"https:\/\/www.unirufa.it\/?s={search_term_string}"},"query-input":{"@type":"PropertyValueSpecification","valueRequired":true,"valueName":"search_term_string"}}],"inLanguage":"es"},{"@type":"Person","@id":"https:\/\/www.unirufa.it\/#\/schema\/person\/d5c03e37606740dff84050c97a46c80e","name":"Claudia Vitali","image":{"@type":"ImageObject","inLanguage":"es","@id":"https:\/\/www.unirufa.it\/#\/schema\/person\/image\/","url":"https:\/\/secure.gravatar.com\/avatar\/9bd058a2b55efbe5f9e6b68b196c59f4?s=96&d=mm&r=g","contentUrl":"https:\/\/secure.gravatar.com\/avatar\/9bd058a2b55efbe5f9e6b68b196c59f4?s=96&d=mm&r=g","caption":"Claudia Vitali"},"url":"https:\/\/www.unirufa.it\/es\/author\/claudia\/"}]}},"_links":{"self":[{"href":"https:\/\/www.unirufa.it\/es\/wp-json\/wp\/v2\/posts\/71082","targetHints":{"allow":["GET"]}}],"collection":[{"href":"https:\/\/www.unirufa.it\/es\/wp-json\/wp\/v2\/posts"}],"about":[{"href":"https:\/\/www.unirufa.it\/es\/wp-json\/wp\/v2\/types\/post"}],"author":[{"embeddable":true,"href":"https:\/\/www.unirufa.it\/es\/wp-json\/wp\/v2\/users\/28"}],"replies":[{"embeddable":true,"href":"https:\/\/www.unirufa.it\/es\/wp-json\/wp\/v2\/comments?post=71082"}],"version-history":[{"count":16,"href":"https:\/\/www.unirufa.it\/es\/wp-json\/wp\/v2\/posts\/71082\/revisions"}],"predecessor-version":[{"id":71100,"href":"https:\/\/www.unirufa.it\/es\/wp-json\/wp\/v2\/posts\/71082\/revisions\/71100"}],"wp:featuredmedia":[{"embeddable":true,"href":"https:\/\/www.unirufa.it\/es\/wp-json\/wp\/v2\/media\/70889"}],"wp:attachment":[{"href":"https:\/\/www.unirufa.it\/es\/wp-json\/wp\/v2\/media?parent=71082"}],"wp:term":[{"taxonomy":"category","embeddable":true,"href":"https:\/\/www.unirufa.it\/es\/wp-json\/wp\/v2\/categories?post=71082"},{"taxonomy":"post_tag","embeddable":true,"href":"https:\/\/www.unirufa.it\/es\/wp-json\/wp\/v2\/tags?post=71082"}],"curies":[{"name":"wp","href":"https:\/\/api.w.org\/{rel}","templated":true}]}}