


{"id":74933,"date":"2022-06-23T12:33:59","date_gmt":"2022-06-23T10:33:59","guid":{"rendered":"https:\/\/www.unirufa.it\/?p=74933"},"modified":"2022-06-23T12:35:31","modified_gmt":"2022-06-23T10:35:31","slug":"assemblea-annuale-cians","status":"publish","type":"post","link":"https:\/\/www.unirufa.it\/es\/2022\/06\/23\/assemblea-annuale-cians\/","title":{"rendered":"Assemblea annuale CIANS"},"content":{"rendered":"<p class=\"qtranxs-available-languages-message qtranxs-available-languages-message-es\">Disculpa, pero esta entrada est\u00e1 disponible s\u00f3lo en <a href=\"https:\/\/www.unirufa.it\/it\/wp-json\/wp\/v2\/posts\/74933\" class=\"qtranxs-available-language-link qtranxs-available-language-link-it\" title=\"IT\">IT<\/a> y <a href=\"https:\/\/www.unirufa.it\/en\/wp-json\/wp\/v2\/posts\/74933\" class=\"qtranxs-available-language-link qtranxs-available-language-link-en\" title=\"EN\">EN<\/a>.<\/p><h4>Una programmazione delle attivit\u00e0 che tenga conto delle emergenze sociali che continuano a contraddistinguere il percorso formativo delle nuove generazioni. Partendo da tale concetto il CIANS, Coordinamento delle istituzioni Afam non statali, ha dato il via alla propria assemblea annuale, che si \u00e8 tenuta a Roma, concentrandosi sugli scenari che, da qui ai prossimi mesi, andranno a concretizzarsi.<\/h4>\n<p>&nbsp;<br \/>\n\u00abLa famiglia CIANS \u2013 ha spiegato <strong>il presidente arch. Fabio Mongelli<\/strong> \u2013 continua ad allargarsi. Attualmente sono 19 le istituzioni iscritte. Per contestualizzare l\u2019operato del Coordinamento nello scenario di riferimento, \u00e8 sufficiente evidenziare i numeri che caratterizzano il settore dell\u2019alta formazione artistica. Il Sistema Afam, secondo le ultime stime fornite dal Ministero dell\u2019universit\u00e0 e della ricerca, \u00e8 composto complessivamente da 153 istituzioni, di cui 86 statali e 67 non statali. <strong>Il CIANS, con 19 istituzioni associate, rappresenta oltre il 43%<\/strong> delle 44 istituzioni non statali Afam di iniziativa privata (12 Accademie di Belle Arti legalmente riconosciute e 32 Istituti autorizzati). Il suo peso nell\u2019intero comparto Afam, negli ultimi anni, si \u00e8 ulteriormente incrementato se lo rapportiamo alla popolazione studentesca, corpo docente e personale. <\/p>\n<p>Il totale degli studenti Afam \u00e8 pari a 80 mila 600 unit\u00e0, mentre coloro che studiano nelle istituzioni non statali sono circa 21 mila. Di questi circa 16 mila studenti sono iscritti presso istituzioni CIANS: si tratta del 20% del totale degli studenti Afam. Un risultato davvero importante che consente al Coordinamento di proporsi quale principale referente per le tematiche d\u2019interesse delle istituzioni Afam non statali e di partecipare non solo ai tavoli istituzionali aperti dagli organi governativi, ma anche di porre in<br \/>\nevidenza l\u2019elevato livello di affidabilit\u00e0 e competenza nelle diverse interlocuzioni. Gli associati hanno saputo fare rete, scambiandosi idee e suggerimenti, <strong>garantendo un sistema di apprendimento performante e qualificato<\/strong>. Anche alla luce dell\u2019esperienza in corso, pi\u00f9 che in passato occorre guardare al modo in cui lo studente si interfaccia con l\u2019istituzione, migliorandone ove possibile l\u2019approccio. \u00c8 il concetto di benessere formativo dello studente che, nel corso degli ultimi anni, ha subito numerose modifiche ed ampliamenti, portando ad una visione del termine pi\u00f9 completa, non pi\u00f9 incentrata sulle condizioni strettamente connesse al trasferimento di competenze all\u2019interno di uno spazio della conoscenza, ma come uno stato complessivo di \u201cstare bene\u201d, una <strong>condizione armonica tra persone e ambiente di apprendimento<\/strong>: risultato di un processo di formazione che coinvolge tutti gli aspetti dell\u2019essere umano e caratterizza la qualit\u00e0 dello studio e del lavoro di ciascuno all\u2019interno di una comunit\u00e0 di persone. L\u2019accoglienza degli studenti provenienti dall\u2019Afghanistan prima e di quelli in fuga dall\u2019Ucraina poi, nelle istituzioni associate \u00e8 una delle tante dimostrazioni\u00bb.<\/p>\n<p>\u00abIn tale contesto \u2013 prosegue il presidente \u2013 <strong>abbiamo risposto con forza e determinazione<\/strong> alle sollecitazioni esterne, continuando a diffondere sempre pi\u00f9 nelle nostre istituzioni una cultura della qualit\u00e0, declinata in termini di sostenibilit\u00e0 ed efficienza. Ci\u00f2 in coerenza con le procedure di valutazione, centrali nello spazio europeo dell\u2019assicurazione della qualit\u00e0. L\u2019organizzazione interna \u00e8 stata ulteriormente potenziata e alle normali funzioni di coordinamento organizzativo sono state affiancate le aree di segreteria generale e di consulenza legale, affidate rispettivamente al professore Dario Guardalben e all\u2019avvocato Paolo Clarizia. Tutte le attivit\u00e0 realizzate convergono verso un fine comune: dare risposte concrete alle argomentazioni che insistono sul comparto Afam e in particolare sul settore delle istituzioni non statali. In sintesi: centralit\u00e0 dello studente e diritto allo studio; reclutamento e profilazione docenti delle istituzioni Afam non statali; ordinamenti didattici e accreditamento corsi di studio; autonomia delle istituzioni, dall\u2019attuazione degli Osservatori\/Presidi di qualit\u00e0 alla composizione degli organi di governo delle istituzioni non statali\u00bb.<\/p>\n<h4>Dopo la cessazione dello stato di emergenza il CIANS \u00e8 pronto a riavviare anche gli eventi pubblici. Il prossimo 10 novembre, presso il Maxxi di Roma, si terr\u00e0 il convegno\/workshop annuale dedicato all\u2019alta formazione e ricerca artistica per lo sviluppo del made in Italy, con la presentazione delle attivit\u00e0 e l\u2019apertura di alcuni tavoli tematici di confronto.<\/h4>\n<p>&nbsp;<\/p>\n<h4>Tutte le informazioni saranno pubblicate <a href=\"http:\/\/www.ciansedu.it.\" rel=\"noopener\" target=\"_blank\">sul sito ufficiale. <\/a><\/h4>","protected":false},"excerpt":{"rendered":"<p>Disculpa, pero esta entrada est\u00e1 disponible s\u00f3lo en IT y EN.Una programmazione delle attivit\u00e0 che tenga conto delle emergenze sociali che continuano a contraddistinguere il percorso formativo delle nuove generazioni. Partendo da tale concetto il CIANS, Coordinamento delle istituzioni Afam non statali, ha dato il via alla propria assemblea annuale, che si \u00e8 tenuta a&#8230;  <a class=\"excerpt-read-more\" href=\"https:\/\/www.unirufa.it\/es\/2022\/06\/23\/assemblea-annuale-cians\/\" title=\"Read Assemblea annuale CIANS\">Find out more<\/a><\/p>\n","protected":false},"author":28,"featured_media":74934,"comment_status":"closed","ping_status":"closed","sticky":false,"template":"","format":"standard","meta":{"content-type":"","footnotes":""},"categories":[1629],"tags":[],"class_list":["post-74933","post","type-post","status-publish","format-standard","has-post-thumbnail","hentry","category-accademia"],"yoast_head":"<!-- This site is optimized with the Yoast SEO plugin v24.2 - https:\/\/yoast.com\/wordpress\/plugins\/seo\/ -->\n<title>Assemblea annuale CIANS - RUFA - Rome University of Fine Arts<\/title>\n<meta name=\"robots\" content=\"index, follow, max-snippet:-1, max-image-preview:large, max-video-preview:-1\" \/>\n<link rel=\"canonical\" href=\"https:\/\/www.unirufa.it\/2022\/06\/23\/assemblea-annuale-cians\/\" \/>\n<meta property=\"og:locale\" content=\"es_ES\" \/>\n<meta property=\"og:type\" content=\"article\" \/>\n<meta property=\"og:title\" content=\"Assemblea annuale CIANS - RUFA - Rome University of Fine Arts\" \/>\n<meta property=\"og:description\" content=\"Disculpa, pero esta entrada est\u00e1 disponible s\u00f3lo en IT y EN.Una programmazione delle attivit\u00e0 che tenga conto delle emergenze sociali che continuano a contraddistinguere il percorso formativo delle nuove generazioni. Partendo da tale concetto il CIANS, Coordinamento delle istituzioni Afam non statali, ha dato il via alla propria assemblea annuale, che si \u00e8 tenuta a... Find out more\" \/>\n<meta property=\"og:url\" content=\"https:\/\/www.unirufa.it\/2022\/06\/23\/assemblea-annuale-cians\/\" \/>\n<meta property=\"og:site_name\" content=\"RUFA - Rome University of Fine Arts\" \/>\n<meta property=\"article:published_time\" content=\"2022-06-23T10:33:59+00:00\" \/>\n<meta property=\"article:modified_time\" content=\"2022-06-23T10:35:31+00:00\" \/>\n<meta property=\"og:image\" content=\"https:\/\/www.unirufa.it\/wp-content\/uploads\/2022\/06\/cians.png\" \/>\n\t<meta property=\"og:image:width\" content=\"1050\" \/>\n\t<meta property=\"og:image:height\" content=\"600\" \/>\n\t<meta property=\"og:image:type\" content=\"image\/png\" \/>\n<meta name=\"author\" content=\"Claudia Vitali\" \/>\n<meta name=\"twitter:label1\" content=\"Escrito por\" \/>\n\t<meta name=\"twitter:data1\" content=\"Claudia Vitali\" \/>\n\t<meta name=\"twitter:label2\" content=\"Tiempo de lectura\" \/>\n\t<meta name=\"twitter:data2\" content=\"7 minutos\" \/>\n<script type=\"application\/ld+json\" class=\"yoast-schema-graph\">{\"@context\":\"https:\/\/schema.org\",\"@graph\":[{\"@type\":\"WebPage\",\"@id\":\"https:\/\/www.unirufa.it\/2022\/06\/23\/assemblea-annuale-cians\/\",\"url\":\"https:\/\/www.unirufa.it\/2022\/06\/23\/assemblea-annuale-cians\/\",\"name\":\"Assemblea annuale CIANS - RUFA - Rome University of Fine Arts\",\"isPartOf\":{\"@id\":\"https:\/\/www.unirufa.it\/#website\"},\"primaryImageOfPage\":{\"@id\":\"https:\/\/www.unirufa.it\/2022\/06\/23\/assemblea-annuale-cians\/#primaryimage\"},\"image\":{\"@id\":\"https:\/\/www.unirufa.it\/2022\/06\/23\/assemblea-annuale-cians\/#primaryimage\"},\"thumbnailUrl\":\"https:\/\/www.unirufa.it\/wp-content\/uploads\/2022\/06\/cians.png\",\"datePublished\":\"2022-06-23T10:33:59+00:00\",\"dateModified\":\"2022-06-23T10:35:31+00:00\",\"author\":{\"@id\":\"https:\/\/www.unirufa.it\/#\/schema\/person\/d5c03e37606740dff84050c97a46c80e\"},\"breadcrumb\":{\"@id\":\"https:\/\/www.unirufa.it\/2022\/06\/23\/assemblea-annuale-cians\/#breadcrumb\"},\"inLanguage\":\"es\",\"potentialAction\":[{\"@type\":\"ReadAction\",\"target\":[\"https:\/\/www.unirufa.it\/2022\/06\/23\/assemblea-annuale-cians\/\"]}]},{\"@type\":\"ImageObject\",\"inLanguage\":\"es\",\"@id\":\"https:\/\/www.unirufa.it\/2022\/06\/23\/assemblea-annuale-cians\/#primaryimage\",\"url\":\"https:\/\/www.unirufa.it\/wp-content\/uploads\/2022\/06\/cians.png\",\"contentUrl\":\"https:\/\/www.unirufa.it\/wp-content\/uploads\/2022\/06\/cians.png\",\"width\":1050,\"height\":600,\"caption\":\"cians\"},{\"@type\":\"BreadcrumbList\",\"@id\":\"https:\/\/www.unirufa.it\/2022\/06\/23\/assemblea-annuale-cians\/#breadcrumb\",\"itemListElement\":[{\"@type\":\"ListItem\",\"position\":1,\"name\":\"Home\",\"item\":\"https:\/\/www.unirufa.it\/\"},{\"@type\":\"ListItem\",\"position\":2,\"name\":\"Assemblea annuale CIANS\"}]},{\"@type\":\"WebSite\",\"@id\":\"https:\/\/www.unirufa.it\/#website\",\"url\":\"https:\/\/www.unirufa.it\/\",\"name\":\"RUFA - Rome University of Fine Arts\",\"description\":\"\",\"potentialAction\":[{\"@type\":\"SearchAction\",\"target\":{\"@type\":\"EntryPoint\",\"urlTemplate\":\"https:\/\/www.unirufa.it\/?s={search_term_string}\"},\"query-input\":{\"@type\":\"PropertyValueSpecification\",\"valueRequired\":true,\"valueName\":\"search_term_string\"}}],\"inLanguage\":\"es\"},{\"@type\":\"Person\",\"@id\":\"https:\/\/www.unirufa.it\/#\/schema\/person\/d5c03e37606740dff84050c97a46c80e\",\"name\":\"Claudia Vitali\",\"image\":{\"@type\":\"ImageObject\",\"inLanguage\":\"es\",\"@id\":\"https:\/\/www.unirufa.it\/#\/schema\/person\/image\/\",\"url\":\"https:\/\/secure.gravatar.com\/avatar\/9bd058a2b55efbe5f9e6b68b196c59f4?s=96&d=mm&r=g\",\"contentUrl\":\"https:\/\/secure.gravatar.com\/avatar\/9bd058a2b55efbe5f9e6b68b196c59f4?s=96&d=mm&r=g\",\"caption\":\"Claudia Vitali\"},\"url\":\"https:\/\/www.unirufa.it\/es\/author\/claudia\/\"}]}<\/script>\n<!-- \/ Yoast SEO plugin. -->","yoast_head_json":{"title":"Assemblea annuale CIANS - RUFA - Rome University of Fine Arts","robots":{"index":"index","follow":"follow","max-snippet":"max-snippet:-1","max-image-preview":"max-image-preview:large","max-video-preview":"max-video-preview:-1"},"canonical":"https:\/\/www.unirufa.it\/2022\/06\/23\/assemblea-annuale-cians\/","og_locale":"es_ES","og_type":"article","og_title":"Assemblea annuale CIANS - RUFA - Rome University of Fine Arts","og_description":"Disculpa, pero esta entrada est\u00e1 disponible s\u00f3lo en IT y EN.Una programmazione delle attivit\u00e0 che tenga conto delle emergenze sociali che continuano a contraddistinguere il percorso formativo delle nuove generazioni. Partendo da tale concetto il CIANS, Coordinamento delle istituzioni Afam non statali, ha dato il via alla propria assemblea annuale, che si \u00e8 tenuta a... Find out more","og_url":"https:\/\/www.unirufa.it\/2022\/06\/23\/assemblea-annuale-cians\/","og_site_name":"RUFA - Rome University of Fine Arts","article_published_time":"2022-06-23T10:33:59+00:00","article_modified_time":"2022-06-23T10:35:31+00:00","og_image":[{"width":1050,"height":600,"url":"https:\/\/www.unirufa.it\/wp-content\/uploads\/2022\/06\/cians.png","type":"image\/png"}],"author":"Claudia Vitali","twitter_misc":{"Escrito por":"Claudia Vitali","Tiempo de lectura":"7 minutos"},"schema":{"@context":"https:\/\/schema.org","@graph":[{"@type":"WebPage","@id":"https:\/\/www.unirufa.it\/2022\/06\/23\/assemblea-annuale-cians\/","url":"https:\/\/www.unirufa.it\/2022\/06\/23\/assemblea-annuale-cians\/","name":"Assemblea annuale CIANS - RUFA - Rome University of Fine Arts","isPartOf":{"@id":"https:\/\/www.unirufa.it\/#website"},"primaryImageOfPage":{"@id":"https:\/\/www.unirufa.it\/2022\/06\/23\/assemblea-annuale-cians\/#primaryimage"},"image":{"@id":"https:\/\/www.unirufa.it\/2022\/06\/23\/assemblea-annuale-cians\/#primaryimage"},"thumbnailUrl":"https:\/\/www.unirufa.it\/wp-content\/uploads\/2022\/06\/cians.png","datePublished":"2022-06-23T10:33:59+00:00","dateModified":"2022-06-23T10:35:31+00:00","author":{"@id":"https:\/\/www.unirufa.it\/#\/schema\/person\/d5c03e37606740dff84050c97a46c80e"},"breadcrumb":{"@id":"https:\/\/www.unirufa.it\/2022\/06\/23\/assemblea-annuale-cians\/#breadcrumb"},"inLanguage":"es","potentialAction":[{"@type":"ReadAction","target":["https:\/\/www.unirufa.it\/2022\/06\/23\/assemblea-annuale-cians\/"]}]},{"@type":"ImageObject","inLanguage":"es","@id":"https:\/\/www.unirufa.it\/2022\/06\/23\/assemblea-annuale-cians\/#primaryimage","url":"https:\/\/www.unirufa.it\/wp-content\/uploads\/2022\/06\/cians.png","contentUrl":"https:\/\/www.unirufa.it\/wp-content\/uploads\/2022\/06\/cians.png","width":1050,"height":600,"caption":"cians"},{"@type":"BreadcrumbList","@id":"https:\/\/www.unirufa.it\/2022\/06\/23\/assemblea-annuale-cians\/#breadcrumb","itemListElement":[{"@type":"ListItem","position":1,"name":"Home","item":"https:\/\/www.unirufa.it\/"},{"@type":"ListItem","position":2,"name":"Assemblea annuale CIANS"}]},{"@type":"WebSite","@id":"https:\/\/www.unirufa.it\/#website","url":"https:\/\/www.unirufa.it\/","name":"RUFA - Rome University of Fine Arts","description":"","potentialAction":[{"@type":"SearchAction","target":{"@type":"EntryPoint","urlTemplate":"https:\/\/www.unirufa.it\/?s={search_term_string}"},"query-input":{"@type":"PropertyValueSpecification","valueRequired":true,"valueName":"search_term_string"}}],"inLanguage":"es"},{"@type":"Person","@id":"https:\/\/www.unirufa.it\/#\/schema\/person\/d5c03e37606740dff84050c97a46c80e","name":"Claudia Vitali","image":{"@type":"ImageObject","inLanguage":"es","@id":"https:\/\/www.unirufa.it\/#\/schema\/person\/image\/","url":"https:\/\/secure.gravatar.com\/avatar\/9bd058a2b55efbe5f9e6b68b196c59f4?s=96&d=mm&r=g","contentUrl":"https:\/\/secure.gravatar.com\/avatar\/9bd058a2b55efbe5f9e6b68b196c59f4?s=96&d=mm&r=g","caption":"Claudia Vitali"},"url":"https:\/\/www.unirufa.it\/es\/author\/claudia\/"}]}},"_links":{"self":[{"href":"https:\/\/www.unirufa.it\/es\/wp-json\/wp\/v2\/posts\/74933","targetHints":{"allow":["GET"]}}],"collection":[{"href":"https:\/\/www.unirufa.it\/es\/wp-json\/wp\/v2\/posts"}],"about":[{"href":"https:\/\/www.unirufa.it\/es\/wp-json\/wp\/v2\/types\/post"}],"author":[{"embeddable":true,"href":"https:\/\/www.unirufa.it\/es\/wp-json\/wp\/v2\/users\/28"}],"replies":[{"embeddable":true,"href":"https:\/\/www.unirufa.it\/es\/wp-json\/wp\/v2\/comments?post=74933"}],"version-history":[{"count":7,"href":"https:\/\/www.unirufa.it\/es\/wp-json\/wp\/v2\/posts\/74933\/revisions"}],"predecessor-version":[{"id":74941,"href":"https:\/\/www.unirufa.it\/es\/wp-json\/wp\/v2\/posts\/74933\/revisions\/74941"}],"wp:featuredmedia":[{"embeddable":true,"href":"https:\/\/www.unirufa.it\/es\/wp-json\/wp\/v2\/media\/74934"}],"wp:attachment":[{"href":"https:\/\/www.unirufa.it\/es\/wp-json\/wp\/v2\/media?parent=74933"}],"wp:term":[{"taxonomy":"category","embeddable":true,"href":"https:\/\/www.unirufa.it\/es\/wp-json\/wp\/v2\/categories?post=74933"},{"taxonomy":"post_tag","embeddable":true,"href":"https:\/\/www.unirufa.it\/es\/wp-json\/wp\/v2\/tags?post=74933"}],"curies":[{"name":"wp","href":"https:\/\/api.w.org\/{rel}","templated":true}]}}