


{"id":80255,"date":"2022-09-28T09:21:06","date_gmt":"2022-09-28T07:21:06","guid":{"rendered":"https:\/\/www.unirufa.it\/?p=80255"},"modified":"2022-09-29T09:37:27","modified_gmt":"2022-09-29T07:37:27","slug":"larrivederci-della-docente-anna-janowska-centroni","status":"publish","type":"post","link":"https:\/\/www.unirufa.it\/es\/2022\/09\/28\/larrivederci-della-docente-anna-janowska-centroni\/","title":{"rendered":"L\u2019arrivederci della docente Anna Janowska Centroni"},"content":{"rendered":"<p class=\"qtranxs-available-languages-message qtranxs-available-languages-message-es\">Disculpa, pero esta entrada est\u00e1 disponible s\u00f3lo en <a href=\"https:\/\/www.unirufa.it\/it\/wp-json\/wp\/v2\/posts\/80255\" class=\"qtranxs-available-language-link qtranxs-available-language-link-it\" title=\"IT\">IT<\/a> y <a href=\"https:\/\/www.unirufa.it\/en\/wp-json\/wp\/v2\/posts\/80255\" class=\"qtranxs-available-language-link qtranxs-available-language-link-en\" title=\"EN\">EN<\/a>.<\/p><div class=\"row\">\n<div class=\"col-xs-9\">\n<p>Vent&#8217;anni insieme e tante storie vissute, ma soprattutto tanti sogni di studenti diventati artisti e professionisti, che si sono realizzati partendo dai libri, dai laboratori e dal rapporto con i docenti. Un momento di commozione, ma soprattutto la certezza di aver compiuto un percorso unico e avvincente.<\/p>\n<p>L\u2019architetto Anna Janowska Centroni, professoressa storica di RUFA, ha portato a compimento la sua missione formativa e dopo tanti anni rivolti all\u2019approfondimento e alla conoscenza, l&#8217;augurio \u00e8 di continuare a dedicarsi alle tante cose belle che l&#8217;appassionano. Nel corso di questo lungo lasso di tempo, Anna Janowska Centroni \u00e8 stata un punto di riferimento costante e presente. Un sentimento che oggi, nel momento del suo addio all\u2019insegnamento, si rinnova attraverso le parole che ha inteso lasciare all\u2019Accademia tutta.<\/p>\n<p><em>\u00abCarissimi Alfio e Fabio Mongelli, Colleghi, Amici e Studenti, dopo vent\u2019anni<\/em> &#8211; scrive la docente in una lettera aperta sentita ed emozionante &#8211; <em>\u00e8 arrivato il momento di ringraziarvi per la nostra meravigliosa collaborazione. Quando alcuni anni fa il presidente Alfio Mongelli mi ha proposto di collaborare con l\u2019Accademia ho accettato con entusiasmo, sapendo di poter continuare la mia esperienza didattica acquisita negli anni d&#8217;insegnamento presso la cattedra di Storia dell\u2019architettura a Varsavia, dando anche alla RUFA il mio piccolo contributo. Ho trovato una scuola moderna in continua crescita, colleghi e studenti che mi hanno accolto con affetto e stima e che io ho ricambiato con gioia ed entusiasmo. Con molti di voi si sono creati rapporti di profonda amicizia e di collaborazione che spero potranno durare finch\u00e9 sar\u00e0 possibile. \u00c8 difficile trovare le parole giuste per ringraziarvi tutti, abbiamo lavorato insieme con entusiasmo e passione, ho ricevuto affetto, rispetto e riconoscenza per le quali vi sono grata infinitamente. Vi auguro la strada piena di successi, perch\u00e9 sono convinta che la cultura e l\u2019arte potranno cambiare il mondo e vi abbraccio tutti uno ad uno\u00bb.<\/em><\/p>\n<p>Alla professoressa Anna Janowska Centroni gli auguri di buona vita da tutte le componenti RUFA.\n<\/p><\/div>\n<p><img decoding=\"async\" src=\"https:\/\/www.unirufa.it\/wp-content\/uploads\/2022\/09\/image0-169x300.jpeg\" alt=\"docente anna \" class=\"col-xs-3\" \/>","protected":false},"excerpt":{"rendered":"<p>Disculpa, pero esta entrada est\u00e1 disponible s\u00f3lo en IT y EN. Vent&#8217;anni insieme e tante storie vissute, ma soprattutto tanti sogni di studenti diventati artisti e professionisti, che si sono realizzati partendo dai libri, dai laboratori e dal rapporto con i docenti. Un momento di commozione, ma soprattutto la certezza di aver compiuto un percorso&#8230;  <a class=\"excerpt-read-more\" href=\"https:\/\/www.unirufa.it\/es\/2022\/09\/28\/larrivederci-della-docente-anna-janowska-centroni\/\" title=\"Read L\u2019arrivederci della docente Anna Janowska Centroni\">Find out more<\/a><\/p>\n","protected":false},"author":28,"featured_media":0,"comment_status":"closed","ping_status":"closed","sticky":false,"template":"","format":"standard","meta":{"content-type":"","footnotes":""},"categories":[939],"tags":[],"class_list":["post-80255","post","type-post","status-publish","format-standard","hentry","category-product-interior-design"],"yoast_head":"<!-- This site is optimized with the Yoast SEO plugin v24.2 - https:\/\/yoast.com\/wordpress\/plugins\/seo\/ -->\n<title>L\u2019arrivederci della docente Anna Janowska Centroni - RUFA - Rome University of Fine Arts<\/title>\n<meta name=\"description\" content=\"L\u2019arrivederci, dopo vent\u2019anni, della docente Anna Janowska Centroni\" \/>\n<meta name=\"robots\" content=\"index, follow, max-snippet:-1, max-image-preview:large, max-video-preview:-1\" \/>\n<link rel=\"canonical\" href=\"https:\/\/www.unirufa.it\/2022\/09\/28\/larrivederci-della-docente-anna-janowska-centroni\/\" \/>\n<meta property=\"og:locale\" content=\"es_ES\" \/>\n<meta property=\"og:type\" content=\"article\" \/>\n<meta property=\"og:title\" content=\"L\u2019arrivederci della docente Anna Janowska Centroni - RUFA - Rome University of Fine Arts\" \/>\n<meta property=\"og:description\" content=\"{:it}L\u2019arrivederci, dopo vent\u2019anni, della docente Anna Janowska Centroni{:}\" \/>\n<meta property=\"og:url\" content=\"https:\/\/www.unirufa.it\/2022\/09\/28\/larrivederci-della-docente-anna-janowska-centroni\/\" \/>\n<meta property=\"og:site_name\" content=\"RUFA - Rome University of Fine Arts\" \/>\n<meta property=\"article:published_time\" content=\"2022-09-28T07:21:06+00:00\" \/>\n<meta property=\"article:modified_time\" content=\"2022-09-29T07:37:27+00:00\" \/>\n<meta property=\"og:image\" content=\"https:\/\/www.unirufa.it\/wp-content\/uploads\/2022\/09\/image0-169x300.jpeg\" \/>\n<meta name=\"author\" content=\"Claudia Vitali\" \/>\n<meta name=\"twitter:label1\" content=\"Escrito por\" \/>\n\t<meta name=\"twitter:data1\" content=\"Claudia Vitali\" \/>\n\t<meta name=\"twitter:label2\" content=\"Tiempo de lectura\" \/>\n\t<meta name=\"twitter:data2\" content=\"3 minutos\" \/>\n<script type=\"application\/ld+json\" class=\"yoast-schema-graph\">{\"@context\":\"https:\/\/schema.org\",\"@graph\":[{\"@type\":\"WebPage\",\"@id\":\"https:\/\/www.unirufa.it\/2022\/09\/28\/larrivederci-della-docente-anna-janowska-centroni\/\",\"url\":\"https:\/\/www.unirufa.it\/2022\/09\/28\/larrivederci-della-docente-anna-janowska-centroni\/\",\"name\":\"L\u2019arrivederci della docente Anna Janowska Centroni - RUFA - Rome University of Fine Arts\",\"isPartOf\":{\"@id\":\"https:\/\/www.unirufa.it\/#website\"},\"primaryImageOfPage\":{\"@id\":\"https:\/\/www.unirufa.it\/2022\/09\/28\/larrivederci-della-docente-anna-janowska-centroni\/#primaryimage\"},\"image\":{\"@id\":\"https:\/\/www.unirufa.it\/2022\/09\/28\/larrivederci-della-docente-anna-janowska-centroni\/#primaryimage\"},\"thumbnailUrl\":\"https:\/\/www.unirufa.it\/wp-content\/uploads\/2022\/09\/image0-169x300.jpeg\",\"datePublished\":\"2022-09-28T07:21:06+00:00\",\"dateModified\":\"2022-09-29T07:37:27+00:00\",\"author\":{\"@id\":\"https:\/\/www.unirufa.it\/#\/schema\/person\/d5c03e37606740dff84050c97a46c80e\"},\"description\":\"{:it}L\u2019arrivederci, dopo vent\u2019anni, della docente Anna Janowska Centroni{:}\",\"breadcrumb\":{\"@id\":\"https:\/\/www.unirufa.it\/2022\/09\/28\/larrivederci-della-docente-anna-janowska-centroni\/#breadcrumb\"},\"inLanguage\":\"es\",\"potentialAction\":[{\"@type\":\"ReadAction\",\"target\":[\"https:\/\/www.unirufa.it\/2022\/09\/28\/larrivederci-della-docente-anna-janowska-centroni\/\"]}]},{\"@type\":\"ImageObject\",\"inLanguage\":\"es\",\"@id\":\"https:\/\/www.unirufa.it\/2022\/09\/28\/larrivederci-della-docente-anna-janowska-centroni\/#primaryimage\",\"url\":\"https:\/\/www.unirufa.it\/wp-content\/uploads\/2022\/09\/image0-169x300.jpeg\",\"contentUrl\":\"https:\/\/www.unirufa.it\/wp-content\/uploads\/2022\/09\/image0-169x300.jpeg\"},{\"@type\":\"BreadcrumbList\",\"@id\":\"https:\/\/www.unirufa.it\/2022\/09\/28\/larrivederci-della-docente-anna-janowska-centroni\/#breadcrumb\",\"itemListElement\":[{\"@type\":\"ListItem\",\"position\":1,\"name\":\"Home\",\"item\":\"https:\/\/www.unirufa.it\/\"},{\"@type\":\"ListItem\",\"position\":2,\"name\":\"L\u2019arrivederci della docente Anna Janowska Centroni\"}]},{\"@type\":\"WebSite\",\"@id\":\"https:\/\/www.unirufa.it\/#website\",\"url\":\"https:\/\/www.unirufa.it\/\",\"name\":\"RUFA - Rome University of Fine Arts\",\"description\":\"\",\"potentialAction\":[{\"@type\":\"SearchAction\",\"target\":{\"@type\":\"EntryPoint\",\"urlTemplate\":\"https:\/\/www.unirufa.it\/?s={search_term_string}\"},\"query-input\":{\"@type\":\"PropertyValueSpecification\",\"valueRequired\":true,\"valueName\":\"search_term_string\"}}],\"inLanguage\":\"es\"},{\"@type\":\"Person\",\"@id\":\"https:\/\/www.unirufa.it\/#\/schema\/person\/d5c03e37606740dff84050c97a46c80e\",\"name\":\"Claudia Vitali\",\"image\":{\"@type\":\"ImageObject\",\"inLanguage\":\"es\",\"@id\":\"https:\/\/www.unirufa.it\/#\/schema\/person\/image\/\",\"url\":\"https:\/\/secure.gravatar.com\/avatar\/9bd058a2b55efbe5f9e6b68b196c59f4?s=96&d=mm&r=g\",\"contentUrl\":\"https:\/\/secure.gravatar.com\/avatar\/9bd058a2b55efbe5f9e6b68b196c59f4?s=96&d=mm&r=g\",\"caption\":\"Claudia Vitali\"},\"url\":\"https:\/\/www.unirufa.it\/es\/author\/claudia\/\"}]}<\/script>\n<!-- \/ Yoast SEO plugin. -->","yoast_head_json":{"title":"L\u2019arrivederci della docente Anna Janowska Centroni - RUFA - Rome University of Fine Arts","description":"L\u2019arrivederci, dopo vent\u2019anni, della docente Anna Janowska Centroni","robots":{"index":"index","follow":"follow","max-snippet":"max-snippet:-1","max-image-preview":"max-image-preview:large","max-video-preview":"max-video-preview:-1"},"canonical":"https:\/\/www.unirufa.it\/2022\/09\/28\/larrivederci-della-docente-anna-janowska-centroni\/","og_locale":"es_ES","og_type":"article","og_title":"L\u2019arrivederci della docente Anna Janowska Centroni - RUFA - Rome University of Fine Arts","og_description":"{:it}L\u2019arrivederci, dopo vent\u2019anni, della docente Anna Janowska Centroni{:}","og_url":"https:\/\/www.unirufa.it\/2022\/09\/28\/larrivederci-della-docente-anna-janowska-centroni\/","og_site_name":"RUFA - Rome University of Fine Arts","article_published_time":"2022-09-28T07:21:06+00:00","article_modified_time":"2022-09-29T07:37:27+00:00","og_image":[{"url":"https:\/\/www.unirufa.it\/wp-content\/uploads\/2022\/09\/image0-169x300.jpeg","type":"","width":"","height":""}],"author":"Claudia Vitali","twitter_misc":{"Escrito por":"Claudia Vitali","Tiempo de lectura":"3 minutos"},"schema":{"@context":"https:\/\/schema.org","@graph":[{"@type":"WebPage","@id":"https:\/\/www.unirufa.it\/2022\/09\/28\/larrivederci-della-docente-anna-janowska-centroni\/","url":"https:\/\/www.unirufa.it\/2022\/09\/28\/larrivederci-della-docente-anna-janowska-centroni\/","name":"L\u2019arrivederci della docente Anna Janowska Centroni - RUFA - Rome University of Fine Arts","isPartOf":{"@id":"https:\/\/www.unirufa.it\/#website"},"primaryImageOfPage":{"@id":"https:\/\/www.unirufa.it\/2022\/09\/28\/larrivederci-della-docente-anna-janowska-centroni\/#primaryimage"},"image":{"@id":"https:\/\/www.unirufa.it\/2022\/09\/28\/larrivederci-della-docente-anna-janowska-centroni\/#primaryimage"},"thumbnailUrl":"https:\/\/www.unirufa.it\/wp-content\/uploads\/2022\/09\/image0-169x300.jpeg","datePublished":"2022-09-28T07:21:06+00:00","dateModified":"2022-09-29T07:37:27+00:00","author":{"@id":"https:\/\/www.unirufa.it\/#\/schema\/person\/d5c03e37606740dff84050c97a46c80e"},"description":"{:it}L\u2019arrivederci, dopo vent\u2019anni, della docente Anna Janowska Centroni{:}","breadcrumb":{"@id":"https:\/\/www.unirufa.it\/2022\/09\/28\/larrivederci-della-docente-anna-janowska-centroni\/#breadcrumb"},"inLanguage":"es","potentialAction":[{"@type":"ReadAction","target":["https:\/\/www.unirufa.it\/2022\/09\/28\/larrivederci-della-docente-anna-janowska-centroni\/"]}]},{"@type":"ImageObject","inLanguage":"es","@id":"https:\/\/www.unirufa.it\/2022\/09\/28\/larrivederci-della-docente-anna-janowska-centroni\/#primaryimage","url":"https:\/\/www.unirufa.it\/wp-content\/uploads\/2022\/09\/image0-169x300.jpeg","contentUrl":"https:\/\/www.unirufa.it\/wp-content\/uploads\/2022\/09\/image0-169x300.jpeg"},{"@type":"BreadcrumbList","@id":"https:\/\/www.unirufa.it\/2022\/09\/28\/larrivederci-della-docente-anna-janowska-centroni\/#breadcrumb","itemListElement":[{"@type":"ListItem","position":1,"name":"Home","item":"https:\/\/www.unirufa.it\/"},{"@type":"ListItem","position":2,"name":"L\u2019arrivederci della docente Anna Janowska Centroni"}]},{"@type":"WebSite","@id":"https:\/\/www.unirufa.it\/#website","url":"https:\/\/www.unirufa.it\/","name":"RUFA - Rome University of Fine Arts","description":"","potentialAction":[{"@type":"SearchAction","target":{"@type":"EntryPoint","urlTemplate":"https:\/\/www.unirufa.it\/?s={search_term_string}"},"query-input":{"@type":"PropertyValueSpecification","valueRequired":true,"valueName":"search_term_string"}}],"inLanguage":"es"},{"@type":"Person","@id":"https:\/\/www.unirufa.it\/#\/schema\/person\/d5c03e37606740dff84050c97a46c80e","name":"Claudia Vitali","image":{"@type":"ImageObject","inLanguage":"es","@id":"https:\/\/www.unirufa.it\/#\/schema\/person\/image\/","url":"https:\/\/secure.gravatar.com\/avatar\/9bd058a2b55efbe5f9e6b68b196c59f4?s=96&d=mm&r=g","contentUrl":"https:\/\/secure.gravatar.com\/avatar\/9bd058a2b55efbe5f9e6b68b196c59f4?s=96&d=mm&r=g","caption":"Claudia Vitali"},"url":"https:\/\/www.unirufa.it\/es\/author\/claudia\/"}]}},"_links":{"self":[{"href":"https:\/\/www.unirufa.it\/es\/wp-json\/wp\/v2\/posts\/80255","targetHints":{"allow":["GET"]}}],"collection":[{"href":"https:\/\/www.unirufa.it\/es\/wp-json\/wp\/v2\/posts"}],"about":[{"href":"https:\/\/www.unirufa.it\/es\/wp-json\/wp\/v2\/types\/post"}],"author":[{"embeddable":true,"href":"https:\/\/www.unirufa.it\/es\/wp-json\/wp\/v2\/users\/28"}],"replies":[{"embeddable":true,"href":"https:\/\/www.unirufa.it\/es\/wp-json\/wp\/v2\/comments?post=80255"}],"version-history":[{"count":18,"href":"https:\/\/www.unirufa.it\/es\/wp-json\/wp\/v2\/posts\/80255\/revisions"}],"predecessor-version":[{"id":80450,"href":"https:\/\/www.unirufa.it\/es\/wp-json\/wp\/v2\/posts\/80255\/revisions\/80450"}],"wp:attachment":[{"href":"https:\/\/www.unirufa.it\/es\/wp-json\/wp\/v2\/media?parent=80255"}],"wp:term":[{"taxonomy":"category","embeddable":true,"href":"https:\/\/www.unirufa.it\/es\/wp-json\/wp\/v2\/categories?post=80255"},{"taxonomy":"post_tag","embeddable":true,"href":"https:\/\/www.unirufa.it\/es\/wp-json\/wp\/v2\/tags?post=80255"}],"curies":[{"name":"wp","href":"https:\/\/api.w.org\/{rel}","templated":true}]}}