


{"id":8557,"date":"2016-07-07T07:26:19","date_gmt":"2016-07-07T07:26:19","guid":{"rendered":"http:\/\/www.unirufa.it\/?p=8557"},"modified":"2020-08-08T11:38:03","modified_gmt":"2020-08-08T09:38:03","slug":"rufa-partner-stagione-concertistica-villa-ada-grandi-opportunita-per-gli-studenti","status":"publish","type":"post","link":"https:\/\/www.unirufa.it\/es\/2016\/07\/07\/rufa-partner-stagione-concertistica-villa-ada-grandi-opportunita-per-gli-studenti\/","title":{"rendered":"RUFA partner della stagione concertistica di Villa Ada: le opportunit\u00e0 per gli studenti"},"content":{"rendered":"<p class=\"qtranxs-available-languages-message qtranxs-available-languages-message-es\">Disculpa, pero esta entrada est\u00e1 disponible s\u00f3lo en <a href=\"https:\/\/www.unirufa.it\/it\/wp-json\/wp\/v2\/posts\/8557\" class=\"qtranxs-available-language-link qtranxs-available-language-link-it\" title=\"IT\">IT<\/a> y <a href=\"https:\/\/www.unirufa.it\/en\/wp-json\/wp\/v2\/posts\/8557\" class=\"qtranxs-available-language-link qtranxs-available-language-link-en\" title=\"EN\">EN<\/a>.<\/p><h3>Sconti ai concerti per studenti e docenti. Nel programma quest&#8217;anno entra anche l&#8217;arte contemporanea<\/h3>\n<p>L&#8217;Accademia RUFA quest&#8217;anno \u00e8 partner della tradizionale manifestazione \u00abVilla Ada, Roma incontra il mondo\u00bb, la stagione concertistica estiva di Villa Ada, che da anni chiama a raccolta migliaia di giovani nei mesi di luglio e agosto grazie ai gruppi pi\u00f9 interessanti e ricercati della scena musicale contemporanea. Grazie a questa collaborazione gli studenti di Fotografia e Cinema dell&#8217;Accademia realizzeranno le coperture foto e video delle serate in rassegna e, da parte sua, l&#8217;organizzazione metter\u00e0 a disposizione di RUFA una serie di riduzioni sui singoli prezzi dei concerti. Gli sconti sono diversi in base alle serate in programma: gli studenti e i docenti interessati non devono fare altro che esporre il proprio tesserino RUFA agli ingressi per usufruire dell&#8217;agevolazione. In basso il programma dei concerti. <\/p>\n<p>Non solo. Quest&#8217;anno \u00abVilla Ada, Roma incontra il mondo\u00bb si arricchisce anche di nuove contaminazioni artistiche, grazie a due progetti di arte contemporanea: il primo a cura di Valentina Gioia Levy e il secondo di Fondazione Volume!.<br \/>\nLa Levy affronter\u00e0 il tema del rapporto tra il qui e l\u2019altrove, tra utopia ed eterotopia, tra orizzonti reali e interiori, tra spazi vissuti e sognati, tra luoghi di approdo e luoghi abbandonati; tre le installazioni ambientali della curatrice indipendente, che il pubblico potr\u00e0 visitare per tutto il mese di luglio: Tout Doit Disparaitre e Le Radeau de la M\u00e9duse (Excursion 5) di Arnaud Cohen e Untitled di Federica Di Carlo.<\/p>\n<p>Il secondo progetto ospitato da Villa Ada \u00e8 3500 CM2, a cura di Fondazione Volume! x Crosswise, nato nel 2004 da un\u2019idea di Lorenzo Benedetti.<br \/>\n3500 cm2 sono i centimetri quadrati a disposizione di un artista per realizzare un manifesto 50 x 70, ma \u00e8 anche l\u2019arte che vive in un luogo urbano, che esce da suoi spazi per raggiungere un pubblico eterogeneo e pi\u00f9 vasto di quello che \u00e8 solito visitare musei e gallerie: una mostra senza con\ufb01ni spaziali e temporali che si sviluppa nel tempo e si diffonde senza controllo, un modo inedito di costruire una piattaforma culturale che ampli\ufb01ca le possibilit\u00e0 comunicative dell\u2019arte, una forma possibile di interazione tra artista e pubblico. Durante sei concerti della rassegna Villa Ada Roma Incontra il Mondo ( Wilco, Calcutta, Tyler the Creator, Tortoise, Gramatik e Niccol\u00f2 Fabi) saranno distribuiti gratuitamente al pubblico i poster della misura 50&#215;70 realizzati dai sei artisti diversi: centinaia di copie del manifesto diffuse all\u2019interno della manifestazione che creano nuovi \u00abspettatori\/collezionisti\u00bb d&#8217;arte.<\/p>\n<p>Domenica 10, gioved\u00ec 14 e, ancora, domenica 24 luglio, inoltre, si svolgeranno incontri con artisti e curatori in cui si realizzeranno performance, talk, approfondimenti, workshop e laboratori per i pi\u00f9 piccoli.<\/p>\n<p>Ecco il programma dei concerti:<\/p>\n<p><strong>gioved\u00ec 7 luglio<\/strong><br \/>\n21.30 ALMAMEGRETTA   \u2022  23.30 d&#8217;ADA REGGAE CLUB<\/p>\n<p><strong>venerd\u00ec 8 luglio<\/strong><br \/>\n23.30 GLAMDA<\/p>\n<p><strong>sabato 9 luglio<\/strong><br \/>\n15.00 ROMA BRUCIA<\/p>\n<p><strong>domenica 10 luglio<\/strong><br \/>\n23.00 COMEMAMMAMHAFATTO<\/p>\n<p><strong>luned\u00ec 11 luglio<\/strong><br \/>\n21.30 Alan Parsons Live Project<\/p>\n<p><strong>marted\u00ec 12 luglio<\/strong><br \/>\n 20.00 ARMAUD live al d&#8217;Ada Park   \u2022  21.30 LEZIONI DI ROCK<\/p>\n<p><strong>mercoled\u00ec 13 luglio<\/strong><br \/>\n 21.30 Tyler the Creator<\/p>\n<p><strong>gioved\u00ec 14 luglio<\/strong><br \/>\n 21.30 TIROMANCINO   \u2022  23.30 d&#8217;ADA REGGAE CLUB<\/p>\n<p><strong>venerd\u00ec 15 luglio<\/strong><br \/>\n21.30 Kula Shaker   \u2022  23.30 GLAMDA<\/p>\n<p><strong>sabato 16 luglio<\/strong><br \/>\n21.30 TORTOISE<\/p>\n<p><strong>domenica 17 luglio<\/strong><br \/>\n19.30 Fringe Day Off<\/p>\n<p><strong>luned\u00ec 18 luglio<\/strong><br \/>\n21.30 LUCINDA WILLIAMS   <\/p>\n<p><strong> marted\u00ec 19 luglio<\/strong><br \/>\n 20.00 Gianluca Secco Live al d&#8217;Ada Park   \u2022  21.30 MARCO TRAVAGLIO<\/p>\n<p><strong>mercoled\u00ec 20 luglio<\/strong><br \/>\n21.30 GRAMATIK<\/p>\n<p><strong>gioved\u00ec 21 luglio<\/strong><br \/>\n21.30 Sud Sound System   \u2022  23.30 d&#8217;ADA REGGAE CLUB<\/p>\n<p><strong> venerd\u00ec 22 luglio<\/strong><br \/>\n  21.30 Niccol\u00f2 Fabi   \u2022  23.30 GLAMDA<\/p>\n<p><strong>domenica 24 luglio<\/strong><br \/>\n  21.30 Claudio Simonetti&#8217;s Goblin<\/p>\n<p><strong>luned\u00ec 25 luglio<\/strong><br \/>\n 21.30 LUCA CARBONI   <\/p>\n<p><strong>marted\u00ec 26 luglio<\/strong><br \/>\n  21.30 NADA con A TOYS ORCHESTRA<\/p>\n<p><strong>mercoled\u00ec 27 luglio<\/strong><br \/>\n 21.30 Bandabard\u00f2<\/p>\n<p><strong>gioved\u00ec 28 luglio<\/strong><br \/>\n21.30 TRE ALLEGRI RAGAZZI MORTI   \u2022  23.30 d&#8217;ADA REGGAE CLUB<\/p>\n<p><strong>venerd\u00ec 29 luglio<\/strong><br \/>\n9.00 IL GIARDINO DI LULU&#8217;   \u2022  21.30 ORCHESTRACCIA   \u2022  23.30 GLAMDA<\/p>\n<p><strong>sabato 30 luglio<\/strong><br \/>\n11.00 STUDIO NERO CORSO DI FONIA E TECNICO DEL SUONO<\/p>\n<p><strong>domenica 31 luglio<\/strong><br \/>\n16.00 d&#8217;ADA CIRCUS   \u2022  21.30 DUB FX<\/p>\n<p><strong>luned\u00ec 1 agosto<\/strong><br \/>\n21.30 Cosmic Dead + Black Rainbows<\/p>\n<p><strong>marted\u00ec 2 agosto<\/strong><br \/>\n21.30 Dj Khalab e Baba Sissoko<\/p>\n<p><strong>mercoled\u00ec 3 agosto<\/strong><br \/>\n11.00 STUDIO NERO CORSO DI FONIA E TECNICO DEL SUONO<\/p>\n<p><strong>gioved\u00ec 4 agosto<\/strong><br \/>\n21.30 Lighting Bolt e Zu<\/p>\n<p><strong>domenica 7 agosto<\/strong><br \/>\n21.30 Radici nel Cemento e Train To Roots<\/p>\n<p><strong>luned\u00ec 8 agosto<\/strong><br \/>\n21.30 Daughter<\/p>\n<p><strong>sabato 13 agosto<\/strong><br \/>\n21.30 Paolo Ruffini<br \/>","protected":false},"excerpt":{"rendered":"<p>Disculpa, pero esta entrada est\u00e1 disponible s\u00f3lo en IT y EN.Sconti ai concerti per studenti e docenti. Nel programma quest&#8217;anno entra anche l&#8217;arte contemporanea L&#8217;Accademia RUFA quest&#8217;anno \u00e8 partner della tradizionale manifestazione \u00abVilla Ada, Roma incontra il mondo\u00bb, la stagione concertistica estiva di Villa Ada, che da anni chiama a raccolta migliaia di giovani nei&#8230;  <a class=\"excerpt-read-more\" href=\"https:\/\/www.unirufa.it\/es\/2016\/07\/07\/rufa-partner-stagione-concertistica-villa-ada-grandi-opportunita-per-gli-studenti\/\" title=\"Read RUFA partner della stagione concertistica di Villa Ada: le opportunit\u00e0 per gli studenti\">Find out more<\/a><\/p>\n","protected":false},"author":1,"featured_media":8558,"comment_status":"closed","ping_status":"closed","sticky":false,"template":"","format":"standard","meta":{"content-type":"","footnotes":""},"categories":[1629,31],"tags":[48,883,391,884,53,882],"class_list":["post-8557","post","type-post","status-publish","format-standard","has-post-thumbnail","hentry","category-accademia","category-app-news","tag-arte-contemporanea","tag-date-dei-concerti","tag-musica","tag-programma-concerti","tag-rufa","tag-villa-ada"],"yoast_head":"<!-- This site is optimized with the Yoast SEO plugin v24.2 - https:\/\/yoast.com\/wordpress\/plugins\/seo\/ -->\n<title>RUFA partner della stagione concertistica di Villa Ada: le opportunit\u00e0 per gli studenti - RUFA - Rome University of Fine Arts<\/title>\n<meta name=\"robots\" content=\"index, follow, max-snippet:-1, max-image-preview:large, max-video-preview:-1\" \/>\n<link rel=\"canonical\" href=\"https:\/\/www.unirufa.it\/2016\/07\/07\/rufa-partner-stagione-concertistica-villa-ada-grandi-opportunita-per-gli-studenti\/\" \/>\n<meta property=\"og:locale\" content=\"es_ES\" \/>\n<meta property=\"og:type\" content=\"article\" \/>\n<meta property=\"og:title\" content=\"RUFA partner della stagione concertistica di Villa Ada: le opportunit\u00e0 per gli studenti - RUFA - Rome University of Fine Arts\" \/>\n<meta property=\"og:description\" content=\"Disculpa, pero esta entrada est\u00e1 disponible s\u00f3lo en IT y EN.Sconti ai concerti per studenti e docenti. Nel programma quest&#8217;anno entra anche l&#8217;arte contemporanea L&#8217;Accademia RUFA quest&#8217;anno \u00e8 partner della tradizionale manifestazione \u00abVilla Ada, Roma incontra il mondo\u00bb, la stagione concertistica estiva di Villa Ada, che da anni chiama a raccolta migliaia di giovani nei... Find out more\" \/>\n<meta property=\"og:url\" content=\"https:\/\/www.unirufa.it\/2016\/07\/07\/rufa-partner-stagione-concertistica-villa-ada-grandi-opportunita-per-gli-studenti\/\" \/>\n<meta property=\"og:site_name\" content=\"RUFA - Rome University of Fine Arts\" \/>\n<meta property=\"article:published_time\" content=\"2016-07-07T07:26:19+00:00\" \/>\n<meta property=\"article:modified_time\" content=\"2020-08-08T09:38:03+00:00\" \/>\n<meta property=\"og:image\" content=\"https:\/\/www.unirufa.it\/wp-content\/uploads\/2016\/07\/villa_ada_serata_due_1-1024x675.jpg\" \/>\n\t<meta property=\"og:image:width\" content=\"1024\" \/>\n\t<meta property=\"og:image:height\" content=\"675\" \/>\n\t<meta property=\"og:image:type\" content=\"image\/jpeg\" \/>\n<meta name=\"author\" content=\"rufa\" \/>\n<meta name=\"twitter:label1\" content=\"Escrito por\" \/>\n\t<meta name=\"twitter:data1\" content=\"rufa\" \/>\n\t<meta name=\"twitter:label2\" content=\"Tiempo de lectura\" \/>\n\t<meta name=\"twitter:data2\" content=\"6 minutos\" \/>\n<script type=\"application\/ld+json\" class=\"yoast-schema-graph\">{\"@context\":\"https:\/\/schema.org\",\"@graph\":[{\"@type\":\"WebPage\",\"@id\":\"https:\/\/www.unirufa.it\/2016\/07\/07\/rufa-partner-stagione-concertistica-villa-ada-grandi-opportunita-per-gli-studenti\/\",\"url\":\"https:\/\/www.unirufa.it\/2016\/07\/07\/rufa-partner-stagione-concertistica-villa-ada-grandi-opportunita-per-gli-studenti\/\",\"name\":\"RUFA partner della stagione concertistica di Villa Ada: le opportunit\u00e0 per gli studenti - RUFA - Rome University of Fine Arts\",\"isPartOf\":{\"@id\":\"https:\/\/www.unirufa.it\/#website\"},\"primaryImageOfPage\":{\"@id\":\"https:\/\/www.unirufa.it\/2016\/07\/07\/rufa-partner-stagione-concertistica-villa-ada-grandi-opportunita-per-gli-studenti\/#primaryimage\"},\"image\":{\"@id\":\"https:\/\/www.unirufa.it\/2016\/07\/07\/rufa-partner-stagione-concertistica-villa-ada-grandi-opportunita-per-gli-studenti\/#primaryimage\"},\"thumbnailUrl\":\"https:\/\/www.unirufa.it\/wp-content\/uploads\/2016\/07\/villa_ada_serata_due_1-1024x675.jpg\",\"datePublished\":\"2016-07-07T07:26:19+00:00\",\"dateModified\":\"2020-08-08T09:38:03+00:00\",\"author\":{\"@id\":\"https:\/\/www.unirufa.it\/#\/schema\/person\/df501afc19e72ccaeeaaec268b0c5917\"},\"breadcrumb\":{\"@id\":\"https:\/\/www.unirufa.it\/2016\/07\/07\/rufa-partner-stagione-concertistica-villa-ada-grandi-opportunita-per-gli-studenti\/#breadcrumb\"},\"inLanguage\":\"es\",\"potentialAction\":[{\"@type\":\"ReadAction\",\"target\":[\"https:\/\/www.unirufa.it\/2016\/07\/07\/rufa-partner-stagione-concertistica-villa-ada-grandi-opportunita-per-gli-studenti\/\"]}]},{\"@type\":\"ImageObject\",\"inLanguage\":\"es\",\"@id\":\"https:\/\/www.unirufa.it\/2016\/07\/07\/rufa-partner-stagione-concertistica-villa-ada-grandi-opportunita-per-gli-studenti\/#primaryimage\",\"url\":\"https:\/\/www.unirufa.it\/wp-content\/uploads\/2016\/07\/villa_ada_serata_due_1-1024x675.jpg\",\"contentUrl\":\"https:\/\/www.unirufa.it\/wp-content\/uploads\/2016\/07\/villa_ada_serata_due_1-1024x675.jpg\",\"width\":1024,\"height\":675},{\"@type\":\"BreadcrumbList\",\"@id\":\"https:\/\/www.unirufa.it\/2016\/07\/07\/rufa-partner-stagione-concertistica-villa-ada-grandi-opportunita-per-gli-studenti\/#breadcrumb\",\"itemListElement\":[{\"@type\":\"ListItem\",\"position\":1,\"name\":\"Home\",\"item\":\"https:\/\/www.unirufa.it\/\"},{\"@type\":\"ListItem\",\"position\":2,\"name\":\"RUFA partner della stagione concertistica di Villa Ada: le opportunit\u00e0 per gli studenti\"}]},{\"@type\":\"WebSite\",\"@id\":\"https:\/\/www.unirufa.it\/#website\",\"url\":\"https:\/\/www.unirufa.it\/\",\"name\":\"RUFA - Rome University of Fine Arts\",\"description\":\"\",\"potentialAction\":[{\"@type\":\"SearchAction\",\"target\":{\"@type\":\"EntryPoint\",\"urlTemplate\":\"https:\/\/www.unirufa.it\/?s={search_term_string}\"},\"query-input\":{\"@type\":\"PropertyValueSpecification\",\"valueRequired\":true,\"valueName\":\"search_term_string\"}}],\"inLanguage\":\"es\"},{\"@type\":\"Person\",\"@id\":\"https:\/\/www.unirufa.it\/#\/schema\/person\/df501afc19e72ccaeeaaec268b0c5917\",\"name\":\"rufa\",\"image\":{\"@type\":\"ImageObject\",\"inLanguage\":\"es\",\"@id\":\"https:\/\/www.unirufa.it\/#\/schema\/person\/image\/\",\"url\":\"https:\/\/secure.gravatar.com\/avatar\/7f7ea0eea9301536a533fa1d7ea507b9?s=96&d=mm&r=g\",\"contentUrl\":\"https:\/\/secure.gravatar.com\/avatar\/7f7ea0eea9301536a533fa1d7ea507b9?s=96&d=mm&r=g\",\"caption\":\"rufa\"},\"url\":\"https:\/\/www.unirufa.it\/es\/author\/rufa\/\"}]}<\/script>\n<!-- \/ Yoast SEO plugin. -->","yoast_head_json":{"title":"RUFA partner della stagione concertistica di Villa Ada: le opportunit\u00e0 per gli studenti - RUFA - Rome University of Fine Arts","robots":{"index":"index","follow":"follow","max-snippet":"max-snippet:-1","max-image-preview":"max-image-preview:large","max-video-preview":"max-video-preview:-1"},"canonical":"https:\/\/www.unirufa.it\/2016\/07\/07\/rufa-partner-stagione-concertistica-villa-ada-grandi-opportunita-per-gli-studenti\/","og_locale":"es_ES","og_type":"article","og_title":"RUFA partner della stagione concertistica di Villa Ada: le opportunit\u00e0 per gli studenti - RUFA - Rome University of Fine Arts","og_description":"Disculpa, pero esta entrada est\u00e1 disponible s\u00f3lo en IT y EN.Sconti ai concerti per studenti e docenti. Nel programma quest&#8217;anno entra anche l&#8217;arte contemporanea L&#8217;Accademia RUFA quest&#8217;anno \u00e8 partner della tradizionale manifestazione \u00abVilla Ada, Roma incontra il mondo\u00bb, la stagione concertistica estiva di Villa Ada, che da anni chiama a raccolta migliaia di giovani nei... Find out more","og_url":"https:\/\/www.unirufa.it\/2016\/07\/07\/rufa-partner-stagione-concertistica-villa-ada-grandi-opportunita-per-gli-studenti\/","og_site_name":"RUFA - Rome University of Fine Arts","article_published_time":"2016-07-07T07:26:19+00:00","article_modified_time":"2020-08-08T09:38:03+00:00","og_image":[{"width":1024,"height":675,"url":"https:\/\/www.unirufa.it\/wp-content\/uploads\/2016\/07\/villa_ada_serata_due_1-1024x675.jpg","type":"image\/jpeg"}],"author":"rufa","twitter_misc":{"Escrito por":"rufa","Tiempo de lectura":"6 minutos"},"schema":{"@context":"https:\/\/schema.org","@graph":[{"@type":"WebPage","@id":"https:\/\/www.unirufa.it\/2016\/07\/07\/rufa-partner-stagione-concertistica-villa-ada-grandi-opportunita-per-gli-studenti\/","url":"https:\/\/www.unirufa.it\/2016\/07\/07\/rufa-partner-stagione-concertistica-villa-ada-grandi-opportunita-per-gli-studenti\/","name":"RUFA partner della stagione concertistica di Villa Ada: le opportunit\u00e0 per gli studenti - RUFA - Rome University of Fine Arts","isPartOf":{"@id":"https:\/\/www.unirufa.it\/#website"},"primaryImageOfPage":{"@id":"https:\/\/www.unirufa.it\/2016\/07\/07\/rufa-partner-stagione-concertistica-villa-ada-grandi-opportunita-per-gli-studenti\/#primaryimage"},"image":{"@id":"https:\/\/www.unirufa.it\/2016\/07\/07\/rufa-partner-stagione-concertistica-villa-ada-grandi-opportunita-per-gli-studenti\/#primaryimage"},"thumbnailUrl":"https:\/\/www.unirufa.it\/wp-content\/uploads\/2016\/07\/villa_ada_serata_due_1-1024x675.jpg","datePublished":"2016-07-07T07:26:19+00:00","dateModified":"2020-08-08T09:38:03+00:00","author":{"@id":"https:\/\/www.unirufa.it\/#\/schema\/person\/df501afc19e72ccaeeaaec268b0c5917"},"breadcrumb":{"@id":"https:\/\/www.unirufa.it\/2016\/07\/07\/rufa-partner-stagione-concertistica-villa-ada-grandi-opportunita-per-gli-studenti\/#breadcrumb"},"inLanguage":"es","potentialAction":[{"@type":"ReadAction","target":["https:\/\/www.unirufa.it\/2016\/07\/07\/rufa-partner-stagione-concertistica-villa-ada-grandi-opportunita-per-gli-studenti\/"]}]},{"@type":"ImageObject","inLanguage":"es","@id":"https:\/\/www.unirufa.it\/2016\/07\/07\/rufa-partner-stagione-concertistica-villa-ada-grandi-opportunita-per-gli-studenti\/#primaryimage","url":"https:\/\/www.unirufa.it\/wp-content\/uploads\/2016\/07\/villa_ada_serata_due_1-1024x675.jpg","contentUrl":"https:\/\/www.unirufa.it\/wp-content\/uploads\/2016\/07\/villa_ada_serata_due_1-1024x675.jpg","width":1024,"height":675},{"@type":"BreadcrumbList","@id":"https:\/\/www.unirufa.it\/2016\/07\/07\/rufa-partner-stagione-concertistica-villa-ada-grandi-opportunita-per-gli-studenti\/#breadcrumb","itemListElement":[{"@type":"ListItem","position":1,"name":"Home","item":"https:\/\/www.unirufa.it\/"},{"@type":"ListItem","position":2,"name":"RUFA partner della stagione concertistica di Villa Ada: le opportunit\u00e0 per gli studenti"}]},{"@type":"WebSite","@id":"https:\/\/www.unirufa.it\/#website","url":"https:\/\/www.unirufa.it\/","name":"RUFA - Rome University of Fine Arts","description":"","potentialAction":[{"@type":"SearchAction","target":{"@type":"EntryPoint","urlTemplate":"https:\/\/www.unirufa.it\/?s={search_term_string}"},"query-input":{"@type":"PropertyValueSpecification","valueRequired":true,"valueName":"search_term_string"}}],"inLanguage":"es"},{"@type":"Person","@id":"https:\/\/www.unirufa.it\/#\/schema\/person\/df501afc19e72ccaeeaaec268b0c5917","name":"rufa","image":{"@type":"ImageObject","inLanguage":"es","@id":"https:\/\/www.unirufa.it\/#\/schema\/person\/image\/","url":"https:\/\/secure.gravatar.com\/avatar\/7f7ea0eea9301536a533fa1d7ea507b9?s=96&d=mm&r=g","contentUrl":"https:\/\/secure.gravatar.com\/avatar\/7f7ea0eea9301536a533fa1d7ea507b9?s=96&d=mm&r=g","caption":"rufa"},"url":"https:\/\/www.unirufa.it\/es\/author\/rufa\/"}]}},"_links":{"self":[{"href":"https:\/\/www.unirufa.it\/es\/wp-json\/wp\/v2\/posts\/8557","targetHints":{"allow":["GET"]}}],"collection":[{"href":"https:\/\/www.unirufa.it\/es\/wp-json\/wp\/v2\/posts"}],"about":[{"href":"https:\/\/www.unirufa.it\/es\/wp-json\/wp\/v2\/types\/post"}],"author":[{"embeddable":true,"href":"https:\/\/www.unirufa.it\/es\/wp-json\/wp\/v2\/users\/1"}],"replies":[{"embeddable":true,"href":"https:\/\/www.unirufa.it\/es\/wp-json\/wp\/v2\/comments?post=8557"}],"version-history":[{"count":5,"href":"https:\/\/www.unirufa.it\/es\/wp-json\/wp\/v2\/posts\/8557\/revisions"}],"predecessor-version":[{"id":31075,"href":"https:\/\/www.unirufa.it\/es\/wp-json\/wp\/v2\/posts\/8557\/revisions\/31075"}],"wp:featuredmedia":[{"embeddable":true,"href":"https:\/\/www.unirufa.it\/es\/wp-json\/wp\/v2\/media\/8558"}],"wp:attachment":[{"href":"https:\/\/www.unirufa.it\/es\/wp-json\/wp\/v2\/media?parent=8557"}],"wp:term":[{"taxonomy":"category","embeddable":true,"href":"https:\/\/www.unirufa.it\/es\/wp-json\/wp\/v2\/categories?post=8557"},{"taxonomy":"post_tag","embeddable":true,"href":"https:\/\/www.unirufa.it\/es\/wp-json\/wp\/v2\/tags?post=8557"}],"curies":[{"name":"wp","href":"https:\/\/api.w.org\/{rel}","templated":true}]}}